
{"id":30902,"date":"2025-03-10T13:55:28","date_gmt":"2025-03-10T11:55:28","guid":{"rendered":"https:\/\/ticsalutsocial.atoom.space\/?post_type=noticia&#038;p=30902"},"modified":"2025-03-10T14:27:37","modified_gmt":"2025-03-10T12:27:37","slug":"quan-la-neurotecnologia-es-troba-amb-la-proteccio-de-dades-el-cruilla-de-la-privadesa","status":"publish","type":"noticia","link":"https:\/\/ticsalutsocial.atoom.space\/es\/noticia\/quan-la-neurotecnologia-es-troba-amb-la-proteccio-de-dades-el-cruilla-de-la-privadesa\/","title":{"rendered":"Cuando la neurotecnolog\u00eda se encuentra con la protecci\u00f3n de datos: el cruce de la privacidad."},"content":{"rendered":"\n<p>En el marco del Mobile World Congress (MWC), se celebr\u00f3 una sesi\u00f3n clave sobre las neurotecnolog\u00edas y su relaci\u00f3n con la protecci\u00f3n de datos personales, titulada \u201cWhen Neurotechnology meets data protection: privacy\u2019s crossroad\u201d. En este encuentro participaron dos destacados expertos: Miguel \u00c1ngel Elizalde Carranza, Director del M\u00e1ster Universitario en Derechos Humanos, Democracia y Globalizaci\u00f3n, y Xavier Urios Aparisi, Jefe de la Asesor\u00eda Jur\u00eddica de la APDCAT.<\/p>\n\n\n\n<figure class=\"wp-block-image size-full\"><img loading=\"lazy\" decoding=\"async\" width=\"541\" height=\"363\" src=\"https:\/\/ticsalutsocial.atoom.space\/wp-content\/uploads\/2025\/03\/DPD2.jpg\" alt=\"\" class=\"wp-image-30906\" srcset=\"https:\/\/ticsalutsocial.atoom.space\/wp-content\/uploads\/2025\/03\/DPD2.jpg 541w, https:\/\/ticsalutsocial.atoom.space\/wp-content\/uploads\/2025\/03\/DPD2-300x201.jpg 300w\" sizes=\"auto, (max-width: 541px) 100vw, 541px\" \/><\/figure>\n\n\n\n<p>Las neurotecnolog\u00edas, como expusieron los ponentes, son dispositivos y procedimientos que permiten acceder, monitorear, investigar, evaluar, manipular o emular los sistemas neuronales humanos. Estas tecnolog\u00edas pueden generar informaci\u00f3n detallada sobre las emociones y miedos de las personas, y cuando se combinan con la inteligencia artificial (IA), abren un profundo debate sobre cuestiones fundamentales como la libertad de pensamiento, la identidad humana, la autonom\u00eda individual y, especialmente, la privacidad.<br>Durante la sesi\u00f3n, se profundiz\u00f3 en los principales riesgos \u00e9ticos asociados al uso de las neurotecnolog\u00edas, como la protecci\u00f3n de la identidad, la privacidad y el impacto que pueden tener sobre la libertad personal. Adem\u00e1s, se debati\u00f3 sobre su estrecha conexi\u00f3n con la protecci\u00f3n de datos personales, con un enfoque especial en el \u00e1mbito de la salud, donde las neurotecnolog\u00edas pueden tener un impacto significativo.<br>Los expertos subrayaron la necesidad de un marco legal y \u00e9tico claro que regule el desarrollo y uso de estas tecnolog\u00edas para proteger los derechos individuales y garantizar la seguridad de los datos personales.<br>La sesi\u00f3n fue un espacio importante para reflexionar sobre los desaf\u00edos que las neurotecnolog\u00edas representan para la sociedad y para el sistema jur\u00eddico, destacando la necesidad de un equilibrio entre la innovaci\u00f3n tecnol\u00f3gica y la protecci\u00f3n de los derechos fundamentales de las personas.<\/p>\n","protected":false},"author":21,"featured_media":28110,"menu_order":0,"template":"","meta":{"_acf_changed":false,"inline_featured_image":false},"etiqueta":[],"tipus":[106],"topic":[],"class_list":["post-30902","noticia","type-noticia","status-publish","has-post-thumbnail","hentry","tipus-dpd-salud"],"acf":{"autor":"","imatge":false,"textos_destacats":false,"documents":false,"finalitzat":false,"tipus_plantilla":"objectius","template_objectius":{"cont_principal":"","imatge":false,"cont_seguent":{"titol":"","contingut":""},"seccio_llistat":{"titol":"","llistat":false},"objectius":{"titol":"","objectius":false},"documents":false}},"yoast_head":"<!-- This site is optimized with the Yoast SEO plugin v27.1.1 - https:\/\/yoast.com\/product\/yoast-seo-wordpress\/ -->\n<title>Cuando la neurotecnolog\u00eda se encuentra con la protecci\u00f3n de datos: el cruce de la privacidad. - Fundaci\u00f3 TIC Salut i Social<\/title>\n<meta name=\"robots\" content=\"index, follow, max-snippet:-1, max-image-preview:large, max-video-preview:-1\" \/>\n<link rel=\"canonical\" href=\"https:\/\/ticsalutsocial.atoom.space\/es\/noticia\/quan-la-neurotecnologia-es-troba-amb-la-proteccio-de-dades-el-cruilla-de-la-privadesa\/\" \/>\n<meta property=\"og:locale\" content=\"es_ES\" \/>\n<meta property=\"og:type\" content=\"article\" \/>\n<meta property=\"og:title\" content=\"Cuando la neurotecnolog\u00eda se encuentra con la protecci\u00f3n de datos: el cruce de la privacidad. - Fundaci\u00f3 TIC Salut i Social\" \/>\n<meta property=\"og:description\" content=\"En el marco del Mobile World Congress (MWC), se celebr\u00f3 una sesi\u00f3n clave sobre las neurotecnolog\u00edas y su relaci\u00f3n con la protecci\u00f3n de datos personales, titulada \u201cWhen Neurotechnology meets data protection: privacy\u2019s crossroad\u201d. En este encuentro participaron dos destacados expertos: Miguel \u00c1ngel Elizalde Carranza, Director del M\u00e1ster Universitario en Derechos Humanos, Democracia y Globalizaci\u00f3n, y [&hellip;]\" \/>\n<meta property=\"og:url\" content=\"https:\/\/ticsalutsocial.atoom.space\/es\/noticia\/quan-la-neurotecnologia-es-troba-amb-la-proteccio-de-dades-el-cruilla-de-la-privadesa\/\" \/>\n<meta property=\"og:site_name\" content=\"Fundaci\u00f3 TIC Salut i Social\" \/>\n<meta property=\"article:modified_time\" content=\"2025-03-10T12:27:37+00:00\" \/>\n<meta property=\"og:image\" content=\"https:\/\/ticsalutsocial.atoom.space\/wp-content\/uploads\/2024\/08\/interconnexio.png\" \/>\n\t<meta property=\"og:image:width\" content=\"1280\" \/>\n\t<meta property=\"og:image:height\" content=\"960\" \/>\n\t<meta property=\"og:image:type\" content=\"image\/png\" \/>\n<meta name=\"twitter:card\" content=\"summary_large_image\" \/>\n<meta name=\"twitter:label1\" content=\"Tiempo de lectura\" \/>\n\t<meta name=\"twitter:data1\" content=\"2 minutos\" \/>\n<script type=\"application\/ld+json\" class=\"yoast-schema-graph\">{\"@context\":\"https:\/\/schema.org\",\"@graph\":[{\"@type\":\"WebPage\",\"@id\":\"https:\/\/ticsalutsocial.atoom.space\/es\/noticia\/quan-la-neurotecnologia-es-troba-amb-la-proteccio-de-dades-el-cruilla-de-la-privadesa\/\",\"url\":\"https:\/\/ticsalutsocial.atoom.space\/es\/noticia\/quan-la-neurotecnologia-es-troba-amb-la-proteccio-de-dades-el-cruilla-de-la-privadesa\/\",\"name\":\"Cuando la neurotecnolog\u00eda se encuentra con la protecci\u00f3n de datos: el cruce de la privacidad. - Fundaci\u00f3 TIC Salut i Social\",\"isPartOf\":{\"@id\":\"https:\/\/ticsalutsocial.atoom.space\/es\/#website\"},\"primaryImageOfPage\":{\"@id\":\"https:\/\/ticsalutsocial.atoom.space\/es\/noticia\/quan-la-neurotecnologia-es-troba-amb-la-proteccio-de-dades-el-cruilla-de-la-privadesa\/#primaryimage\"},\"image\":{\"@id\":\"https:\/\/ticsalutsocial.atoom.space\/es\/noticia\/quan-la-neurotecnologia-es-troba-amb-la-proteccio-de-dades-el-cruilla-de-la-privadesa\/#primaryimage\"},\"thumbnailUrl\":\"https:\/\/ticsalutsocial.atoom.space\/wp-content\/uploads\/2024\/08\/interconnexio.png\",\"datePublished\":\"2025-03-10T11:55:28+00:00\",\"dateModified\":\"2025-03-10T12:27:37+00:00\",\"breadcrumb\":{\"@id\":\"https:\/\/ticsalutsocial.atoom.space\/es\/noticia\/quan-la-neurotecnologia-es-troba-amb-la-proteccio-de-dades-el-cruilla-de-la-privadesa\/#breadcrumb\"},\"inLanguage\":\"es\",\"potentialAction\":[{\"@type\":\"ReadAction\",\"target\":[\"https:\/\/ticsalutsocial.atoom.space\/es\/noticia\/quan-la-neurotecnologia-es-troba-amb-la-proteccio-de-dades-el-cruilla-de-la-privadesa\/\"]}]},{\"@type\":\"ImageObject\",\"inLanguage\":\"es\",\"@id\":\"https:\/\/ticsalutsocial.atoom.space\/es\/noticia\/quan-la-neurotecnologia-es-troba-amb-la-proteccio-de-dades-el-cruilla-de-la-privadesa\/#primaryimage\",\"url\":\"https:\/\/ticsalutsocial.atoom.space\/wp-content\/uploads\/2024\/08\/interconnexio.png\",\"contentUrl\":\"https:\/\/ticsalutsocial.atoom.space\/wp-content\/uploads\/2024\/08\/interconnexio.png\",\"width\":1280,\"height\":960,\"caption\":\"Drets Socials i Salut interconnecten els seus sistemes d'informaci\u00f3\"},{\"@type\":\"BreadcrumbList\",\"@id\":\"https:\/\/ticsalutsocial.atoom.space\/es\/noticia\/quan-la-neurotecnologia-es-troba-amb-la-proteccio-de-dades-el-cruilla-de-la-privadesa\/#breadcrumb\",\"itemListElement\":[{\"@type\":\"ListItem\",\"position\":1,\"name\":\"Inici\",\"item\":\"https:\/\/ticsalutsocial.atoom.space\/es\/\"},{\"@type\":\"ListItem\",\"position\":2,\"name\":\"Cuando la neurotecnolog\u00eda se encuentra con la protecci\u00f3n de datos: el cruce de la privacidad.\"}]},{\"@type\":\"WebSite\",\"@id\":\"https:\/\/ticsalutsocial.atoom.space\/es\/#website\",\"url\":\"https:\/\/ticsalutsocial.atoom.space\/es\/\",\"name\":\"Fundaci\u00f3 TIC Salut i Social\",\"description\":\"\",\"potentialAction\":[{\"@type\":\"SearchAction\",\"target\":{\"@type\":\"EntryPoint\",\"urlTemplate\":\"https:\/\/ticsalutsocial.atoom.space\/es\/?s={search_term_string}\"},\"query-input\":{\"@type\":\"PropertyValueSpecification\",\"valueRequired\":true,\"valueName\":\"search_term_string\"}}],\"inLanguage\":\"es\"}]}<\/script>\n<!-- \/ Yoast SEO plugin. -->","yoast_head_json":{"title":"Cuando la neurotecnolog\u00eda se encuentra con la protecci\u00f3n de datos: el cruce de la privacidad. - Fundaci\u00f3 TIC Salut i Social","robots":{"index":"index","follow":"follow","max-snippet":"max-snippet:-1","max-image-preview":"max-image-preview:large","max-video-preview":"max-video-preview:-1"},"canonical":"https:\/\/ticsalutsocial.atoom.space\/es\/noticia\/quan-la-neurotecnologia-es-troba-amb-la-proteccio-de-dades-el-cruilla-de-la-privadesa\/","og_locale":"es_ES","og_type":"article","og_title":"Cuando la neurotecnolog\u00eda se encuentra con la protecci\u00f3n de datos: el cruce de la privacidad. - Fundaci\u00f3 TIC Salut i Social","og_description":"En el marco del Mobile World Congress (MWC), se celebr\u00f3 una sesi\u00f3n clave sobre las neurotecnolog\u00edas y su relaci\u00f3n con la protecci\u00f3n de datos personales, titulada \u201cWhen Neurotechnology meets data protection: privacy\u2019s crossroad\u201d. En este encuentro participaron dos destacados expertos: Miguel \u00c1ngel Elizalde Carranza, Director del M\u00e1ster Universitario en Derechos Humanos, Democracia y Globalizaci\u00f3n, y [&hellip;]","og_url":"https:\/\/ticsalutsocial.atoom.space\/es\/noticia\/quan-la-neurotecnologia-es-troba-amb-la-proteccio-de-dades-el-cruilla-de-la-privadesa\/","og_site_name":"Fundaci\u00f3 TIC Salut i Social","article_modified_time":"2025-03-10T12:27:37+00:00","og_image":[{"width":1280,"height":960,"url":"https:\/\/ticsalutsocial.atoom.space\/wp-content\/uploads\/2024\/08\/interconnexio.png","type":"image\/png"}],"twitter_card":"summary_large_image","twitter_misc":{"Tiempo de lectura":"2 minutos"},"schema":{"@context":"https:\/\/schema.org","@graph":[{"@type":"WebPage","@id":"https:\/\/ticsalutsocial.atoom.space\/es\/noticia\/quan-la-neurotecnologia-es-troba-amb-la-proteccio-de-dades-el-cruilla-de-la-privadesa\/","url":"https:\/\/ticsalutsocial.atoom.space\/es\/noticia\/quan-la-neurotecnologia-es-troba-amb-la-proteccio-de-dades-el-cruilla-de-la-privadesa\/","name":"Cuando la neurotecnolog\u00eda se encuentra con la protecci\u00f3n de datos: el cruce de la privacidad. - Fundaci\u00f3 TIC Salut i Social","isPartOf":{"@id":"https:\/\/ticsalutsocial.atoom.space\/es\/#website"},"primaryImageOfPage":{"@id":"https:\/\/ticsalutsocial.atoom.space\/es\/noticia\/quan-la-neurotecnologia-es-troba-amb-la-proteccio-de-dades-el-cruilla-de-la-privadesa\/#primaryimage"},"image":{"@id":"https:\/\/ticsalutsocial.atoom.space\/es\/noticia\/quan-la-neurotecnologia-es-troba-amb-la-proteccio-de-dades-el-cruilla-de-la-privadesa\/#primaryimage"},"thumbnailUrl":"https:\/\/ticsalutsocial.atoom.space\/wp-content\/uploads\/2024\/08\/interconnexio.png","datePublished":"2025-03-10T11:55:28+00:00","dateModified":"2025-03-10T12:27:37+00:00","breadcrumb":{"@id":"https:\/\/ticsalutsocial.atoom.space\/es\/noticia\/quan-la-neurotecnologia-es-troba-amb-la-proteccio-de-dades-el-cruilla-de-la-privadesa\/#breadcrumb"},"inLanguage":"es","potentialAction":[{"@type":"ReadAction","target":["https:\/\/ticsalutsocial.atoom.space\/es\/noticia\/quan-la-neurotecnologia-es-troba-amb-la-proteccio-de-dades-el-cruilla-de-la-privadesa\/"]}]},{"@type":"ImageObject","inLanguage":"es","@id":"https:\/\/ticsalutsocial.atoom.space\/es\/noticia\/quan-la-neurotecnologia-es-troba-amb-la-proteccio-de-dades-el-cruilla-de-la-privadesa\/#primaryimage","url":"https:\/\/ticsalutsocial.atoom.space\/wp-content\/uploads\/2024\/08\/interconnexio.png","contentUrl":"https:\/\/ticsalutsocial.atoom.space\/wp-content\/uploads\/2024\/08\/interconnexio.png","width":1280,"height":960,"caption":"Drets Socials i Salut interconnecten els seus sistemes d'informaci\u00f3"},{"@type":"BreadcrumbList","@id":"https:\/\/ticsalutsocial.atoom.space\/es\/noticia\/quan-la-neurotecnologia-es-troba-amb-la-proteccio-de-dades-el-cruilla-de-la-privadesa\/#breadcrumb","itemListElement":[{"@type":"ListItem","position":1,"name":"Inici","item":"https:\/\/ticsalutsocial.atoom.space\/es\/"},{"@type":"ListItem","position":2,"name":"Cuando la neurotecnolog\u00eda se encuentra con la protecci\u00f3n de datos: el cruce de la privacidad."}]},{"@type":"WebSite","@id":"https:\/\/ticsalutsocial.atoom.space\/es\/#website","url":"https:\/\/ticsalutsocial.atoom.space\/es\/","name":"Fundaci\u00f3 TIC Salut i Social","description":"","potentialAction":[{"@type":"SearchAction","target":{"@type":"EntryPoint","urlTemplate":"https:\/\/ticsalutsocial.atoom.space\/es\/?s={search_term_string}"},"query-input":{"@type":"PropertyValueSpecification","valueRequired":true,"valueName":"search_term_string"}}],"inLanguage":"es"}]}},"_links":{"self":[{"href":"https:\/\/ticsalutsocial.atoom.space\/es\/wp-json\/wp\/v2\/noticia\/30902","targetHints":{"allow":["GET"]}}],"collection":[{"href":"https:\/\/ticsalutsocial.atoom.space\/es\/wp-json\/wp\/v2\/noticia"}],"about":[{"href":"https:\/\/ticsalutsocial.atoom.space\/es\/wp-json\/wp\/v2\/types\/noticia"}],"author":[{"embeddable":true,"href":"https:\/\/ticsalutsocial.atoom.space\/es\/wp-json\/wp\/v2\/users\/21"}],"wp:featuredmedia":[{"embeddable":true,"href":"https:\/\/ticsalutsocial.atoom.space\/es\/wp-json\/wp\/v2\/media\/28110"}],"wp:attachment":[{"href":"https:\/\/ticsalutsocial.atoom.space\/es\/wp-json\/wp\/v2\/media?parent=30902"}],"wp:term":[{"taxonomy":"etiqueta","embeddable":true,"href":"https:\/\/ticsalutsocial.atoom.space\/es\/wp-json\/wp\/v2\/etiqueta?post=30902"},{"taxonomy":"tipus","embeddable":true,"href":"https:\/\/ticsalutsocial.atoom.space\/es\/wp-json\/wp\/v2\/tipus?post=30902"},{"taxonomy":"topic","embeddable":true,"href":"https:\/\/ticsalutsocial.atoom.space\/es\/wp-json\/wp\/v2\/topic?post=30902"}],"curies":[{"name":"wp","href":"https:\/\/api.w.org\/{rel}","templated":true}]}}