
{"id":30999,"date":"2025-02-28T15:12:44","date_gmt":"2025-02-28T13:12:44","guid":{"rendered":"https:\/\/ticsalutsocial.atoom.space\/noticia\/units-per-les-malalties-rares-projecte-unicas\/"},"modified":"2025-11-06T14:25:53","modified_gmt":"2025-11-06T12:25:53","slug":"units-per-les-malalties-rares-projecte-unicas","status":"publish","type":"noticia","link":"https:\/\/ticsalutsocial.atoom.space\/es\/noticia\/units-per-les-malalties-rares-projecte-unicas\/","title":{"rendered":"Unidos por las enfermedades raras: proyecto \u00daNICAS"},"content":{"rendered":"\n<p><p data-start=\"58\" data-end=\"266\">Hoy, en el <strong data-start=\"69\" data-end=\"110\">D\u00eda Mundial de las Enfermedades Raras<\/strong>, nos unimos para dar visibilidad a m\u00e1s de <strong data-start=\"153\" data-end=\"200\">7.000 enfermedades minoritarias en el mundo<\/strong>, que afectan aproximadamente al <strong data-start=\"233\" data-end=\"263\">7% de la poblaci\u00f3n mundial<\/strong>.El <strong data-start=\"271\" data-end=\"290\">proyecto \u00daNICAS<\/strong> est\u00e1 trabajando para mejorar la atenci\u00f3n integral a los pacientes pedi\u00e1tricos con enfermedades minoritarias complejas.\u00daNICAS es un proyecto del <strong data-start=\"439\" data-end=\"464\">Ministerio de Sanidad<\/strong>, incluido en el <a href=\"https:\/\/planderecuperacion.gob.es\/\"><strong data-start=\"481\" data-end=\"535\">Plan de Recuperaci\u00f3n, Transformaci\u00f3n y Resiliencia<\/strong><\/a>, y financiado por los fondos europeos <strong data-start=\"574\" data-end=\"594\">NextGenerationEU<\/strong>. Su objetivo es <strong data-start=\"611\" data-end=\"758\">crear un ecosistema de alianzas para mejorar la respuesta del Sistema Nacional de Salud a los pacientes con enfermedades minoritarias complejas<\/strong> a lo largo de todo su proceso de atenci\u00f3n. Para lograr este objetivo, se crear\u00e1 una <strong data-start=\"843\" data-end=\"876\">red tecnol\u00f3gica y asistencial<\/strong>, con al menos <strong data-start=\"891\" data-end=\"929\">un nodo en cada comunidad aut\u00f3noma<\/strong>, integrando <strong data-start=\"942\" data-end=\"959\">30 hospitales<\/strong> para cubrir las necesidades de pacientes, cuidadores y profesionales.Catalu\u00f1a lidera el dise\u00f1o, desarrollo e integraci\u00f3n tecnol\u00f3gica del proyecto, con un liderazgo funcional del <strong data-start=\"1142\" data-end=\"1171\">Hospital Sant Joan de D\u00e9u<\/strong> y un liderazgo tecnol\u00f3gico de la <strong data-start=\"1205\" data-end=\"1235\">Fundaci\u00f3n TIC Salud Social<\/strong>.La digitalizaci\u00f3n, la colaboraci\u00f3n entre instituciones y el acceso equitativo a la atenci\u00f3n sanitaria son claves para transformar el panorama de la salud en nuestro pa\u00eds. <strong data-start=\"1411\" data-end=\"1459\" data-is-last-node=\"\">Hoy, m\u00e1s que nunca, es el momento de actuar.<\/strong><\/p><\/p>\n\n\n\n<figure class=\"wp-block-embed is-type-video is-provider-youtube wp-block-embed-youtube wp-embed-aspect-16-9 wp-has-aspect-ratio\"><div class=\"wp-block-embed__wrapper\">\n<iframe loading=\"lazy\" title=\"Proyecto \u00danicas\" width=\"500\" height=\"281\" src=\"https:\/\/www.youtube.com\/embed\/XIDXNl5FYAA?feature=oembed\" frameborder=\"0\" allow=\"accelerometer; autoplay; clipboard-write; encrypted-media; gyroscope; picture-in-picture; web-share\" referrerpolicy=\"strict-origin-when-cross-origin\" allowfullscreen><\/iframe>\n<\/div><\/figure>\n\n\n\n<p><\/p>\n\n\n\n<p><\/p>\n\n\n\n<figure class=\"wp-block-image\"><img loading=\"lazy\" decoding=\"async\" width=\"2318\" height=\"150\" src=\"https:\/\/ticsalutsocial.atoom.space\/wp-content\/uploads\/2025\/02\/mix-logos-UNICAS-amb-catalunya.jpg\" alt=\"\" class=\"wp-image-34186\" srcset=\"https:\/\/ticsalutsocial.atoom.space\/wp-content\/uploads\/2025\/02\/mix-logos-UNICAS-amb-catalunya.jpg 2318w, https:\/\/ticsalutsocial.atoom.space\/wp-content\/uploads\/2025\/02\/mix-logos-UNICAS-amb-catalunya-300x19.jpg 300w, https:\/\/ticsalutsocial.atoom.space\/wp-content\/uploads\/2025\/02\/mix-logos-UNICAS-amb-catalunya-1024x66.jpg 1024w, https:\/\/ticsalutsocial.atoom.space\/wp-content\/uploads\/2025\/02\/mix-logos-UNICAS-amb-catalunya-768x50.jpg 768w, https:\/\/ticsalutsocial.atoom.space\/wp-content\/uploads\/2025\/02\/mix-logos-UNICAS-amb-catalunya-1536x99.jpg 1536w, https:\/\/ticsalutsocial.atoom.space\/wp-content\/uploads\/2025\/02\/mix-logos-UNICAS-amb-catalunya-2048x133.jpg 2048w\" sizes=\"auto, (max-width: 2318px) 100vw, 2318px\" \/><\/figure>\n\n\n\n<p><\/p>\n\n\n\n<p><\/p>\n","protected":false},"author":21,"featured_media":30802,"menu_order":0,"template":"","meta":{"_acf_changed":false,"inline_featured_image":false},"etiqueta":[],"tipus":[725],"topic":[],"class_list":["post-30999","noticia","type-noticia","status-publish","has-post-thumbnail","hentry","tipus-proyectos"],"acf":{"autor":"","imatge":false,"textos_destacats":false,"documents":false,"finalitzat":false,"tipus_plantilla":"objectius","template_objectius":{"cont_principal":"","imatge":false,"cont_seguent":{"titol":"","contingut":""},"seccio_llistat":{"titol":"","llistat":false},"objectius":{"titol":"","objectius":false},"documents":false}},"yoast_head":"<!-- This site is optimized with the Yoast SEO plugin v27.1.1 - https:\/\/yoast.com\/product\/yoast-seo-wordpress\/ -->\n<title>Unidos por las enfermedades raras: proyecto \u00daNICAS - Fundaci\u00f3 TIC Salut i Social<\/title>\n<meta name=\"robots\" content=\"index, follow, max-snippet:-1, max-image-preview:large, max-video-preview:-1\" \/>\n<link rel=\"canonical\" href=\"https:\/\/ticsalutsocial.atoom.space\/es\/noticia\/units-per-les-malalties-rares-projecte-unicas\/\" \/>\n<meta property=\"og:locale\" content=\"es_ES\" \/>\n<meta property=\"og:type\" content=\"article\" \/>\n<meta property=\"og:title\" content=\"Unidos por las enfermedades raras: proyecto \u00daNICAS - Fundaci\u00f3 TIC Salut i Social\" \/>\n<meta property=\"og:description\" content=\"Hoy, en el D\u00eda Mundial de las Enfermedades Raras, nos unimos para dar visibilidad a m\u00e1s de 7.000 enfermedades minoritarias en el mundo, que afectan aproximadamente al 7% de la poblaci\u00f3n mundial.El proyecto \u00daNICAS est\u00e1 trabajando para mejorar la atenci\u00f3n integral a los pacientes pedi\u00e1tricos con enfermedades minoritarias complejas.\u00daNICAS es un proyecto del Ministerio de [&hellip;]\" \/>\n<meta property=\"og:url\" content=\"https:\/\/ticsalutsocial.atoom.space\/es\/noticia\/units-per-les-malalties-rares-projecte-unicas\/\" \/>\n<meta property=\"og:site_name\" content=\"Fundaci\u00f3 TIC Salut i Social\" \/>\n<meta property=\"article:modified_time\" content=\"2025-11-06T12:25:53+00:00\" \/>\n<meta property=\"og:image\" content=\"https:\/\/ticsalutsocial.atoom.space\/wp-content\/uploads\/2025\/02\/iStock-1410472393.jpg\" \/>\n\t<meta property=\"og:image:width\" content=\"2304\" \/>\n\t<meta property=\"og:image:height\" content=\"1301\" \/>\n\t<meta property=\"og:image:type\" content=\"image\/jpeg\" \/>\n<meta name=\"twitter:card\" content=\"summary_large_image\" \/>\n<meta name=\"twitter:label1\" content=\"Tiempo de lectura\" \/>\n\t<meta name=\"twitter:data1\" content=\"2 minutos\" \/>\n<script type=\"application\/ld+json\" class=\"yoast-schema-graph\">{\"@context\":\"https:\/\/schema.org\",\"@graph\":[{\"@type\":\"WebPage\",\"@id\":\"https:\/\/ticsalutsocial.atoom.space\/es\/noticia\/units-per-les-malalties-rares-projecte-unicas\/\",\"url\":\"https:\/\/ticsalutsocial.atoom.space\/es\/noticia\/units-per-les-malalties-rares-projecte-unicas\/\",\"name\":\"Unidos por las enfermedades raras: proyecto \u00daNICAS - Fundaci\u00f3 TIC Salut i Social\",\"isPartOf\":{\"@id\":\"https:\/\/ticsalutsocial.atoom.space\/es\/#website\"},\"primaryImageOfPage\":{\"@id\":\"https:\/\/ticsalutsocial.atoom.space\/es\/noticia\/units-per-les-malalties-rares-projecte-unicas\/#primaryimage\"},\"image\":{\"@id\":\"https:\/\/ticsalutsocial.atoom.space\/es\/noticia\/units-per-les-malalties-rares-projecte-unicas\/#primaryimage\"},\"thumbnailUrl\":\"https:\/\/ticsalutsocial.atoom.space\/wp-content\/uploads\/2025\/02\/iStock-1410472393.jpg\",\"datePublished\":\"2025-02-28T13:12:44+00:00\",\"dateModified\":\"2025-11-06T12:25:53+00:00\",\"breadcrumb\":{\"@id\":\"https:\/\/ticsalutsocial.atoom.space\/es\/noticia\/units-per-les-malalties-rares-projecte-unicas\/#breadcrumb\"},\"inLanguage\":\"es\",\"potentialAction\":[{\"@type\":\"ReadAction\",\"target\":[\"https:\/\/ticsalutsocial.atoom.space\/es\/noticia\/units-per-les-malalties-rares-projecte-unicas\/\"]}]},{\"@type\":\"ImageObject\",\"inLanguage\":\"es\",\"@id\":\"https:\/\/ticsalutsocial.atoom.space\/es\/noticia\/units-per-les-malalties-rares-projecte-unicas\/#primaryimage\",\"url\":\"https:\/\/ticsalutsocial.atoom.space\/wp-content\/uploads\/2025\/02\/iStock-1410472393.jpg\",\"contentUrl\":\"https:\/\/ticsalutsocial.atoom.space\/wp-content\/uploads\/2025\/02\/iStock-1410472393.jpg\",\"width\":2304,\"height\":1301,\"caption\":\"Dia Mundial Enfermetats Rares\"},{\"@type\":\"BreadcrumbList\",\"@id\":\"https:\/\/ticsalutsocial.atoom.space\/es\/noticia\/units-per-les-malalties-rares-projecte-unicas\/#breadcrumb\",\"itemListElement\":[{\"@type\":\"ListItem\",\"position\":1,\"name\":\"Inici\",\"item\":\"https:\/\/ticsalutsocial.atoom.space\/es\/\"},{\"@type\":\"ListItem\",\"position\":2,\"name\":\"Unidos por las enfermedades raras: proyecto \u00daNICAS\"}]},{\"@type\":\"WebSite\",\"@id\":\"https:\/\/ticsalutsocial.atoom.space\/es\/#website\",\"url\":\"https:\/\/ticsalutsocial.atoom.space\/es\/\",\"name\":\"Fundaci\u00f3 TIC Salut i Social\",\"description\":\"\",\"potentialAction\":[{\"@type\":\"SearchAction\",\"target\":{\"@type\":\"EntryPoint\",\"urlTemplate\":\"https:\/\/ticsalutsocial.atoom.space\/es\/?s={search_term_string}\"},\"query-input\":{\"@type\":\"PropertyValueSpecification\",\"valueRequired\":true,\"valueName\":\"search_term_string\"}}],\"inLanguage\":\"es\"}]}<\/script>\n<!-- \/ Yoast SEO plugin. -->","yoast_head_json":{"title":"Unidos por las enfermedades raras: proyecto \u00daNICAS - Fundaci\u00f3 TIC Salut i Social","robots":{"index":"index","follow":"follow","max-snippet":"max-snippet:-1","max-image-preview":"max-image-preview:large","max-video-preview":"max-video-preview:-1"},"canonical":"https:\/\/ticsalutsocial.atoom.space\/es\/noticia\/units-per-les-malalties-rares-projecte-unicas\/","og_locale":"es_ES","og_type":"article","og_title":"Unidos por las enfermedades raras: proyecto \u00daNICAS - Fundaci\u00f3 TIC Salut i Social","og_description":"Hoy, en el D\u00eda Mundial de las Enfermedades Raras, nos unimos para dar visibilidad a m\u00e1s de 7.000 enfermedades minoritarias en el mundo, que afectan aproximadamente al 7% de la poblaci\u00f3n mundial.El proyecto \u00daNICAS est\u00e1 trabajando para mejorar la atenci\u00f3n integral a los pacientes pedi\u00e1tricos con enfermedades minoritarias complejas.\u00daNICAS es un proyecto del Ministerio de [&hellip;]","og_url":"https:\/\/ticsalutsocial.atoom.space\/es\/noticia\/units-per-les-malalties-rares-projecte-unicas\/","og_site_name":"Fundaci\u00f3 TIC Salut i Social","article_modified_time":"2025-11-06T12:25:53+00:00","og_image":[{"width":2304,"height":1301,"url":"https:\/\/ticsalutsocial.atoom.space\/wp-content\/uploads\/2025\/02\/iStock-1410472393.jpg","type":"image\/jpeg"}],"twitter_card":"summary_large_image","twitter_misc":{"Tiempo de lectura":"2 minutos"},"schema":{"@context":"https:\/\/schema.org","@graph":[{"@type":"WebPage","@id":"https:\/\/ticsalutsocial.atoom.space\/es\/noticia\/units-per-les-malalties-rares-projecte-unicas\/","url":"https:\/\/ticsalutsocial.atoom.space\/es\/noticia\/units-per-les-malalties-rares-projecte-unicas\/","name":"Unidos por las enfermedades raras: proyecto \u00daNICAS - Fundaci\u00f3 TIC Salut i Social","isPartOf":{"@id":"https:\/\/ticsalutsocial.atoom.space\/es\/#website"},"primaryImageOfPage":{"@id":"https:\/\/ticsalutsocial.atoom.space\/es\/noticia\/units-per-les-malalties-rares-projecte-unicas\/#primaryimage"},"image":{"@id":"https:\/\/ticsalutsocial.atoom.space\/es\/noticia\/units-per-les-malalties-rares-projecte-unicas\/#primaryimage"},"thumbnailUrl":"https:\/\/ticsalutsocial.atoom.space\/wp-content\/uploads\/2025\/02\/iStock-1410472393.jpg","datePublished":"2025-02-28T13:12:44+00:00","dateModified":"2025-11-06T12:25:53+00:00","breadcrumb":{"@id":"https:\/\/ticsalutsocial.atoom.space\/es\/noticia\/units-per-les-malalties-rares-projecte-unicas\/#breadcrumb"},"inLanguage":"es","potentialAction":[{"@type":"ReadAction","target":["https:\/\/ticsalutsocial.atoom.space\/es\/noticia\/units-per-les-malalties-rares-projecte-unicas\/"]}]},{"@type":"ImageObject","inLanguage":"es","@id":"https:\/\/ticsalutsocial.atoom.space\/es\/noticia\/units-per-les-malalties-rares-projecte-unicas\/#primaryimage","url":"https:\/\/ticsalutsocial.atoom.space\/wp-content\/uploads\/2025\/02\/iStock-1410472393.jpg","contentUrl":"https:\/\/ticsalutsocial.atoom.space\/wp-content\/uploads\/2025\/02\/iStock-1410472393.jpg","width":2304,"height":1301,"caption":"Dia Mundial Enfermetats Rares"},{"@type":"BreadcrumbList","@id":"https:\/\/ticsalutsocial.atoom.space\/es\/noticia\/units-per-les-malalties-rares-projecte-unicas\/#breadcrumb","itemListElement":[{"@type":"ListItem","position":1,"name":"Inici","item":"https:\/\/ticsalutsocial.atoom.space\/es\/"},{"@type":"ListItem","position":2,"name":"Unidos por las enfermedades raras: proyecto \u00daNICAS"}]},{"@type":"WebSite","@id":"https:\/\/ticsalutsocial.atoom.space\/es\/#website","url":"https:\/\/ticsalutsocial.atoom.space\/es\/","name":"Fundaci\u00f3 TIC Salut i Social","description":"","potentialAction":[{"@type":"SearchAction","target":{"@type":"EntryPoint","urlTemplate":"https:\/\/ticsalutsocial.atoom.space\/es\/?s={search_term_string}"},"query-input":{"@type":"PropertyValueSpecification","valueRequired":true,"valueName":"search_term_string"}}],"inLanguage":"es"}]}},"_links":{"self":[{"href":"https:\/\/ticsalutsocial.atoom.space\/es\/wp-json\/wp\/v2\/noticia\/30999","targetHints":{"allow":["GET"]}}],"collection":[{"href":"https:\/\/ticsalutsocial.atoom.space\/es\/wp-json\/wp\/v2\/noticia"}],"about":[{"href":"https:\/\/ticsalutsocial.atoom.space\/es\/wp-json\/wp\/v2\/types\/noticia"}],"author":[{"embeddable":true,"href":"https:\/\/ticsalutsocial.atoom.space\/es\/wp-json\/wp\/v2\/users\/21"}],"wp:featuredmedia":[{"embeddable":true,"href":"https:\/\/ticsalutsocial.atoom.space\/es\/wp-json\/wp\/v2\/media\/30802"}],"wp:attachment":[{"href":"https:\/\/ticsalutsocial.atoom.space\/es\/wp-json\/wp\/v2\/media?parent=30999"}],"wp:term":[{"taxonomy":"etiqueta","embeddable":true,"href":"https:\/\/ticsalutsocial.atoom.space\/es\/wp-json\/wp\/v2\/etiqueta?post=30999"},{"taxonomy":"tipus","embeddable":true,"href":"https:\/\/ticsalutsocial.atoom.space\/es\/wp-json\/wp\/v2\/tipus?post=30999"},{"taxonomy":"topic","embeddable":true,"href":"https:\/\/ticsalutsocial.atoom.space\/es\/wp-json\/wp\/v2\/topic?post=30999"}],"curies":[{"name":"wp","href":"https:\/\/api.w.org\/{rel}","templated":true}]}}