
{"id":31084,"date":"2025-03-24T11:26:41","date_gmt":"2025-03-24T09:26:41","guid":{"rendered":"https:\/\/ticsalutsocial.atoom.space\/?post_type=noticia&#038;p=31084"},"modified":"2025-05-27T13:07:20","modified_gmt":"2025-05-27T11:07:20","slug":"com-ampliar-competencies-professionals-i-transformar-el-futur-de-la-salut-a-traves-del-master-en-ehealth-de-la-salle-url","status":"publish","type":"noticia","link":"https:\/\/ticsalutsocial.atoom.space\/es\/noticia\/com-ampliar-competencies-professionals-i-transformar-el-futur-de-la-salut-a-traves-del-master-en-ehealth-de-la-salle-url\/","title":{"rendered":"C\u00f3mo ampliar competencias profesionales y transformar el futuro de la salud a trav\u00e9s del M\u00e1ster en eHealth de La Salle-URL"},"content":{"rendered":"<p data-start=\"134\" data-end=\"493\"><strong>Si trabajas en el sector de la salud digital y quieres dar un paso m\u00e1s en tu carrera profesional, el M\u00e1ster en eHealth de<\/strong> <strong data-start=\"256\" data-end=\"272\">La Salle-URL<\/strong> te ofrece una oportunidad de crecimiento y nuevos horizontes. Una formaci\u00f3n en liderazgo para la transformaci\u00f3n digital del sector sanitario a trav\u00e9s del desarrollo e implementaci\u00f3n de soluciones digitales innovadoras.<\/p>\n<p data-start=\"495\" data-end=\"738\">Gracias al convenio entre la <strong data-start=\"524\" data-end=\"553\">Fundaci\u00f3 TIC Salut Social<\/strong> y <strong data-start=\"556\" data-end=\"572\">La Salle-URL<\/strong>, disponemos de una <strong data-start=\"592\" data-end=\"608\">beca del 50%<\/strong> <strong>para la modalidad presencial y otra beca del 50% para la modalidad online<\/strong>, ofrecidas por La Salle-URL. Este m\u00e1ster permite:<\/p>\n<ul>\n<li data-start=\"740\" data-end=\"937\"><strong>Descubrir c\u00f3mo el sector salud aprovecha tecnolog\u00edas emergentes<\/strong> como la inteligencia artificial, IoT, realidad virtual o Big Data para mejorar la gesti\u00f3n sanitaria y la calidad asistencial.<\/li>\n<li data-start=\"939\" data-end=\"1109\"><strong>Comprender las oportunidades de la transformaci\u00f3n digital<\/strong> para generar un impacto positivo en organizaciones sanitarias y mejorar la experiencia de los pacientes.<\/li>\n<li data-start=\"1111\" data-end=\"1256\"><strong>Trabajar en proyectos reales<\/strong>, presentando una propuesta de mejora tecnol\u00f3gica para una empresa o creando tu propia start-up de salud.<\/li>\n<li data-start=\"1258\" data-end=\"1486\"><strong>Contar con un equipo docente de alto nivel<\/strong>, coordinado por <strong data-start=\"1323\" data-end=\"1336\">Toni Masi<\/strong>, director del Banco de Sangre y Tejidos, y <strong data-start=\"1380\" data-end=\"1397\">Oriol Estrada<\/strong>, director de estrategia asistencial e innovaci\u00f3n en el Hospital Germans Trias i Pujol.<\/li>\n<li data-start=\"1488\" data-end=\"1728\"><strong>Participaci\u00f3n de expertos de los principales<\/strong> <strong data-start=\"1535\" data-end=\"1571\">hospitales y empresas del sector<\/strong>, como el Hospital Universitario Vall d&#8217;Hebron, Hospital Sant Joan de D\u00e9u, Cl\u00ednic Barcelona, el Servei Catal\u00e0 de la Salut, Sanofi e Iomed, entre otros.<\/li>\n<li data-start=\"1730\" data-end=\"1867\"><strong>Acceder a un programa actualizado<\/strong> con las \u00faltimas tendencias en IA, realidad virtual y Big Data aplicadas a la gesti\u00f3n sanitaria.<\/li>\n<\/ul>\n<h3 data-start=\"1874\" data-end=\"1916\"><\/h3>\n<h3 data-start=\"1874\" data-end=\"1916\"><strong data-start=\"1878\" data-end=\"1914\">Dotaci\u00f3n econ\u00f3mica y condiciones<\/strong><\/h3>\n<p data-start=\"1918\" data-end=\"2285\">Los candidatos que cumplan los requisitos de acceso y sean aceptados en el m\u00e1ster, y que puedan acreditar referencias en el sector y motivaciones profesionales vinculadas a sistemas innovadores en el \u00e1mbito de la salud digital, podr\u00e1n optar a una beca del 50% del coste total. Se ofrece una beca para la modalidad presencial y otra para la modalidad online.<\/p>\n<p><strong data-start=\"2290\" data-end=\"2326\">Requisitos para optar a la beca:<\/strong><\/p>\n<ul>\n<li data-start=\"2287\" data-end=\"2895\">Ser residente en Catalu\u00f1a.<\/li>\n<li data-start=\"2287\" data-end=\"2895\">Tener una trayectoria profesional en la que las materias del m\u00e1ster tengan relaci\u00f3n directa con su puesto de trabajo y su carrera profesional (esto debe reflejarse en el Curr\u00edculum Vitae).<\/li>\n<li data-start=\"2287\" data-end=\"2895\">Mostrar inter\u00e9s en la tecnolog\u00eda sanitaria y la gesti\u00f3n de la salud.<\/li>\n<li data-start=\"2287\" data-end=\"2895\">En el caso de haber finalizado el grado universitario hace menos de tres a\u00f1os, si no se dispone de suficiente experiencia profesional, se valorar\u00e1 la nota final del grado.<\/li>\n<li data-start=\"2287\" data-end=\"2895\">Haber abonado la reserva de plaza tras ser admitido en el m\u00e1ster.<\/li>\n<\/ul>\n<h3 data-start=\"2902\" data-end=\"2940\"><\/h3>\n<h3 data-start=\"2902\" data-end=\"2940\"><strong data-start=\"2906\" data-end=\"2938\">Presentaci\u00f3n de candidaturas<\/strong><\/h3>\n<p data-start=\"2942\" data-end=\"3083\">Para presentar solicitudes, es necesario enviar un correo electr\u00f3nico al responsable de admisiones del programa seg\u00fan la modalidad elegida:<\/p>\n<ul>\n<li><strong data-start=\"3088\" data-end=\"3109\">Modalidad online:<\/strong> <a href=\"mailto:alicia.martorell@salle.url.edu\" rel=\"noopener\" data-start=\"3110\" data-end=\"3140\">alicia.martorell@salle.url.edu<\/a><\/li>\n<li><strong data-start=\"3146\" data-end=\"3171\">Modalidad presencial:<\/strong> <a href=\"mailto:susana.espinawebb@salle.url.edu\">susana.espinawebb@salle.url.edu<\/a><\/li>\n<\/ul>\n<p data-start=\"3207\" data-end=\"3278\">Para m\u00e1s informaci\u00f3n, puedes contactar a trav\u00e9s del siguiente<a href=\"https:\/\/studies.salleurl.edu\/master?l=masters-ehealth&amp;lan=1&amp;utm_source=convenios+salud&amp;utm_medium=referral&amp;utm_campaign=M_CONVERSION_MEH_MEHOL_25_26&amp;utm_term=convenios+salud\"> enlace<\/a>.<\/p>\n<h3 data-start=\"3285\" data-end=\"3318\"><strong data-start=\"3289\" data-end=\"3316\">Documentaci\u00f3n necesaria<\/strong><\/h3>\n<ul>\n<li data-start=\"3320\" data-end=\"3497\">Curr\u00edculum Vitae detallado<\/li>\n<li data-start=\"3320\" data-end=\"3497\">Carta de motivaci\u00f3n (m\u00e1ximo una p\u00e1gina)<\/li>\n<li data-start=\"3320\" data-end=\"3497\">Expediente acad\u00e9mico (en caso de haber finalizado el grado hace menos de tres a\u00f1os)<\/li>\n<\/ul>\n<p data-start=\"3499\" data-end=\"3563\" data-is-last-node=\"\" data-is-only-node=\"\">Fecha l\u00edmite de presentaci\u00f3n de candidaturas: 30 de mayo.<\/p>\n<p><span data-ccp-props=\"{}\">\u00a0<\/span><\/p>\n","protected":false},"author":21,"featured_media":28773,"menu_order":0,"template":"","meta":{"_acf_changed":false,"inline_featured_image":false},"etiqueta":[],"tipus":[1163],"topic":[],"class_list":["post-31084","noticia","type-noticia","status-publish","has-post-thumbnail","hentry","tipus-actualidad"],"acf":{"autor":"","imatge":false,"textos_destacats":false,"documents":false,"finalitzat":false,"tipus_plantilla":"objectius","template_objectius":{"cont_principal":"","imatge":false,"cont_seguent":{"titol":"","contingut":""},"seccio_llistat":{"titol":"","llistat":false},"objectius":{"titol":"","objectius":false},"documents":false}},"yoast_head":"<!-- This site is optimized with the Yoast SEO plugin v27.1.1 - https:\/\/yoast.com\/product\/yoast-seo-wordpress\/ -->\n<title>C\u00f3mo ampliar competencias profesionales y transformar el futuro de la salud a trav\u00e9s del M\u00e1ster en eHealth de La Salle-URL - Fundaci\u00f3 TIC Salut i Social<\/title>\n<meta name=\"robots\" content=\"index, follow, max-snippet:-1, max-image-preview:large, max-video-preview:-1\" \/>\n<link rel=\"canonical\" href=\"https:\/\/ticsalutsocial.atoom.space\/es\/noticia\/com-ampliar-competencies-professionals-i-transformar-el-futur-de-la-salut-a-traves-del-master-en-ehealth-de-la-salle-url\/\" \/>\n<meta property=\"og:locale\" content=\"es_ES\" \/>\n<meta property=\"og:type\" content=\"article\" \/>\n<meta property=\"og:title\" content=\"C\u00f3mo ampliar competencias profesionales y transformar el futuro de la salud a trav\u00e9s del M\u00e1ster en eHealth de La Salle-URL - Fundaci\u00f3 TIC Salut i Social\" \/>\n<meta property=\"og:description\" content=\"Si trabajas en el sector de la salud digital y quieres dar un paso m\u00e1s en tu carrera profesional, el M\u00e1ster en eHealth de La Salle-URL te ofrece una oportunidad de crecimiento y nuevos horizontes. Una formaci\u00f3n en liderazgo para la transformaci\u00f3n digital del sector sanitario a trav\u00e9s del desarrollo e implementaci\u00f3n de soluciones digitales [&hellip;]\" \/>\n<meta property=\"og:url\" content=\"https:\/\/ticsalutsocial.atoom.space\/es\/noticia\/com-ampliar-competencies-professionals-i-transformar-el-futur-de-la-salut-a-traves-del-master-en-ehealth-de-la-salle-url\/\" \/>\n<meta property=\"og:site_name\" content=\"Fundaci\u00f3 TIC Salut i Social\" \/>\n<meta property=\"article:modified_time\" content=\"2025-05-27T11:07:20+00:00\" \/>\n<meta property=\"og:image\" content=\"https:\/\/ticsalutsocial.atoom.space\/wp-content\/uploads\/2024\/10\/PICT4.png\" \/>\n\t<meta property=\"og:image:width\" content=\"1080\" \/>\n\t<meta property=\"og:image:height\" content=\"1080\" \/>\n\t<meta property=\"og:image:type\" content=\"image\/png\" \/>\n<meta name=\"twitter:card\" content=\"summary_large_image\" \/>\n<meta name=\"twitter:label1\" content=\"Tiempo de lectura\" \/>\n\t<meta name=\"twitter:data1\" content=\"3 minutos\" \/>\n<script type=\"application\/ld+json\" class=\"yoast-schema-graph\">{\"@context\":\"https:\/\/schema.org\",\"@graph\":[{\"@type\":\"WebPage\",\"@id\":\"https:\/\/ticsalutsocial.atoom.space\/es\/noticia\/com-ampliar-competencies-professionals-i-transformar-el-futur-de-la-salut-a-traves-del-master-en-ehealth-de-la-salle-url\/\",\"url\":\"https:\/\/ticsalutsocial.atoom.space\/es\/noticia\/com-ampliar-competencies-professionals-i-transformar-el-futur-de-la-salut-a-traves-del-master-en-ehealth-de-la-salle-url\/\",\"name\":\"C\u00f3mo ampliar competencias profesionales y transformar el futuro de la salud a trav\u00e9s del M\u00e1ster en eHealth de La Salle-URL - Fundaci\u00f3 TIC Salut i Social\",\"isPartOf\":{\"@id\":\"https:\/\/ticsalutsocial.atoom.space\/es\/#website\"},\"primaryImageOfPage\":{\"@id\":\"https:\/\/ticsalutsocial.atoom.space\/es\/noticia\/com-ampliar-competencies-professionals-i-transformar-el-futur-de-la-salut-a-traves-del-master-en-ehealth-de-la-salle-url\/#primaryimage\"},\"image\":{\"@id\":\"https:\/\/ticsalutsocial.atoom.space\/es\/noticia\/com-ampliar-competencies-professionals-i-transformar-el-futur-de-la-salut-a-traves-del-master-en-ehealth-de-la-salle-url\/#primaryimage\"},\"thumbnailUrl\":\"https:\/\/ticsalutsocial.atoom.space\/wp-content\/uploads\/2024\/10\/PICT4.png\",\"datePublished\":\"2025-03-24T09:26:41+00:00\",\"dateModified\":\"2025-05-27T11:07:20+00:00\",\"breadcrumb\":{\"@id\":\"https:\/\/ticsalutsocial.atoom.space\/es\/noticia\/com-ampliar-competencies-professionals-i-transformar-el-futur-de-la-salut-a-traves-del-master-en-ehealth-de-la-salle-url\/#breadcrumb\"},\"inLanguage\":\"es\",\"potentialAction\":[{\"@type\":\"ReadAction\",\"target\":[\"https:\/\/ticsalutsocial.atoom.space\/es\/noticia\/com-ampliar-competencies-professionals-i-transformar-el-futur-de-la-salut-a-traves-del-master-en-ehealth-de-la-salle-url\/\"]}]},{\"@type\":\"ImageObject\",\"inLanguage\":\"es\",\"@id\":\"https:\/\/ticsalutsocial.atoom.space\/es\/noticia\/com-ampliar-competencies-professionals-i-transformar-el-futur-de-la-salut-a-traves-del-master-en-ehealth-de-la-salle-url\/#primaryimage\",\"url\":\"https:\/\/ticsalutsocial.atoom.space\/wp-content\/uploads\/2024\/10\/PICT4.png\",\"contentUrl\":\"https:\/\/ticsalutsocial.atoom.space\/wp-content\/uploads\/2024\/10\/PICT4.png\",\"width\":1080,\"height\":1080},{\"@type\":\"BreadcrumbList\",\"@id\":\"https:\/\/ticsalutsocial.atoom.space\/es\/noticia\/com-ampliar-competencies-professionals-i-transformar-el-futur-de-la-salut-a-traves-del-master-en-ehealth-de-la-salle-url\/#breadcrumb\",\"itemListElement\":[{\"@type\":\"ListItem\",\"position\":1,\"name\":\"Inici\",\"item\":\"https:\/\/ticsalutsocial.atoom.space\/es\/\"},{\"@type\":\"ListItem\",\"position\":2,\"name\":\"C\u00f3mo ampliar competencias profesionales y transformar el futuro de la salud a trav\u00e9s del M\u00e1ster en eHealth de La Salle-URL\"}]},{\"@type\":\"WebSite\",\"@id\":\"https:\/\/ticsalutsocial.atoom.space\/es\/#website\",\"url\":\"https:\/\/ticsalutsocial.atoom.space\/es\/\",\"name\":\"Fundaci\u00f3 TIC Salut i Social\",\"description\":\"\",\"potentialAction\":[{\"@type\":\"SearchAction\",\"target\":{\"@type\":\"EntryPoint\",\"urlTemplate\":\"https:\/\/ticsalutsocial.atoom.space\/es\/?s={search_term_string}\"},\"query-input\":{\"@type\":\"PropertyValueSpecification\",\"valueRequired\":true,\"valueName\":\"search_term_string\"}}],\"inLanguage\":\"es\"}]}<\/script>\n<!-- \/ Yoast SEO plugin. -->","yoast_head_json":{"title":"C\u00f3mo ampliar competencias profesionales y transformar el futuro de la salud a trav\u00e9s del M\u00e1ster en eHealth de La Salle-URL - Fundaci\u00f3 TIC Salut i Social","robots":{"index":"index","follow":"follow","max-snippet":"max-snippet:-1","max-image-preview":"max-image-preview:large","max-video-preview":"max-video-preview:-1"},"canonical":"https:\/\/ticsalutsocial.atoom.space\/es\/noticia\/com-ampliar-competencies-professionals-i-transformar-el-futur-de-la-salut-a-traves-del-master-en-ehealth-de-la-salle-url\/","og_locale":"es_ES","og_type":"article","og_title":"C\u00f3mo ampliar competencias profesionales y transformar el futuro de la salud a trav\u00e9s del M\u00e1ster en eHealth de La Salle-URL - Fundaci\u00f3 TIC Salut i Social","og_description":"Si trabajas en el sector de la salud digital y quieres dar un paso m\u00e1s en tu carrera profesional, el M\u00e1ster en eHealth de La Salle-URL te ofrece una oportunidad de crecimiento y nuevos horizontes. Una formaci\u00f3n en liderazgo para la transformaci\u00f3n digital del sector sanitario a trav\u00e9s del desarrollo e implementaci\u00f3n de soluciones digitales [&hellip;]","og_url":"https:\/\/ticsalutsocial.atoom.space\/es\/noticia\/com-ampliar-competencies-professionals-i-transformar-el-futur-de-la-salut-a-traves-del-master-en-ehealth-de-la-salle-url\/","og_site_name":"Fundaci\u00f3 TIC Salut i Social","article_modified_time":"2025-05-27T11:07:20+00:00","og_image":[{"width":1080,"height":1080,"url":"https:\/\/ticsalutsocial.atoom.space\/wp-content\/uploads\/2024\/10\/PICT4.png","type":"image\/png"}],"twitter_card":"summary_large_image","twitter_misc":{"Tiempo de lectura":"3 minutos"},"schema":{"@context":"https:\/\/schema.org","@graph":[{"@type":"WebPage","@id":"https:\/\/ticsalutsocial.atoom.space\/es\/noticia\/com-ampliar-competencies-professionals-i-transformar-el-futur-de-la-salut-a-traves-del-master-en-ehealth-de-la-salle-url\/","url":"https:\/\/ticsalutsocial.atoom.space\/es\/noticia\/com-ampliar-competencies-professionals-i-transformar-el-futur-de-la-salut-a-traves-del-master-en-ehealth-de-la-salle-url\/","name":"C\u00f3mo ampliar competencias profesionales y transformar el futuro de la salud a trav\u00e9s del M\u00e1ster en eHealth de La Salle-URL - Fundaci\u00f3 TIC Salut i Social","isPartOf":{"@id":"https:\/\/ticsalutsocial.atoom.space\/es\/#website"},"primaryImageOfPage":{"@id":"https:\/\/ticsalutsocial.atoom.space\/es\/noticia\/com-ampliar-competencies-professionals-i-transformar-el-futur-de-la-salut-a-traves-del-master-en-ehealth-de-la-salle-url\/#primaryimage"},"image":{"@id":"https:\/\/ticsalutsocial.atoom.space\/es\/noticia\/com-ampliar-competencies-professionals-i-transformar-el-futur-de-la-salut-a-traves-del-master-en-ehealth-de-la-salle-url\/#primaryimage"},"thumbnailUrl":"https:\/\/ticsalutsocial.atoom.space\/wp-content\/uploads\/2024\/10\/PICT4.png","datePublished":"2025-03-24T09:26:41+00:00","dateModified":"2025-05-27T11:07:20+00:00","breadcrumb":{"@id":"https:\/\/ticsalutsocial.atoom.space\/es\/noticia\/com-ampliar-competencies-professionals-i-transformar-el-futur-de-la-salut-a-traves-del-master-en-ehealth-de-la-salle-url\/#breadcrumb"},"inLanguage":"es","potentialAction":[{"@type":"ReadAction","target":["https:\/\/ticsalutsocial.atoom.space\/es\/noticia\/com-ampliar-competencies-professionals-i-transformar-el-futur-de-la-salut-a-traves-del-master-en-ehealth-de-la-salle-url\/"]}]},{"@type":"ImageObject","inLanguage":"es","@id":"https:\/\/ticsalutsocial.atoom.space\/es\/noticia\/com-ampliar-competencies-professionals-i-transformar-el-futur-de-la-salut-a-traves-del-master-en-ehealth-de-la-salle-url\/#primaryimage","url":"https:\/\/ticsalutsocial.atoom.space\/wp-content\/uploads\/2024\/10\/PICT4.png","contentUrl":"https:\/\/ticsalutsocial.atoom.space\/wp-content\/uploads\/2024\/10\/PICT4.png","width":1080,"height":1080},{"@type":"BreadcrumbList","@id":"https:\/\/ticsalutsocial.atoom.space\/es\/noticia\/com-ampliar-competencies-professionals-i-transformar-el-futur-de-la-salut-a-traves-del-master-en-ehealth-de-la-salle-url\/#breadcrumb","itemListElement":[{"@type":"ListItem","position":1,"name":"Inici","item":"https:\/\/ticsalutsocial.atoom.space\/es\/"},{"@type":"ListItem","position":2,"name":"C\u00f3mo ampliar competencias profesionales y transformar el futuro de la salud a trav\u00e9s del M\u00e1ster en eHealth de La Salle-URL"}]},{"@type":"WebSite","@id":"https:\/\/ticsalutsocial.atoom.space\/es\/#website","url":"https:\/\/ticsalutsocial.atoom.space\/es\/","name":"Fundaci\u00f3 TIC Salut i Social","description":"","potentialAction":[{"@type":"SearchAction","target":{"@type":"EntryPoint","urlTemplate":"https:\/\/ticsalutsocial.atoom.space\/es\/?s={search_term_string}"},"query-input":{"@type":"PropertyValueSpecification","valueRequired":true,"valueName":"search_term_string"}}],"inLanguage":"es"}]}},"_links":{"self":[{"href":"https:\/\/ticsalutsocial.atoom.space\/es\/wp-json\/wp\/v2\/noticia\/31084","targetHints":{"allow":["GET"]}}],"collection":[{"href":"https:\/\/ticsalutsocial.atoom.space\/es\/wp-json\/wp\/v2\/noticia"}],"about":[{"href":"https:\/\/ticsalutsocial.atoom.space\/es\/wp-json\/wp\/v2\/types\/noticia"}],"author":[{"embeddable":true,"href":"https:\/\/ticsalutsocial.atoom.space\/es\/wp-json\/wp\/v2\/users\/21"}],"wp:featuredmedia":[{"embeddable":true,"href":"https:\/\/ticsalutsocial.atoom.space\/es\/wp-json\/wp\/v2\/media\/28773"}],"wp:attachment":[{"href":"https:\/\/ticsalutsocial.atoom.space\/es\/wp-json\/wp\/v2\/media?parent=31084"}],"wp:term":[{"taxonomy":"etiqueta","embeddable":true,"href":"https:\/\/ticsalutsocial.atoom.space\/es\/wp-json\/wp\/v2\/etiqueta?post=31084"},{"taxonomy":"tipus","embeddable":true,"href":"https:\/\/ticsalutsocial.atoom.space\/es\/wp-json\/wp\/v2\/tipus?post=31084"},{"taxonomy":"topic","embeddable":true,"href":"https:\/\/ticsalutsocial.atoom.space\/es\/wp-json\/wp\/v2\/topic?post=31084"}],"curies":[{"name":"wp","href":"https:\/\/api.w.org\/{rel}","templated":true}]}}