
{"id":31095,"date":"2025-03-14T09:30:20","date_gmt":"2025-03-14T07:30:20","guid":{"rendered":"https:\/\/ticsalutsocial.atoom.space\/noticia\/la-unitat-del-son-dels-hospitals-trueta-i-santa-caterina-ha-realitzat-mes-de-6-526-proves-des-de-la-posada-en-marxa-de-les-noves-installacions\/"},"modified":"2025-05-27T13:04:48","modified_gmt":"2025-05-27T11:04:48","slug":"la-unitat-del-son-dels-hospitals-trueta-i-santa-caterina-ha-realitzat-mes-de-6-526-proves-des-de-la-posada-en-marxa-de-les-noves-installacions","status":"publish","type":"noticia","link":"https:\/\/ticsalutsocial.atoom.space\/es\/noticia\/la-unitat-del-son-dels-hospitals-trueta-i-santa-caterina-ha-realitzat-mes-de-6-526-proves-des-de-la-posada-en-marxa-de-les-noves-installacions\/","title":{"rendered":"La Unidad del Sue\u00f1o de los hospitales Trueta y Santa Caterina ha realizado m\u00e1s de 6.526 pruebas desde la apertura de las nuevas instalaciones"},"content":{"rendered":"<p><strong>La Unidad, adscrita al Servicio de Neumolog\u00eda, se traslad\u00f3 al hospital Santa Caterina en abril de 2023 para disponer de m\u00e1s espacio y recursos para realizar pruebas y estudios relacionados con los trastornos del sue\u00f1o.<\/strong><\/p>\n<p class=\"\" data-start=\"371\" data-end=\"525\"><strong>Hoy, 14 de marzo, se conmemora el D\u00eda Mundial del Sue\u00f1o con el objetivo de destacar la importancia del sue\u00f1o en la salud y el bienestar de las personas.<\/strong><\/p>\n<p class=\"\" data-start=\"527\" data-end=\"1066\">Desde el traslado a las nuevas instalaciones en el Parque Hospitalario Mart\u00ed i Juli\u00e0 de Salt, la Unidad del Sue\u00f1o del Servicio de Neumolog\u00eda de los hospitales Trueta y Santa Caterina ha realizado 6.526 pruebas diagn\u00f3sticas de distintos tipos (2.506 en 2023, 3.584 en 2024 y 436 en lo que va de 2025), en un espacio moderno con los recursos necesarios para consolidar un modelo asistencial para el tratamiento de las enfermedades del sue\u00f1o en la Regi\u00f3n Sanitaria de Girona, liderado desde la atenci\u00f3n primaria y el Servicio de Neumolog\u00eda.<\/p>\n<p class=\"\" data-start=\"1068\" data-end=\"1453\">Del total de pruebas, algunas se realizan en horario nocturno, como las videopolisomnograf\u00edas completas. En estos casos, el o la paciente pasan la noche en la Unidad, donde se les monitoriza la actividad cerebral, muscular, cardiorrespiratoria, el movimiento de los ojos, la posici\u00f3n y el ronquido para poder hacer un diagn\u00f3stico preciso del tipo de afectaci\u00f3n del sue\u00f1o que padecen.<\/p>\n<p class=\"\" data-start=\"1455\" data-end=\"2186\">Durante estos dos a\u00f1os se han realizado 1.270 pruebas nocturnas (339 en 2023, 761 en 2024 y 170 entre enero y febrero de 2025), supervisadas por profesionales de enfermer\u00eda especializados. La monitorizaci\u00f3n permite identificar las ondas cerebrales que determinan si la persona est\u00e1 despierta o dormida, las diferentes fases del sue\u00f1o, el nivel de ox\u00edgeno en la sangre, la frecuencia respiratoria y card\u00edaca, el ronquido y la posici\u00f3n del cuerpo. Estas pruebas est\u00e1n dirigidas a personas que sufren trastornos del sue\u00f1o como somnolencia diurna, cansancio, ronquidos fuertes o sospecha de otros trastornos como apnea obstructiva del sue\u00f1o, insomnio, narcolepsia o s\u00edndrome de movimientos peri\u00f3dicos de las piernas durante el sue\u00f1o.<\/p>\n<p class=\"\" data-start=\"2188\" data-end=\"2621\">Para llevarlas a cabo, la Unidad dispone de cuatro habitaciones insonorizadas, con cama individual y ba\u00f1o, equipadas con sistemas tecnol\u00f3gicos que permiten, por un lado, el control a distancia de los equipos de presi\u00f3n positiva continua en la v\u00eda a\u00e9rea (CPAP) y ventilaci\u00f3n mec\u00e1nica no invasiva (VMNI) y, por otro, la supervisi\u00f3n del paciente mediante v\u00eddeo y la comunicaci\u00f3n entre el profesional y la persona ingresada en estudio.<\/p>\n<p class=\"\" data-start=\"2623\" data-end=\"2738\">En cuanto a las pruebas diurnas, se han realizado un total de 5.256 (2.167 en 2023, 2.823 en 2024 y 266 en 2025).<\/p>\n<h3 class=\"\" data-start=\"2740\" data-end=\"2814\">V\u00ednculo con la atenci\u00f3n primaria a trav\u00e9s del programa Inn\u00f2bics-SAHS<\/h3>\n<p class=\"\" data-start=\"2816\" data-end=\"3378\">La Unidad del Sue\u00f1o tambi\u00e9n es una pieza clave en la implantaci\u00f3n del programa para el diagn\u00f3stico y tratamiento de la apnea obstructiva del sue\u00f1o desde los centros de atenci\u00f3n primaria (CAP) del Instituto Catal\u00e1n de la Salud (ICS) y del Instituto de Asistencia Sanitaria (IAS) a trav\u00e9s del programa Inn\u00f2bics-SAHS, desarrollado entre 2022 y 2024 con la financiaci\u00f3n del organismo europeo EIT Health y la coparticipaci\u00f3n del IDIGBI, la Fundaci\u00f3n TIC Salut Social, el Centro Hospitalar Lisboa Norte, Pulso Ediciones, TRC Inform\u00e1tica, ResMed Spain y OXIGEN Salud.<\/p>\n<p class=\"\" data-start=\"3380\" data-end=\"3847\">A trav\u00e9s de la Unidad Virtual de Apoyo, los profesionales de neumolog\u00eda y enfermer\u00eda de la Unidad del Sue\u00f1o interact\u00faan con el personal de enfermer\u00eda de cada CAP, debidamente formado para desarrollar el programa. A los pacientes con sospecha de apnea del sue\u00f1o se les abre una historia cl\u00ednica digital y se les proporciona un dispositivo electrom\u00e9dico (pol\u00edgrafo del sue\u00f1o) que deben utilizar durante una noche en su domicilio para registrar datos mientras duermen.<\/p>\n<p class=\"\" data-start=\"3849\" data-end=\"4162\">Durante el proyecto Inn\u00f2bics-SAHS, en Atenci\u00f3n Primaria se ha atendido a 11.349 pacientes, de los cuales a 3.567 se les ha detectado riesgo de apnea obstructiva del sue\u00f1o. Se han realizado 3.519 poligraf\u00edas respiratorias domiciliarias desde la Atenci\u00f3n Primaria, validadas por la Unidad Virtual del Sue\u00f1o (94%).<\/p>\n<p class=\"\" data-start=\"4164\" data-end=\"4258\">En cuanto a la evaluaci\u00f3n por parte de la Unidad Virtual del Sue\u00f1o, los resultados han sido:<\/p>\n<ul data-start=\"4259\" data-end=\"4324\">\n<li class=\"\" data-start=\"4259\" data-end=\"4292\">\n<p class=\"\" data-start=\"4261\" data-end=\"4292\">2.524 casos confirmados (73%)<\/p>\n<\/li>\n<li class=\"\" data-start=\"4293\" data-end=\"4324\">\n<p class=\"\" data-start=\"4295\" data-end=\"4324\">934 casos descartados (27%)<\/p>\n<\/li>\n<\/ul>\n<p class=\"\" data-start=\"4326\" data-end=\"4688\">El proyecto ha demostrado ser un modelo eficaz y rentable para el diagn\u00f3stico y tratamiento precoz de la apnea obstructiva del sue\u00f1o, una patolog\u00eda altamente infradiagnosticada que afecta a miles de personas. Es un modelo innovador que integra la Atenci\u00f3n Primaria y los servicios hospitalarios en el tratamiento de la apnea del sue\u00f1o, agilizando los procesos.<\/p>\n<p class=\"\" data-start=\"4690\" data-end=\"4979\">Los casos m\u00e1s complejos \u2014aproximadamente un 15%\u2014 fueron derivados a la Unidad del Sue\u00f1o para estudios m\u00e1s exhaustivos. El s\u00edndrome de apnea del sue\u00f1o es una enfermedad que llega a afectar al 25% de las personas de entre 30 y 70 a\u00f1os y cuya prevalencia aumenta con la edad y el sobrepeso.<\/p>\n<p class=\"\" data-start=\"4981\" data-end=\"5401\">Eric Rojas, doctor del Servicio de Neumolog\u00eda de los hospitales Dr. Josep Trueta y Santa Caterina de Salt y referente de la Unidad del Sue\u00f1o, explica que \u00ab<strong>el diagn\u00f3stico y tratamiento precoz no solo mejora la calidad de vida de los pacientes, sino que previene complicaciones graves. Al tratar a los pacientes de manera temprana y adecuada, se reduce el riesgo de problemas derivados de enfermedades cardiovasculares<\/strong>\u00ab.<\/p>\n<h3 class=\"\" data-start=\"5403\" data-end=\"5478\">Unidad multidisciplinaria de alta complejidad con grado de excelencia<\/h3>\n<p class=\"\" data-start=\"5480\" data-end=\"5980\">La Unidad del Sue\u00f1o Trueta-Santa Caterina est\u00e1 acreditada como unidad multidisciplinaria de alta complejidad y, desde agosto de 2023, cuenta con el grado de excelencia otorgado por la Sociedad Espa\u00f1ola de Neumolog\u00eda y Cirug\u00eda Tor\u00e1cica (SEPAR). Esta distinci\u00f3n reconoce la capacidad de la Unidad para desarrollar una amplia cartera de actividades asistenciales, docentes e investigadoras relacionadas con la prevenci\u00f3n, el diagn\u00f3stico y el tratamiento de los trastornos del sue\u00f1o en adultos y ni\u00f1os.<\/p>\n<p class=\"\" data-start=\"5982\" data-end=\"6258\">En la Unidad tambi\u00e9n se realizan otras actividades, como gasometr\u00edas arteriales y capnograf\u00edas para analizar los diferentes gases que intervienen en la respiraci\u00f3n. Adem\u00e1s, se llevan a cabo adaptaciones de las distintas terapias respiratorias prescritas cuando es necesario.<\/p>\n<p class=\"\" data-start=\"6260\" data-end=\"6560\">Las enfermedades del sue\u00f1o, especialmente las alteraciones respiratorias como la apnea, son una de las principales razones de consulta en los servicios de neumolog\u00eda. Para tratarlas, la Unidad dispone de los equipos y profesionales sanitarios plenamente capacitados para realizar pruebas complejas.<\/p>\n<h3 class=\"\" data-start=\"6562\" data-end=\"6602\">14 de marzo, D\u00eda Mundial del Sue\u00f1o<\/h3>\n<p class=\"\" data-start=\"6604\" data-end=\"6873\">Hoy, 14 de marzo, es el D\u00eda Mundial del Sue\u00f1o. Este evento, promovido por la World Sleep Society (WCC), se celebra cada a\u00f1o el viernes anterior al equinoccio de primavera con el objetivo de destacar la importancia del sue\u00f1o en la salud y el bienestar de las personas.<\/p>\n<p class=\"\" data-start=\"6875\" data-end=\"7112\">El sue\u00f1o es un proceso biol\u00f3gico complejo que ayuda a las personas a mantenerse saludables. Se caracteriza por cambios en la actividad cerebral, la respiraci\u00f3n, el ritmo card\u00edaco, la temperatura corporal y otras funciones fisiol\u00f3gicas.<\/p>\n<p class=\"\" data-start=\"7114\" data-end=\"7165\"><strong data-start=\"7114\" data-end=\"7163\">Buenos h\u00e1bitos de higiene del sue\u00f1o incluyen:<\/strong><\/p>\n<ul data-start=\"7166\" data-end=\"7647\" data-is-last-node=\"\" data-is-only-node=\"\">\n<li class=\"\" data-start=\"7166\" data-end=\"7226\">\n<p class=\"\" data-start=\"7168\" data-end=\"7226\">Mantener horarios regulares para acostarse y levantarse.<\/p>\n<\/li>\n<li class=\"\" data-start=\"7227\" data-end=\"7277\">\n<p class=\"\" data-start=\"7229\" data-end=\"7277\">Limitar las siestas a un m\u00e1ximo de 45 minutos.<\/p>\n<\/li>\n<li class=\"\" data-start=\"7278\" data-end=\"7445\">\n<p class=\"\" data-start=\"7280\" data-end=\"7445\">Evitar antes de dormir: bebidas excitantes (caf\u00e9, t\u00e9, refrescos, alcohol), tabaco, comidas pesadas, grasas, picantes o con exceso de az\u00facar, y el uso de pantallas.<\/p>\n<\/li>\n<li class=\"\" data-start=\"7446\" data-end=\"7478\">\n<p class=\"\" data-start=\"7448\" data-end=\"7478\">Hacer ejercicio diariamente.<\/p>\n<\/li>\n<li class=\"\" data-start=\"7479\" data-end=\"7647\">\n<p class=\"\" data-start=\"7481\" data-end=\"7647\">Dormir en un entorno saludable: una habitaci\u00f3n destinada solo al descanso, con buenas condiciones de temperatura, luz y ruido, en una cama c\u00f3moda y con ropa adecuada.<\/p>\n<\/li>\n<\/ul>\n","protected":false},"author":21,"featured_media":30994,"menu_order":0,"template":"","meta":{"_acf_changed":false,"inline_featured_image":false},"etiqueta":[],"tipus":[1163],"topic":[],"class_list":["post-31095","noticia","type-noticia","status-publish","has-post-thumbnail","hentry","tipus-actualidad"],"acf":{"autor":"","imatge":false,"textos_destacats":false,"finalitzat":false,"tipus_plantilla":"objectius","template_objectius":{"cont_principal":"","imatge":false,"cont_seguent":{"titol":"","contingut":""},"seccio_llistat":{"titol":"","llistat":false},"objectius":{"titol":"","objectius":false},"documents":false},"documents":false},"yoast_head":"<!-- This site is optimized with the Yoast SEO plugin v27.1.1 - https:\/\/yoast.com\/product\/yoast-seo-wordpress\/ -->\n<title>La Unidad del Sue\u00f1o de los hospitales Trueta y Santa Caterina ha realizado m\u00e1s de 6.526 pruebas desde la apertura de las nuevas instalaciones - Fundaci\u00f3 TIC Salut i Social<\/title>\n<meta name=\"robots\" content=\"index, follow, max-snippet:-1, max-image-preview:large, max-video-preview:-1\" \/>\n<link rel=\"canonical\" href=\"https:\/\/ticsalutsocial.atoom.space\/es\/noticia\/la-unitat-del-son-dels-hospitals-trueta-i-santa-caterina-ha-realitzat-mes-de-6-526-proves-des-de-la-posada-en-marxa-de-les-noves-installacions\/\" \/>\n<meta property=\"og:locale\" content=\"es_ES\" \/>\n<meta property=\"og:type\" content=\"article\" \/>\n<meta property=\"og:title\" content=\"La Unidad del Sue\u00f1o de los hospitales Trueta y Santa Caterina ha realizado m\u00e1s de 6.526 pruebas desde la apertura de las nuevas instalaciones - Fundaci\u00f3 TIC Salut i Social\" \/>\n<meta property=\"og:description\" content=\"La Unidad, adscrita al Servicio de Neumolog\u00eda, se traslad\u00f3 al hospital Santa Caterina en abril de 2023 para disponer de m\u00e1s espacio y recursos para realizar pruebas y estudios relacionados con los trastornos del sue\u00f1o. Hoy, 14 de marzo, se conmemora el D\u00eda Mundial del Sue\u00f1o con el objetivo de destacar la importancia del sue\u00f1o [&hellip;]\" \/>\n<meta property=\"og:url\" content=\"https:\/\/ticsalutsocial.atoom.space\/es\/noticia\/la-unitat-del-son-dels-hospitals-trueta-i-santa-caterina-ha-realitzat-mes-de-6-526-proves-des-de-la-posada-en-marxa-de-les-noves-installacions\/\" \/>\n<meta property=\"og:site_name\" content=\"Fundaci\u00f3 TIC Salut i Social\" \/>\n<meta property=\"article:modified_time\" content=\"2025-05-27T11:04:48+00:00\" \/>\n<meta property=\"og:image\" content=\"https:\/\/ticsalutsocial.atoom.space\/wp-content\/uploads\/2025\/03\/iStock-925426264.jpg\" \/>\n\t<meta property=\"og:image:width\" content=\"2309\" \/>\n\t<meta property=\"og:image:height\" content=\"1299\" \/>\n\t<meta property=\"og:image:type\" content=\"image\/jpeg\" \/>\n<meta name=\"twitter:card\" content=\"summary_large_image\" \/>\n<meta name=\"twitter:label1\" content=\"Tiempo de lectura\" \/>\n\t<meta name=\"twitter:data1\" content=\"7 minutos\" \/>\n<script type=\"application\/ld+json\" class=\"yoast-schema-graph\">{\"@context\":\"https:\/\/schema.org\",\"@graph\":[{\"@type\":\"WebPage\",\"@id\":\"https:\/\/ticsalutsocial.atoom.space\/es\/noticia\/la-unitat-del-son-dels-hospitals-trueta-i-santa-caterina-ha-realitzat-mes-de-6-526-proves-des-de-la-posada-en-marxa-de-les-noves-installacions\/\",\"url\":\"https:\/\/ticsalutsocial.atoom.space\/es\/noticia\/la-unitat-del-son-dels-hospitals-trueta-i-santa-caterina-ha-realitzat-mes-de-6-526-proves-des-de-la-posada-en-marxa-de-les-noves-installacions\/\",\"name\":\"La Unidad del Sue\u00f1o de los hospitales Trueta y Santa Caterina ha realizado m\u00e1s de 6.526 pruebas desde la apertura de las nuevas instalaciones - Fundaci\u00f3 TIC Salut i Social\",\"isPartOf\":{\"@id\":\"https:\/\/ticsalutsocial.atoom.space\/es\/#website\"},\"primaryImageOfPage\":{\"@id\":\"https:\/\/ticsalutsocial.atoom.space\/es\/noticia\/la-unitat-del-son-dels-hospitals-trueta-i-santa-caterina-ha-realitzat-mes-de-6-526-proves-des-de-la-posada-en-marxa-de-les-noves-installacions\/#primaryimage\"},\"image\":{\"@id\":\"https:\/\/ticsalutsocial.atoom.space\/es\/noticia\/la-unitat-del-son-dels-hospitals-trueta-i-santa-caterina-ha-realitzat-mes-de-6-526-proves-des-de-la-posada-en-marxa-de-les-noves-installacions\/#primaryimage\"},\"thumbnailUrl\":\"https:\/\/ticsalutsocial.atoom.space\/wp-content\/uploads\/2025\/03\/iStock-925426264.jpg\",\"datePublished\":\"2025-03-14T07:30:20+00:00\",\"dateModified\":\"2025-05-27T11:04:48+00:00\",\"breadcrumb\":{\"@id\":\"https:\/\/ticsalutsocial.atoom.space\/es\/noticia\/la-unitat-del-son-dels-hospitals-trueta-i-santa-caterina-ha-realitzat-mes-de-6-526-proves-des-de-la-posada-en-marxa-de-les-noves-installacions\/#breadcrumb\"},\"inLanguage\":\"es\",\"potentialAction\":[{\"@type\":\"ReadAction\",\"target\":[\"https:\/\/ticsalutsocial.atoom.space\/es\/noticia\/la-unitat-del-son-dels-hospitals-trueta-i-santa-caterina-ha-realitzat-mes-de-6-526-proves-des-de-la-posada-en-marxa-de-les-noves-installacions\/\"]}]},{\"@type\":\"ImageObject\",\"inLanguage\":\"es\",\"@id\":\"https:\/\/ticsalutsocial.atoom.space\/es\/noticia\/la-unitat-del-son-dels-hospitals-trueta-i-santa-caterina-ha-realitzat-mes-de-6-526-proves-des-de-la-posada-en-marxa-de-les-noves-installacions\/#primaryimage\",\"url\":\"https:\/\/ticsalutsocial.atoom.space\/wp-content\/uploads\/2025\/03\/iStock-925426264.jpg\",\"contentUrl\":\"https:\/\/ticsalutsocial.atoom.space\/wp-content\/uploads\/2025\/03\/iStock-925426264.jpg\",\"width\":2309,\"height\":1299,\"caption\":\"Monitors Show EEG Reading and Graphical Brain Model. In the Background Laboratory Man Wearing Brainwave Scanning Headset Sits in a Chair with Closed Eyes. In the Modern Brain Study Research Laboratory\"},{\"@type\":\"BreadcrumbList\",\"@id\":\"https:\/\/ticsalutsocial.atoom.space\/es\/noticia\/la-unitat-del-son-dels-hospitals-trueta-i-santa-caterina-ha-realitzat-mes-de-6-526-proves-des-de-la-posada-en-marxa-de-les-noves-installacions\/#breadcrumb\",\"itemListElement\":[{\"@type\":\"ListItem\",\"position\":1,\"name\":\"Inici\",\"item\":\"https:\/\/ticsalutsocial.atoom.space\/es\/\"},{\"@type\":\"ListItem\",\"position\":2,\"name\":\"La Unidad del Sue\u00f1o de los hospitales Trueta y Santa Caterina ha realizado m\u00e1s de 6.526 pruebas desde la apertura de las nuevas instalaciones\"}]},{\"@type\":\"WebSite\",\"@id\":\"https:\/\/ticsalutsocial.atoom.space\/es\/#website\",\"url\":\"https:\/\/ticsalutsocial.atoom.space\/es\/\",\"name\":\"Fundaci\u00f3 TIC Salut i Social\",\"description\":\"\",\"potentialAction\":[{\"@type\":\"SearchAction\",\"target\":{\"@type\":\"EntryPoint\",\"urlTemplate\":\"https:\/\/ticsalutsocial.atoom.space\/es\/?s={search_term_string}\"},\"query-input\":{\"@type\":\"PropertyValueSpecification\",\"valueRequired\":true,\"valueName\":\"search_term_string\"}}],\"inLanguage\":\"es\"}]}<\/script>\n<!-- \/ Yoast SEO plugin. -->","yoast_head_json":{"title":"La Unidad del Sue\u00f1o de los hospitales Trueta y Santa Caterina ha realizado m\u00e1s de 6.526 pruebas desde la apertura de las nuevas instalaciones - Fundaci\u00f3 TIC Salut i Social","robots":{"index":"index","follow":"follow","max-snippet":"max-snippet:-1","max-image-preview":"max-image-preview:large","max-video-preview":"max-video-preview:-1"},"canonical":"https:\/\/ticsalutsocial.atoom.space\/es\/noticia\/la-unitat-del-son-dels-hospitals-trueta-i-santa-caterina-ha-realitzat-mes-de-6-526-proves-des-de-la-posada-en-marxa-de-les-noves-installacions\/","og_locale":"es_ES","og_type":"article","og_title":"La Unidad del Sue\u00f1o de los hospitales Trueta y Santa Caterina ha realizado m\u00e1s de 6.526 pruebas desde la apertura de las nuevas instalaciones - Fundaci\u00f3 TIC Salut i Social","og_description":"La Unidad, adscrita al Servicio de Neumolog\u00eda, se traslad\u00f3 al hospital Santa Caterina en abril de 2023 para disponer de m\u00e1s espacio y recursos para realizar pruebas y estudios relacionados con los trastornos del sue\u00f1o. Hoy, 14 de marzo, se conmemora el D\u00eda Mundial del Sue\u00f1o con el objetivo de destacar la importancia del sue\u00f1o [&hellip;]","og_url":"https:\/\/ticsalutsocial.atoom.space\/es\/noticia\/la-unitat-del-son-dels-hospitals-trueta-i-santa-caterina-ha-realitzat-mes-de-6-526-proves-des-de-la-posada-en-marxa-de-les-noves-installacions\/","og_site_name":"Fundaci\u00f3 TIC Salut i Social","article_modified_time":"2025-05-27T11:04:48+00:00","og_image":[{"width":2309,"height":1299,"url":"https:\/\/ticsalutsocial.atoom.space\/wp-content\/uploads\/2025\/03\/iStock-925426264.jpg","type":"image\/jpeg"}],"twitter_card":"summary_large_image","twitter_misc":{"Tiempo de lectura":"7 minutos"},"schema":{"@context":"https:\/\/schema.org","@graph":[{"@type":"WebPage","@id":"https:\/\/ticsalutsocial.atoom.space\/es\/noticia\/la-unitat-del-son-dels-hospitals-trueta-i-santa-caterina-ha-realitzat-mes-de-6-526-proves-des-de-la-posada-en-marxa-de-les-noves-installacions\/","url":"https:\/\/ticsalutsocial.atoom.space\/es\/noticia\/la-unitat-del-son-dels-hospitals-trueta-i-santa-caterina-ha-realitzat-mes-de-6-526-proves-des-de-la-posada-en-marxa-de-les-noves-installacions\/","name":"La Unidad del Sue\u00f1o de los hospitales Trueta y Santa Caterina ha realizado m\u00e1s de 6.526 pruebas desde la apertura de las nuevas instalaciones - Fundaci\u00f3 TIC Salut i Social","isPartOf":{"@id":"https:\/\/ticsalutsocial.atoom.space\/es\/#website"},"primaryImageOfPage":{"@id":"https:\/\/ticsalutsocial.atoom.space\/es\/noticia\/la-unitat-del-son-dels-hospitals-trueta-i-santa-caterina-ha-realitzat-mes-de-6-526-proves-des-de-la-posada-en-marxa-de-les-noves-installacions\/#primaryimage"},"image":{"@id":"https:\/\/ticsalutsocial.atoom.space\/es\/noticia\/la-unitat-del-son-dels-hospitals-trueta-i-santa-caterina-ha-realitzat-mes-de-6-526-proves-des-de-la-posada-en-marxa-de-les-noves-installacions\/#primaryimage"},"thumbnailUrl":"https:\/\/ticsalutsocial.atoom.space\/wp-content\/uploads\/2025\/03\/iStock-925426264.jpg","datePublished":"2025-03-14T07:30:20+00:00","dateModified":"2025-05-27T11:04:48+00:00","breadcrumb":{"@id":"https:\/\/ticsalutsocial.atoom.space\/es\/noticia\/la-unitat-del-son-dels-hospitals-trueta-i-santa-caterina-ha-realitzat-mes-de-6-526-proves-des-de-la-posada-en-marxa-de-les-noves-installacions\/#breadcrumb"},"inLanguage":"es","potentialAction":[{"@type":"ReadAction","target":["https:\/\/ticsalutsocial.atoom.space\/es\/noticia\/la-unitat-del-son-dels-hospitals-trueta-i-santa-caterina-ha-realitzat-mes-de-6-526-proves-des-de-la-posada-en-marxa-de-les-noves-installacions\/"]}]},{"@type":"ImageObject","inLanguage":"es","@id":"https:\/\/ticsalutsocial.atoom.space\/es\/noticia\/la-unitat-del-son-dels-hospitals-trueta-i-santa-caterina-ha-realitzat-mes-de-6-526-proves-des-de-la-posada-en-marxa-de-les-noves-installacions\/#primaryimage","url":"https:\/\/ticsalutsocial.atoom.space\/wp-content\/uploads\/2025\/03\/iStock-925426264.jpg","contentUrl":"https:\/\/ticsalutsocial.atoom.space\/wp-content\/uploads\/2025\/03\/iStock-925426264.jpg","width":2309,"height":1299,"caption":"Monitors Show EEG Reading and Graphical Brain Model. In the Background Laboratory Man Wearing Brainwave Scanning Headset Sits in a Chair with Closed Eyes. In the Modern Brain Study Research Laboratory"},{"@type":"BreadcrumbList","@id":"https:\/\/ticsalutsocial.atoom.space\/es\/noticia\/la-unitat-del-son-dels-hospitals-trueta-i-santa-caterina-ha-realitzat-mes-de-6-526-proves-des-de-la-posada-en-marxa-de-les-noves-installacions\/#breadcrumb","itemListElement":[{"@type":"ListItem","position":1,"name":"Inici","item":"https:\/\/ticsalutsocial.atoom.space\/es\/"},{"@type":"ListItem","position":2,"name":"La Unidad del Sue\u00f1o de los hospitales Trueta y Santa Caterina ha realizado m\u00e1s de 6.526 pruebas desde la apertura de las nuevas instalaciones"}]},{"@type":"WebSite","@id":"https:\/\/ticsalutsocial.atoom.space\/es\/#website","url":"https:\/\/ticsalutsocial.atoom.space\/es\/","name":"Fundaci\u00f3 TIC Salut i Social","description":"","potentialAction":[{"@type":"SearchAction","target":{"@type":"EntryPoint","urlTemplate":"https:\/\/ticsalutsocial.atoom.space\/es\/?s={search_term_string}"},"query-input":{"@type":"PropertyValueSpecification","valueRequired":true,"valueName":"search_term_string"}}],"inLanguage":"es"}]}},"_links":{"self":[{"href":"https:\/\/ticsalutsocial.atoom.space\/es\/wp-json\/wp\/v2\/noticia\/31095","targetHints":{"allow":["GET"]}}],"collection":[{"href":"https:\/\/ticsalutsocial.atoom.space\/es\/wp-json\/wp\/v2\/noticia"}],"about":[{"href":"https:\/\/ticsalutsocial.atoom.space\/es\/wp-json\/wp\/v2\/types\/noticia"}],"author":[{"embeddable":true,"href":"https:\/\/ticsalutsocial.atoom.space\/es\/wp-json\/wp\/v2\/users\/21"}],"wp:featuredmedia":[{"embeddable":true,"href":"https:\/\/ticsalutsocial.atoom.space\/es\/wp-json\/wp\/v2\/media\/30994"}],"wp:attachment":[{"href":"https:\/\/ticsalutsocial.atoom.space\/es\/wp-json\/wp\/v2\/media?parent=31095"}],"wp:term":[{"taxonomy":"etiqueta","embeddable":true,"href":"https:\/\/ticsalutsocial.atoom.space\/es\/wp-json\/wp\/v2\/etiqueta?post=31095"},{"taxonomy":"tipus","embeddable":true,"href":"https:\/\/ticsalutsocial.atoom.space\/es\/wp-json\/wp\/v2\/tipus?post=31095"},{"taxonomy":"topic","embeddable":true,"href":"https:\/\/ticsalutsocial.atoom.space\/es\/wp-json\/wp\/v2\/topic?post=31095"}],"curies":[{"name":"wp","href":"https:\/\/api.w.org\/{rel}","templated":true}]}}