
{"id":31203,"date":"2025-04-07T12:50:22","date_gmt":"2025-04-07T10:50:22","guid":{"rendered":"https:\/\/ticsalutsocial.atoom.space\/noticia\/i2x-un-format-comu-de-la-historia-clinica-electronica-per-a-una-millor-salut-a-europa\/"},"modified":"2025-04-07T12:52:28","modified_gmt":"2025-04-07T10:52:28","slug":"i2x-un-format-comu-de-la-historia-clinica-electronica-per-a-una-millor-salut-a-europa","status":"publish","type":"noticia","link":"https:\/\/ticsalutsocial.atoom.space\/es\/noticia\/i2x-un-format-comu-de-la-historia-clinica-electronica-per-a-una-millor-salut-a-europa\/","title":{"rendered":"i2X: Un formato com\u00fan de Historia Cl\u00ednica Electr\u00f3nica para una mejor sanidad en Europa"},"content":{"rendered":"<p><span data-contrast=\"auto\">El proyecto i2X <\/span><span data-contrast=\"none\">&#8211;<\/span><i><span data-contrast=\"none\">Intelligent Implementations of the European Electronic Health Record Exchange Format<\/span><\/i><span data-contrast=\"none\"> (EEHRxF<\/span><span data-contrast=\"none\">)- <\/span><span data-contrast=\"auto\">financiado por el Programa <\/span><i><span data-contrast=\"auto\">Digital Europe<\/span><\/i><span data-contrast=\"auto\">, inici\u00f3 el pasado 1 de abril. Coordinado por Henrique Martins, ex presidente de la Red de eHealth, y el equipo de UpHill, i2X es una iniciativa que contribuye a los objetivos del Programa <\/span><i><span data-contrast=\"auto\">Digital Europe<\/span><\/i><span data-contrast=\"auto\">, se alinea con la estrategia del Mercado \u00danico Digital y apoya las ambiciones de la D\u00e9cada Digital 2030.<\/span><span data-ccp-props=\"{&quot;134233117&quot;:true,&quot;134233118&quot;:true,&quot;201341983&quot;:0,&quot;335559685&quot;:1440,&quot;335559739&quot;:0,&quot;335559740&quot;:240}\">\u00a0<\/span><\/p>\n<p><span data-contrast=\"auto\">Uno de los pilares de este proyecto es el Formato Europeo de Intercambio de Historias Cl\u00ednicas Electr\u00f3nicas (del ingl\u00e9s EEHRxF) o tambi\u00e9n conocido como Formato-X, un elemento clave de la recientemente aprobada regulaci\u00f3n de la <\/span><i><span data-contrast=\"auto\">European Health Data Space<\/span><\/i><span data-contrast=\"auto\">. Este formato es importante para el uso primario de datos de salud (apoyo a la atenci\u00f3n sanitaria individualizada) y tambi\u00e9n para el uso secundario (pol\u00edticas, investigaci\u00f3n, innovaci\u00f3n). i2X pretende demostrar c\u00f3mo la implementaci\u00f3n del EEHRxF, apoyada por soluciones TIC que mejoren la experiencia del usuario, puede impulsar un cambio real en los sistemas sanitarios europeos en t\u00e9rminos colaborativos y transfronterizos.<\/span><span data-ccp-props=\"{&quot;134233117&quot;:true,&quot;134233118&quot;:true,&quot;201341983&quot;:0,&quot;335559685&quot;:1440,&quot;335559739&quot;:0,&quot;335559740&quot;:240}\">\u00a0<\/span><\/p>\n<p><span data-contrast=\"auto\">El objetivo principal del proyecto es demostrar una adopci\u00f3n sostenible y real del Formato X en las cinco categor\u00edas prioritarias de datos y a trav\u00e9s de m\u00e1s de 35 hospitales distribuidos entre 10 Estados miembros de la UE. Estos hospitales testearan c\u00f3mo el EEHRxF mejora las rutas asistenciales y fomenta la eficiencia y la equidad de los sistemas sanitarios. El proyecto generar\u00e1 conocimiento pr\u00e1ctico y establecer\u00e1 una gu\u00eda para ayudar a acelerar la adopci\u00f3n del Formato en toda Europa promoviendo la alineaci\u00f3n de los est\u00e1ndares de interoperabilidad de la UE (OpenEHR) entre las organizaciones de los sistemas de atenci\u00f3n sanitaria.<\/span><span data-ccp-props=\"{&quot;134233117&quot;:true,&quot;134233118&quot;:true,&quot;201341983&quot;:0,&quot;335559685&quot;:1440,&quot;335559739&quot;:0,&quot;335559740&quot;:240}\">\u00a0<\/span><\/p>\n<p><span data-contrast=\"auto\">Para ello despliega herramientas digitales avanzadas que faciliten el trabajo diario de los profesionales, proporcionando evidencias, recomendaciones de pol\u00edticas y orientaci\u00f3n t\u00e9cnica. Lo que supone una oportunidad para expandir esta adopci\u00f3n tecnol\u00f3gica.<\/span><span data-ccp-props=\"{&quot;134233117&quot;:true,&quot;134233118&quot;:true,&quot;201341983&quot;:0,&quot;335559685&quot;:1440,&quot;335559739&quot;:0,&quot;335559740&quot;:240}\">\u00a0<\/span><\/p>\n<p><span data-contrast=\"auto\">Algunos de los retos abordados por i2X son las brechas de interoperabilidad y la resistencia a la transici\u00f3n digital. Por ello, el proyecto se centra en demostrar los beneficios reales para los pacientes y ciudadanos, mejorar la eficiencia del sistema, reducir costos y proporcionar recomendaciones pr\u00e1cticas para una implementaci\u00f3n exitosa del EEHRxF.<\/span><span data-ccp-props=\"{&quot;134233117&quot;:true,&quot;134233118&quot;:true,&quot;201341983&quot;:0,&quot;335559685&quot;:1440,&quot;335559739&quot;:0,&quot;335559740&quot;:240}\">\u00a0<\/span><\/p>\n<p><span data-contrast=\"auto\">El proyecto supone la continuidad en la implementaci\u00f3n de soluciones innovadoras de los servicios MyHealth@EU. Se basa en resultados previos de iniciativas paralelas en la UE como los proyectos Xt-EHR, XpanDH y xShare.<\/span><span data-ccp-props=\"{&quot;134233117&quot;:true,&quot;134233118&quot;:true,&quot;201341983&quot;:0,&quot;335559685&quot;:1440,&quot;335559739&quot;:0,&quot;335559740&quot;:240}\">\u00a0<\/span><\/p>\n<p><b><span data-contrast=\"auto\">Valor compartido y resultados esperados<\/span><\/b><span data-ccp-props=\"{&quot;134233117&quot;:true,&quot;134233118&quot;:true,&quot;201341983&quot;:0,&quot;335559685&quot;:1440,&quot;335559739&quot;:0,&quot;335559740&quot;:240}\">\u00a0<\/span><\/p>\n<p><span data-contrast=\"auto\">En este sentido, i2X representa el compromiso por mejorar la experiencia de los profesionales y de los pacientes y generar sinergias entre la industria e instituciones p\u00fablicas ofreciendo un espacio seguro y estructurado para la adopci\u00f3n de innovaci\u00f3n en entornos cl\u00ednicos.\u00a0<\/span><span data-ccp-props=\"{&quot;134233117&quot;:true,&quot;134233118&quot;:true,&quot;201341983&quot;:0,&quot;335559685&quot;:1440,&quot;335559739&quot;:0,&quot;335559740&quot;:240}\">\u00a0<\/span><\/p>\n<p><span data-contrast=\"auto\">El consorcio de este proyecto est\u00e1 integrado por 12 Estados miembros de la UE, incluyendo B\u00e9lgica, Chipre, Rep\u00fablica Checa, Finlandia, Francia, Alemania, Grecia, Irlanda, Italia, Portugal y Espa\u00f1a. En representaci\u00f3n de este \u00faltimo, el <\/span><i><span data-contrast=\"auto\">Sistema de Salut de Catalunya<\/span><\/i><span data-contrast=\"auto\"> aporta su conocimiento y experiencia a trav\u00e9s de la <\/span><i><span data-contrast=\"auto\">Fundaci\u00f3 TIC Salut Social<\/span><\/i><span data-contrast=\"auto\"> e iSalus, empresa con el rol de partner tecnol\u00f3gico para facilitar la implementaci\u00f3n en Espa\u00f1a. De este modo TIC Salut social facilitar\u00e1 el despliegue a trav\u00e9s 3 hospitales p\u00fablicos y 2 centros sanitarios privados.\u00a0<\/span><span data-ccp-props=\"{&quot;134233117&quot;:true,&quot;134233118&quot;:true,&quot;201341983&quot;:0,&quot;335559685&quot;:1440,&quot;335559739&quot;:0,&quot;335559740&quot;:240}\">\u00a0<\/span><\/p>\n<p><span data-contrast=\"auto\">En suma, se espera que alrededor de 1,200 profesionales sanitarios formen parte de este proceso vinculado a i2X y que cerca de 3 millones de ciudadanos europeos se beneficien de manera directa de sus resultados.\u00a0\u00a0<\/span><span data-ccp-props=\"{&quot;134233117&quot;:true,&quot;134233118&quot;:true,&quot;201341983&quot;:0,&quot;335559685&quot;:1440,&quot;335559739&quot;:0,&quot;335559740&quot;:240}\">\u00a0<\/span><\/p>\n<p><span data-contrast=\"auto\">El impacto esperado es de un 80% de mejora en la disponibilidad de datos de salud electr\u00f3nicos, estructurados y de alta calidad, tanto a nivel nacional como transfronterizo. Se estima un aumento del 75% en el acceso y portabilidad de los pacientes a sus datos de salud. Por ello, i2X representa un paso adelante hacia una salud digital unificada en Europa, donde los datos de salud estructurados e interoperables empoderan a los pacientes, apoyan a los profesionales y mejoran los resultados de salud para todos.<\/span><span data-ccp-props=\"{&quot;134233117&quot;:true,&quot;134233118&quot;:true,&quot;201341983&quot;:0,&quot;335559685&quot;:1440,&quot;335559739&quot;:0,&quot;335559740&quot;:240}\">\u00a0<\/span><\/p>\n","protected":false},"author":21,"featured_media":28064,"menu_order":0,"template":"","meta":{"_acf_changed":false,"inline_featured_image":false},"etiqueta":[],"tipus":[725],"topic":[127],"class_list":["post-31203","noticia","type-noticia","status-publish","has-post-thumbnail","hentry","tipus-proyectos","topic-proyectos"],"acf":{"autor":"","imatge":false,"textos_destacats":false,"documents":false,"finalitzat":false,"tipus_plantilla":"objectius","template_objectius":{"cont_principal":"","imatge":false,"cont_seguent":{"titol":"","contingut":""},"seccio_llistat":{"titol":"","llistat":false},"objectius":{"titol":"","objectius":false},"documents":false}},"yoast_head":"<!-- This site is optimized with the Yoast SEO plugin v27.1.1 - https:\/\/yoast.com\/product\/yoast-seo-wordpress\/ -->\n<title>i2X: Un formato com\u00fan de Historia Cl\u00ednica Electr\u00f3nica para una mejor sanidad en Europa - Fundaci\u00f3 TIC Salut i Social<\/title>\n<meta name=\"robots\" content=\"index, follow, max-snippet:-1, max-image-preview:large, max-video-preview:-1\" \/>\n<link rel=\"canonical\" href=\"https:\/\/ticsalutsocial.atoom.space\/es\/noticia\/i2x-un-format-comu-de-la-historia-clinica-electronica-per-a-una-millor-salut-a-europa\/\" \/>\n<meta property=\"og:locale\" content=\"es_ES\" \/>\n<meta property=\"og:type\" content=\"article\" \/>\n<meta property=\"og:title\" content=\"i2X: Un formato com\u00fan de Historia Cl\u00ednica Electr\u00f3nica para una mejor sanidad en Europa - Fundaci\u00f3 TIC Salut i Social\" \/>\n<meta property=\"og:description\" content=\"El proyecto i2X &#8211;Intelligent Implementations of the European Electronic Health Record Exchange Format (EEHRxF)- financiado por el Programa Digital Europe, inici\u00f3 el pasado 1 de abril. Coordinado por Henrique Martins, ex presidente de la Red de eHealth, y el equipo de UpHill, i2X es una iniciativa que contribuye a los objetivos del Programa Digital Europe, [&hellip;]\" \/>\n<meta property=\"og:url\" content=\"https:\/\/ticsalutsocial.atoom.space\/es\/noticia\/i2x-un-format-comu-de-la-historia-clinica-electronica-per-a-una-millor-salut-a-europa\/\" \/>\n<meta property=\"og:site_name\" content=\"Fundaci\u00f3 TIC Salut i Social\" \/>\n<meta property=\"article:modified_time\" content=\"2025-04-07T10:52:28+00:00\" \/>\n<meta property=\"og:image\" content=\"https:\/\/ticsalutsocial.atoom.space\/wp-content\/uploads\/2024\/07\/mapa-competencies-digitals-per-a-professionals-de-la-salut.png\" \/>\n\t<meta property=\"og:image:width\" content=\"1280\" \/>\n\t<meta property=\"og:image:height\" content=\"960\" \/>\n\t<meta property=\"og:image:type\" content=\"image\/png\" \/>\n<meta name=\"twitter:card\" content=\"summary_large_image\" \/>\n<meta name=\"twitter:label1\" content=\"Tiempo de lectura\" \/>\n\t<meta name=\"twitter:data1\" content=\"4 minutos\" \/>\n<script type=\"application\/ld+json\" class=\"yoast-schema-graph\">{\"@context\":\"https:\/\/schema.org\",\"@graph\":[{\"@type\":\"WebPage\",\"@id\":\"https:\/\/ticsalutsocial.atoom.space\/es\/noticia\/i2x-un-format-comu-de-la-historia-clinica-electronica-per-a-una-millor-salut-a-europa\/\",\"url\":\"https:\/\/ticsalutsocial.atoom.space\/es\/noticia\/i2x-un-format-comu-de-la-historia-clinica-electronica-per-a-una-millor-salut-a-europa\/\",\"name\":\"i2X: Un formato com\u00fan de Historia Cl\u00ednica Electr\u00f3nica para una mejor sanidad en Europa - Fundaci\u00f3 TIC Salut i Social\",\"isPartOf\":{\"@id\":\"https:\/\/ticsalutsocial.atoom.space\/es\/#website\"},\"primaryImageOfPage\":{\"@id\":\"https:\/\/ticsalutsocial.atoom.space\/es\/noticia\/i2x-un-format-comu-de-la-historia-clinica-electronica-per-a-una-millor-salut-a-europa\/#primaryimage\"},\"image\":{\"@id\":\"https:\/\/ticsalutsocial.atoom.space\/es\/noticia\/i2x-un-format-comu-de-la-historia-clinica-electronica-per-a-una-millor-salut-a-europa\/#primaryimage\"},\"thumbnailUrl\":\"https:\/\/ticsalutsocial.atoom.space\/wp-content\/uploads\/2024\/07\/mapa-competencies-digitals-per-a-professionals-de-la-salut.png\",\"datePublished\":\"2025-04-07T10:50:22+00:00\",\"dateModified\":\"2025-04-07T10:52:28+00:00\",\"breadcrumb\":{\"@id\":\"https:\/\/ticsalutsocial.atoom.space\/es\/noticia\/i2x-un-format-comu-de-la-historia-clinica-electronica-per-a-una-millor-salut-a-europa\/#breadcrumb\"},\"inLanguage\":\"es\",\"potentialAction\":[{\"@type\":\"ReadAction\",\"target\":[\"https:\/\/ticsalutsocial.atoom.space\/es\/noticia\/i2x-un-format-comu-de-la-historia-clinica-electronica-per-a-una-millor-salut-a-europa\/\"]}]},{\"@type\":\"ImageObject\",\"inLanguage\":\"es\",\"@id\":\"https:\/\/ticsalutsocial.atoom.space\/es\/noticia\/i2x-un-format-comu-de-la-historia-clinica-electronica-per-a-una-millor-salut-a-europa\/#primaryimage\",\"url\":\"https:\/\/ticsalutsocial.atoom.space\/wp-content\/uploads\/2024\/07\/mapa-competencies-digitals-per-a-professionals-de-la-salut.png\",\"contentUrl\":\"https:\/\/ticsalutsocial.atoom.space\/wp-content\/uploads\/2024\/07\/mapa-competencies-digitals-per-a-professionals-de-la-salut.png\",\"width\":1280,\"height\":960,\"caption\":\"mapa compete\u0300ncies digitals per a professionals de la salut\"},{\"@type\":\"BreadcrumbList\",\"@id\":\"https:\/\/ticsalutsocial.atoom.space\/es\/noticia\/i2x-un-format-comu-de-la-historia-clinica-electronica-per-a-una-millor-salut-a-europa\/#breadcrumb\",\"itemListElement\":[{\"@type\":\"ListItem\",\"position\":1,\"name\":\"Inici\",\"item\":\"https:\/\/ticsalutsocial.atoom.space\/es\/\"},{\"@type\":\"ListItem\",\"position\":2,\"name\":\"i2X: Un formato com\u00fan de Historia Cl\u00ednica Electr\u00f3nica para una mejor sanidad en Europa\"}]},{\"@type\":\"WebSite\",\"@id\":\"https:\/\/ticsalutsocial.atoom.space\/es\/#website\",\"url\":\"https:\/\/ticsalutsocial.atoom.space\/es\/\",\"name\":\"Fundaci\u00f3 TIC Salut i Social\",\"description\":\"\",\"potentialAction\":[{\"@type\":\"SearchAction\",\"target\":{\"@type\":\"EntryPoint\",\"urlTemplate\":\"https:\/\/ticsalutsocial.atoom.space\/es\/?s={search_term_string}\"},\"query-input\":{\"@type\":\"PropertyValueSpecification\",\"valueRequired\":true,\"valueName\":\"search_term_string\"}}],\"inLanguage\":\"es\"}]}<\/script>\n<!-- \/ Yoast SEO plugin. -->","yoast_head_json":{"title":"i2X: Un formato com\u00fan de Historia Cl\u00ednica Electr\u00f3nica para una mejor sanidad en Europa - Fundaci\u00f3 TIC Salut i Social","robots":{"index":"index","follow":"follow","max-snippet":"max-snippet:-1","max-image-preview":"max-image-preview:large","max-video-preview":"max-video-preview:-1"},"canonical":"https:\/\/ticsalutsocial.atoom.space\/es\/noticia\/i2x-un-format-comu-de-la-historia-clinica-electronica-per-a-una-millor-salut-a-europa\/","og_locale":"es_ES","og_type":"article","og_title":"i2X: Un formato com\u00fan de Historia Cl\u00ednica Electr\u00f3nica para una mejor sanidad en Europa - Fundaci\u00f3 TIC Salut i Social","og_description":"El proyecto i2X &#8211;Intelligent Implementations of the European Electronic Health Record Exchange Format (EEHRxF)- financiado por el Programa Digital Europe, inici\u00f3 el pasado 1 de abril. Coordinado por Henrique Martins, ex presidente de la Red de eHealth, y el equipo de UpHill, i2X es una iniciativa que contribuye a los objetivos del Programa Digital Europe, [&hellip;]","og_url":"https:\/\/ticsalutsocial.atoom.space\/es\/noticia\/i2x-un-format-comu-de-la-historia-clinica-electronica-per-a-una-millor-salut-a-europa\/","og_site_name":"Fundaci\u00f3 TIC Salut i Social","article_modified_time":"2025-04-07T10:52:28+00:00","og_image":[{"width":1280,"height":960,"url":"https:\/\/ticsalutsocial.atoom.space\/wp-content\/uploads\/2024\/07\/mapa-competencies-digitals-per-a-professionals-de-la-salut.png","type":"image\/png"}],"twitter_card":"summary_large_image","twitter_misc":{"Tiempo de lectura":"4 minutos"},"schema":{"@context":"https:\/\/schema.org","@graph":[{"@type":"WebPage","@id":"https:\/\/ticsalutsocial.atoom.space\/es\/noticia\/i2x-un-format-comu-de-la-historia-clinica-electronica-per-a-una-millor-salut-a-europa\/","url":"https:\/\/ticsalutsocial.atoom.space\/es\/noticia\/i2x-un-format-comu-de-la-historia-clinica-electronica-per-a-una-millor-salut-a-europa\/","name":"i2X: Un formato com\u00fan de Historia Cl\u00ednica Electr\u00f3nica para una mejor sanidad en Europa - Fundaci\u00f3 TIC Salut i Social","isPartOf":{"@id":"https:\/\/ticsalutsocial.atoom.space\/es\/#website"},"primaryImageOfPage":{"@id":"https:\/\/ticsalutsocial.atoom.space\/es\/noticia\/i2x-un-format-comu-de-la-historia-clinica-electronica-per-a-una-millor-salut-a-europa\/#primaryimage"},"image":{"@id":"https:\/\/ticsalutsocial.atoom.space\/es\/noticia\/i2x-un-format-comu-de-la-historia-clinica-electronica-per-a-una-millor-salut-a-europa\/#primaryimage"},"thumbnailUrl":"https:\/\/ticsalutsocial.atoom.space\/wp-content\/uploads\/2024\/07\/mapa-competencies-digitals-per-a-professionals-de-la-salut.png","datePublished":"2025-04-07T10:50:22+00:00","dateModified":"2025-04-07T10:52:28+00:00","breadcrumb":{"@id":"https:\/\/ticsalutsocial.atoom.space\/es\/noticia\/i2x-un-format-comu-de-la-historia-clinica-electronica-per-a-una-millor-salut-a-europa\/#breadcrumb"},"inLanguage":"es","potentialAction":[{"@type":"ReadAction","target":["https:\/\/ticsalutsocial.atoom.space\/es\/noticia\/i2x-un-format-comu-de-la-historia-clinica-electronica-per-a-una-millor-salut-a-europa\/"]}]},{"@type":"ImageObject","inLanguage":"es","@id":"https:\/\/ticsalutsocial.atoom.space\/es\/noticia\/i2x-un-format-comu-de-la-historia-clinica-electronica-per-a-una-millor-salut-a-europa\/#primaryimage","url":"https:\/\/ticsalutsocial.atoom.space\/wp-content\/uploads\/2024\/07\/mapa-competencies-digitals-per-a-professionals-de-la-salut.png","contentUrl":"https:\/\/ticsalutsocial.atoom.space\/wp-content\/uploads\/2024\/07\/mapa-competencies-digitals-per-a-professionals-de-la-salut.png","width":1280,"height":960,"caption":"mapa compete\u0300ncies digitals per a professionals de la salut"},{"@type":"BreadcrumbList","@id":"https:\/\/ticsalutsocial.atoom.space\/es\/noticia\/i2x-un-format-comu-de-la-historia-clinica-electronica-per-a-una-millor-salut-a-europa\/#breadcrumb","itemListElement":[{"@type":"ListItem","position":1,"name":"Inici","item":"https:\/\/ticsalutsocial.atoom.space\/es\/"},{"@type":"ListItem","position":2,"name":"i2X: Un formato com\u00fan de Historia Cl\u00ednica Electr\u00f3nica para una mejor sanidad en Europa"}]},{"@type":"WebSite","@id":"https:\/\/ticsalutsocial.atoom.space\/es\/#website","url":"https:\/\/ticsalutsocial.atoom.space\/es\/","name":"Fundaci\u00f3 TIC Salut i Social","description":"","potentialAction":[{"@type":"SearchAction","target":{"@type":"EntryPoint","urlTemplate":"https:\/\/ticsalutsocial.atoom.space\/es\/?s={search_term_string}"},"query-input":{"@type":"PropertyValueSpecification","valueRequired":true,"valueName":"search_term_string"}}],"inLanguage":"es"}]}},"_links":{"self":[{"href":"https:\/\/ticsalutsocial.atoom.space\/es\/wp-json\/wp\/v2\/noticia\/31203","targetHints":{"allow":["GET"]}}],"collection":[{"href":"https:\/\/ticsalutsocial.atoom.space\/es\/wp-json\/wp\/v2\/noticia"}],"about":[{"href":"https:\/\/ticsalutsocial.atoom.space\/es\/wp-json\/wp\/v2\/types\/noticia"}],"author":[{"embeddable":true,"href":"https:\/\/ticsalutsocial.atoom.space\/es\/wp-json\/wp\/v2\/users\/21"}],"wp:featuredmedia":[{"embeddable":true,"href":"https:\/\/ticsalutsocial.atoom.space\/es\/wp-json\/wp\/v2\/media\/28064"}],"wp:attachment":[{"href":"https:\/\/ticsalutsocial.atoom.space\/es\/wp-json\/wp\/v2\/media?parent=31203"}],"wp:term":[{"taxonomy":"etiqueta","embeddable":true,"href":"https:\/\/ticsalutsocial.atoom.space\/es\/wp-json\/wp\/v2\/etiqueta?post=31203"},{"taxonomy":"tipus","embeddable":true,"href":"https:\/\/ticsalutsocial.atoom.space\/es\/wp-json\/wp\/v2\/tipus?post=31203"},{"taxonomy":"topic","embeddable":true,"href":"https:\/\/ticsalutsocial.atoom.space\/es\/wp-json\/wp\/v2\/topic?post=31203"}],"curies":[{"name":"wp","href":"https:\/\/api.w.org\/{rel}","templated":true}]}}