
{"id":31727,"date":"2025-04-14T11:25:29","date_gmt":"2025-04-14T09:25:29","guid":{"rendered":"https:\/\/ticsalutsocial.atoom.space\/noticia\/catalunya-impulsa-la-robotica-assistencial-i-la-sensoritzacio-amb-noves-subvencions-del-programa-salut-digital-intelligent\/"},"modified":"2025-05-27T13:10:50","modified_gmt":"2025-05-27T11:10:50","slug":"catalunya-impulsa-la-robotica-assistencial-i-la-sensoritzacio-amb-noves-subvencions-del-programa-salut-digital-intelligent","status":"publish","type":"noticia","link":"https:\/\/ticsalutsocial.atoom.space\/es\/noticia\/catalunya-impulsa-la-robotica-assistencial-i-la-sensoritzacio-amb-noves-subvencions-del-programa-salut-digital-intelligent\/","title":{"rendered":"Catalu\u00f1a impulsa la rob\u00f3tica asistencial y la sensorizaci\u00f3n con nuevas subvenciones del programa Salud Digital Inteligente"},"content":{"rendered":"\r\n<p class=\"\" data-start=\"174\" data-end=\"845\">La Generalitat apuesta por mejorar la calidad de vida de las personas mayores y dependientes mediante nuevas tecnolog\u00edas como la rob\u00f3tica y la sensorizaci\u00f3n. El Departamento de Empresa y Trabajo ha publicado la <strong data-start=\"385\" data-end=\"406\">Orden EMT\/45\/2025<\/strong>, por la que se aprueban las bases reguladoras que regir\u00e1n la convocatoria de subvenciones destinadas a proyectos de <strong data-start=\"523\" data-end=\"547\">rob\u00f3tica asistencial<\/strong> y <strong data-start=\"550\" data-end=\"567\">sensorizaci\u00f3n<\/strong>, en el marco del subproyecto <strong data-start=\"597\" data-end=\"626\">Salud Digital Inteligente<\/strong> del programa <strong data-start=\"640\" data-end=\"650\">RETECH<\/strong>, una iniciativa estatal para impulsar la digitalizaci\u00f3n con fondos europeos, enmarcada en el Plan de Recuperaci\u00f3n, Transformaci\u00f3n y Resiliencia (PRTR) y financiada con fondos Next Generation EU.<\/p>\r\n<p class=\"\" data-start=\"847\" data-end=\"1088\">Estas subvenciones est\u00e1n dirigidas a empresas, centros tecnol\u00f3gicos y entidades del \u00e1mbito sanitario y social que quieran desarrollar soluciones innovadoras para el cuidado de personas mayores, con discapacidad o en situaci\u00f3n de dependencia.<\/p>\r\n<p class=\"\" data-start=\"1090\" data-end=\"1485\">Las ayudas se articulan en <strong data-start=\"1117\" data-end=\"1144\">dos l\u00edneas de actuaci\u00f3n<\/strong> \u2014una centrada en proyectos de rob\u00f3tica asistencial y otra en proyectos de sensorizaci\u00f3n\u2014 y tienen como objetivo promover la integraci\u00f3n de tecnolog\u00edas avanzadas, como la inteligencia artificial y la recogida de datos ex\u00f3genos, para mejorar la calidad de vida de las personas, especialmente aquellas en situaci\u00f3n de dependencia o fragilidad.<\/p>\r\n<p class=\"\" data-start=\"1487\" data-end=\"2053\">El proyecto <strong data-start=\"1499\" data-end=\"1528\">Salud Digital Inteligente<\/strong>, liderado por la Generalitat de Catalu\u00f1a con la colaboraci\u00f3n de las Islas Baleares y la Comunidad Valenciana, forma parte de los <strong data-start=\"1658\" data-end=\"1687\">13 proyectos estrat\u00e9gicos<\/strong> seleccionados por el programa estatal RETECH. Este proyecto ha recibido una financiaci\u00f3n de <strong data-start=\"1780\" data-end=\"1806\">16,6 millones de euros<\/strong> para desplegar una red pionera en el \u00e1mbito de la salud digital, de los cuales <strong data-start=\"1886\" data-end=\"1912\">3,75 millones de euros<\/strong> se han destinado espec\u00edficamente a la Secretar\u00eda de Pol\u00edticas Digitales del Departamento de Empresa y Trabajo para su ejecuci\u00f3n en Catalu\u00f1a.<\/p>\r\n<p class=\"\" data-start=\"2055\" data-end=\"2205\">Con esta convocatoria, Catalu\u00f1a quiere marcar un antes y un despu\u00e9s en la atenci\u00f3n a las personas. A trav\u00e9s de estas l\u00edneas de subvenci\u00f3n se pretende:<\/p>\r\n<ul data-start=\"2207\" data-end=\"2699\">\r\n<li class=\"\" data-start=\"2207\" data-end=\"2351\">\r\n<p class=\"\" data-start=\"2209\" data-end=\"2351\"><strong data-start=\"2209\" data-end=\"2267\">Fomentar la vida independiente de las personas mayores<\/strong>, mediante soluciones rob\u00f3ticas que proporcionen asistencia y apoyo personalizado.<\/p>\r\n<\/li>\r\n<li class=\"\" data-start=\"2352\" data-end=\"2515\">\r\n<p class=\"\" data-start=\"2354\" data-end=\"2515\"><strong data-start=\"2354\" data-end=\"2402\">Optimizar los recursos del sistema sanitario<\/strong> y promover la eficiencia, generando oportunidades para el ecosistema tecnol\u00f3gico y empresarial del territorio.<\/p>\r\n<\/li>\r\n<li class=\"\" data-start=\"2516\" data-end=\"2699\">\r\n<p class=\"\" data-start=\"2518\" data-end=\"2699\"><strong data-start=\"2518\" data-end=\"2564\">Desarrollar un entorno de innovaci\u00f3n local<\/strong> para la creaci\u00f3n y despliegue de rob\u00f3tica asistencial y sistemas de sensorizaci\u00f3n con aplicaciones reales en el \u00e1mbito sociosanitario.<\/p>\r\n<\/li>\r\n<\/ul>\r\n<p class=\"\" data-start=\"2701\" data-end=\"3050\">Estas actuaciones contribuyen en un <strong data-start=\"2737\" data-end=\"2769\">100% a la transici\u00f3n digital<\/strong>, de acuerdo con los objetivos del Plan de Recuperaci\u00f3n europeo y con los hitos establecidos en la Estrategia Nacional de Inteligencia Artificial. La salud digital se convierte as\u00ed en un vector transformador para afrontar los retos sociales, demogr\u00e1ficos y tecnol\u00f3gicos del futuro.<\/p>\r\n<p class=\"\" data-start=\"3052\" data-end=\"3366\">Desde la <strong data-start=\"3061\" data-end=\"3091\">Fundaci\u00f3n TIC Salut Social<\/strong>, celebramos el impulso de esta convocatoria, que refuerza el compromiso con una atenci\u00f3n m\u00e1s personalizada, predictiva y proactiva, en l\u00ednea con nuestro objetivo de digitalizar el sistema de salud y servicios sociales en Catalu\u00f1a, poniendo siempre a la persona en el centro.<\/p>\r\n<p class=\"\" data-start=\"3368\" data-end=\"3647\">Las empresas y entidades interesadas ya pueden consultar toda la informaci\u00f3n oficial en el <strong data-start=\"3459\" data-end=\"3508\">Diario Oficial de la Generalitat de Catalunya<\/strong>:<br data-start=\"3509\" data-end=\"3512\" \/><a class=\"\" href=\"https:\/\/dogc.gencat.cat\/ca\/document-del-dogc\/?documentId=1010096\" target=\"_new\" rel=\"noopener\" data-start=\"3515\" data-end=\"3647\">https:\/\/dogc.gencat.cat\/ca\/document-del-dogc\/?documentId=1010096<\/a><\/p>\r\n","protected":false},"author":21,"featured_media":29723,"menu_order":0,"template":"","meta":{"_acf_changed":false,"inline_featured_image":false},"etiqueta":[],"tipus":[1163],"topic":[],"class_list":["post-31727","noticia","type-noticia","status-publish","has-post-thumbnail","hentry","tipus-actualidad"],"acf":{"autor":"","imatge":false,"textos_destacats":[{"texte":"Esta convocatoria refuerza el compromiso con una atenci\u00f3n m\u00e1s personalizada, predictiva y proactiva, en l\u00ednea con la digitalizaci\u00f3n del sistema de salud y los servicios sociales en Catalu\u00f1a."}],"documents":false,"finalitzat":false,"tipus_plantilla":"objectius","template_objectius":{"cont_principal":"","imatge":false,"cont_seguent":{"titol":"","contingut":""},"seccio_llistat":{"titol":"","llistat":false},"objectius":{"titol":"","objectius":false},"documents":false}},"yoast_head":"<!-- This site is optimized with the Yoast SEO plugin v27.1.1 - https:\/\/yoast.com\/product\/yoast-seo-wordpress\/ -->\n<title>Catalu\u00f1a impulsa la rob\u00f3tica asistencial y la sensorizaci\u00f3n con nuevas subvenciones del programa Salud Digital Inteligente - Fundaci\u00f3 TIC Salut i Social<\/title>\n<meta name=\"robots\" content=\"index, follow, max-snippet:-1, max-image-preview:large, max-video-preview:-1\" \/>\n<link rel=\"canonical\" href=\"https:\/\/ticsalutsocial.atoom.space\/es\/noticia\/catalunya-impulsa-la-robotica-assistencial-i-la-sensoritzacio-amb-noves-subvencions-del-programa-salut-digital-intelligent\/\" \/>\n<meta property=\"og:locale\" content=\"es_ES\" \/>\n<meta property=\"og:type\" content=\"article\" \/>\n<meta property=\"og:title\" content=\"Catalu\u00f1a impulsa la rob\u00f3tica asistencial y la sensorizaci\u00f3n con nuevas subvenciones del programa Salud Digital Inteligente - Fundaci\u00f3 TIC Salut i Social\" \/>\n<meta property=\"og:description\" content=\"La Generalitat apuesta por mejorar la calidad de vida de las personas mayores y dependientes mediante nuevas tecnolog\u00edas como la rob\u00f3tica y la sensorizaci\u00f3n. El Departamento de Empresa y Trabajo ha publicado la Orden EMT\/45\/2025, por la que se aprueban las bases reguladoras que regir\u00e1n la convocatoria de subvenciones destinadas a proyectos de rob\u00f3tica asistencial [&hellip;]\" \/>\n<meta property=\"og:url\" content=\"https:\/\/ticsalutsocial.atoom.space\/es\/noticia\/catalunya-impulsa-la-robotica-assistencial-i-la-sensoritzacio-amb-noves-subvencions-del-programa-salut-digital-intelligent\/\" \/>\n<meta property=\"og:site_name\" content=\"Fundaci\u00f3 TIC Salut i Social\" \/>\n<meta property=\"article:modified_time\" content=\"2025-05-27T11:10:50+00:00\" \/>\n<meta property=\"og:image\" content=\"https:\/\/ticsalutsocial.atoom.space\/wp-content\/uploads\/2024\/12\/avaluacio-intelligencia-artificial-web-FTSS.jpg\" \/>\n\t<meta property=\"og:image:width\" content=\"1280\" \/>\n\t<meta property=\"og:image:height\" content=\"960\" \/>\n\t<meta property=\"og:image:type\" content=\"image\/jpeg\" \/>\n<meta name=\"twitter:card\" content=\"summary_large_image\" \/>\n<meta name=\"twitter:label1\" content=\"Tiempo de lectura\" \/>\n\t<meta name=\"twitter:data1\" content=\"3 minutos\" \/>\n<script type=\"application\/ld+json\" class=\"yoast-schema-graph\">{\"@context\":\"https:\/\/schema.org\",\"@graph\":[{\"@type\":\"WebPage\",\"@id\":\"https:\/\/ticsalutsocial.atoom.space\/es\/noticia\/catalunya-impulsa-la-robotica-assistencial-i-la-sensoritzacio-amb-noves-subvencions-del-programa-salut-digital-intelligent\/\",\"url\":\"https:\/\/ticsalutsocial.atoom.space\/es\/noticia\/catalunya-impulsa-la-robotica-assistencial-i-la-sensoritzacio-amb-noves-subvencions-del-programa-salut-digital-intelligent\/\",\"name\":\"Catalu\u00f1a impulsa la rob\u00f3tica asistencial y la sensorizaci\u00f3n con nuevas subvenciones del programa Salud Digital Inteligente - Fundaci\u00f3 TIC Salut i Social\",\"isPartOf\":{\"@id\":\"https:\/\/ticsalutsocial.atoom.space\/es\/#website\"},\"primaryImageOfPage\":{\"@id\":\"https:\/\/ticsalutsocial.atoom.space\/es\/noticia\/catalunya-impulsa-la-robotica-assistencial-i-la-sensoritzacio-amb-noves-subvencions-del-programa-salut-digital-intelligent\/#primaryimage\"},\"image\":{\"@id\":\"https:\/\/ticsalutsocial.atoom.space\/es\/noticia\/catalunya-impulsa-la-robotica-assistencial-i-la-sensoritzacio-amb-noves-subvencions-del-programa-salut-digital-intelligent\/#primaryimage\"},\"thumbnailUrl\":\"https:\/\/ticsalutsocial.atoom.space\/wp-content\/uploads\/2024\/12\/avaluacio-intelligencia-artificial-web-FTSS.jpg\",\"datePublished\":\"2025-04-14T09:25:29+00:00\",\"dateModified\":\"2025-05-27T11:10:50+00:00\",\"breadcrumb\":{\"@id\":\"https:\/\/ticsalutsocial.atoom.space\/es\/noticia\/catalunya-impulsa-la-robotica-assistencial-i-la-sensoritzacio-amb-noves-subvencions-del-programa-salut-digital-intelligent\/#breadcrumb\"},\"inLanguage\":\"es\",\"potentialAction\":[{\"@type\":\"ReadAction\",\"target\":[\"https:\/\/ticsalutsocial.atoom.space\/es\/noticia\/catalunya-impulsa-la-robotica-assistencial-i-la-sensoritzacio-amb-noves-subvencions-del-programa-salut-digital-intelligent\/\"]}]},{\"@type\":\"ImageObject\",\"inLanguage\":\"es\",\"@id\":\"https:\/\/ticsalutsocial.atoom.space\/es\/noticia\/catalunya-impulsa-la-robotica-assistencial-i-la-sensoritzacio-amb-noves-subvencions-del-programa-salut-digital-intelligent\/#primaryimage\",\"url\":\"https:\/\/ticsalutsocial.atoom.space\/wp-content\/uploads\/2024\/12\/avaluacio-intelligencia-artificial-web-FTSS.jpg\",\"contentUrl\":\"https:\/\/ticsalutsocial.atoom.space\/wp-content\/uploads\/2024\/12\/avaluacio-intelligencia-artificial-web-FTSS.jpg\",\"width\":1280,\"height\":960,\"caption\":\"avaluacio\u0301 intel\u00b7lige\u0300ncia artificial\"},{\"@type\":\"BreadcrumbList\",\"@id\":\"https:\/\/ticsalutsocial.atoom.space\/es\/noticia\/catalunya-impulsa-la-robotica-assistencial-i-la-sensoritzacio-amb-noves-subvencions-del-programa-salut-digital-intelligent\/#breadcrumb\",\"itemListElement\":[{\"@type\":\"ListItem\",\"position\":1,\"name\":\"Inici\",\"item\":\"https:\/\/ticsalutsocial.atoom.space\/es\/\"},{\"@type\":\"ListItem\",\"position\":2,\"name\":\"Catalu\u00f1a impulsa la rob\u00f3tica asistencial y la sensorizaci\u00f3n con nuevas subvenciones del programa Salud Digital Inteligente\"}]},{\"@type\":\"WebSite\",\"@id\":\"https:\/\/ticsalutsocial.atoom.space\/es\/#website\",\"url\":\"https:\/\/ticsalutsocial.atoom.space\/es\/\",\"name\":\"Fundaci\u00f3 TIC Salut i Social\",\"description\":\"\",\"potentialAction\":[{\"@type\":\"SearchAction\",\"target\":{\"@type\":\"EntryPoint\",\"urlTemplate\":\"https:\/\/ticsalutsocial.atoom.space\/es\/?s={search_term_string}\"},\"query-input\":{\"@type\":\"PropertyValueSpecification\",\"valueRequired\":true,\"valueName\":\"search_term_string\"}}],\"inLanguage\":\"es\"}]}<\/script>\n<!-- \/ Yoast SEO plugin. -->","yoast_head_json":{"title":"Catalu\u00f1a impulsa la rob\u00f3tica asistencial y la sensorizaci\u00f3n con nuevas subvenciones del programa Salud Digital Inteligente - Fundaci\u00f3 TIC Salut i Social","robots":{"index":"index","follow":"follow","max-snippet":"max-snippet:-1","max-image-preview":"max-image-preview:large","max-video-preview":"max-video-preview:-1"},"canonical":"https:\/\/ticsalutsocial.atoom.space\/es\/noticia\/catalunya-impulsa-la-robotica-assistencial-i-la-sensoritzacio-amb-noves-subvencions-del-programa-salut-digital-intelligent\/","og_locale":"es_ES","og_type":"article","og_title":"Catalu\u00f1a impulsa la rob\u00f3tica asistencial y la sensorizaci\u00f3n con nuevas subvenciones del programa Salud Digital Inteligente - Fundaci\u00f3 TIC Salut i Social","og_description":"La Generalitat apuesta por mejorar la calidad de vida de las personas mayores y dependientes mediante nuevas tecnolog\u00edas como la rob\u00f3tica y la sensorizaci\u00f3n. El Departamento de Empresa y Trabajo ha publicado la Orden EMT\/45\/2025, por la que se aprueban las bases reguladoras que regir\u00e1n la convocatoria de subvenciones destinadas a proyectos de rob\u00f3tica asistencial [&hellip;]","og_url":"https:\/\/ticsalutsocial.atoom.space\/es\/noticia\/catalunya-impulsa-la-robotica-assistencial-i-la-sensoritzacio-amb-noves-subvencions-del-programa-salut-digital-intelligent\/","og_site_name":"Fundaci\u00f3 TIC Salut i Social","article_modified_time":"2025-05-27T11:10:50+00:00","og_image":[{"width":1280,"height":960,"url":"https:\/\/ticsalutsocial.atoom.space\/wp-content\/uploads\/2024\/12\/avaluacio-intelligencia-artificial-web-FTSS.jpg","type":"image\/jpeg"}],"twitter_card":"summary_large_image","twitter_misc":{"Tiempo de lectura":"3 minutos"},"schema":{"@context":"https:\/\/schema.org","@graph":[{"@type":"WebPage","@id":"https:\/\/ticsalutsocial.atoom.space\/es\/noticia\/catalunya-impulsa-la-robotica-assistencial-i-la-sensoritzacio-amb-noves-subvencions-del-programa-salut-digital-intelligent\/","url":"https:\/\/ticsalutsocial.atoom.space\/es\/noticia\/catalunya-impulsa-la-robotica-assistencial-i-la-sensoritzacio-amb-noves-subvencions-del-programa-salut-digital-intelligent\/","name":"Catalu\u00f1a impulsa la rob\u00f3tica asistencial y la sensorizaci\u00f3n con nuevas subvenciones del programa Salud Digital Inteligente - Fundaci\u00f3 TIC Salut i Social","isPartOf":{"@id":"https:\/\/ticsalutsocial.atoom.space\/es\/#website"},"primaryImageOfPage":{"@id":"https:\/\/ticsalutsocial.atoom.space\/es\/noticia\/catalunya-impulsa-la-robotica-assistencial-i-la-sensoritzacio-amb-noves-subvencions-del-programa-salut-digital-intelligent\/#primaryimage"},"image":{"@id":"https:\/\/ticsalutsocial.atoom.space\/es\/noticia\/catalunya-impulsa-la-robotica-assistencial-i-la-sensoritzacio-amb-noves-subvencions-del-programa-salut-digital-intelligent\/#primaryimage"},"thumbnailUrl":"https:\/\/ticsalutsocial.atoom.space\/wp-content\/uploads\/2024\/12\/avaluacio-intelligencia-artificial-web-FTSS.jpg","datePublished":"2025-04-14T09:25:29+00:00","dateModified":"2025-05-27T11:10:50+00:00","breadcrumb":{"@id":"https:\/\/ticsalutsocial.atoom.space\/es\/noticia\/catalunya-impulsa-la-robotica-assistencial-i-la-sensoritzacio-amb-noves-subvencions-del-programa-salut-digital-intelligent\/#breadcrumb"},"inLanguage":"es","potentialAction":[{"@type":"ReadAction","target":["https:\/\/ticsalutsocial.atoom.space\/es\/noticia\/catalunya-impulsa-la-robotica-assistencial-i-la-sensoritzacio-amb-noves-subvencions-del-programa-salut-digital-intelligent\/"]}]},{"@type":"ImageObject","inLanguage":"es","@id":"https:\/\/ticsalutsocial.atoom.space\/es\/noticia\/catalunya-impulsa-la-robotica-assistencial-i-la-sensoritzacio-amb-noves-subvencions-del-programa-salut-digital-intelligent\/#primaryimage","url":"https:\/\/ticsalutsocial.atoom.space\/wp-content\/uploads\/2024\/12\/avaluacio-intelligencia-artificial-web-FTSS.jpg","contentUrl":"https:\/\/ticsalutsocial.atoom.space\/wp-content\/uploads\/2024\/12\/avaluacio-intelligencia-artificial-web-FTSS.jpg","width":1280,"height":960,"caption":"avaluacio\u0301 intel\u00b7lige\u0300ncia artificial"},{"@type":"BreadcrumbList","@id":"https:\/\/ticsalutsocial.atoom.space\/es\/noticia\/catalunya-impulsa-la-robotica-assistencial-i-la-sensoritzacio-amb-noves-subvencions-del-programa-salut-digital-intelligent\/#breadcrumb","itemListElement":[{"@type":"ListItem","position":1,"name":"Inici","item":"https:\/\/ticsalutsocial.atoom.space\/es\/"},{"@type":"ListItem","position":2,"name":"Catalu\u00f1a impulsa la rob\u00f3tica asistencial y la sensorizaci\u00f3n con nuevas subvenciones del programa Salud Digital Inteligente"}]},{"@type":"WebSite","@id":"https:\/\/ticsalutsocial.atoom.space\/es\/#website","url":"https:\/\/ticsalutsocial.atoom.space\/es\/","name":"Fundaci\u00f3 TIC Salut i Social","description":"","potentialAction":[{"@type":"SearchAction","target":{"@type":"EntryPoint","urlTemplate":"https:\/\/ticsalutsocial.atoom.space\/es\/?s={search_term_string}"},"query-input":{"@type":"PropertyValueSpecification","valueRequired":true,"valueName":"search_term_string"}}],"inLanguage":"es"}]}},"_links":{"self":[{"href":"https:\/\/ticsalutsocial.atoom.space\/es\/wp-json\/wp\/v2\/noticia\/31727","targetHints":{"allow":["GET"]}}],"collection":[{"href":"https:\/\/ticsalutsocial.atoom.space\/es\/wp-json\/wp\/v2\/noticia"}],"about":[{"href":"https:\/\/ticsalutsocial.atoom.space\/es\/wp-json\/wp\/v2\/types\/noticia"}],"author":[{"embeddable":true,"href":"https:\/\/ticsalutsocial.atoom.space\/es\/wp-json\/wp\/v2\/users\/21"}],"wp:featuredmedia":[{"embeddable":true,"href":"https:\/\/ticsalutsocial.atoom.space\/es\/wp-json\/wp\/v2\/media\/29723"}],"wp:attachment":[{"href":"https:\/\/ticsalutsocial.atoom.space\/es\/wp-json\/wp\/v2\/media?parent=31727"}],"wp:term":[{"taxonomy":"etiqueta","embeddable":true,"href":"https:\/\/ticsalutsocial.atoom.space\/es\/wp-json\/wp\/v2\/etiqueta?post=31727"},{"taxonomy":"tipus","embeddable":true,"href":"https:\/\/ticsalutsocial.atoom.space\/es\/wp-json\/wp\/v2\/tipus?post=31727"},{"taxonomy":"topic","embeddable":true,"href":"https:\/\/ticsalutsocial.atoom.space\/es\/wp-json\/wp\/v2\/topic?post=31727"}],"curies":[{"name":"wp","href":"https:\/\/api.w.org\/{rel}","templated":true}]}}