
{"id":31729,"date":"2025-04-15T09:00:30","date_gmt":"2025-04-15T07:00:30","guid":{"rendered":"https:\/\/ticsalutsocial.atoom.space\/noticia\/el-futur-de-la-meva-salut-quo-vadis\/"},"modified":"2025-05-27T13:09:09","modified_gmt":"2025-05-27T11:09:09","slug":"el-futur-de-la-meva-salut-quo-vadis","status":"publish","type":"noticia","link":"https:\/\/ticsalutsocial.atoom.space\/es\/noticia\/el-futur-de-la-meva-salut-quo-vadis\/","title":{"rendered":"El futuro de La Meva Salut: quo vadis?"},"content":{"rendered":"<p class=\"\" data-start=\"99\" data-end=\"801\"><strong data-start=\"99\" data-end=\"122\">La Meva Salut (LMS)<\/strong> es un espacio digital personal y seguro que el sistema de salud p\u00fablico de Catalu\u00f1a pone a disposici\u00f3n de la ciudadan\u00eda. Permite acceder de forma c\u00f3moda (v\u00eda m\u00f3vil o web) a la propia informaci\u00f3n m\u00e9dica \u2014como informes cl\u00ednicos, resultados de pruebas, vacunaciones y medicaci\u00f3n prescrita\u2014 y realizar diversos tr\u00e1mites sanitarios sin necesidad de acudir presencialmente al centro de salud. Adem\u00e1s, facilita la comunicaci\u00f3n con los profesionales sanitarios, la gesti\u00f3n de citas y el acceso a documentos como el certificado COVID o los partes de baja. Es una herramienta clave para favorecer la autogesti\u00f3n de la salud y mejorar la relaci\u00f3n entre las personas y el sistema sanitario.<\/p>\n<p class=\"\" data-start=\"803\" data-end=\"1298\">Se puso en marcha en 2015 como una herramienta para facilitar a la ciudadan\u00eda el acceso a su informaci\u00f3n sanitaria personal y promover una relaci\u00f3n m\u00e1s activa con el sistema de salud. Inicialmente contaba con funcionalidades b\u00e1sicas, pero con el tiempo se ha ido ampliando y mejorando, especialmente durante la pandemia de la COVID-19, cuando se convirti\u00f3 en una herramienta clave para descargar certificados, consultar resultados de pruebas y comunicarse de forma \u00e1gil con el sistema sanitario.<\/p>\n<p class=\"\" data-start=\"1300\" data-end=\"1439\">Diez a\u00f1os despu\u00e9s de su lanzamiento, proponemos una serie de reflexiones sobre el futuro de LMS, para fomentar el debate y motivar avances.<\/p>\n<p class=\"\" data-start=\"1441\" data-end=\"1482\"><strong data-start=\"1441\" data-end=\"1482\">Contexto local, europeo y tecnol\u00f3gico<\/strong><\/p>\n<p class=\"\" data-start=\"1484\" data-end=\"1750\">Hace a\u00f1os que LMS es una realidad. <strong data-start=\"1519\" data-end=\"1561\">5,8 millones de ciudadanos de Catalu\u00f1a<\/strong> han accedido y hecho uso de LMS. En una sociedad digital como la actual, se percibe como algo normal. Ser\u00eda impensable que desapareciera: la ciudadan\u00eda espera cada vez m\u00e1s funcionalidades.<\/p>\n<p class=\"\" data-start=\"1752\" data-end=\"2195\">Europa apuesta por el <strong data-start=\"1774\" data-end=\"1835\">EHRxF (European Electronic Health Record exchange Format)<\/strong> para garantizar una atenci\u00f3n m\u00e9dica continuada y de calidad dentro del <strong data-start=\"1907\" data-end=\"1958\">Espacio Europeo de Datos de Salud \u2013 MyHealth@EU<\/strong>, facilitando as\u00ed el intercambio de datos sanitarios entre los Estados miembros, y apuntando a reconocer para toda su ciudadan\u00eda el derecho a un espacio seguro y bajo su control con datos y servicios personales relacionados con la salud.<\/p>\n<p class=\"\" data-start=\"2197\" data-end=\"2742\">Entre muchos otros servicios y emulando el \u201c<strong data-start=\"2241\" data-end=\"2256\">Blue Button<\/strong>\u201d estadounidense, desde hace unos meses LMS permite la descarga del <strong data-start=\"2324\" data-end=\"2358\">European Patient Summary (EPS)<\/strong>, \u201cun documento que recoge la informaci\u00f3n cl\u00ednica m\u00e1s relevante para que profesionales de otros pa\u00edses de la UE puedan atender a cualquier ciudadano que solicite asistencia sanitaria no programada fuera del pa\u00eds\u201d en formato EHRxF. Una peque\u00f1a historia cl\u00ednica de uso ciudadano: la primera vez que la ciudadan\u00eda puede acceder a sus datos de salud en un formato digital e interoperable.<\/p>\n<p class=\"\" data-start=\"2744\" data-end=\"3202\">Los datos relacionados con los determinantes de la salud (sociales, econ\u00f3micos, ambientales, de h\u00e1bitos, gen\u00e9ticos, cl\u00ednicos\u2026) son cada vez m\u00e1s conocidos, abundantes, precisos y relevantes tanto para el cuidado de las personas (asistencia), como para responder preguntas no resueltas (investigaci\u00f3n), como tambi\u00e9n para hacer realidad, de forma proactiva, la siempre reivindicada pero no siempre aplicada \u201c<strong data-start=\"3149\" data-end=\"3200\">medicina preventiva, predictiva y personalizada<\/strong>\u201d.<\/p>\n<p class=\"\" data-start=\"3204\" data-end=\"3280\"><strong data-start=\"3204\" data-end=\"3280\">La situaci\u00f3n actual en Catalu\u00f1a respecto a los datos personales de salud<\/strong><\/p>\n<p class=\"\" data-start=\"3282\" data-end=\"3860\">En cuanto a la disponibilidad de los datos para el \u00e1mbito asistencial (uso primario), el nivel de digitalizaci\u00f3n tanto del sector sanitario p\u00fablico como del creciente y fragmentado sector privado es alto, pero con nula interoperabilidad entre ambos. Mientras tanto, el proceso de digitalizaci\u00f3n de la informaci\u00f3n del \u00e1mbito social, tanto en el entorno domiciliario como en las residencias, est\u00e1 apenas comenzando; los datos personales derivados de proyectos de investigaci\u00f3n, incluida la incipiente secuenciaci\u00f3n gen\u00e9tica, tampoco est\u00e1n a\u00fan integrados ni f\u00e1cilmente disponibles.<\/p>\n<p class=\"\" data-start=\"3862\" data-end=\"4123\">En lo referente a la reutilizaci\u00f3n de los datos para usos no asistenciales (uso secundario), la situaci\u00f3n est\u00e1 estancada, debido a la necesidad de equilibrar los derechos a la privacidad, la confidencialidad y la seguridad con la accesibilidad y disponibilidad.<\/p>\n<p class=\"\" data-start=\"4125\" data-end=\"4696\">En definitiva, los ciudadanos y ciudadanas de Catalu\u00f1a tienen hoy, a trav\u00e9s de LMS, acceso a parte de sus datos \u201cde salud\u201d, aunque <strong data-start=\"4256\" data-end=\"4359\">no est\u00e1n completamente integrados, ni son del todo interoperables, ni est\u00e1n ampliamente disponibles<\/strong>, limit\u00e1ndose a servicios meramente de consulta de datos. Adem\u00e1s, dependiendo del centro donde se recibe atenci\u00f3n, puede haber diferencias de servicios, y pr\u00e1cticamente no existen servicios proactivos, preventivos y personalizados basados en el uso de los datos en tiempo real, lo que conlleva problemas de eficiencia, equidad y calidad.<\/p>\n<p class=\"\" data-start=\"4698\" data-end=\"4728\"><strong data-start=\"4698\" data-end=\"4728\">\u00bfC\u00f3mo avanzar en Catalu\u00f1a?<\/strong><\/p>\n<p class=\"\" data-start=\"4730\" data-end=\"5076\">Socialmente avanzamos hacia el empoderamiento del individuo y hacia una atenci\u00f3n centrada en la persona. Tanto por legitimidad como por factibilidad \u2014y en Europa tambi\u00e9n por legalidad\u2014, la <strong data-start=\"4919\" data-end=\"5001\">gesti\u00f3n integral de todos estos datos solo puede ejercerla el propio ciudadano<\/strong>, que de forma soberana debe decidir para qu\u00e9 se usan y en qu\u00e9 condiciones.<\/p>\n<p class=\"\" data-start=\"5078\" data-end=\"5285\">La administraci\u00f3n p\u00fablica debe evolucionar LMS hacia un <strong data-start=\"5134\" data-end=\"5208\">espacio personal de salud digital seguro, interoperable y de confianza<\/strong>, en manos del ciudadano. Esto significa otorgarle el poder de decidir sobre:<\/p>\n<ul data-start=\"5287\" data-end=\"5475\">\n<li class=\"\" data-start=\"5287\" data-end=\"5340\">\n<p class=\"\" data-start=\"5289\" data-end=\"5340\">\u00bfQu\u00e9 datos entran y salen de su espacio personal?<\/p>\n<\/li>\n<li class=\"\" data-start=\"5341\" data-end=\"5398\">\n<p class=\"\" data-start=\"5343\" data-end=\"5398\">\u00bfQui\u00e9n tiene acceso y en qu\u00e9 condiciones a sus datos?<\/p>\n<\/li>\n<li class=\"\" data-start=\"5399\" data-end=\"5426\">\n<p class=\"\" data-start=\"5401\" data-end=\"5426\">\u00bfQu\u00e9 servicios utiliza?<\/p>\n<\/li>\n<li class=\"\" data-start=\"5427\" data-end=\"5475\">\n<p class=\"\" data-start=\"5429\" data-end=\"5475\">\u00bfCon qui\u00e9n desea relacionarse a trav\u00e9s de LMS?<\/p>\n<\/li>\n<\/ul>\n<p class=\"\" data-start=\"5477\" data-end=\"5895\">El proveedor del servicio (la administraci\u00f3n p\u00fablica) debe ganarse la <strong data-start=\"5547\" data-end=\"5577\">confianza de la ciudadan\u00eda<\/strong>, garantizando que nadie acceder\u00e1 a sus datos sin su permiso y bajo sus condiciones (soberan\u00eda digital), y que los servicios que se le ofrecen \u2014informaci\u00f3n, recomendaciones, consejos, gu\u00edas y pautas para la promoci\u00f3n, prevenci\u00f3n y seguimiento de la salud\u2014 est\u00e1n certificados y validados por las autoridades sanitarias.<\/p>\n<p class=\"\" data-start=\"5897\" data-end=\"6206\">Este nuevo marco de gobernanza de los datos personales de salud permitir\u00e1 el uso de los datos para la investigaci\u00f3n e innovaci\u00f3n al servicio del bien com\u00fan, respetando plenamente los derechos y ofreciendo total seguridad, y situar\u00e1 a Europa en una autopista de competitividad y prosperidad econ\u00f3mica y social.<\/p>\n","protected":false},"author":3,"featured_media":31266,"menu_order":0,"template":"","meta":{"_acf_changed":false,"inline_featured_image":false},"etiqueta":[],"tipus":[1163],"topic":[119,123],"class_list":["post-31729","noticia","type-noticia","status-publish","has-post-thumbnail","hentry","tipus-actualidad","topic-innovacion","topic-actualidad"],"acf":{"finalitzat":false,"tipus_plantilla":"objectius","template_objectius":{"cont_principal":"","imatge":false,"cont_seguent":{"titol":"","contingut":""},"seccio_llistat":{"titol":"","llistat":false},"objectius":{"titol":"","objectius":false},"documents":false},"autor":"","imatge":false,"textos_destacats":[{"texte":"El nou marc de governan\u00e7a de les dades personals de salut permetr\u00e0 l\u2019\u00fas de les dades per la recerca i innovaci\u00f3 al servei del b\u00e9 com\u00fa tot respectant els drets amb total seguretat i situar\u00e0 a Europa en una autopista de competitivitat i prosperitat econ\u00f2mica i social"}],"documents":false},"yoast_head":"<!-- This site is optimized with the Yoast SEO plugin v27.1.1 - https:\/\/yoast.com\/product\/yoast-seo-wordpress\/ -->\n<title>El futuro de La Meva Salut: quo vadis? - Fundaci\u00f3 TIC Salut i Social<\/title>\n<meta name=\"robots\" content=\"index, follow, max-snippet:-1, max-image-preview:large, max-video-preview:-1\" \/>\n<link rel=\"canonical\" href=\"https:\/\/ticsalutsocial.atoom.space\/es\/noticia\/el-futur-de-la-meva-salut-quo-vadis\/\" \/>\n<meta property=\"og:locale\" content=\"es_ES\" \/>\n<meta property=\"og:type\" content=\"article\" \/>\n<meta property=\"og:title\" content=\"El futuro de La Meva Salut: quo vadis? - Fundaci\u00f3 TIC Salut i Social\" \/>\n<meta property=\"og:description\" content=\"La Meva Salut (LMS) es un espacio digital personal y seguro que el sistema de salud p\u00fablico de Catalu\u00f1a pone a disposici\u00f3n de la ciudadan\u00eda. Permite acceder de forma c\u00f3moda (v\u00eda m\u00f3vil o web) a la propia informaci\u00f3n m\u00e9dica \u2014como informes cl\u00ednicos, resultados de pruebas, vacunaciones y medicaci\u00f3n prescrita\u2014 y realizar diversos tr\u00e1mites sanitarios sin [&hellip;]\" \/>\n<meta property=\"og:url\" content=\"https:\/\/ticsalutsocial.atoom.space\/es\/noticia\/el-futur-de-la-meva-salut-quo-vadis\/\" \/>\n<meta property=\"og:site_name\" content=\"Fundaci\u00f3 TIC Salut i Social\" \/>\n<meta property=\"article:modified_time\" content=\"2025-05-27T11:09:09+00:00\" \/>\n<meta property=\"og:image\" content=\"https:\/\/ticsalutsocial.atoom.space\/wp-content\/uploads\/2025\/04\/iStock-2163867926.jpg\" \/>\n\t<meta property=\"og:image:width\" content=\"2384\" \/>\n\t<meta property=\"og:image:height\" content=\"1257\" \/>\n\t<meta property=\"og:image:type\" content=\"image\/jpeg\" \/>\n<meta name=\"twitter:card\" content=\"summary_large_image\" \/>\n<meta name=\"twitter:label1\" content=\"Tiempo de lectura\" \/>\n\t<meta name=\"twitter:data1\" content=\"6 minutos\" \/>\n<script type=\"application\/ld+json\" class=\"yoast-schema-graph\">{\"@context\":\"https:\/\/schema.org\",\"@graph\":[{\"@type\":\"WebPage\",\"@id\":\"https:\/\/ticsalutsocial.atoom.space\/es\/noticia\/el-futur-de-la-meva-salut-quo-vadis\/\",\"url\":\"https:\/\/ticsalutsocial.atoom.space\/es\/noticia\/el-futur-de-la-meva-salut-quo-vadis\/\",\"name\":\"El futuro de La Meva Salut: quo vadis? - Fundaci\u00f3 TIC Salut i Social\",\"isPartOf\":{\"@id\":\"https:\/\/ticsalutsocial.atoom.space\/es\/#website\"},\"primaryImageOfPage\":{\"@id\":\"https:\/\/ticsalutsocial.atoom.space\/es\/noticia\/el-futur-de-la-meva-salut-quo-vadis\/#primaryimage\"},\"image\":{\"@id\":\"https:\/\/ticsalutsocial.atoom.space\/es\/noticia\/el-futur-de-la-meva-salut-quo-vadis\/#primaryimage\"},\"thumbnailUrl\":\"https:\/\/ticsalutsocial.atoom.space\/wp-content\/uploads\/2025\/04\/iStock-2163867926.jpg\",\"datePublished\":\"2025-04-15T07:00:30+00:00\",\"dateModified\":\"2025-05-27T11:09:09+00:00\",\"breadcrumb\":{\"@id\":\"https:\/\/ticsalutsocial.atoom.space\/es\/noticia\/el-futur-de-la-meva-salut-quo-vadis\/#breadcrumb\"},\"inLanguage\":\"es\",\"potentialAction\":[{\"@type\":\"ReadAction\",\"target\":[\"https:\/\/ticsalutsocial.atoom.space\/es\/noticia\/el-futur-de-la-meva-salut-quo-vadis\/\"]}]},{\"@type\":\"ImageObject\",\"inLanguage\":\"es\",\"@id\":\"https:\/\/ticsalutsocial.atoom.space\/es\/noticia\/el-futur-de-la-meva-salut-quo-vadis\/#primaryimage\",\"url\":\"https:\/\/ticsalutsocial.atoom.space\/wp-content\/uploads\/2025\/04\/iStock-2163867926.jpg\",\"contentUrl\":\"https:\/\/ticsalutsocial.atoom.space\/wp-content\/uploads\/2025\/04\/iStock-2163867926.jpg\",\"width\":2384,\"height\":1257,\"caption\":\"Hospital Doctor Using Spreadsheet For Billing Codes On Desktop\"},{\"@type\":\"BreadcrumbList\",\"@id\":\"https:\/\/ticsalutsocial.atoom.space\/es\/noticia\/el-futur-de-la-meva-salut-quo-vadis\/#breadcrumb\",\"itemListElement\":[{\"@type\":\"ListItem\",\"position\":1,\"name\":\"Inici\",\"item\":\"https:\/\/ticsalutsocial.atoom.space\/es\/\"},{\"@type\":\"ListItem\",\"position\":2,\"name\":\"El futuro de La Meva Salut: quo vadis?\"}]},{\"@type\":\"WebSite\",\"@id\":\"https:\/\/ticsalutsocial.atoom.space\/es\/#website\",\"url\":\"https:\/\/ticsalutsocial.atoom.space\/es\/\",\"name\":\"Fundaci\u00f3 TIC Salut i Social\",\"description\":\"\",\"potentialAction\":[{\"@type\":\"SearchAction\",\"target\":{\"@type\":\"EntryPoint\",\"urlTemplate\":\"https:\/\/ticsalutsocial.atoom.space\/es\/?s={search_term_string}\"},\"query-input\":{\"@type\":\"PropertyValueSpecification\",\"valueRequired\":true,\"valueName\":\"search_term_string\"}}],\"inLanguage\":\"es\"}]}<\/script>\n<!-- \/ Yoast SEO plugin. -->","yoast_head_json":{"title":"El futuro de La Meva Salut: quo vadis? - Fundaci\u00f3 TIC Salut i Social","robots":{"index":"index","follow":"follow","max-snippet":"max-snippet:-1","max-image-preview":"max-image-preview:large","max-video-preview":"max-video-preview:-1"},"canonical":"https:\/\/ticsalutsocial.atoom.space\/es\/noticia\/el-futur-de-la-meva-salut-quo-vadis\/","og_locale":"es_ES","og_type":"article","og_title":"El futuro de La Meva Salut: quo vadis? - Fundaci\u00f3 TIC Salut i Social","og_description":"La Meva Salut (LMS) es un espacio digital personal y seguro que el sistema de salud p\u00fablico de Catalu\u00f1a pone a disposici\u00f3n de la ciudadan\u00eda. Permite acceder de forma c\u00f3moda (v\u00eda m\u00f3vil o web) a la propia informaci\u00f3n m\u00e9dica \u2014como informes cl\u00ednicos, resultados de pruebas, vacunaciones y medicaci\u00f3n prescrita\u2014 y realizar diversos tr\u00e1mites sanitarios sin [&hellip;]","og_url":"https:\/\/ticsalutsocial.atoom.space\/es\/noticia\/el-futur-de-la-meva-salut-quo-vadis\/","og_site_name":"Fundaci\u00f3 TIC Salut i Social","article_modified_time":"2025-05-27T11:09:09+00:00","og_image":[{"width":2384,"height":1257,"url":"https:\/\/ticsalutsocial.atoom.space\/wp-content\/uploads\/2025\/04\/iStock-2163867926.jpg","type":"image\/jpeg"}],"twitter_card":"summary_large_image","twitter_misc":{"Tiempo de lectura":"6 minutos"},"schema":{"@context":"https:\/\/schema.org","@graph":[{"@type":"WebPage","@id":"https:\/\/ticsalutsocial.atoom.space\/es\/noticia\/el-futur-de-la-meva-salut-quo-vadis\/","url":"https:\/\/ticsalutsocial.atoom.space\/es\/noticia\/el-futur-de-la-meva-salut-quo-vadis\/","name":"El futuro de La Meva Salut: quo vadis? - Fundaci\u00f3 TIC Salut i Social","isPartOf":{"@id":"https:\/\/ticsalutsocial.atoom.space\/es\/#website"},"primaryImageOfPage":{"@id":"https:\/\/ticsalutsocial.atoom.space\/es\/noticia\/el-futur-de-la-meva-salut-quo-vadis\/#primaryimage"},"image":{"@id":"https:\/\/ticsalutsocial.atoom.space\/es\/noticia\/el-futur-de-la-meva-salut-quo-vadis\/#primaryimage"},"thumbnailUrl":"https:\/\/ticsalutsocial.atoom.space\/wp-content\/uploads\/2025\/04\/iStock-2163867926.jpg","datePublished":"2025-04-15T07:00:30+00:00","dateModified":"2025-05-27T11:09:09+00:00","breadcrumb":{"@id":"https:\/\/ticsalutsocial.atoom.space\/es\/noticia\/el-futur-de-la-meva-salut-quo-vadis\/#breadcrumb"},"inLanguage":"es","potentialAction":[{"@type":"ReadAction","target":["https:\/\/ticsalutsocial.atoom.space\/es\/noticia\/el-futur-de-la-meva-salut-quo-vadis\/"]}]},{"@type":"ImageObject","inLanguage":"es","@id":"https:\/\/ticsalutsocial.atoom.space\/es\/noticia\/el-futur-de-la-meva-salut-quo-vadis\/#primaryimage","url":"https:\/\/ticsalutsocial.atoom.space\/wp-content\/uploads\/2025\/04\/iStock-2163867926.jpg","contentUrl":"https:\/\/ticsalutsocial.atoom.space\/wp-content\/uploads\/2025\/04\/iStock-2163867926.jpg","width":2384,"height":1257,"caption":"Hospital Doctor Using Spreadsheet For Billing Codes On Desktop"},{"@type":"BreadcrumbList","@id":"https:\/\/ticsalutsocial.atoom.space\/es\/noticia\/el-futur-de-la-meva-salut-quo-vadis\/#breadcrumb","itemListElement":[{"@type":"ListItem","position":1,"name":"Inici","item":"https:\/\/ticsalutsocial.atoom.space\/es\/"},{"@type":"ListItem","position":2,"name":"El futuro de La Meva Salut: quo vadis?"}]},{"@type":"WebSite","@id":"https:\/\/ticsalutsocial.atoom.space\/es\/#website","url":"https:\/\/ticsalutsocial.atoom.space\/es\/","name":"Fundaci\u00f3 TIC Salut i Social","description":"","potentialAction":[{"@type":"SearchAction","target":{"@type":"EntryPoint","urlTemplate":"https:\/\/ticsalutsocial.atoom.space\/es\/?s={search_term_string}"},"query-input":{"@type":"PropertyValueSpecification","valueRequired":true,"valueName":"search_term_string"}}],"inLanguage":"es"}]}},"_links":{"self":[{"href":"https:\/\/ticsalutsocial.atoom.space\/es\/wp-json\/wp\/v2\/noticia\/31729","targetHints":{"allow":["GET"]}}],"collection":[{"href":"https:\/\/ticsalutsocial.atoom.space\/es\/wp-json\/wp\/v2\/noticia"}],"about":[{"href":"https:\/\/ticsalutsocial.atoom.space\/es\/wp-json\/wp\/v2\/types\/noticia"}],"author":[{"embeddable":true,"href":"https:\/\/ticsalutsocial.atoom.space\/es\/wp-json\/wp\/v2\/users\/3"}],"wp:featuredmedia":[{"embeddable":true,"href":"https:\/\/ticsalutsocial.atoom.space\/es\/wp-json\/wp\/v2\/media\/31266"}],"wp:attachment":[{"href":"https:\/\/ticsalutsocial.atoom.space\/es\/wp-json\/wp\/v2\/media?parent=31729"}],"wp:term":[{"taxonomy":"etiqueta","embeddable":true,"href":"https:\/\/ticsalutsocial.atoom.space\/es\/wp-json\/wp\/v2\/etiqueta?post=31729"},{"taxonomy":"tipus","embeddable":true,"href":"https:\/\/ticsalutsocial.atoom.space\/es\/wp-json\/wp\/v2\/tipus?post=31729"},{"taxonomy":"topic","embeddable":true,"href":"https:\/\/ticsalutsocial.atoom.space\/es\/wp-json\/wp\/v2\/topic?post=31729"}],"curies":[{"name":"wp","href":"https:\/\/api.w.org\/{rel}","templated":true}]}}