
{"id":31760,"date":"2025-04-16T13:14:56","date_gmt":"2025-04-16T11:14:56","guid":{"rendered":"https:\/\/ticsalutsocial.atoom.space\/noticia\/nova-convocatoria-de-subvencions-per-a-projectes-dinnovacio-en-salut-digital-terapies-avancades-i-salut-comunitaria\/"},"modified":"2025-05-27T13:01:08","modified_gmt":"2025-05-27T11:01:08","slug":"nova-convocatoria-de-subvencions-per-a-projectes-dinnovacio-en-salut-digital-terapies-avancades-i-salut-comunitaria","status":"publish","type":"noticia","link":"https:\/\/ticsalutsocial.atoom.space\/es\/noticia\/nova-convocatoria-de-subvencions-per-a-projectes-dinnovacio-en-salut-digital-terapies-avancades-i-salut-comunitaria\/","title":{"rendered":"Nueva convocatoria de subvenciones para proyectos de innovaci\u00f3n en salud digital, terapias avanzadas y salud comunitaria"},"content":{"rendered":"<p class=\"\" data-start=\"172\" data-end=\"621\">El Ayuntamiento de Barcelona, con la colaboraci\u00f3n de la Fundaci\u00f3n \u201dla Caixa\u201d, ha abierto una nueva l\u00ednea bianual de subvenciones para impulsar proyectos de investigaci\u00f3n e innovaci\u00f3n en \u00e1mbitos estrat\u00e9gicos como las ciencias de la vida y la salud, y la sostenibilidad. Esta convocatoria representa una oportunidad clave para centros e instituciones que trabajan en la transformaci\u00f3n del sistema de salud a trav\u00e9s de la investigaci\u00f3n y la tecnolog\u00eda.<\/p>\n<p class=\"\" data-start=\"623\" data-end=\"712\">Dentro del \u00e1mbito de las ciencias de la vida y la salud, se priorizan tres grandes \u00e1reas:<\/p>\n<ul data-start=\"714\" data-end=\"1044\">\n<li class=\"\" data-start=\"714\" data-end=\"849\">\n<p class=\"\" data-start=\"716\" data-end=\"849\"><strong data-start=\"716\" data-end=\"733\">Salud digital<\/strong>: desarrollo e implementaci\u00f3n de tecnolog\u00edas digitales que mejoren la prevenci\u00f3n, el diagn\u00f3stico y el tratamiento.<\/p>\n<\/li>\n<li class=\"\" data-start=\"850\" data-end=\"940\">\n<p class=\"\" data-start=\"852\" data-end=\"940\"><strong data-start=\"852\" data-end=\"874\">Terapias avanzadas<\/strong>: proyectos de I+D+i enfocados a nuevos tratamientos biom\u00e9dicos.<\/p>\n<\/li>\n<li class=\"\" data-start=\"941\" data-end=\"1044\">\n<p class=\"\" data-start=\"943\" data-end=\"1044\"><strong data-start=\"943\" data-end=\"964\">Salud comunitaria<\/strong>: iniciativas orientadas a promover la salud y el bienestar a nivel comunitario.<\/p>\n<\/li>\n<\/ul>\n<p class=\"\" data-start=\"1046\" data-end=\"1293\">Pueden optar a esta convocatoria centros e instituciones sanitarias, tanto p\u00fablicas como privadas sin \u00e1nimo de lucro, vinculadas o concertadas con el Sistema Nacional de Salud, que desarrollen actividades de investigaci\u00f3n, desarrollo e innovaci\u00f3n.<\/p>\n<p class=\"\" data-start=\"1295\" data-end=\"1442\">La sesi\u00f3n informativa tendr\u00e1 lugar el pr\u00f3ximo <strong data-start=\"1341\" data-end=\"1370\">29 de abril a las 12:30 h<\/strong>, y la <strong data-start=\"1377\" data-end=\"1441\">fecha l\u00edmite para presentar las solicitudes es el 19 de mayo<\/strong>.<\/p>\n<p class=\"\" data-start=\"1444\" data-end=\"1593\">Puedes consultar las bases de la convocatoria e inscribirte en la sesi\u00f3n informativa a trav\u00e9s del siguiente enlace: <a href=\"https:\/\/www.barcelona.cat\/barcelonaciencia\/ca\/subvencions-projectes-de-recerca-i-innovacio-en-collaboracio-amb-la-fundacio-la-caixa?utm_source=Mailings+General&amp;utm_campaign=d4b918f402-Biocat+Programs+%26+Events+Abril+2025+CAT&amp;utm_medium=email&amp;utm_term=0_c9d6733828-d4b918f402-128909654&amp;mc_cid=d4b918f402&amp;mc_eid=593768b634\"><strong data-start=\"1560\" data-end=\"1593\">Consulta la convocatoria aqu\u00ed<\/strong><\/a><\/p>\n<p class=\"\" data-start=\"1595\" data-end=\"1778\">Desde la Fundaci\u00f3n TIC Salut Social animamos a todas las entidades del sector a presentar sus propuestas y a contribuir a una salud m\u00e1s innovadora, digital y centrada en las personas.<\/p>\n","protected":false},"author":21,"featured_media":31759,"menu_order":0,"template":"","meta":{"_acf_changed":false,"inline_featured_image":false},"etiqueta":[],"tipus":[1163],"topic":[],"class_list":["post-31760","noticia","type-noticia","status-publish","has-post-thumbnail","hentry","tipus-actualidad"],"acf":{"autor":"","imatge":false,"textos_destacats":false,"documents":false,"finalitzat":false,"tipus_plantilla":"objectius","template_objectius":{"cont_principal":"","imatge":false,"cont_seguent":{"titol":"","contingut":""},"seccio_llistat":{"titol":"","llistat":false},"objectius":{"titol":"","objectius":false},"documents":false}},"yoast_head":"<!-- This site is optimized with the Yoast SEO plugin v27.1.1 - https:\/\/yoast.com\/product\/yoast-seo-wordpress\/ -->\n<title>Nueva convocatoria de subvenciones para proyectos de innovaci\u00f3n en salud digital, terapias avanzadas y salud comunitaria - Fundaci\u00f3 TIC Salut i Social<\/title>\n<meta name=\"robots\" content=\"index, follow, max-snippet:-1, max-image-preview:large, max-video-preview:-1\" \/>\n<link rel=\"canonical\" href=\"https:\/\/ticsalutsocial.atoom.space\/es\/noticia\/nova-convocatoria-de-subvencions-per-a-projectes-dinnovacio-en-salut-digital-terapies-avancades-i-salut-comunitaria\/\" \/>\n<meta property=\"og:locale\" content=\"es_ES\" \/>\n<meta property=\"og:type\" content=\"article\" \/>\n<meta property=\"og:title\" content=\"Nueva convocatoria de subvenciones para proyectos de innovaci\u00f3n en salud digital, terapias avanzadas y salud comunitaria - Fundaci\u00f3 TIC Salut i Social\" \/>\n<meta property=\"og:description\" content=\"El Ayuntamiento de Barcelona, con la colaboraci\u00f3n de la Fundaci\u00f3n \u201dla Caixa\u201d, ha abierto una nueva l\u00ednea bianual de subvenciones para impulsar proyectos de investigaci\u00f3n e innovaci\u00f3n en \u00e1mbitos estrat\u00e9gicos como las ciencias de la vida y la salud, y la sostenibilidad. Esta convocatoria representa una oportunidad clave para centros e instituciones que trabajan en [&hellip;]\" \/>\n<meta property=\"og:url\" content=\"https:\/\/ticsalutsocial.atoom.space\/es\/noticia\/nova-convocatoria-de-subvencions-per-a-projectes-dinnovacio-en-salut-digital-terapies-avancades-i-salut-comunitaria\/\" \/>\n<meta property=\"og:site_name\" content=\"Fundaci\u00f3 TIC Salut i Social\" \/>\n<meta property=\"article:modified_time\" content=\"2025-05-27T11:01:08+00:00\" \/>\n<meta property=\"og:image\" content=\"https:\/\/ticsalutsocial.atoom.space\/wp-content\/uploads\/2025\/04\/projectes-innovacio-subvencio-la-caixa.jpg\" \/>\n\t<meta property=\"og:image:width\" content=\"750\" \/>\n\t<meta property=\"og:image:height\" content=\"422\" \/>\n\t<meta property=\"og:image:type\" content=\"image\/jpeg\" \/>\n<meta name=\"twitter:card\" content=\"summary_large_image\" \/>\n<meta name=\"twitter:label1\" content=\"Tiempo de lectura\" \/>\n\t<meta name=\"twitter:data1\" content=\"2 minutos\" \/>\n<script type=\"application\/ld+json\" class=\"yoast-schema-graph\">{\"@context\":\"https:\/\/schema.org\",\"@graph\":[{\"@type\":\"WebPage\",\"@id\":\"https:\/\/ticsalutsocial.atoom.space\/es\/noticia\/nova-convocatoria-de-subvencions-per-a-projectes-dinnovacio-en-salut-digital-terapies-avancades-i-salut-comunitaria\/\",\"url\":\"https:\/\/ticsalutsocial.atoom.space\/es\/noticia\/nova-convocatoria-de-subvencions-per-a-projectes-dinnovacio-en-salut-digital-terapies-avancades-i-salut-comunitaria\/\",\"name\":\"Nueva convocatoria de subvenciones para proyectos de innovaci\u00f3n en salud digital, terapias avanzadas y salud comunitaria - Fundaci\u00f3 TIC Salut i Social\",\"isPartOf\":{\"@id\":\"https:\/\/ticsalutsocial.atoom.space\/es\/#website\"},\"primaryImageOfPage\":{\"@id\":\"https:\/\/ticsalutsocial.atoom.space\/es\/noticia\/nova-convocatoria-de-subvencions-per-a-projectes-dinnovacio-en-salut-digital-terapies-avancades-i-salut-comunitaria\/#primaryimage\"},\"image\":{\"@id\":\"https:\/\/ticsalutsocial.atoom.space\/es\/noticia\/nova-convocatoria-de-subvencions-per-a-projectes-dinnovacio-en-salut-digital-terapies-avancades-i-salut-comunitaria\/#primaryimage\"},\"thumbnailUrl\":\"https:\/\/ticsalutsocial.atoom.space\/wp-content\/uploads\/2025\/04\/projectes-innovacio-subvencio-la-caixa.jpg\",\"datePublished\":\"2025-04-16T11:14:56+00:00\",\"dateModified\":\"2025-05-27T11:01:08+00:00\",\"breadcrumb\":{\"@id\":\"https:\/\/ticsalutsocial.atoom.space\/es\/noticia\/nova-convocatoria-de-subvencions-per-a-projectes-dinnovacio-en-salut-digital-terapies-avancades-i-salut-comunitaria\/#breadcrumb\"},\"inLanguage\":\"es\",\"potentialAction\":[{\"@type\":\"ReadAction\",\"target\":[\"https:\/\/ticsalutsocial.atoom.space\/es\/noticia\/nova-convocatoria-de-subvencions-per-a-projectes-dinnovacio-en-salut-digital-terapies-avancades-i-salut-comunitaria\/\"]}]},{\"@type\":\"ImageObject\",\"inLanguage\":\"es\",\"@id\":\"https:\/\/ticsalutsocial.atoom.space\/es\/noticia\/nova-convocatoria-de-subvencions-per-a-projectes-dinnovacio-en-salut-digital-terapies-avancades-i-salut-comunitaria\/#primaryimage\",\"url\":\"https:\/\/ticsalutsocial.atoom.space\/wp-content\/uploads\/2025\/04\/projectes-innovacio-subvencio-la-caixa.jpg\",\"contentUrl\":\"https:\/\/ticsalutsocial.atoom.space\/wp-content\/uploads\/2025\/04\/projectes-innovacio-subvencio-la-caixa.jpg\",\"width\":750,\"height\":422,\"caption\":\"projectes innovaci\u00f3 subvenci\u00f3 la caixa\"},{\"@type\":\"BreadcrumbList\",\"@id\":\"https:\/\/ticsalutsocial.atoom.space\/es\/noticia\/nova-convocatoria-de-subvencions-per-a-projectes-dinnovacio-en-salut-digital-terapies-avancades-i-salut-comunitaria\/#breadcrumb\",\"itemListElement\":[{\"@type\":\"ListItem\",\"position\":1,\"name\":\"Inici\",\"item\":\"https:\/\/ticsalutsocial.atoom.space\/es\/\"},{\"@type\":\"ListItem\",\"position\":2,\"name\":\"Nueva convocatoria de subvenciones para proyectos de innovaci\u00f3n en salud digital, terapias avanzadas y salud comunitaria\"}]},{\"@type\":\"WebSite\",\"@id\":\"https:\/\/ticsalutsocial.atoom.space\/es\/#website\",\"url\":\"https:\/\/ticsalutsocial.atoom.space\/es\/\",\"name\":\"Fundaci\u00f3 TIC Salut i Social\",\"description\":\"\",\"potentialAction\":[{\"@type\":\"SearchAction\",\"target\":{\"@type\":\"EntryPoint\",\"urlTemplate\":\"https:\/\/ticsalutsocial.atoom.space\/es\/?s={search_term_string}\"},\"query-input\":{\"@type\":\"PropertyValueSpecification\",\"valueRequired\":true,\"valueName\":\"search_term_string\"}}],\"inLanguage\":\"es\"}]}<\/script>\n<!-- \/ Yoast SEO plugin. -->","yoast_head_json":{"title":"Nueva convocatoria de subvenciones para proyectos de innovaci\u00f3n en salud digital, terapias avanzadas y salud comunitaria - Fundaci\u00f3 TIC Salut i Social","robots":{"index":"index","follow":"follow","max-snippet":"max-snippet:-1","max-image-preview":"max-image-preview:large","max-video-preview":"max-video-preview:-1"},"canonical":"https:\/\/ticsalutsocial.atoom.space\/es\/noticia\/nova-convocatoria-de-subvencions-per-a-projectes-dinnovacio-en-salut-digital-terapies-avancades-i-salut-comunitaria\/","og_locale":"es_ES","og_type":"article","og_title":"Nueva convocatoria de subvenciones para proyectos de innovaci\u00f3n en salud digital, terapias avanzadas y salud comunitaria - Fundaci\u00f3 TIC Salut i Social","og_description":"El Ayuntamiento de Barcelona, con la colaboraci\u00f3n de la Fundaci\u00f3n \u201dla Caixa\u201d, ha abierto una nueva l\u00ednea bianual de subvenciones para impulsar proyectos de investigaci\u00f3n e innovaci\u00f3n en \u00e1mbitos estrat\u00e9gicos como las ciencias de la vida y la salud, y la sostenibilidad. Esta convocatoria representa una oportunidad clave para centros e instituciones que trabajan en [&hellip;]","og_url":"https:\/\/ticsalutsocial.atoom.space\/es\/noticia\/nova-convocatoria-de-subvencions-per-a-projectes-dinnovacio-en-salut-digital-terapies-avancades-i-salut-comunitaria\/","og_site_name":"Fundaci\u00f3 TIC Salut i Social","article_modified_time":"2025-05-27T11:01:08+00:00","og_image":[{"width":750,"height":422,"url":"https:\/\/ticsalutsocial.atoom.space\/wp-content\/uploads\/2025\/04\/projectes-innovacio-subvencio-la-caixa.jpg","type":"image\/jpeg"}],"twitter_card":"summary_large_image","twitter_misc":{"Tiempo de lectura":"2 minutos"},"schema":{"@context":"https:\/\/schema.org","@graph":[{"@type":"WebPage","@id":"https:\/\/ticsalutsocial.atoom.space\/es\/noticia\/nova-convocatoria-de-subvencions-per-a-projectes-dinnovacio-en-salut-digital-terapies-avancades-i-salut-comunitaria\/","url":"https:\/\/ticsalutsocial.atoom.space\/es\/noticia\/nova-convocatoria-de-subvencions-per-a-projectes-dinnovacio-en-salut-digital-terapies-avancades-i-salut-comunitaria\/","name":"Nueva convocatoria de subvenciones para proyectos de innovaci\u00f3n en salud digital, terapias avanzadas y salud comunitaria - Fundaci\u00f3 TIC Salut i Social","isPartOf":{"@id":"https:\/\/ticsalutsocial.atoom.space\/es\/#website"},"primaryImageOfPage":{"@id":"https:\/\/ticsalutsocial.atoom.space\/es\/noticia\/nova-convocatoria-de-subvencions-per-a-projectes-dinnovacio-en-salut-digital-terapies-avancades-i-salut-comunitaria\/#primaryimage"},"image":{"@id":"https:\/\/ticsalutsocial.atoom.space\/es\/noticia\/nova-convocatoria-de-subvencions-per-a-projectes-dinnovacio-en-salut-digital-terapies-avancades-i-salut-comunitaria\/#primaryimage"},"thumbnailUrl":"https:\/\/ticsalutsocial.atoom.space\/wp-content\/uploads\/2025\/04\/projectes-innovacio-subvencio-la-caixa.jpg","datePublished":"2025-04-16T11:14:56+00:00","dateModified":"2025-05-27T11:01:08+00:00","breadcrumb":{"@id":"https:\/\/ticsalutsocial.atoom.space\/es\/noticia\/nova-convocatoria-de-subvencions-per-a-projectes-dinnovacio-en-salut-digital-terapies-avancades-i-salut-comunitaria\/#breadcrumb"},"inLanguage":"es","potentialAction":[{"@type":"ReadAction","target":["https:\/\/ticsalutsocial.atoom.space\/es\/noticia\/nova-convocatoria-de-subvencions-per-a-projectes-dinnovacio-en-salut-digital-terapies-avancades-i-salut-comunitaria\/"]}]},{"@type":"ImageObject","inLanguage":"es","@id":"https:\/\/ticsalutsocial.atoom.space\/es\/noticia\/nova-convocatoria-de-subvencions-per-a-projectes-dinnovacio-en-salut-digital-terapies-avancades-i-salut-comunitaria\/#primaryimage","url":"https:\/\/ticsalutsocial.atoom.space\/wp-content\/uploads\/2025\/04\/projectes-innovacio-subvencio-la-caixa.jpg","contentUrl":"https:\/\/ticsalutsocial.atoom.space\/wp-content\/uploads\/2025\/04\/projectes-innovacio-subvencio-la-caixa.jpg","width":750,"height":422,"caption":"projectes innovaci\u00f3 subvenci\u00f3 la caixa"},{"@type":"BreadcrumbList","@id":"https:\/\/ticsalutsocial.atoom.space\/es\/noticia\/nova-convocatoria-de-subvencions-per-a-projectes-dinnovacio-en-salut-digital-terapies-avancades-i-salut-comunitaria\/#breadcrumb","itemListElement":[{"@type":"ListItem","position":1,"name":"Inici","item":"https:\/\/ticsalutsocial.atoom.space\/es\/"},{"@type":"ListItem","position":2,"name":"Nueva convocatoria de subvenciones para proyectos de innovaci\u00f3n en salud digital, terapias avanzadas y salud comunitaria"}]},{"@type":"WebSite","@id":"https:\/\/ticsalutsocial.atoom.space\/es\/#website","url":"https:\/\/ticsalutsocial.atoom.space\/es\/","name":"Fundaci\u00f3 TIC Salut i Social","description":"","potentialAction":[{"@type":"SearchAction","target":{"@type":"EntryPoint","urlTemplate":"https:\/\/ticsalutsocial.atoom.space\/es\/?s={search_term_string}"},"query-input":{"@type":"PropertyValueSpecification","valueRequired":true,"valueName":"search_term_string"}}],"inLanguage":"es"}]}},"_links":{"self":[{"href":"https:\/\/ticsalutsocial.atoom.space\/es\/wp-json\/wp\/v2\/noticia\/31760","targetHints":{"allow":["GET"]}}],"collection":[{"href":"https:\/\/ticsalutsocial.atoom.space\/es\/wp-json\/wp\/v2\/noticia"}],"about":[{"href":"https:\/\/ticsalutsocial.atoom.space\/es\/wp-json\/wp\/v2\/types\/noticia"}],"author":[{"embeddable":true,"href":"https:\/\/ticsalutsocial.atoom.space\/es\/wp-json\/wp\/v2\/users\/21"}],"wp:featuredmedia":[{"embeddable":true,"href":"https:\/\/ticsalutsocial.atoom.space\/es\/wp-json\/wp\/v2\/media\/31759"}],"wp:attachment":[{"href":"https:\/\/ticsalutsocial.atoom.space\/es\/wp-json\/wp\/v2\/media?parent=31760"}],"wp:term":[{"taxonomy":"etiqueta","embeddable":true,"href":"https:\/\/ticsalutsocial.atoom.space\/es\/wp-json\/wp\/v2\/etiqueta?post=31760"},{"taxonomy":"tipus","embeddable":true,"href":"https:\/\/ticsalutsocial.atoom.space\/es\/wp-json\/wp\/v2\/tipus?post=31760"},{"taxonomy":"topic","embeddable":true,"href":"https:\/\/ticsalutsocial.atoom.space\/es\/wp-json\/wp\/v2\/topic?post=31760"}],"curies":[{"name":"wp","href":"https:\/\/api.w.org\/{rel}","templated":true}]}}