
{"id":32063,"date":"2025-05-12T12:16:03","date_gmt":"2025-05-12T10:16:03","guid":{"rendered":"https:\/\/ticsalutsocial.atoom.space\/noticia\/la-fundacio-tic-salut-i-social-participa-en-la-jornada-sobre-els-reptes-de-la-sanitat-catalana-organitzada-per-foment-del-treball\/"},"modified":"2025-05-27T12:52:36","modified_gmt":"2025-05-27T10:52:36","slug":"la-fundacio-tic-salut-i-social-participa-en-la-jornada-sobre-els-reptes-de-la-sanitat-catalana-organitzada-per-foment-del-treball","status":"publish","type":"noticia","link":"https:\/\/ticsalutsocial.atoom.space\/es\/noticia\/la-fundacio-tic-salut-i-social-participa-en-la-jornada-sobre-els-reptes-de-la-sanitat-catalana-organitzada-per-foment-del-treball\/","title":{"rendered":"La Fundaci\u00f3n TIC Salut Social participa en la jornada sobre los retos de la sanidad catalana, organizada por Foment del Treball"},"content":{"rendered":"\r\n<p data-start=\"220\" data-end=\"409\"><strong>Joan Guanyabens<\/strong>, director de la Fundaci\u00f3n TIC Salut Social, defiende el papel clave de la transformaci\u00f3n digital para garantizar la sostenibilidad y la personalizaci\u00f3n del sistema de salud.<\/p>\r\n<p data-start=\"411\" data-end=\"744\">El pasado mi\u00e9rcoles 8 de mayo, <strong data-start=\"442\" data-end=\"464\">Foment del Treball<\/strong> y <strong data-start=\"467\" data-end=\"491\">Boehringer Ingelheim<\/strong> organizaron la jornada <strong data-start=\"515\" data-end=\"574\">\u00abRetos de la sanidad catalana en la actual legislatura\u00bb<\/strong>, un encuentro que reuni\u00f3 a representantes institucionales, expertos del sector salud y profesionales vinculados a la investigaci\u00f3n, la gesti\u00f3n y la innovaci\u00f3n sanitaria.<\/p>\r\n<p data-start=\"746\" data-end=\"984\">La <strong data-start=\"749\" data-end=\"779\">Fundaci\u00f3n TIC Salut Social<\/strong> particip\u00f3 activamente en la sesi\u00f3n a trav\u00e9s de su director, <strong data-start=\"840\" data-end=\"859\">Joan Guanyabens<\/strong>, que intervino en la mesa redonda dedicada a los <strong data-start=\"909\" data-end=\"940\">retos en pol\u00edticas de salud<\/strong>. Durante su exposici\u00f3n, Guanyabens remarc\u00f3:<\/p>\r\n<blockquote data-start=\"986\" data-end=\"1194\">\r\n<p data-start=\"988\" data-end=\"1194\">\u201cDebemos utilizar bien las posibilidades de las tecnolog\u00edas de la informaci\u00f3n y el conocimiento para abordar los principales retos de los sistemas de salud: sostenibilidad y personalizaci\u00f3n (humanizaci\u00f3n).\u201d<\/p>\r\n<\/blockquote>\r\n<p data-start=\"1196\" data-end=\"1413\">Esta reflexi\u00f3n se alinea con la misi\u00f3n de la Fundaci\u00f3n, que promueve la adopci\u00f3n de soluciones digitales que sit\u00faen a la ciudadan\u00eda en el centro del sistema y garanticen una atenci\u00f3n m\u00e1s eficiente, segura y conectada.<\/p>\r\n<p data-start=\"1415\" data-end=\"1665\">La consellera de Salud, <strong data-start=\"1439\" data-end=\"1452\">Olga Pan\u00e9<\/strong>, inaugur\u00f3 la jornada subrayando que el sistema sanitario catal\u00e1n afronta desaf\u00edos que no solo requieren m\u00e1s recursos, sino tambi\u00e9n <strong data-start=\"1584\" data-end=\"1620\">reformas estructurales profundas<\/strong>. Pan\u00e9 destac\u00f3, entre otros, la necesidad de:<\/p>\r\n<ul data-start=\"1667\" data-end=\"1855\">\r\n<li data-start=\"1667\" data-end=\"1726\">\r\n<p data-start=\"1669\" data-end=\"1726\">Resolver el d\u00e9ficit cr\u00f3nico de financiaci\u00f3n del sistema<\/p>\r\n<\/li>\r\n<li data-start=\"1727\" data-end=\"1785\">\r\n<p data-start=\"1729\" data-end=\"1785\">Asegurar la accesibilidad y la continuidad asistencial<\/p>\r\n<\/li>\r\n<li data-start=\"1786\" data-end=\"1855\">\r\n<p data-start=\"1788\" data-end=\"1855\">Avanzar hacia una mejor integraci\u00f3n entre salud y atenci\u00f3n social<\/p>\r\n<\/li>\r\n<\/ul>\r\n<p data-start=\"1857\" data-end=\"2191\">Tambi\u00e9n se puso de manifiesto el valor estrat\u00e9gico del sector salud como <strong data-start=\"1930\" data-end=\"1958\">motor econ\u00f3mico y social<\/strong>. <strong data-start=\"1960\" data-end=\"1979\">Roser Fern\u00e1ndez<\/strong>, presidenta de la Comisi\u00f3n de Atenci\u00f3n a las Personas, Salud y Social de Foment y directora general de la Uni\u00f3n Catalana de Hospitales, subray\u00f3 que la salud <strong data-start=\"2137\" data-end=\"2190\">no es solo un gasto, sino una inversi\u00f3n de futuro<\/strong>.<\/p>\r\n<p data-start=\"2193\" data-end=\"2288\">La jornada se estructur\u00f3 en tres mesas redondas, en las que se abordaron cuestiones clave como:<\/p>\r\n<ul data-start=\"2290\" data-end=\"2476\">\r\n<li data-start=\"2290\" data-end=\"2340\">\r\n<p data-start=\"2292\" data-end=\"2340\">Las pol\u00edticas de salud y el modelo asistencial<\/p>\r\n<\/li>\r\n<li data-start=\"2341\" data-end=\"2384\">\r\n<p data-start=\"2343\" data-end=\"2384\">Los retos en investigaci\u00f3n e innovaci\u00f3n<\/p>\r\n<\/li>\r\n<li data-start=\"2385\" data-end=\"2476\">\r\n<p data-start=\"2387\" data-end=\"2476\">Y la gesti\u00f3n de profesionales, la sostenibilidad econ\u00f3mica y medioambiental del sistema<\/p>\r\n<\/li>\r\n<\/ul>\r\n<p data-start=\"2478\" data-end=\"2673\">El acto fue clausurado por el director del CatSalut, <strong data-start=\"2531\" data-end=\"2554\">Alfredo Garc\u00eda D\u00edaz<\/strong>, quien reiter\u00f3 el compromiso institucional para avanzar hacia una sanidad <strong data-start=\"2629\" data-end=\"2672\">m\u00e1s digital, m\u00e1s eficiente y m\u00e1s humana<\/strong>.<\/p>\r\n","protected":false},"author":21,"featured_media":32050,"menu_order":0,"template":"","meta":{"_acf_changed":false,"inline_featured_image":false},"etiqueta":[],"tipus":[1163,1170],"topic":[],"class_list":["post-32063","noticia","type-noticia","status-publish","has-post-thumbnail","hentry","tipus-actualidad","tipus-actualitat-es"],"acf":{"autor":"","imatge":false,"textos_destacats":false,"finalitzat":false,"tipus_plantilla":"objectius","template_objectius":{"cont_principal":"","imatge":false,"cont_seguent":{"titol":"","contingut":""},"seccio_llistat":{"titol":"","llistat":false},"objectius":{"titol":"","objectius":false},"documents":false},"documents":false},"yoast_head":"<!-- This site is optimized with the Yoast SEO plugin v27.1.1 - https:\/\/yoast.com\/product\/yoast-seo-wordpress\/ -->\n<title>La Fundaci\u00f3n TIC Salut Social participa en la jornada sobre los retos de la sanidad catalana, organizada por Foment del Treball - Fundaci\u00f3 TIC Salut i Social<\/title>\n<meta name=\"robots\" content=\"index, follow, max-snippet:-1, max-image-preview:large, max-video-preview:-1\" \/>\n<link rel=\"canonical\" href=\"https:\/\/ticsalutsocial.atoom.space\/es\/noticia\/la-fundacio-tic-salut-i-social-participa-en-la-jornada-sobre-els-reptes-de-la-sanitat-catalana-organitzada-per-foment-del-treball\/\" \/>\n<meta property=\"og:locale\" content=\"es_ES\" \/>\n<meta property=\"og:type\" content=\"article\" \/>\n<meta property=\"og:title\" content=\"La Fundaci\u00f3n TIC Salut Social participa en la jornada sobre los retos de la sanidad catalana, organizada por Foment del Treball - Fundaci\u00f3 TIC Salut i Social\" \/>\n<meta property=\"og:description\" content=\"Joan Guanyabens, director de la Fundaci\u00f3n TIC Salut Social, defiende el papel clave de la transformaci\u00f3n digital para garantizar la sostenibilidad y la personalizaci\u00f3n del sistema de salud. El pasado mi\u00e9rcoles 8 de mayo, Foment del Treball y Boehringer Ingelheim organizaron la jornada \u00abRetos de la sanidad catalana en la actual legislatura\u00bb, un encuentro que [&hellip;]\" \/>\n<meta property=\"og:url\" content=\"https:\/\/ticsalutsocial.atoom.space\/es\/noticia\/la-fundacio-tic-salut-i-social-participa-en-la-jornada-sobre-els-reptes-de-la-sanitat-catalana-organitzada-per-foment-del-treball\/\" \/>\n<meta property=\"og:site_name\" content=\"Fundaci\u00f3 TIC Salut i Social\" \/>\n<meta property=\"article:modified_time\" content=\"2025-05-27T10:52:36+00:00\" \/>\n<meta property=\"og:image\" content=\"https:\/\/ticsalutsocial.atoom.space\/wp-content\/uploads\/2025\/05\/Jornada-Foment.jpeg\" \/>\n\t<meta property=\"og:image:width\" content=\"1280\" \/>\n\t<meta property=\"og:image:height\" content=\"853\" \/>\n\t<meta property=\"og:image:type\" content=\"image\/jpeg\" \/>\n<meta name=\"twitter:card\" content=\"summary_large_image\" \/>\n<meta name=\"twitter:label1\" content=\"Tiempo de lectura\" \/>\n\t<meta name=\"twitter:data1\" content=\"3 minutos\" \/>\n<script type=\"application\/ld+json\" class=\"yoast-schema-graph\">{\"@context\":\"https:\/\/schema.org\",\"@graph\":[{\"@type\":\"WebPage\",\"@id\":\"https:\/\/ticsalutsocial.atoom.space\/es\/noticia\/la-fundacio-tic-salut-i-social-participa-en-la-jornada-sobre-els-reptes-de-la-sanitat-catalana-organitzada-per-foment-del-treball\/\",\"url\":\"https:\/\/ticsalutsocial.atoom.space\/es\/noticia\/la-fundacio-tic-salut-i-social-participa-en-la-jornada-sobre-els-reptes-de-la-sanitat-catalana-organitzada-per-foment-del-treball\/\",\"name\":\"La Fundaci\u00f3n TIC Salut Social participa en la jornada sobre los retos de la sanidad catalana, organizada por Foment del Treball - Fundaci\u00f3 TIC Salut i Social\",\"isPartOf\":{\"@id\":\"https:\/\/ticsalutsocial.atoom.space\/es\/#website\"},\"primaryImageOfPage\":{\"@id\":\"https:\/\/ticsalutsocial.atoom.space\/es\/noticia\/la-fundacio-tic-salut-i-social-participa-en-la-jornada-sobre-els-reptes-de-la-sanitat-catalana-organitzada-per-foment-del-treball\/#primaryimage\"},\"image\":{\"@id\":\"https:\/\/ticsalutsocial.atoom.space\/es\/noticia\/la-fundacio-tic-salut-i-social-participa-en-la-jornada-sobre-els-reptes-de-la-sanitat-catalana-organitzada-per-foment-del-treball\/#primaryimage\"},\"thumbnailUrl\":\"https:\/\/ticsalutsocial.atoom.space\/wp-content\/uploads\/2025\/05\/Jornada-Foment.jpeg\",\"datePublished\":\"2025-05-12T10:16:03+00:00\",\"dateModified\":\"2025-05-27T10:52:36+00:00\",\"breadcrumb\":{\"@id\":\"https:\/\/ticsalutsocial.atoom.space\/es\/noticia\/la-fundacio-tic-salut-i-social-participa-en-la-jornada-sobre-els-reptes-de-la-sanitat-catalana-organitzada-per-foment-del-treball\/#breadcrumb\"},\"inLanguage\":\"es\",\"potentialAction\":[{\"@type\":\"ReadAction\",\"target\":[\"https:\/\/ticsalutsocial.atoom.space\/es\/noticia\/la-fundacio-tic-salut-i-social-participa-en-la-jornada-sobre-els-reptes-de-la-sanitat-catalana-organitzada-per-foment-del-treball\/\"]}]},{\"@type\":\"ImageObject\",\"inLanguage\":\"es\",\"@id\":\"https:\/\/ticsalutsocial.atoom.space\/es\/noticia\/la-fundacio-tic-salut-i-social-participa-en-la-jornada-sobre-els-reptes-de-la-sanitat-catalana-organitzada-per-foment-del-treball\/#primaryimage\",\"url\":\"https:\/\/ticsalutsocial.atoom.space\/wp-content\/uploads\/2025\/05\/Jornada-Foment.jpeg\",\"contentUrl\":\"https:\/\/ticsalutsocial.atoom.space\/wp-content\/uploads\/2025\/05\/Jornada-Foment.jpeg\",\"width\":1280,\"height\":853},{\"@type\":\"BreadcrumbList\",\"@id\":\"https:\/\/ticsalutsocial.atoom.space\/es\/noticia\/la-fundacio-tic-salut-i-social-participa-en-la-jornada-sobre-els-reptes-de-la-sanitat-catalana-organitzada-per-foment-del-treball\/#breadcrumb\",\"itemListElement\":[{\"@type\":\"ListItem\",\"position\":1,\"name\":\"Inici\",\"item\":\"https:\/\/ticsalutsocial.atoom.space\/es\/\"},{\"@type\":\"ListItem\",\"position\":2,\"name\":\"La Fundaci\u00f3n TIC Salut Social participa en la jornada sobre los retos de la sanidad catalana, organizada por Foment del Treball\"}]},{\"@type\":\"WebSite\",\"@id\":\"https:\/\/ticsalutsocial.atoom.space\/es\/#website\",\"url\":\"https:\/\/ticsalutsocial.atoom.space\/es\/\",\"name\":\"Fundaci\u00f3 TIC Salut i Social\",\"description\":\"\",\"potentialAction\":[{\"@type\":\"SearchAction\",\"target\":{\"@type\":\"EntryPoint\",\"urlTemplate\":\"https:\/\/ticsalutsocial.atoom.space\/es\/?s={search_term_string}\"},\"query-input\":{\"@type\":\"PropertyValueSpecification\",\"valueRequired\":true,\"valueName\":\"search_term_string\"}}],\"inLanguage\":\"es\"}]}<\/script>\n<!-- \/ Yoast SEO plugin. -->","yoast_head_json":{"title":"La Fundaci\u00f3n TIC Salut Social participa en la jornada sobre los retos de la sanidad catalana, organizada por Foment del Treball - Fundaci\u00f3 TIC Salut i Social","robots":{"index":"index","follow":"follow","max-snippet":"max-snippet:-1","max-image-preview":"max-image-preview:large","max-video-preview":"max-video-preview:-1"},"canonical":"https:\/\/ticsalutsocial.atoom.space\/es\/noticia\/la-fundacio-tic-salut-i-social-participa-en-la-jornada-sobre-els-reptes-de-la-sanitat-catalana-organitzada-per-foment-del-treball\/","og_locale":"es_ES","og_type":"article","og_title":"La Fundaci\u00f3n TIC Salut Social participa en la jornada sobre los retos de la sanidad catalana, organizada por Foment del Treball - Fundaci\u00f3 TIC Salut i Social","og_description":"Joan Guanyabens, director de la Fundaci\u00f3n TIC Salut Social, defiende el papel clave de la transformaci\u00f3n digital para garantizar la sostenibilidad y la personalizaci\u00f3n del sistema de salud. El pasado mi\u00e9rcoles 8 de mayo, Foment del Treball y Boehringer Ingelheim organizaron la jornada \u00abRetos de la sanidad catalana en la actual legislatura\u00bb, un encuentro que [&hellip;]","og_url":"https:\/\/ticsalutsocial.atoom.space\/es\/noticia\/la-fundacio-tic-salut-i-social-participa-en-la-jornada-sobre-els-reptes-de-la-sanitat-catalana-organitzada-per-foment-del-treball\/","og_site_name":"Fundaci\u00f3 TIC Salut i Social","article_modified_time":"2025-05-27T10:52:36+00:00","og_image":[{"width":1280,"height":853,"url":"https:\/\/ticsalutsocial.atoom.space\/wp-content\/uploads\/2025\/05\/Jornada-Foment.jpeg","type":"image\/jpeg"}],"twitter_card":"summary_large_image","twitter_misc":{"Tiempo de lectura":"3 minutos"},"schema":{"@context":"https:\/\/schema.org","@graph":[{"@type":"WebPage","@id":"https:\/\/ticsalutsocial.atoom.space\/es\/noticia\/la-fundacio-tic-salut-i-social-participa-en-la-jornada-sobre-els-reptes-de-la-sanitat-catalana-organitzada-per-foment-del-treball\/","url":"https:\/\/ticsalutsocial.atoom.space\/es\/noticia\/la-fundacio-tic-salut-i-social-participa-en-la-jornada-sobre-els-reptes-de-la-sanitat-catalana-organitzada-per-foment-del-treball\/","name":"La Fundaci\u00f3n TIC Salut Social participa en la jornada sobre los retos de la sanidad catalana, organizada por Foment del Treball - Fundaci\u00f3 TIC Salut i Social","isPartOf":{"@id":"https:\/\/ticsalutsocial.atoom.space\/es\/#website"},"primaryImageOfPage":{"@id":"https:\/\/ticsalutsocial.atoom.space\/es\/noticia\/la-fundacio-tic-salut-i-social-participa-en-la-jornada-sobre-els-reptes-de-la-sanitat-catalana-organitzada-per-foment-del-treball\/#primaryimage"},"image":{"@id":"https:\/\/ticsalutsocial.atoom.space\/es\/noticia\/la-fundacio-tic-salut-i-social-participa-en-la-jornada-sobre-els-reptes-de-la-sanitat-catalana-organitzada-per-foment-del-treball\/#primaryimage"},"thumbnailUrl":"https:\/\/ticsalutsocial.atoom.space\/wp-content\/uploads\/2025\/05\/Jornada-Foment.jpeg","datePublished":"2025-05-12T10:16:03+00:00","dateModified":"2025-05-27T10:52:36+00:00","breadcrumb":{"@id":"https:\/\/ticsalutsocial.atoom.space\/es\/noticia\/la-fundacio-tic-salut-i-social-participa-en-la-jornada-sobre-els-reptes-de-la-sanitat-catalana-organitzada-per-foment-del-treball\/#breadcrumb"},"inLanguage":"es","potentialAction":[{"@type":"ReadAction","target":["https:\/\/ticsalutsocial.atoom.space\/es\/noticia\/la-fundacio-tic-salut-i-social-participa-en-la-jornada-sobre-els-reptes-de-la-sanitat-catalana-organitzada-per-foment-del-treball\/"]}]},{"@type":"ImageObject","inLanguage":"es","@id":"https:\/\/ticsalutsocial.atoom.space\/es\/noticia\/la-fundacio-tic-salut-i-social-participa-en-la-jornada-sobre-els-reptes-de-la-sanitat-catalana-organitzada-per-foment-del-treball\/#primaryimage","url":"https:\/\/ticsalutsocial.atoom.space\/wp-content\/uploads\/2025\/05\/Jornada-Foment.jpeg","contentUrl":"https:\/\/ticsalutsocial.atoom.space\/wp-content\/uploads\/2025\/05\/Jornada-Foment.jpeg","width":1280,"height":853},{"@type":"BreadcrumbList","@id":"https:\/\/ticsalutsocial.atoom.space\/es\/noticia\/la-fundacio-tic-salut-i-social-participa-en-la-jornada-sobre-els-reptes-de-la-sanitat-catalana-organitzada-per-foment-del-treball\/#breadcrumb","itemListElement":[{"@type":"ListItem","position":1,"name":"Inici","item":"https:\/\/ticsalutsocial.atoom.space\/es\/"},{"@type":"ListItem","position":2,"name":"La Fundaci\u00f3n TIC Salut Social participa en la jornada sobre los retos de la sanidad catalana, organizada por Foment del Treball"}]},{"@type":"WebSite","@id":"https:\/\/ticsalutsocial.atoom.space\/es\/#website","url":"https:\/\/ticsalutsocial.atoom.space\/es\/","name":"Fundaci\u00f3 TIC Salut i Social","description":"","potentialAction":[{"@type":"SearchAction","target":{"@type":"EntryPoint","urlTemplate":"https:\/\/ticsalutsocial.atoom.space\/es\/?s={search_term_string}"},"query-input":{"@type":"PropertyValueSpecification","valueRequired":true,"valueName":"search_term_string"}}],"inLanguage":"es"}]}},"_links":{"self":[{"href":"https:\/\/ticsalutsocial.atoom.space\/es\/wp-json\/wp\/v2\/noticia\/32063","targetHints":{"allow":["GET"]}}],"collection":[{"href":"https:\/\/ticsalutsocial.atoom.space\/es\/wp-json\/wp\/v2\/noticia"}],"about":[{"href":"https:\/\/ticsalutsocial.atoom.space\/es\/wp-json\/wp\/v2\/types\/noticia"}],"author":[{"embeddable":true,"href":"https:\/\/ticsalutsocial.atoom.space\/es\/wp-json\/wp\/v2\/users\/21"}],"wp:featuredmedia":[{"embeddable":true,"href":"https:\/\/ticsalutsocial.atoom.space\/es\/wp-json\/wp\/v2\/media\/32050"}],"wp:attachment":[{"href":"https:\/\/ticsalutsocial.atoom.space\/es\/wp-json\/wp\/v2\/media?parent=32063"}],"wp:term":[{"taxonomy":"etiqueta","embeddable":true,"href":"https:\/\/ticsalutsocial.atoom.space\/es\/wp-json\/wp\/v2\/etiqueta?post=32063"},{"taxonomy":"tipus","embeddable":true,"href":"https:\/\/ticsalutsocial.atoom.space\/es\/wp-json\/wp\/v2\/tipus?post=32063"},{"taxonomy":"topic","embeddable":true,"href":"https:\/\/ticsalutsocial.atoom.space\/es\/wp-json\/wp\/v2\/topic?post=32063"}],"curies":[{"name":"wp","href":"https:\/\/api.w.org\/{rel}","templated":true}]}}