
{"id":32079,"date":"2025-05-13T12:29:32","date_gmt":"2025-05-13T10:29:32","guid":{"rendered":"https:\/\/ticsalutsocial.atoom.space\/noticia\/barcelona-acull-tres-dies-inspiradors-dinnovacio-i-collaboracio-en-envelliment-saludable\/"},"modified":"2025-05-13T12:33:27","modified_gmt":"2025-05-13T10:33:27","slug":"barcelona-acull-tres-dies-inspiradors-dinnovacio-i-collaboracio-en-envelliment-saludable","status":"publish","type":"noticia","link":"https:\/\/ticsalutsocial.atoom.space\/es\/noticia\/barcelona-acull-tres-dies-inspiradors-dinnovacio-i-collaboracio-en-envelliment-saludable\/","title":{"rendered":"\u00a1Barcelona acoge tres d\u00edas inspiradores de innovaci\u00f3n y colaboraci\u00f3n en envejecimiento saludable!"},"content":{"rendered":"<p data-start=\"197\" data-end=\"618\">Del 6 al 7 de mayo, <strong>COMFORTage<\/strong> celebr\u00f3 su tercera <strong>Asamblea General en Barcelona<\/strong> (y su primer evento conjunto con el proyecto STAGE), acogida por <strong>Ace Alzheimer Center<\/strong> y la <strong>Fundaci\u00f3n TIC Salut Social<\/strong>. Las dos jornadas reunieron a los socios del consorcio para la planificaci\u00f3n estrat\u00e9gica, la alineaci\u00f3n t\u00e9cnica y talleres colaborativos en preparaci\u00f3n para la primera revisi\u00f3n del proyecto por parte de la Comisi\u00f3n Europea.<\/p>\n<p data-start=\"620\" data-end=\"1177\">Los objetivos clave incluyeron la mejora del relato del proyecto, la actualizaci\u00f3n del enfoque t\u00e9cnico y la arquitectura del sistema, la identificaci\u00f3n de brechas cr\u00edticas y el avance de los planes para los pr\u00f3ximos meses. Las sesiones interactivas permitieron a los socios alinearse en las tareas t\u00e9cnicas, evaluar el estado de los pilotos y aclarar responsabilidades en todos los paquetes de trabajo. Se hizo especial hincapi\u00e9 en garantizar la relevancia de los actores implicados y trazar el camino hacia la adopci\u00f3n de la plataforma y su impacto social.<\/p>\n<p data-start=\"1179\" data-end=\"1549\">Los socios participaron en intercambios interdisciplinarios que reforzaron el compromiso compartido con la innovaci\u00f3n, la colaboraci\u00f3n y la excelencia en salud digital y atenci\u00f3n personalizada para abordar la fragilidad y la demencia. Las sesiones din\u00e1micas ayudaron a consolidar la estrategia del proyecto y a reforzar su alineaci\u00f3n con los objetivos de <strong>Horizon Europe<\/strong>.<\/p>\n<p data-start=\"1551\" data-end=\"2018\">La asamblea concluy\u00f3 con un evento conjunto el 8 de mayo en la emblem\u00e1tica<strong> Casa Convalesc\u00e8ncia (Hospital de la Santa Creu i Sant Pau)<\/strong>, dentro de la iniciativa <strong>Ageing Deal<\/strong>. En colaboraci\u00f3n con el proyecto <strong>THE STAGE<\/strong> y con la participaci\u00f3n del proyecto <strong>SMILE<\/strong>, la jornada reuni\u00f3 a investigadores, responsables pol\u00edticos, profesionales de la salud e innovadores de toda Europa, incluidos representantes de la Comisi\u00f3n Europea, organizaciones catalanas y pymes innovadoras.<\/p>\n<p data-start=\"2020\" data-end=\"2055\">La agenda destac\u00f3 temas clave como:<\/p>\n<ul data-start=\"2057\" data-end=\"2330\">\n<li data-start=\"2057\" data-end=\"2115\">\n<p data-start=\"2059\" data-end=\"2115\">Modelos de atenci\u00f3n integrada y centrada en la persona<\/p>\n<\/li>\n<li data-start=\"2116\" data-end=\"2178\">\n<p data-start=\"2118\" data-end=\"2178\">Transformaci\u00f3n digital de los sistemas de salud y cuidados<\/p>\n<\/li>\n<li data-start=\"2179\" data-end=\"2226\">\n<p data-start=\"2181\" data-end=\"2226\">Innovaci\u00f3n social y prestaci\u00f3n de servicios<\/p>\n<\/li>\n<li data-start=\"2227\" data-end=\"2330\">\n<p data-start=\"2229\" data-end=\"2330\">Empoderamiento ciudadano y el papel de las personas mayores en la definici\u00f3n de su futuro asistencial<\/p>\n<\/li>\n<\/ul>\n<p data-start=\"2332\" data-end=\"2551\">Los debates y talleres ofrecieron un espacio pr\u00e1ctico para la creaci\u00f3n de nuevas alianzas, sentando las bases para futuras acciones conjuntas y soluciones escalables que aborden los retos del cambio demogr\u00e1fico europeo.<\/p>\n<p data-start=\"2553\" data-end=\"2986\">El evento fue un recordatorio poderoso de que envejecer no es un reto a superar, sino un valor que abrazar, inspirando una acci\u00f3n colectiva para una sociedad m\u00e1s saludable e inclusiva para todos. A trav\u00e9s de la ciencia, la tecnolog\u00eda y el dise\u00f1o centrado en las personas, el proyecto COMFORTage y sus socios est\u00e1n redefiniendo c\u00f3mo envejecemos, con el objetivo de una sociedad m\u00e1s sana, justa e inclusiva para todas las generaciones.<\/p>\n<p data-start=\"2988\" data-end=\"3250\">\n","protected":false},"author":21,"featured_media":32078,"menu_order":0,"template":"","meta":{"_acf_changed":false,"inline_featured_image":false},"etiqueta":[],"tipus":[725],"topic":[127],"class_list":["post-32079","noticia","type-noticia","status-publish","has-post-thumbnail","hentry","tipus-proyectos","topic-proyectos"],"acf":{"autor":"","imatge":32078,"textos_destacats":[{"texte":"COMFORTage (Predicci\u00f3n, Monitorizaci\u00f3n y Recomendaciones Personalizadas para la Prevenci\u00f3n y el Alivio de la Demencia y la Fragilidad) es un proyecto de Horizon Europe que impulsa soluciones y recopila datos para la prevenci\u00f3n de la fragilidad y la demencia."}],"documents":false,"finalitzat":false,"tipus_plantilla":"objectius","template_objectius":{"cont_principal":"","imatge":false,"cont_seguent":{"titol":"","contingut":""},"seccio_llistat":{"titol":"","llistat":false},"objectius":{"titol":"","objectius":false},"documents":false}},"yoast_head":"<!-- This site is optimized with the Yoast SEO plugin v27.1.1 - https:\/\/yoast.com\/product\/yoast-seo-wordpress\/ -->\n<title>\u00a1Barcelona acoge tres d\u00edas inspiradores de innovaci\u00f3n y colaboraci\u00f3n en envejecimiento saludable! - Fundaci\u00f3 TIC Salut i Social<\/title>\n<meta name=\"robots\" content=\"index, follow, max-snippet:-1, max-image-preview:large, max-video-preview:-1\" \/>\n<link rel=\"canonical\" href=\"https:\/\/ticsalutsocial.atoom.space\/es\/noticia\/barcelona-acull-tres-dies-inspiradors-dinnovacio-i-collaboracio-en-envelliment-saludable\/\" \/>\n<meta property=\"og:locale\" content=\"es_ES\" \/>\n<meta property=\"og:type\" content=\"article\" \/>\n<meta property=\"og:title\" content=\"\u00a1Barcelona acoge tres d\u00edas inspiradores de innovaci\u00f3n y colaboraci\u00f3n en envejecimiento saludable! - Fundaci\u00f3 TIC Salut i Social\" \/>\n<meta property=\"og:description\" content=\"Del 6 al 7 de mayo, COMFORTage celebr\u00f3 su tercera Asamblea General en Barcelona (y su primer evento conjunto con el proyecto STAGE), acogida por Ace Alzheimer Center y la Fundaci\u00f3n TIC Salut Social. Las dos jornadas reunieron a los socios del consorcio para la planificaci\u00f3n estrat\u00e9gica, la alineaci\u00f3n t\u00e9cnica y talleres colaborativos en preparaci\u00f3n [&hellip;]\" \/>\n<meta property=\"og:url\" content=\"https:\/\/ticsalutsocial.atoom.space\/es\/noticia\/barcelona-acull-tres-dies-inspiradors-dinnovacio-i-collaboracio-en-envelliment-saludable\/\" \/>\n<meta property=\"og:site_name\" content=\"Fundaci\u00f3 TIC Salut i Social\" \/>\n<meta property=\"article:modified_time\" content=\"2025-05-13T10:33:27+00:00\" \/>\n<meta property=\"og:image\" content=\"https:\/\/ticsalutsocial.atoom.space\/wp-content\/uploads\/2025\/05\/1746638985057.jpg\" \/>\n\t<meta property=\"og:image:width\" content=\"2048\" \/>\n\t<meta property=\"og:image:height\" content=\"1351\" \/>\n\t<meta property=\"og:image:type\" content=\"image\/jpeg\" \/>\n<meta name=\"twitter:card\" content=\"summary_large_image\" \/>\n<meta name=\"twitter:label1\" content=\"Tiempo de lectura\" \/>\n\t<meta name=\"twitter:data1\" content=\"3 minutos\" \/>\n<script type=\"application\/ld+json\" class=\"yoast-schema-graph\">{\"@context\":\"https:\/\/schema.org\",\"@graph\":[{\"@type\":\"WebPage\",\"@id\":\"https:\/\/ticsalutsocial.atoom.space\/es\/noticia\/barcelona-acull-tres-dies-inspiradors-dinnovacio-i-collaboracio-en-envelliment-saludable\/\",\"url\":\"https:\/\/ticsalutsocial.atoom.space\/es\/noticia\/barcelona-acull-tres-dies-inspiradors-dinnovacio-i-collaboracio-en-envelliment-saludable\/\",\"name\":\"\u00a1Barcelona acoge tres d\u00edas inspiradores de innovaci\u00f3n y colaboraci\u00f3n en envejecimiento saludable! - Fundaci\u00f3 TIC Salut i Social\",\"isPartOf\":{\"@id\":\"https:\/\/ticsalutsocial.atoom.space\/es\/#website\"},\"primaryImageOfPage\":{\"@id\":\"https:\/\/ticsalutsocial.atoom.space\/es\/noticia\/barcelona-acull-tres-dies-inspiradors-dinnovacio-i-collaboracio-en-envelliment-saludable\/#primaryimage\"},\"image\":{\"@id\":\"https:\/\/ticsalutsocial.atoom.space\/es\/noticia\/barcelona-acull-tres-dies-inspiradors-dinnovacio-i-collaboracio-en-envelliment-saludable\/#primaryimage\"},\"thumbnailUrl\":\"https:\/\/ticsalutsocial.atoom.space\/wp-content\/uploads\/2025\/05\/1746638985057.jpg\",\"datePublished\":\"2025-05-13T10:29:32+00:00\",\"dateModified\":\"2025-05-13T10:33:27+00:00\",\"breadcrumb\":{\"@id\":\"https:\/\/ticsalutsocial.atoom.space\/es\/noticia\/barcelona-acull-tres-dies-inspiradors-dinnovacio-i-collaboracio-en-envelliment-saludable\/#breadcrumb\"},\"inLanguage\":\"es\",\"potentialAction\":[{\"@type\":\"ReadAction\",\"target\":[\"https:\/\/ticsalutsocial.atoom.space\/es\/noticia\/barcelona-acull-tres-dies-inspiradors-dinnovacio-i-collaboracio-en-envelliment-saludable\/\"]}]},{\"@type\":\"ImageObject\",\"inLanguage\":\"es\",\"@id\":\"https:\/\/ticsalutsocial.atoom.space\/es\/noticia\/barcelona-acull-tres-dies-inspiradors-dinnovacio-i-collaboracio-en-envelliment-saludable\/#primaryimage\",\"url\":\"https:\/\/ticsalutsocial.atoom.space\/wp-content\/uploads\/2025\/05\/1746638985057.jpg\",\"contentUrl\":\"https:\/\/ticsalutsocial.atoom.space\/wp-content\/uploads\/2025\/05\/1746638985057.jpg\",\"width\":2048,\"height\":1351,\"caption\":\"COMFORTage\"},{\"@type\":\"BreadcrumbList\",\"@id\":\"https:\/\/ticsalutsocial.atoom.space\/es\/noticia\/barcelona-acull-tres-dies-inspiradors-dinnovacio-i-collaboracio-en-envelliment-saludable\/#breadcrumb\",\"itemListElement\":[{\"@type\":\"ListItem\",\"position\":1,\"name\":\"Inici\",\"item\":\"https:\/\/ticsalutsocial.atoom.space\/es\/\"},{\"@type\":\"ListItem\",\"position\":2,\"name\":\"\u00a1Barcelona acoge tres d\u00edas inspiradores de innovaci\u00f3n y colaboraci\u00f3n en envejecimiento saludable!\"}]},{\"@type\":\"WebSite\",\"@id\":\"https:\/\/ticsalutsocial.atoom.space\/es\/#website\",\"url\":\"https:\/\/ticsalutsocial.atoom.space\/es\/\",\"name\":\"Fundaci\u00f3 TIC Salut i Social\",\"description\":\"\",\"potentialAction\":[{\"@type\":\"SearchAction\",\"target\":{\"@type\":\"EntryPoint\",\"urlTemplate\":\"https:\/\/ticsalutsocial.atoom.space\/es\/?s={search_term_string}\"},\"query-input\":{\"@type\":\"PropertyValueSpecification\",\"valueRequired\":true,\"valueName\":\"search_term_string\"}}],\"inLanguage\":\"es\"}]}<\/script>\n<!-- \/ Yoast SEO plugin. -->","yoast_head_json":{"title":"\u00a1Barcelona acoge tres d\u00edas inspiradores de innovaci\u00f3n y colaboraci\u00f3n en envejecimiento saludable! - Fundaci\u00f3 TIC Salut i Social","robots":{"index":"index","follow":"follow","max-snippet":"max-snippet:-1","max-image-preview":"max-image-preview:large","max-video-preview":"max-video-preview:-1"},"canonical":"https:\/\/ticsalutsocial.atoom.space\/es\/noticia\/barcelona-acull-tres-dies-inspiradors-dinnovacio-i-collaboracio-en-envelliment-saludable\/","og_locale":"es_ES","og_type":"article","og_title":"\u00a1Barcelona acoge tres d\u00edas inspiradores de innovaci\u00f3n y colaboraci\u00f3n en envejecimiento saludable! - Fundaci\u00f3 TIC Salut i Social","og_description":"Del 6 al 7 de mayo, COMFORTage celebr\u00f3 su tercera Asamblea General en Barcelona (y su primer evento conjunto con el proyecto STAGE), acogida por Ace Alzheimer Center y la Fundaci\u00f3n TIC Salut Social. Las dos jornadas reunieron a los socios del consorcio para la planificaci\u00f3n estrat\u00e9gica, la alineaci\u00f3n t\u00e9cnica y talleres colaborativos en preparaci\u00f3n [&hellip;]","og_url":"https:\/\/ticsalutsocial.atoom.space\/es\/noticia\/barcelona-acull-tres-dies-inspiradors-dinnovacio-i-collaboracio-en-envelliment-saludable\/","og_site_name":"Fundaci\u00f3 TIC Salut i Social","article_modified_time":"2025-05-13T10:33:27+00:00","og_image":[{"width":2048,"height":1351,"url":"https:\/\/ticsalutsocial.atoom.space\/wp-content\/uploads\/2025\/05\/1746638985057.jpg","type":"image\/jpeg"}],"twitter_card":"summary_large_image","twitter_misc":{"Tiempo de lectura":"3 minutos"},"schema":{"@context":"https:\/\/schema.org","@graph":[{"@type":"WebPage","@id":"https:\/\/ticsalutsocial.atoom.space\/es\/noticia\/barcelona-acull-tres-dies-inspiradors-dinnovacio-i-collaboracio-en-envelliment-saludable\/","url":"https:\/\/ticsalutsocial.atoom.space\/es\/noticia\/barcelona-acull-tres-dies-inspiradors-dinnovacio-i-collaboracio-en-envelliment-saludable\/","name":"\u00a1Barcelona acoge tres d\u00edas inspiradores de innovaci\u00f3n y colaboraci\u00f3n en envejecimiento saludable! - Fundaci\u00f3 TIC Salut i Social","isPartOf":{"@id":"https:\/\/ticsalutsocial.atoom.space\/es\/#website"},"primaryImageOfPage":{"@id":"https:\/\/ticsalutsocial.atoom.space\/es\/noticia\/barcelona-acull-tres-dies-inspiradors-dinnovacio-i-collaboracio-en-envelliment-saludable\/#primaryimage"},"image":{"@id":"https:\/\/ticsalutsocial.atoom.space\/es\/noticia\/barcelona-acull-tres-dies-inspiradors-dinnovacio-i-collaboracio-en-envelliment-saludable\/#primaryimage"},"thumbnailUrl":"https:\/\/ticsalutsocial.atoom.space\/wp-content\/uploads\/2025\/05\/1746638985057.jpg","datePublished":"2025-05-13T10:29:32+00:00","dateModified":"2025-05-13T10:33:27+00:00","breadcrumb":{"@id":"https:\/\/ticsalutsocial.atoom.space\/es\/noticia\/barcelona-acull-tres-dies-inspiradors-dinnovacio-i-collaboracio-en-envelliment-saludable\/#breadcrumb"},"inLanguage":"es","potentialAction":[{"@type":"ReadAction","target":["https:\/\/ticsalutsocial.atoom.space\/es\/noticia\/barcelona-acull-tres-dies-inspiradors-dinnovacio-i-collaboracio-en-envelliment-saludable\/"]}]},{"@type":"ImageObject","inLanguage":"es","@id":"https:\/\/ticsalutsocial.atoom.space\/es\/noticia\/barcelona-acull-tres-dies-inspiradors-dinnovacio-i-collaboracio-en-envelliment-saludable\/#primaryimage","url":"https:\/\/ticsalutsocial.atoom.space\/wp-content\/uploads\/2025\/05\/1746638985057.jpg","contentUrl":"https:\/\/ticsalutsocial.atoom.space\/wp-content\/uploads\/2025\/05\/1746638985057.jpg","width":2048,"height":1351,"caption":"COMFORTage"},{"@type":"BreadcrumbList","@id":"https:\/\/ticsalutsocial.atoom.space\/es\/noticia\/barcelona-acull-tres-dies-inspiradors-dinnovacio-i-collaboracio-en-envelliment-saludable\/#breadcrumb","itemListElement":[{"@type":"ListItem","position":1,"name":"Inici","item":"https:\/\/ticsalutsocial.atoom.space\/es\/"},{"@type":"ListItem","position":2,"name":"\u00a1Barcelona acoge tres d\u00edas inspiradores de innovaci\u00f3n y colaboraci\u00f3n en envejecimiento saludable!"}]},{"@type":"WebSite","@id":"https:\/\/ticsalutsocial.atoom.space\/es\/#website","url":"https:\/\/ticsalutsocial.atoom.space\/es\/","name":"Fundaci\u00f3 TIC Salut i Social","description":"","potentialAction":[{"@type":"SearchAction","target":{"@type":"EntryPoint","urlTemplate":"https:\/\/ticsalutsocial.atoom.space\/es\/?s={search_term_string}"},"query-input":{"@type":"PropertyValueSpecification","valueRequired":true,"valueName":"search_term_string"}}],"inLanguage":"es"}]}},"_links":{"self":[{"href":"https:\/\/ticsalutsocial.atoom.space\/es\/wp-json\/wp\/v2\/noticia\/32079","targetHints":{"allow":["GET"]}}],"collection":[{"href":"https:\/\/ticsalutsocial.atoom.space\/es\/wp-json\/wp\/v2\/noticia"}],"about":[{"href":"https:\/\/ticsalutsocial.atoom.space\/es\/wp-json\/wp\/v2\/types\/noticia"}],"author":[{"embeddable":true,"href":"https:\/\/ticsalutsocial.atoom.space\/es\/wp-json\/wp\/v2\/users\/21"}],"wp:featuredmedia":[{"embeddable":true,"href":"https:\/\/ticsalutsocial.atoom.space\/es\/wp-json\/wp\/v2\/media\/32078"}],"wp:attachment":[{"href":"https:\/\/ticsalutsocial.atoom.space\/es\/wp-json\/wp\/v2\/media?parent=32079"}],"wp:term":[{"taxonomy":"etiqueta","embeddable":true,"href":"https:\/\/ticsalutsocial.atoom.space\/es\/wp-json\/wp\/v2\/etiqueta?post=32079"},{"taxonomy":"tipus","embeddable":true,"href":"https:\/\/ticsalutsocial.atoom.space\/es\/wp-json\/wp\/v2\/tipus?post=32079"},{"taxonomy":"topic","embeddable":true,"href":"https:\/\/ticsalutsocial.atoom.space\/es\/wp-json\/wp\/v2\/topic?post=32079"}],"curies":[{"name":"wp","href":"https:\/\/api.w.org\/{rel}","templated":true}]}}