
{"id":3212,"date":"2018-05-30T17:24:23","date_gmt":"2018-05-30T15:24:23","guid":{"rendered":"https:\/\/ticsalutsocial.atoom.space\/?post_type=noticia&#038;p=3212"},"modified":"2021-07-21T15:34:25","modified_gmt":"2021-07-21T13:34:25","slug":"planteamos-el-mapa-como-una-palanca-de-cambio-en-la-visibilidad-que-tiene-el-cio-dentro-de-las-organizaciones","status":"publish","type":"noticia","link":"https:\/\/ticsalutsocial.atoom.space\/es\/noticia\/planteamos-el-mapa-como-una-palanca-de-cambio-en-la-visibilidad-que-tiene-el-cio-dentro-de-las-organizaciones\/","title":{"rendered":"\u00abPlanteamos el Mapa como una palanca de cambio en la visibilidad que tiene el CIO dentro de las organizaciones\u00bb."},"content":{"rendered":"<p>Con motivo de la jornada de trabajo con los responsables de Sistemas de Informaci\u00f3n de las entidades proveedoras que forman parte del SISCAT, celebrada este martes d\u00eda 30 de mayo en el TecnoCampus de Matar\u00f3, hemos querido conocer la opini\u00f3n de Anna Benavent, presidenta de UNITSS, la Asociaci\u00f3n catalana de profesionales de inform\u00e1tica de la salud.<\/p>\n<p><strong>\u00bfQu\u00e9 valoraci\u00f3n haces de esta jornada de trabajo del informe del Mapa de Tendencias de la <em>Fundaci\u00f3 TIC Salut Social<\/em>?<\/strong><\/p>\n<p>El informe del Mapa de Tendencias es una herramienta interesante para todos los CIOs (Responsables de Sistemas de Informaci\u00f3n), pues muestra el estado de situaci\u00f3n de las nuevas tecnolog\u00edas en el \u00e1mbito de salud.<\/p>\n<p>Como presidenta de UNITSS estamos muy agradecidos a <em>TIC Salut Social<\/em> que nos haya permitido participar en su reformulaci\u00f3n y en los temas de inter\u00e9s que se tratar\u00e1n. Planteamos el Mapa como una palanca de cambio en la visibilidad que tiene el CIO dentro de las organizaciones.<\/p>\n<p><strong>\u00bfQu\u00e9 rol tiene UNITSS en la elaboraci\u00f3n de la encuesta?<\/strong><\/p>\n<p>Desde UNITSS, queremos dotar a esta encuesta de contenido que nos permita dar valor a todas las capacidades que puede tener el l\u00edder de los Sistemas de Informaci\u00f3n dentro de la transformaci\u00f3n digital de la entidad.<\/p>\n<p><strong>Contenidos relacionados con &#8230;<\/strong><\/p>\n<p>Contenidos a nivel de gobernanza y a nivel de est\u00e1ndares. En este caso, nos interesa no s\u00f3lo obtener un estado de situaci\u00f3n de c\u00f3mo est\u00e1n los centros en Catalu\u00f1a, sino llegar a obtener comparativas a trav\u00e9s de literatura y diferentes experiencias existentes en otros territorios.<\/p>\n<p><strong>\u00bfPor qu\u00e9 es tan importante esta parte cualitativa?<\/strong><\/p>\n<p>Gracias a una correcta definici\u00f3n de est\u00e1ndares, podremos establecer puntos comunes bajo los que cada centro se podr\u00e1 comparar de manera individual y conocer en qu\u00e9 aspectos debe mejorar y en qu\u00e9 otros est\u00e1 por encima de la media. Esto nos ayudar\u00e1 a promocionar, o no, determinadas iniciativas.<\/p>\n","protected":false},"author":21,"featured_media":6845,"menu_order":0,"template":"","meta":{"_acf_changed":false,"inline_featured_image":false},"etiqueta":[],"tipus":[],"topic":[121],"class_list":["post-3212","noticia","type-noticia","status-publish","has-post-thumbnail","hentry","topic-dpd-es"],"acf":{"imatge":6847,"autor":"Adri\u00e0 G.Font","textos_destacats":[{"texte":"Anna Benavent, Presidenta de UNITSS"}]},"yoast_head":"<!-- This site is optimized with the Yoast SEO plugin v27.1.1 - https:\/\/yoast.com\/product\/yoast-seo-wordpress\/ -->\n<title>&quot;Planteamos el Mapa como una palanca de cambio en la visibilidad que tiene el CIO dentro de las organizaciones&quot;. - Fundaci\u00f3 TIC Salut i Social<\/title>\n<meta name=\"robots\" content=\"index, follow, max-snippet:-1, max-image-preview:large, max-video-preview:-1\" \/>\n<link rel=\"canonical\" href=\"https:\/\/ticsalutsocial.atoom.space\/es\/noticia\/planteamos-el-mapa-como-una-palanca-de-cambio-en-la-visibilidad-que-tiene-el-cio-dentro-de-las-organizaciones\/\" \/>\n<meta property=\"og:locale\" content=\"es_ES\" \/>\n<meta property=\"og:type\" content=\"article\" \/>\n<meta property=\"og:title\" content=\"&quot;Planteamos el Mapa como una palanca de cambio en la visibilidad que tiene el CIO dentro de las organizaciones&quot;. - Fundaci\u00f3 TIC Salut i Social\" \/>\n<meta property=\"og:description\" content=\"Con motivo de la jornada de trabajo con los responsables de Sistemas de Informaci\u00f3n de las entidades proveedoras que forman parte del SISCAT, celebrada este martes d\u00eda 30 de mayo en el TecnoCampus de Matar\u00f3, hemos querido conocer la opini\u00f3n de Anna Benavent, presidenta de UNITSS, la Asociaci\u00f3n catalana de profesionales de inform\u00e1tica de la [&hellip;]\" \/>\n<meta property=\"og:url\" content=\"https:\/\/ticsalutsocial.atoom.space\/es\/noticia\/planteamos-el-mapa-como-una-palanca-de-cambio-en-la-visibilidad-que-tiene-el-cio-dentro-de-las-organizaciones\/\" \/>\n<meta property=\"og:site_name\" content=\"Fundaci\u00f3 TIC Salut i Social\" \/>\n<meta property=\"article:modified_time\" content=\"2021-07-21T13:34:25+00:00\" \/>\n<meta property=\"og:image\" content=\"https:\/\/ticsalutsocial.atoom.space\/wp-content\/uploads\/2018\/05\/05.jpg\" \/>\n\t<meta property=\"og:image:width\" content=\"2016\" \/>\n\t<meta property=\"og:image:height\" content=\"1512\" \/>\n\t<meta property=\"og:image:type\" content=\"image\/jpeg\" \/>\n<meta name=\"twitter:card\" content=\"summary_large_image\" \/>\n<meta name=\"twitter:label1\" content=\"Tiempo de lectura\" \/>\n\t<meta name=\"twitter:data1\" content=\"2 minutos\" \/>\n<script type=\"application\/ld+json\" class=\"yoast-schema-graph\">{\"@context\":\"https:\/\/schema.org\",\"@graph\":[{\"@type\":\"WebPage\",\"@id\":\"https:\/\/ticsalutsocial.atoom.space\/es\/noticia\/planteamos-el-mapa-como-una-palanca-de-cambio-en-la-visibilidad-que-tiene-el-cio-dentro-de-las-organizaciones\/\",\"url\":\"https:\/\/ticsalutsocial.atoom.space\/es\/noticia\/planteamos-el-mapa-como-una-palanca-de-cambio-en-la-visibilidad-que-tiene-el-cio-dentro-de-las-organizaciones\/\",\"name\":\"\\\"Planteamos el Mapa como una palanca de cambio en la visibilidad que tiene el CIO dentro de las organizaciones\\\". - Fundaci\u00f3 TIC Salut i Social\",\"isPartOf\":{\"@id\":\"https:\/\/ticsalutsocial.atoom.space\/es\/#website\"},\"primaryImageOfPage\":{\"@id\":\"https:\/\/ticsalutsocial.atoom.space\/es\/noticia\/planteamos-el-mapa-como-una-palanca-de-cambio-en-la-visibilidad-que-tiene-el-cio-dentro-de-las-organizaciones\/#primaryimage\"},\"image\":{\"@id\":\"https:\/\/ticsalutsocial.atoom.space\/es\/noticia\/planteamos-el-mapa-como-una-palanca-de-cambio-en-la-visibilidad-que-tiene-el-cio-dentro-de-las-organizaciones\/#primaryimage\"},\"thumbnailUrl\":\"https:\/\/ticsalutsocial.atoom.space\/wp-content\/uploads\/2018\/05\/05.jpg\",\"datePublished\":\"2018-05-30T15:24:23+00:00\",\"dateModified\":\"2021-07-21T13:34:25+00:00\",\"breadcrumb\":{\"@id\":\"https:\/\/ticsalutsocial.atoom.space\/es\/noticia\/planteamos-el-mapa-como-una-palanca-de-cambio-en-la-visibilidad-que-tiene-el-cio-dentro-de-las-organizaciones\/#breadcrumb\"},\"inLanguage\":\"es\",\"potentialAction\":[{\"@type\":\"ReadAction\",\"target\":[\"https:\/\/ticsalutsocial.atoom.space\/es\/noticia\/planteamos-el-mapa-como-una-palanca-de-cambio-en-la-visibilidad-que-tiene-el-cio-dentro-de-las-organizaciones\/\"]}]},{\"@type\":\"ImageObject\",\"inLanguage\":\"es\",\"@id\":\"https:\/\/ticsalutsocial.atoom.space\/es\/noticia\/planteamos-el-mapa-como-una-palanca-de-cambio-en-la-visibilidad-que-tiene-el-cio-dentro-de-las-organizaciones\/#primaryimage\",\"url\":\"https:\/\/ticsalutsocial.atoom.space\/wp-content\/uploads\/2018\/05\/05.jpg\",\"contentUrl\":\"https:\/\/ticsalutsocial.atoom.space\/wp-content\/uploads\/2018\/05\/05.jpg\",\"width\":2016,\"height\":1512},{\"@type\":\"BreadcrumbList\",\"@id\":\"https:\/\/ticsalutsocial.atoom.space\/es\/noticia\/planteamos-el-mapa-como-una-palanca-de-cambio-en-la-visibilidad-que-tiene-el-cio-dentro-de-las-organizaciones\/#breadcrumb\",\"itemListElement\":[{\"@type\":\"ListItem\",\"position\":1,\"name\":\"Inici\",\"item\":\"https:\/\/ticsalutsocial.atoom.space\/es\/\"},{\"@type\":\"ListItem\",\"position\":2,\"name\":\"&#8220;Planteamos el Mapa como una palanca de cambio en la visibilidad que tiene el CIO dentro de las organizaciones&#8221;.\"}]},{\"@type\":\"WebSite\",\"@id\":\"https:\/\/ticsalutsocial.atoom.space\/es\/#website\",\"url\":\"https:\/\/ticsalutsocial.atoom.space\/es\/\",\"name\":\"Fundaci\u00f3 TIC Salut i Social\",\"description\":\"\",\"potentialAction\":[{\"@type\":\"SearchAction\",\"target\":{\"@type\":\"EntryPoint\",\"urlTemplate\":\"https:\/\/ticsalutsocial.atoom.space\/es\/?s={search_term_string}\"},\"query-input\":{\"@type\":\"PropertyValueSpecification\",\"valueRequired\":true,\"valueName\":\"search_term_string\"}}],\"inLanguage\":\"es\"}]}<\/script>\n<!-- \/ Yoast SEO plugin. -->","yoast_head_json":{"title":"\"Planteamos el Mapa como una palanca de cambio en la visibilidad que tiene el CIO dentro de las organizaciones\". - Fundaci\u00f3 TIC Salut i Social","robots":{"index":"index","follow":"follow","max-snippet":"max-snippet:-1","max-image-preview":"max-image-preview:large","max-video-preview":"max-video-preview:-1"},"canonical":"https:\/\/ticsalutsocial.atoom.space\/es\/noticia\/planteamos-el-mapa-como-una-palanca-de-cambio-en-la-visibilidad-que-tiene-el-cio-dentro-de-las-organizaciones\/","og_locale":"es_ES","og_type":"article","og_title":"\"Planteamos el Mapa como una palanca de cambio en la visibilidad que tiene el CIO dentro de las organizaciones\". - Fundaci\u00f3 TIC Salut i Social","og_description":"Con motivo de la jornada de trabajo con los responsables de Sistemas de Informaci\u00f3n de las entidades proveedoras que forman parte del SISCAT, celebrada este martes d\u00eda 30 de mayo en el TecnoCampus de Matar\u00f3, hemos querido conocer la opini\u00f3n de Anna Benavent, presidenta de UNITSS, la Asociaci\u00f3n catalana de profesionales de inform\u00e1tica de la [&hellip;]","og_url":"https:\/\/ticsalutsocial.atoom.space\/es\/noticia\/planteamos-el-mapa-como-una-palanca-de-cambio-en-la-visibilidad-que-tiene-el-cio-dentro-de-las-organizaciones\/","og_site_name":"Fundaci\u00f3 TIC Salut i Social","article_modified_time":"2021-07-21T13:34:25+00:00","og_image":[{"width":2016,"height":1512,"url":"https:\/\/ticsalutsocial.atoom.space\/wp-content\/uploads\/2018\/05\/05.jpg","type":"image\/jpeg"}],"twitter_card":"summary_large_image","twitter_misc":{"Tiempo de lectura":"2 minutos"},"schema":{"@context":"https:\/\/schema.org","@graph":[{"@type":"WebPage","@id":"https:\/\/ticsalutsocial.atoom.space\/es\/noticia\/planteamos-el-mapa-como-una-palanca-de-cambio-en-la-visibilidad-que-tiene-el-cio-dentro-de-las-organizaciones\/","url":"https:\/\/ticsalutsocial.atoom.space\/es\/noticia\/planteamos-el-mapa-como-una-palanca-de-cambio-en-la-visibilidad-que-tiene-el-cio-dentro-de-las-organizaciones\/","name":"\"Planteamos el Mapa como una palanca de cambio en la visibilidad que tiene el CIO dentro de las organizaciones\". - Fundaci\u00f3 TIC Salut i Social","isPartOf":{"@id":"https:\/\/ticsalutsocial.atoom.space\/es\/#website"},"primaryImageOfPage":{"@id":"https:\/\/ticsalutsocial.atoom.space\/es\/noticia\/planteamos-el-mapa-como-una-palanca-de-cambio-en-la-visibilidad-que-tiene-el-cio-dentro-de-las-organizaciones\/#primaryimage"},"image":{"@id":"https:\/\/ticsalutsocial.atoom.space\/es\/noticia\/planteamos-el-mapa-como-una-palanca-de-cambio-en-la-visibilidad-que-tiene-el-cio-dentro-de-las-organizaciones\/#primaryimage"},"thumbnailUrl":"https:\/\/ticsalutsocial.atoom.space\/wp-content\/uploads\/2018\/05\/05.jpg","datePublished":"2018-05-30T15:24:23+00:00","dateModified":"2021-07-21T13:34:25+00:00","breadcrumb":{"@id":"https:\/\/ticsalutsocial.atoom.space\/es\/noticia\/planteamos-el-mapa-como-una-palanca-de-cambio-en-la-visibilidad-que-tiene-el-cio-dentro-de-las-organizaciones\/#breadcrumb"},"inLanguage":"es","potentialAction":[{"@type":"ReadAction","target":["https:\/\/ticsalutsocial.atoom.space\/es\/noticia\/planteamos-el-mapa-como-una-palanca-de-cambio-en-la-visibilidad-que-tiene-el-cio-dentro-de-las-organizaciones\/"]}]},{"@type":"ImageObject","inLanguage":"es","@id":"https:\/\/ticsalutsocial.atoom.space\/es\/noticia\/planteamos-el-mapa-como-una-palanca-de-cambio-en-la-visibilidad-que-tiene-el-cio-dentro-de-las-organizaciones\/#primaryimage","url":"https:\/\/ticsalutsocial.atoom.space\/wp-content\/uploads\/2018\/05\/05.jpg","contentUrl":"https:\/\/ticsalutsocial.atoom.space\/wp-content\/uploads\/2018\/05\/05.jpg","width":2016,"height":1512},{"@type":"BreadcrumbList","@id":"https:\/\/ticsalutsocial.atoom.space\/es\/noticia\/planteamos-el-mapa-como-una-palanca-de-cambio-en-la-visibilidad-que-tiene-el-cio-dentro-de-las-organizaciones\/#breadcrumb","itemListElement":[{"@type":"ListItem","position":1,"name":"Inici","item":"https:\/\/ticsalutsocial.atoom.space\/es\/"},{"@type":"ListItem","position":2,"name":"&#8220;Planteamos el Mapa como una palanca de cambio en la visibilidad que tiene el CIO dentro de las organizaciones&#8221;."}]},{"@type":"WebSite","@id":"https:\/\/ticsalutsocial.atoom.space\/es\/#website","url":"https:\/\/ticsalutsocial.atoom.space\/es\/","name":"Fundaci\u00f3 TIC Salut i Social","description":"","potentialAction":[{"@type":"SearchAction","target":{"@type":"EntryPoint","urlTemplate":"https:\/\/ticsalutsocial.atoom.space\/es\/?s={search_term_string}"},"query-input":{"@type":"PropertyValueSpecification","valueRequired":true,"valueName":"search_term_string"}}],"inLanguage":"es"}]}},"_links":{"self":[{"href":"https:\/\/ticsalutsocial.atoom.space\/es\/wp-json\/wp\/v2\/noticia\/3212","targetHints":{"allow":["GET"]}}],"collection":[{"href":"https:\/\/ticsalutsocial.atoom.space\/es\/wp-json\/wp\/v2\/noticia"}],"about":[{"href":"https:\/\/ticsalutsocial.atoom.space\/es\/wp-json\/wp\/v2\/types\/noticia"}],"author":[{"embeddable":true,"href":"https:\/\/ticsalutsocial.atoom.space\/es\/wp-json\/wp\/v2\/users\/21"}],"wp:featuredmedia":[{"embeddable":true,"href":"https:\/\/ticsalutsocial.atoom.space\/es\/wp-json\/wp\/v2\/media\/6845"}],"wp:attachment":[{"href":"https:\/\/ticsalutsocial.atoom.space\/es\/wp-json\/wp\/v2\/media?parent=3212"}],"wp:term":[{"taxonomy":"etiqueta","embeddable":true,"href":"https:\/\/ticsalutsocial.atoom.space\/es\/wp-json\/wp\/v2\/etiqueta?post=3212"},{"taxonomy":"tipus","embeddable":true,"href":"https:\/\/ticsalutsocial.atoom.space\/es\/wp-json\/wp\/v2\/tipus?post=3212"},{"taxonomy":"topic","embeddable":true,"href":"https:\/\/ticsalutsocial.atoom.space\/es\/wp-json\/wp\/v2\/topic?post=3212"}],"curies":[{"name":"wp","href":"https:\/\/api.w.org\/{rel}","templated":true}]}}