
{"id":3223,"date":"2018-06-01T10:52:37","date_gmt":"2018-06-01T08:52:37","guid":{"rendered":"https:\/\/ticsalutsocial.atoom.space\/?post_type=noticia&#038;p=3223"},"modified":"2021-07-21T15:34:41","modified_gmt":"2021-07-21T13:34:41","slug":"una-veintena-de-cios-participan-en-la-reestructuracion-del-informe-de-tendencias","status":"publish","type":"noticia","link":"https:\/\/ticsalutsocial.atoom.space\/es\/noticia\/una-veintena-de-cios-participan-en-la-reestructuracion-del-informe-de-tendencias\/","title":{"rendered":"Una veintena de CIOs participan en la reestructuraci\u00f3n del Informe de Tendencias"},"content":{"rendered":"<p>El pasado mi\u00e9rcoles 30 de mayo tuvo lugar, en el TecnoCampus de Matar\u00f3, la Jornada de Responsables de Sistemas de Informaci\u00f3n del SISCAT, Sistema Sanitario Integral de Utilizaci\u00f3n P\u00fablica de Catalu\u00f1a, en el marco del proyecto <a href=\"https:\/\/ticsalutsocial.atoom.space\/es\/servicios\/observatorio\/informe-de-tendencias-tic\/\">Informe de Tendencias<\/a> que cada a\u00f1o impulsa la Fundaci\u00f3 TIC Salut Social desde 2007.<\/p>\n<p>El objetivo de la sesi\u00f3n, que reuni\u00f3 a una veintena de CIOs (Chief Information Officer, en ingl\u00e9s), fue trabajar con la nueva reestructuraci\u00f3n de la encuesta del Informe de Tendencias, para adecuarla mejor a las necesidades los profesionales, una demanda que desde la Fundaci\u00f3 se hab\u00eda captado en los \u00faltimos contactos mantenidos.<\/p>\n<p>El Dr. Francesc Garcia Cuy\u00e0s, Director de TIC Salut Social, junto con el Dr. Jordi Mart\u00ednez, director de Innovaci\u00f3n y Lourdes Rodr\u00edguez, responsable de la gesti\u00f3n del proyecto, fueron los encargados de dar la bienvenida a los asistentes y enmarcar los objetivos de la sesi\u00f3n.<\/p>\n<p>Una sesi\u00f3n que cont\u00f3 con la colaboraci\u00f3n de UNITSS, la Asociaci\u00f3n catalana de profesionales de inform\u00e1tica de la salud, con la representaci\u00f3n de su presidenta, Anna Benavent, quien en su discurso agradeci\u00f3 a la Fundaci\u00f3 \u00abla oportunidad de reestructurar la encuesta\u00bb y comparti\u00f3 la visi\u00f3n de UNITSS: <a href=\"https:\/\/ticsalutsocial.atoom.space\/es\/actualitat\/planteamos-el-mapa-como-una-palanca-de-cambio-en-la-visibilidad-que-tiene-el-cio-dentro-de-las-organizaciones\/\">\u00abPlanteamos el Informe de Tendencias como una palanca de cambio en la visibilidad que tiene el CIO dentro de las organizaciones.\u00bb<\/a><\/p>\n<p>La sesi\u00f3n plenaria con la correspondiente presentaci\u00f3n de los bloques tem\u00e1ticos y la identificaci\u00f3n de otros prioritarios, precedi\u00f3 al trabajo en grupo. All\u00ed, los participantes trabajaron en la identificaci\u00f3n y propuesta de preguntas dentro de cada bloque presentado y la priorizaci\u00f3n de las mismas. Finalmente, una sesi\u00f3n plenaria con la compartici\u00f3n de los resultados, concluy\u00f3 la jornada. Las conclusiones extra\u00eddas ser\u00e1n publicadas pr\u00f3ximamente.<\/p>\n<p><img loading=\"lazy\" decoding=\"async\" class=\"wp-image-7654 alignleft\" src=\"https:\/\/ticsalutsocial.atoom.space\/wp-content\/uploads\/2018\/06\/dsc_0183.jpg\" alt=\"\" width=\"303\" height=\"201\" \/>\u00a0<img decoding=\"async\" class=\"alignnone size-medium wp-image-7659\" src=\"https:\/\/ticsalutsocial.atoom.space\/wp-content\/uploads\/2018\/06\/dsc_0186-300x199.jpg\" alt=\"\" \/><\/p>\n<p>&nbsp;<\/p>\n","protected":false},"author":21,"featured_media":3220,"menu_order":0,"template":"","meta":{"_acf_changed":false,"inline_featured_image":false},"etiqueta":[],"tipus":[],"topic":[121],"class_list":["post-3223","noticia","type-noticia","status-publish","has-post-thumbnail","hentry","topic-dpd-es"],"acf":{"imatge":3222,"autor":"Adri\u00e0 G.Font","textos_destacats":[{"texte":"La Fundaci\u00f3 TIC Salut Social replantea la encuesta en su 11a edici\u00f3n"}]},"yoast_head":"<!-- This site is optimized with the Yoast SEO plugin v27.1.1 - https:\/\/yoast.com\/product\/yoast-seo-wordpress\/ -->\n<title>Una veintena de CIOs participan en la reestructuraci\u00f3n del Informe de Tendencias - Fundaci\u00f3 TIC Salut i Social<\/title>\n<meta name=\"robots\" content=\"index, follow, max-snippet:-1, max-image-preview:large, max-video-preview:-1\" \/>\n<link rel=\"canonical\" href=\"https:\/\/ticsalutsocial.atoom.space\/es\/noticia\/una-veintena-de-cios-participan-en-la-reestructuracion-del-informe-de-tendencias\/\" \/>\n<meta property=\"og:locale\" content=\"es_ES\" \/>\n<meta property=\"og:type\" content=\"article\" \/>\n<meta property=\"og:title\" content=\"Una veintena de CIOs participan en la reestructuraci\u00f3n del Informe de Tendencias - Fundaci\u00f3 TIC Salut i Social\" \/>\n<meta property=\"og:description\" content=\"El pasado mi\u00e9rcoles 30 de mayo tuvo lugar, en el TecnoCampus de Matar\u00f3, la Jornada de Responsables de Sistemas de Informaci\u00f3n del SISCAT, Sistema Sanitario Integral de Utilizaci\u00f3n P\u00fablica de Catalu\u00f1a, en el marco del proyecto Informe de Tendencias que cada a\u00f1o impulsa la Fundaci\u00f3 TIC Salut Social desde 2007. El objetivo de la sesi\u00f3n, [&hellip;]\" \/>\n<meta property=\"og:url\" content=\"https:\/\/ticsalutsocial.atoom.space\/es\/noticia\/una-veintena-de-cios-participan-en-la-reestructuracion-del-informe-de-tendencias\/\" \/>\n<meta property=\"og:site_name\" content=\"Fundaci\u00f3 TIC Salut i Social\" \/>\n<meta property=\"article:modified_time\" content=\"2021-07-21T13:34:41+00:00\" \/>\n<meta property=\"og:image\" content=\"https:\/\/ticsalutsocial.atoom.space\/wp-content\/uploads\/2018\/06\/dsc_0179-scaled.jpg\" \/>\n\t<meta property=\"og:image:width\" content=\"2560\" \/>\n\t<meta property=\"og:image:height\" content=\"1702\" \/>\n\t<meta property=\"og:image:type\" content=\"image\/jpeg\" \/>\n<meta name=\"twitter:card\" content=\"summary_large_image\" \/>\n<meta name=\"twitter:label1\" content=\"Tiempo de lectura\" \/>\n\t<meta name=\"twitter:data1\" content=\"2 minutos\" \/>\n<script type=\"application\/ld+json\" class=\"yoast-schema-graph\">{\"@context\":\"https:\/\/schema.org\",\"@graph\":[{\"@type\":\"WebPage\",\"@id\":\"https:\/\/ticsalutsocial.atoom.space\/es\/noticia\/una-veintena-de-cios-participan-en-la-reestructuracion-del-informe-de-tendencias\/\",\"url\":\"https:\/\/ticsalutsocial.atoom.space\/es\/noticia\/una-veintena-de-cios-participan-en-la-reestructuracion-del-informe-de-tendencias\/\",\"name\":\"Una veintena de CIOs participan en la reestructuraci\u00f3n del Informe de Tendencias - Fundaci\u00f3 TIC Salut i Social\",\"isPartOf\":{\"@id\":\"https:\/\/ticsalutsocial.atoom.space\/es\/#website\"},\"primaryImageOfPage\":{\"@id\":\"https:\/\/ticsalutsocial.atoom.space\/es\/noticia\/una-veintena-de-cios-participan-en-la-reestructuracion-del-informe-de-tendencias\/#primaryimage\"},\"image\":{\"@id\":\"https:\/\/ticsalutsocial.atoom.space\/es\/noticia\/una-veintena-de-cios-participan-en-la-reestructuracion-del-informe-de-tendencias\/#primaryimage\"},\"thumbnailUrl\":\"https:\/\/ticsalutsocial.atoom.space\/wp-content\/uploads\/2018\/06\/dsc_0179-scaled.jpg\",\"datePublished\":\"2018-06-01T08:52:37+00:00\",\"dateModified\":\"2021-07-21T13:34:41+00:00\",\"breadcrumb\":{\"@id\":\"https:\/\/ticsalutsocial.atoom.space\/es\/noticia\/una-veintena-de-cios-participan-en-la-reestructuracion-del-informe-de-tendencias\/#breadcrumb\"},\"inLanguage\":\"es\",\"potentialAction\":[{\"@type\":\"ReadAction\",\"target\":[\"https:\/\/ticsalutsocial.atoom.space\/es\/noticia\/una-veintena-de-cios-participan-en-la-reestructuracion-del-informe-de-tendencias\/\"]}]},{\"@type\":\"ImageObject\",\"inLanguage\":\"es\",\"@id\":\"https:\/\/ticsalutsocial.atoom.space\/es\/noticia\/una-veintena-de-cios-participan-en-la-reestructuracion-del-informe-de-tendencias\/#primaryimage\",\"url\":\"https:\/\/ticsalutsocial.atoom.space\/wp-content\/uploads\/2018\/06\/dsc_0179-scaled.jpg\",\"contentUrl\":\"https:\/\/ticsalutsocial.atoom.space\/wp-content\/uploads\/2018\/06\/dsc_0179-scaled.jpg\",\"width\":2560,\"height\":1702},{\"@type\":\"BreadcrumbList\",\"@id\":\"https:\/\/ticsalutsocial.atoom.space\/es\/noticia\/una-veintena-de-cios-participan-en-la-reestructuracion-del-informe-de-tendencias\/#breadcrumb\",\"itemListElement\":[{\"@type\":\"ListItem\",\"position\":1,\"name\":\"Inici\",\"item\":\"https:\/\/ticsalutsocial.atoom.space\/es\/\"},{\"@type\":\"ListItem\",\"position\":2,\"name\":\"Una veintena de CIOs participan en la reestructuraci\u00f3n del Informe de Tendencias\"}]},{\"@type\":\"WebSite\",\"@id\":\"https:\/\/ticsalutsocial.atoom.space\/es\/#website\",\"url\":\"https:\/\/ticsalutsocial.atoom.space\/es\/\",\"name\":\"Fundaci\u00f3 TIC Salut i Social\",\"description\":\"\",\"potentialAction\":[{\"@type\":\"SearchAction\",\"target\":{\"@type\":\"EntryPoint\",\"urlTemplate\":\"https:\/\/ticsalutsocial.atoom.space\/es\/?s={search_term_string}\"},\"query-input\":{\"@type\":\"PropertyValueSpecification\",\"valueRequired\":true,\"valueName\":\"search_term_string\"}}],\"inLanguage\":\"es\"}]}<\/script>\n<!-- \/ Yoast SEO plugin. -->","yoast_head_json":{"title":"Una veintena de CIOs participan en la reestructuraci\u00f3n del Informe de Tendencias - Fundaci\u00f3 TIC Salut i Social","robots":{"index":"index","follow":"follow","max-snippet":"max-snippet:-1","max-image-preview":"max-image-preview:large","max-video-preview":"max-video-preview:-1"},"canonical":"https:\/\/ticsalutsocial.atoom.space\/es\/noticia\/una-veintena-de-cios-participan-en-la-reestructuracion-del-informe-de-tendencias\/","og_locale":"es_ES","og_type":"article","og_title":"Una veintena de CIOs participan en la reestructuraci\u00f3n del Informe de Tendencias - Fundaci\u00f3 TIC Salut i Social","og_description":"El pasado mi\u00e9rcoles 30 de mayo tuvo lugar, en el TecnoCampus de Matar\u00f3, la Jornada de Responsables de Sistemas de Informaci\u00f3n del SISCAT, Sistema Sanitario Integral de Utilizaci\u00f3n P\u00fablica de Catalu\u00f1a, en el marco del proyecto Informe de Tendencias que cada a\u00f1o impulsa la Fundaci\u00f3 TIC Salut Social desde 2007. El objetivo de la sesi\u00f3n, [&hellip;]","og_url":"https:\/\/ticsalutsocial.atoom.space\/es\/noticia\/una-veintena-de-cios-participan-en-la-reestructuracion-del-informe-de-tendencias\/","og_site_name":"Fundaci\u00f3 TIC Salut i Social","article_modified_time":"2021-07-21T13:34:41+00:00","og_image":[{"width":2560,"height":1702,"url":"https:\/\/ticsalutsocial.atoom.space\/wp-content\/uploads\/2018\/06\/dsc_0179-scaled.jpg","type":"image\/jpeg"}],"twitter_card":"summary_large_image","twitter_misc":{"Tiempo de lectura":"2 minutos"},"schema":{"@context":"https:\/\/schema.org","@graph":[{"@type":"WebPage","@id":"https:\/\/ticsalutsocial.atoom.space\/es\/noticia\/una-veintena-de-cios-participan-en-la-reestructuracion-del-informe-de-tendencias\/","url":"https:\/\/ticsalutsocial.atoom.space\/es\/noticia\/una-veintena-de-cios-participan-en-la-reestructuracion-del-informe-de-tendencias\/","name":"Una veintena de CIOs participan en la reestructuraci\u00f3n del Informe de Tendencias - Fundaci\u00f3 TIC Salut i Social","isPartOf":{"@id":"https:\/\/ticsalutsocial.atoom.space\/es\/#website"},"primaryImageOfPage":{"@id":"https:\/\/ticsalutsocial.atoom.space\/es\/noticia\/una-veintena-de-cios-participan-en-la-reestructuracion-del-informe-de-tendencias\/#primaryimage"},"image":{"@id":"https:\/\/ticsalutsocial.atoom.space\/es\/noticia\/una-veintena-de-cios-participan-en-la-reestructuracion-del-informe-de-tendencias\/#primaryimage"},"thumbnailUrl":"https:\/\/ticsalutsocial.atoom.space\/wp-content\/uploads\/2018\/06\/dsc_0179-scaled.jpg","datePublished":"2018-06-01T08:52:37+00:00","dateModified":"2021-07-21T13:34:41+00:00","breadcrumb":{"@id":"https:\/\/ticsalutsocial.atoom.space\/es\/noticia\/una-veintena-de-cios-participan-en-la-reestructuracion-del-informe-de-tendencias\/#breadcrumb"},"inLanguage":"es","potentialAction":[{"@type":"ReadAction","target":["https:\/\/ticsalutsocial.atoom.space\/es\/noticia\/una-veintena-de-cios-participan-en-la-reestructuracion-del-informe-de-tendencias\/"]}]},{"@type":"ImageObject","inLanguage":"es","@id":"https:\/\/ticsalutsocial.atoom.space\/es\/noticia\/una-veintena-de-cios-participan-en-la-reestructuracion-del-informe-de-tendencias\/#primaryimage","url":"https:\/\/ticsalutsocial.atoom.space\/wp-content\/uploads\/2018\/06\/dsc_0179-scaled.jpg","contentUrl":"https:\/\/ticsalutsocial.atoom.space\/wp-content\/uploads\/2018\/06\/dsc_0179-scaled.jpg","width":2560,"height":1702},{"@type":"BreadcrumbList","@id":"https:\/\/ticsalutsocial.atoom.space\/es\/noticia\/una-veintena-de-cios-participan-en-la-reestructuracion-del-informe-de-tendencias\/#breadcrumb","itemListElement":[{"@type":"ListItem","position":1,"name":"Inici","item":"https:\/\/ticsalutsocial.atoom.space\/es\/"},{"@type":"ListItem","position":2,"name":"Una veintena de CIOs participan en la reestructuraci\u00f3n del Informe de Tendencias"}]},{"@type":"WebSite","@id":"https:\/\/ticsalutsocial.atoom.space\/es\/#website","url":"https:\/\/ticsalutsocial.atoom.space\/es\/","name":"Fundaci\u00f3 TIC Salut i Social","description":"","potentialAction":[{"@type":"SearchAction","target":{"@type":"EntryPoint","urlTemplate":"https:\/\/ticsalutsocial.atoom.space\/es\/?s={search_term_string}"},"query-input":{"@type":"PropertyValueSpecification","valueRequired":true,"valueName":"search_term_string"}}],"inLanguage":"es"}]}},"_links":{"self":[{"href":"https:\/\/ticsalutsocial.atoom.space\/es\/wp-json\/wp\/v2\/noticia\/3223","targetHints":{"allow":["GET"]}}],"collection":[{"href":"https:\/\/ticsalutsocial.atoom.space\/es\/wp-json\/wp\/v2\/noticia"}],"about":[{"href":"https:\/\/ticsalutsocial.atoom.space\/es\/wp-json\/wp\/v2\/types\/noticia"}],"author":[{"embeddable":true,"href":"https:\/\/ticsalutsocial.atoom.space\/es\/wp-json\/wp\/v2\/users\/21"}],"wp:featuredmedia":[{"embeddable":true,"href":"https:\/\/ticsalutsocial.atoom.space\/es\/wp-json\/wp\/v2\/media\/3220"}],"wp:attachment":[{"href":"https:\/\/ticsalutsocial.atoom.space\/es\/wp-json\/wp\/v2\/media?parent=3223"}],"wp:term":[{"taxonomy":"etiqueta","embeddable":true,"href":"https:\/\/ticsalutsocial.atoom.space\/es\/wp-json\/wp\/v2\/etiqueta?post=3223"},{"taxonomy":"tipus","embeddable":true,"href":"https:\/\/ticsalutsocial.atoom.space\/es\/wp-json\/wp\/v2\/tipus?post=3223"},{"taxonomy":"topic","embeddable":true,"href":"https:\/\/ticsalutsocial.atoom.space\/es\/wp-json\/wp\/v2\/topic?post=3223"}],"curies":[{"name":"wp","href":"https:\/\/api.w.org\/{rel}","templated":true}]}}