
{"id":32278,"date":"2025-05-27T08:58:16","date_gmt":"2025-05-27T06:58:16","guid":{"rendered":"https:\/\/ticsalutsocial.atoom.space\/?post_type=noticia&#038;p=32278"},"modified":"2025-05-27T12:46:25","modified_gmt":"2025-05-27T10:46:25","slug":"se-inicia-la-fase-piloto-del-proyecto-de-uso-de-drones-en-la-neurorehabilitacion-de-pacientes-con-dano-cerebral-vascular","status":"publish","type":"noticia","link":"https:\/\/ticsalutsocial.atoom.space\/es\/noticia\/se-inicia-la-fase-piloto-del-proyecto-de-uso-de-drones-en-la-neurorehabilitacion-de-pacientes-con-dano-cerebral-vascular\/","title":{"rendered":"Se inicia la fase piloto del proyecto de uso de drones en la neurorehabilitaci\u00f3n de pacientes con da\u00f1o cerebral vascular."},"content":{"rendered":"\r\n<p>Este mes de mayo se inicia la fase piloto del proyecto de uso de drones como herramienta innovadora en la neurorehabilitaci\u00f3n (v\u00e9ase:\u00a0<em><a href=\"https:\/\/ticsalutsocial.atoom.space\/en\/noticia\/els-drons-com-a-eina-innovadora-en-la-neurorehabilitacio-de-pacients-amb-afectacions-cerebrals-vasculars\/\">Los drones como herramienta innovadora en la neurorehabilitaci\u00f3n de pacientes con afectaciones cerebrales vasculares<\/a><\/em>). El proyecto, coordinado por el \u00c1rea de Atenci\u00f3n Digital Personalizada de la Fundaci\u00f3n TIC Salut Social, cuenta con la colaboraci\u00f3n de la Fundaci\u00f3n Hospital de Olot y Comarcal de la Garrotxa y la Escuela de Ingenier\u00eda de Telecomunicaci\u00f3n y Aeroespacial de Castelldefels (EETAC) de la Universitat Polit\u00e8cnica de Catalunya \u2013 BarcelonaTech (UPC).<\/p>\r\n\r\n\r\n\r\n<p>Antes del inicio de esta fase, el pasado enero, se realizaron pruebas de funcionamiento de la tecnolog\u00eda durante la fase de dise\u00f1o del proyecto, con la participaci\u00f3n de dos voluntarios con perfil de da\u00f1o cerebral vascular (DCV). Durante esta etapa, se probaron tres tipos de ejercicios con el dron: control del dron con las manos, control del dron mediante movimientos corporales y desplazamiento del dron con la mano a lo largo de un circuito marcado en el suelo. Paralelamente, se recopilaron requisitos t\u00e9cnicos y funcionales para el desarrollo de una plataforma que favoreciera una mejor interacci\u00f3n de los participantes con el dron, como las preferencias en la recepci\u00f3n de las instrucciones (visuales o sonoras).<\/p>\r\n\r\n\r\n\r\n<p>Los resultados evidenciaron que los pacientes eran capaces de interactuar con el dron, mostraban un alto nivel de motivaci\u00f3n y asimilaban r\u00e1pidamente las instrucciones de los ejercicios. Tambi\u00e9n se observ\u00f3 una mejora progresiva en su capacidad de interacci\u00f3n con el dron y un claro inter\u00e9s por continuar trabajando con esta tecnolog\u00eda.<\/p>\r\n\r\n\r\n\r\n<p>Adem\u00e1s, se identificaron diversos aspectos a tener en cuenta en fases posteriores del proyecto, como la preferencia de los pacientes en el tipo de interacci\u00f3n con el dron.<\/p>\r\n\r\n\r\n\r\n<h3 class=\"wp-block-heading\">Fase 1: Estudio de investigaci\u00f3n<\/h3>\r\n\r\n\r\n\r\n<p>En esta fase, se llevar\u00e1 a cabo un estudio de investigaci\u00f3n con una muestra de voluntarios del Hospital de Olot que han aceptado participar en el estudio, validado por el Comit\u00e9 de \u00c9tica (CEIm) Iris-CC como prueba de concepto. El objetivo del estudio es analizar el impacto del uso de un dron de interior como apoyo en la rehabilitaci\u00f3n de pacientes con da\u00f1o cerebral vascular (DCV) y disfunci\u00f3n del l\u00f3bulo frontal. Durante estas sesiones, los participantes realizar\u00e1n ejercicios guiados por los profesionales de neuropsicolog\u00eda del hospital, y se medir\u00e1 el impacto en la velocidad cognitiva, la capacidad de atenci\u00f3n, el estado de \u00e1nimo y el control conductual. Para esta fase se utilizar\u00e1 una plataforma dise\u00f1ada y desarrollada por la UPC de acuerdo con los requisitos y necesidades del estudio cl\u00ednico. Adem\u00e1s, se analizar\u00e1 la usabilidad de la tecnolog\u00eda y la adherencia de los participantes a las sesiones.<\/p>\r\n","protected":false},"author":21,"featured_media":32276,"menu_order":0,"template":"","meta":{"_acf_changed":false,"inline_featured_image":false},"etiqueta":[],"tipus":[1162],"topic":[],"class_list":["post-32278","noticia","type-noticia","status-publish","has-post-thumbnail","hentry","tipus-atencion-digital-personalizada"],"acf":{"autor":"","imatge":false,"textos_destacats":false,"documents":false,"finalitzat":false,"tipus_plantilla":"objectius","template_objectius":{"cont_principal":"","imatge":false,"cont_seguent":{"titol":"","contingut":""},"seccio_llistat":{"titol":"","llistat":false},"objectius":{"titol":"","objectius":false},"documents":false}},"yoast_head":"<!-- This site is optimized with the Yoast SEO plugin v27.1.1 - https:\/\/yoast.com\/product\/yoast-seo-wordpress\/ -->\n<title>Se inicia la fase piloto del proyecto de uso de drones en la neurorehabilitaci\u00f3n de pacientes con da\u00f1o cerebral vascular. - Fundaci\u00f3 TIC Salut i Social<\/title>\n<meta name=\"robots\" content=\"index, follow, max-snippet:-1, max-image-preview:large, max-video-preview:-1\" \/>\n<link rel=\"canonical\" href=\"https:\/\/ticsalutsocial.atoom.space\/es\/noticia\/se-inicia-la-fase-piloto-del-proyecto-de-uso-de-drones-en-la-neurorehabilitacion-de-pacientes-con-dano-cerebral-vascular\/\" \/>\n<meta property=\"og:locale\" content=\"es_ES\" \/>\n<meta property=\"og:type\" content=\"article\" \/>\n<meta property=\"og:title\" content=\"Se inicia la fase piloto del proyecto de uso de drones en la neurorehabilitaci\u00f3n de pacientes con da\u00f1o cerebral vascular. - Fundaci\u00f3 TIC Salut i Social\" \/>\n<meta property=\"og:description\" content=\"Este mes de mayo se inicia la fase piloto del proyecto de uso de drones como herramienta innovadora en la neurorehabilitaci\u00f3n (v\u00e9ase:\u00a0Los drones como herramienta innovadora en la neurorehabilitaci\u00f3n de pacientes con afectaciones cerebrales vasculares). El proyecto, coordinado por el \u00c1rea de Atenci\u00f3n Digital Personalizada de la Fundaci\u00f3n TIC Salut Social, cuenta con la colaboraci\u00f3n [&hellip;]\" \/>\n<meta property=\"og:url\" content=\"https:\/\/ticsalutsocial.atoom.space\/es\/noticia\/se-inicia-la-fase-piloto-del-proyecto-de-uso-de-drones-en-la-neurorehabilitacion-de-pacientes-con-dano-cerebral-vascular\/\" \/>\n<meta property=\"og:site_name\" content=\"Fundaci\u00f3 TIC Salut i Social\" \/>\n<meta property=\"article:modified_time\" content=\"2025-05-27T10:46:25+00:00\" \/>\n<meta property=\"og:image\" content=\"https:\/\/ticsalutsocial.atoom.space\/wp-content\/uploads\/2025\/05\/Drons-i-Neurorehabilitacio28-1024x640.jpg\" \/>\n\t<meta property=\"og:image:width\" content=\"1024\" \/>\n\t<meta property=\"og:image:height\" content=\"640\" \/>\n\t<meta property=\"og:image:type\" content=\"image\/jpeg\" \/>\n<meta name=\"twitter:card\" content=\"summary_large_image\" \/>\n<meta name=\"twitter:label1\" content=\"Tiempo de lectura\" \/>\n\t<meta name=\"twitter:data1\" content=\"3 minutos\" \/>\n<script type=\"application\/ld+json\" class=\"yoast-schema-graph\">{\"@context\":\"https:\/\/schema.org\",\"@graph\":[{\"@type\":\"WebPage\",\"@id\":\"https:\/\/ticsalutsocial.atoom.space\/es\/noticia\/se-inicia-la-fase-piloto-del-proyecto-de-uso-de-drones-en-la-neurorehabilitacion-de-pacientes-con-dano-cerebral-vascular\/\",\"url\":\"https:\/\/ticsalutsocial.atoom.space\/es\/noticia\/se-inicia-la-fase-piloto-del-proyecto-de-uso-de-drones-en-la-neurorehabilitacion-de-pacientes-con-dano-cerebral-vascular\/\",\"name\":\"Se inicia la fase piloto del proyecto de uso de drones en la neurorehabilitaci\u00f3n de pacientes con da\u00f1o cerebral vascular. - Fundaci\u00f3 TIC Salut i Social\",\"isPartOf\":{\"@id\":\"https:\/\/ticsalutsocial.atoom.space\/es\/#website\"},\"primaryImageOfPage\":{\"@id\":\"https:\/\/ticsalutsocial.atoom.space\/es\/noticia\/se-inicia-la-fase-piloto-del-proyecto-de-uso-de-drones-en-la-neurorehabilitacion-de-pacientes-con-dano-cerebral-vascular\/#primaryimage\"},\"image\":{\"@id\":\"https:\/\/ticsalutsocial.atoom.space\/es\/noticia\/se-inicia-la-fase-piloto-del-proyecto-de-uso-de-drones-en-la-neurorehabilitacion-de-pacientes-con-dano-cerebral-vascular\/#primaryimage\"},\"thumbnailUrl\":\"https:\/\/ticsalutsocial.atoom.space\/wp-content\/uploads\/2025\/05\/Drons-i-Neurorehabilitacio28.jpg\",\"datePublished\":\"2025-05-27T06:58:16+00:00\",\"dateModified\":\"2025-05-27T10:46:25+00:00\",\"breadcrumb\":{\"@id\":\"https:\/\/ticsalutsocial.atoom.space\/es\/noticia\/se-inicia-la-fase-piloto-del-proyecto-de-uso-de-drones-en-la-neurorehabilitacion-de-pacientes-con-dano-cerebral-vascular\/#breadcrumb\"},\"inLanguage\":\"es\",\"potentialAction\":[{\"@type\":\"ReadAction\",\"target\":[\"https:\/\/ticsalutsocial.atoom.space\/es\/noticia\/se-inicia-la-fase-piloto-del-proyecto-de-uso-de-drones-en-la-neurorehabilitacion-de-pacientes-con-dano-cerebral-vascular\/\"]}]},{\"@type\":\"ImageObject\",\"inLanguage\":\"es\",\"@id\":\"https:\/\/ticsalutsocial.atoom.space\/es\/noticia\/se-inicia-la-fase-piloto-del-proyecto-de-uso-de-drones-en-la-neurorehabilitacion-de-pacientes-con-dano-cerebral-vascular\/#primaryimage\",\"url\":\"https:\/\/ticsalutsocial.atoom.space\/wp-content\/uploads\/2025\/05\/Drons-i-Neurorehabilitacio28.jpg\",\"contentUrl\":\"https:\/\/ticsalutsocial.atoom.space\/wp-content\/uploads\/2025\/05\/Drons-i-Neurorehabilitacio28.jpg\",\"width\":8000,\"height\":5000,\"caption\":\"Realistic drone carrying the first aid medical box, 3d rendering. 3D illustration.\"},{\"@type\":\"BreadcrumbList\",\"@id\":\"https:\/\/ticsalutsocial.atoom.space\/es\/noticia\/se-inicia-la-fase-piloto-del-proyecto-de-uso-de-drones-en-la-neurorehabilitacion-de-pacientes-con-dano-cerebral-vascular\/#breadcrumb\",\"itemListElement\":[{\"@type\":\"ListItem\",\"position\":1,\"name\":\"Inici\",\"item\":\"https:\/\/ticsalutsocial.atoom.space\/es\/\"},{\"@type\":\"ListItem\",\"position\":2,\"name\":\"Se inicia la fase piloto del proyecto de uso de drones en la neurorehabilitaci\u00f3n de pacientes con da\u00f1o cerebral vascular.\"}]},{\"@type\":\"WebSite\",\"@id\":\"https:\/\/ticsalutsocial.atoom.space\/es\/#website\",\"url\":\"https:\/\/ticsalutsocial.atoom.space\/es\/\",\"name\":\"Fundaci\u00f3 TIC Salut i Social\",\"description\":\"\",\"potentialAction\":[{\"@type\":\"SearchAction\",\"target\":{\"@type\":\"EntryPoint\",\"urlTemplate\":\"https:\/\/ticsalutsocial.atoom.space\/es\/?s={search_term_string}\"},\"query-input\":{\"@type\":\"PropertyValueSpecification\",\"valueRequired\":true,\"valueName\":\"search_term_string\"}}],\"inLanguage\":\"es\"}]}<\/script>\n<!-- \/ Yoast SEO plugin. -->","yoast_head_json":{"title":"Se inicia la fase piloto del proyecto de uso de drones en la neurorehabilitaci\u00f3n de pacientes con da\u00f1o cerebral vascular. - Fundaci\u00f3 TIC Salut i Social","robots":{"index":"index","follow":"follow","max-snippet":"max-snippet:-1","max-image-preview":"max-image-preview:large","max-video-preview":"max-video-preview:-1"},"canonical":"https:\/\/ticsalutsocial.atoom.space\/es\/noticia\/se-inicia-la-fase-piloto-del-proyecto-de-uso-de-drones-en-la-neurorehabilitacion-de-pacientes-con-dano-cerebral-vascular\/","og_locale":"es_ES","og_type":"article","og_title":"Se inicia la fase piloto del proyecto de uso de drones en la neurorehabilitaci\u00f3n de pacientes con da\u00f1o cerebral vascular. - Fundaci\u00f3 TIC Salut i Social","og_description":"Este mes de mayo se inicia la fase piloto del proyecto de uso de drones como herramienta innovadora en la neurorehabilitaci\u00f3n (v\u00e9ase:\u00a0Los drones como herramienta innovadora en la neurorehabilitaci\u00f3n de pacientes con afectaciones cerebrales vasculares). El proyecto, coordinado por el \u00c1rea de Atenci\u00f3n Digital Personalizada de la Fundaci\u00f3n TIC Salut Social, cuenta con la colaboraci\u00f3n [&hellip;]","og_url":"https:\/\/ticsalutsocial.atoom.space\/es\/noticia\/se-inicia-la-fase-piloto-del-proyecto-de-uso-de-drones-en-la-neurorehabilitacion-de-pacientes-con-dano-cerebral-vascular\/","og_site_name":"Fundaci\u00f3 TIC Salut i Social","article_modified_time":"2025-05-27T10:46:25+00:00","og_image":[{"width":1024,"height":640,"url":"https:\/\/ticsalutsocial.atoom.space\/wp-content\/uploads\/2025\/05\/Drons-i-Neurorehabilitacio28-1024x640.jpg","type":"image\/jpeg"}],"twitter_card":"summary_large_image","twitter_misc":{"Tiempo de lectura":"3 minutos"},"schema":{"@context":"https:\/\/schema.org","@graph":[{"@type":"WebPage","@id":"https:\/\/ticsalutsocial.atoom.space\/es\/noticia\/se-inicia-la-fase-piloto-del-proyecto-de-uso-de-drones-en-la-neurorehabilitacion-de-pacientes-con-dano-cerebral-vascular\/","url":"https:\/\/ticsalutsocial.atoom.space\/es\/noticia\/se-inicia-la-fase-piloto-del-proyecto-de-uso-de-drones-en-la-neurorehabilitacion-de-pacientes-con-dano-cerebral-vascular\/","name":"Se inicia la fase piloto del proyecto de uso de drones en la neurorehabilitaci\u00f3n de pacientes con da\u00f1o cerebral vascular. - Fundaci\u00f3 TIC Salut i Social","isPartOf":{"@id":"https:\/\/ticsalutsocial.atoom.space\/es\/#website"},"primaryImageOfPage":{"@id":"https:\/\/ticsalutsocial.atoom.space\/es\/noticia\/se-inicia-la-fase-piloto-del-proyecto-de-uso-de-drones-en-la-neurorehabilitacion-de-pacientes-con-dano-cerebral-vascular\/#primaryimage"},"image":{"@id":"https:\/\/ticsalutsocial.atoom.space\/es\/noticia\/se-inicia-la-fase-piloto-del-proyecto-de-uso-de-drones-en-la-neurorehabilitacion-de-pacientes-con-dano-cerebral-vascular\/#primaryimage"},"thumbnailUrl":"https:\/\/ticsalutsocial.atoom.space\/wp-content\/uploads\/2025\/05\/Drons-i-Neurorehabilitacio28.jpg","datePublished":"2025-05-27T06:58:16+00:00","dateModified":"2025-05-27T10:46:25+00:00","breadcrumb":{"@id":"https:\/\/ticsalutsocial.atoom.space\/es\/noticia\/se-inicia-la-fase-piloto-del-proyecto-de-uso-de-drones-en-la-neurorehabilitacion-de-pacientes-con-dano-cerebral-vascular\/#breadcrumb"},"inLanguage":"es","potentialAction":[{"@type":"ReadAction","target":["https:\/\/ticsalutsocial.atoom.space\/es\/noticia\/se-inicia-la-fase-piloto-del-proyecto-de-uso-de-drones-en-la-neurorehabilitacion-de-pacientes-con-dano-cerebral-vascular\/"]}]},{"@type":"ImageObject","inLanguage":"es","@id":"https:\/\/ticsalutsocial.atoom.space\/es\/noticia\/se-inicia-la-fase-piloto-del-proyecto-de-uso-de-drones-en-la-neurorehabilitacion-de-pacientes-con-dano-cerebral-vascular\/#primaryimage","url":"https:\/\/ticsalutsocial.atoom.space\/wp-content\/uploads\/2025\/05\/Drons-i-Neurorehabilitacio28.jpg","contentUrl":"https:\/\/ticsalutsocial.atoom.space\/wp-content\/uploads\/2025\/05\/Drons-i-Neurorehabilitacio28.jpg","width":8000,"height":5000,"caption":"Realistic drone carrying the first aid medical box, 3d rendering. 3D illustration."},{"@type":"BreadcrumbList","@id":"https:\/\/ticsalutsocial.atoom.space\/es\/noticia\/se-inicia-la-fase-piloto-del-proyecto-de-uso-de-drones-en-la-neurorehabilitacion-de-pacientes-con-dano-cerebral-vascular\/#breadcrumb","itemListElement":[{"@type":"ListItem","position":1,"name":"Inici","item":"https:\/\/ticsalutsocial.atoom.space\/es\/"},{"@type":"ListItem","position":2,"name":"Se inicia la fase piloto del proyecto de uso de drones en la neurorehabilitaci\u00f3n de pacientes con da\u00f1o cerebral vascular."}]},{"@type":"WebSite","@id":"https:\/\/ticsalutsocial.atoom.space\/es\/#website","url":"https:\/\/ticsalutsocial.atoom.space\/es\/","name":"Fundaci\u00f3 TIC Salut i Social","description":"","potentialAction":[{"@type":"SearchAction","target":{"@type":"EntryPoint","urlTemplate":"https:\/\/ticsalutsocial.atoom.space\/es\/?s={search_term_string}"},"query-input":{"@type":"PropertyValueSpecification","valueRequired":true,"valueName":"search_term_string"}}],"inLanguage":"es"}]}},"_links":{"self":[{"href":"https:\/\/ticsalutsocial.atoom.space\/es\/wp-json\/wp\/v2\/noticia\/32278","targetHints":{"allow":["GET"]}}],"collection":[{"href":"https:\/\/ticsalutsocial.atoom.space\/es\/wp-json\/wp\/v2\/noticia"}],"about":[{"href":"https:\/\/ticsalutsocial.atoom.space\/es\/wp-json\/wp\/v2\/types\/noticia"}],"author":[{"embeddable":true,"href":"https:\/\/ticsalutsocial.atoom.space\/es\/wp-json\/wp\/v2\/users\/21"}],"wp:featuredmedia":[{"embeddable":true,"href":"https:\/\/ticsalutsocial.atoom.space\/es\/wp-json\/wp\/v2\/media\/32276"}],"wp:attachment":[{"href":"https:\/\/ticsalutsocial.atoom.space\/es\/wp-json\/wp\/v2\/media?parent=32278"}],"wp:term":[{"taxonomy":"etiqueta","embeddable":true,"href":"https:\/\/ticsalutsocial.atoom.space\/es\/wp-json\/wp\/v2\/etiqueta?post=32278"},{"taxonomy":"tipus","embeddable":true,"href":"https:\/\/ticsalutsocial.atoom.space\/es\/wp-json\/wp\/v2\/tipus?post=32278"},{"taxonomy":"topic","embeddable":true,"href":"https:\/\/ticsalutsocial.atoom.space\/es\/wp-json\/wp\/v2\/topic?post=32278"}],"curies":[{"name":"wp","href":"https:\/\/api.w.org\/{rel}","templated":true}]}}