
{"id":32303,"date":"2025-05-22T15:08:33","date_gmt":"2025-05-22T13:08:33","guid":{"rendered":"https:\/\/ticsalutsocial.atoom.space\/noticia\/el-model-bizigai-una-bruixola-per-a-la-salut-integral-es-presenta-la-i-jornada-de-salut-comunitaria-al-pais-basc\/"},"modified":"2025-05-27T12:50:29","modified_gmt":"2025-05-27T10:50:29","slug":"el-model-bizigai-una-bruixola-per-a-la-salut-integral-es-presenta-la-i-jornada-de-salut-comunitaria-al-pais-basc","status":"publish","type":"noticia","link":"https:\/\/ticsalutsocial.atoom.space\/es\/noticia\/el-model-bizigai-una-bruixola-per-a-la-salut-integral-es-presenta-la-i-jornada-de-salut-comunitaria-al-pais-basc\/","title":{"rendered":"El modelo BIZIGAI, una br\u00fajula para la salud integral, se presenta en la I Jornada de Salud Comunitaria en el Pa\u00eds Vasco"},"content":{"rendered":"<p data-start=\"365\" data-end=\"1046\">La Fundaci\u00f3n TIC Salut Social particip\u00f3, a trav\u00e9s de su C\u00e1tedra impulsada conjuntamente con la Universidad de Vic &#8211; Universidad Central de Catalu\u00f1a, en la I Jornada de Salud Comunitaria organizada por Osakidetza, el Servicio Vasco de Salud. En este encuentro celebrado en Barakaldo, Marc de San Pedro, coordinador de la C\u00e1tedra TIC Salut Social, present\u00f3 <em data-start=\"720\" data-end=\"789\">El modelo BIZIGAI: prop\u00f3sito y tecnolog\u00eda para la salud comunitaria<\/em>. El modelo BIZIGAI, desarrollado por el propio Dr. de San Pedro, propone una nueva visi\u00f3n de la salud centrada en el prop\u00f3sito vital de las personas, la inteligencia artificial como aliada \u00e9tica y la fuerza de las comunidades como agentes activos de salud.<\/p>\n<p data-start=\"1048\" data-end=\"1531\">Inspirado en el concepto japon\u00e9s del <strong data-start=\"1085\" data-end=\"1095\">IKIGAI<\/strong> \u2014la raz\u00f3n de ser\u2014 y reinterpretado con ra\u00edces vascas (BIZI = vida, GAI = sentido, capacidad), el modelo propone integrar las dimensiones biol\u00f3gica, psicol\u00f3gica, social y espiritual de la salud. Esta \u00faltima, a menudo olvidada, se presenta como clave para una atenci\u00f3n sanitaria m\u00e1s humana y significativa. Tal como destac\u00f3 de San Pedro, \u201cla salud es m\u00e1s que ausencia de enfermedad. Tambi\u00e9n es prop\u00f3sito, comunidad, esperanza y sentido\u201d.<\/p>\n<p data-start=\"1533\" data-end=\"1565\"><strong data-start=\"1533\" data-end=\"1565\">IA con prop\u00f3sito y humanidad<\/strong><\/p>\n<p data-start=\"1567\" data-end=\"2082\">Uno de los aspectos m\u00e1s innovadores de la propuesta es la incorporaci\u00f3n de la IA Generativa como herramienta de apoyo al prop\u00f3sito vital y a la salud comunitaria. Se defendi\u00f3 el desarrollo de la IA desde un enfoque co-creativo, \u00e9tico y contextual, que no sustituya sino que amplifique el potencial humano. El modelo destaca cinco competencias clave para profesionales de la salud en el uso de la IA: pensamiento cr\u00edtico, empat\u00eda comunicativa, competencia digital, uso del lenguaje natural y alfabetizaci\u00f3n en datos.<\/p>\n<p data-start=\"2084\" data-end=\"2435\">La ponencia tambi\u00e9n puso en valor el rol de las comunidades digitales y las redes sociales como espacios de cuidado, empoderamiento y educaci\u00f3n en salud. A trav\u00e9s de casos concretos como el c\u00e1ncer de mama o la encefalitis autoinmune, se evidenci\u00f3 c\u00f3mo la tecnolog\u00eda, usada con prop\u00f3sito, puede generar v\u00ednculos significativos y transformar realidades.<\/p>\n<p data-start=\"2437\" data-end=\"2486\"><strong data-start=\"2437\" data-end=\"2486\">Catalu\u00f1a como laboratorio de innovaci\u00f3n \u00e9tica<\/strong><\/p>\n<p data-start=\"2488\" data-end=\"3061\" data-is-last-node=\"\" data-is-only-node=\"\">En la parte final de su intervenci\u00f3n, se present\u00f3 el trabajo de la Fundaci\u00f3n TIC Salut Social como coordinadora del Programa Salut\/IA y sus ejes de acci\u00f3n, que velan por la implementaci\u00f3n de una IA \u00e9tica, eficiente, justa y transparente, como parte del compromiso de la Fundaci\u00f3n y del Sistema de Salud catal\u00e1n con la salud p\u00fablica y digital. Como cierre de su intervenci\u00f3n, de San Pedro hizo un llamado a \u201cencontrar nuestro prop\u00f3sito, vivir con sentido y construir comunidad\u201d, recordando que una sanidad centrada en el prop\u00f3sito no es una utop\u00eda, sino un camino necesario.<\/p>\n","protected":false},"author":3,"featured_media":32227,"menu_order":0,"template":"","meta":{"_acf_changed":false,"inline_featured_image":false},"etiqueta":[],"tipus":[1167],"topic":[117],"class_list":["post-32303","noticia","type-noticia","status-publish","has-post-thumbnail","hentry","tipus-fundacion","topic-jornadas"],"acf":{"finalitzat":false,"tipus_plantilla":"objectius","template_objectius":{"cont_principal":"","imatge":false,"cont_seguent":{"titol":"","contingut":""},"seccio_llistat":{"titol":"","llistat":false},"objectius":{"titol":"","objectius":false},"documents":false},"autor":"","textos_destacats":[{"texte":"Una jornada centrada en el impulso de la salud comunitaria y su transversalidad entre sistemas de salud auton\u00f3micos, que reuni\u00f3 a expertos y representantes de diversas comunidades aut\u00f3nomas para debatir sobre estrategias transformadoras."}],"documents":false,"imatge":false},"yoast_head":"<!-- This site is optimized with the Yoast SEO plugin v27.1.1 - https:\/\/yoast.com\/product\/yoast-seo-wordpress\/ -->\n<title>El modelo BIZIGAI, una br\u00fajula para la salud integral, se presenta en la I Jornada de Salud Comunitaria en el Pa\u00eds Vasco - Fundaci\u00f3 TIC Salut i Social<\/title>\n<meta name=\"robots\" content=\"index, follow, max-snippet:-1, max-image-preview:large, max-video-preview:-1\" \/>\n<link rel=\"canonical\" href=\"https:\/\/ticsalutsocial.atoom.space\/es\/noticia\/el-model-bizigai-una-bruixola-per-a-la-salut-integral-es-presenta-la-i-jornada-de-salut-comunitaria-al-pais-basc\/\" \/>\n<meta property=\"og:locale\" content=\"es_ES\" \/>\n<meta property=\"og:type\" content=\"article\" \/>\n<meta property=\"og:title\" content=\"El modelo BIZIGAI, una br\u00fajula para la salud integral, se presenta en la I Jornada de Salud Comunitaria en el Pa\u00eds Vasco - Fundaci\u00f3 TIC Salut i Social\" \/>\n<meta property=\"og:description\" content=\"La Fundaci\u00f3n TIC Salut Social particip\u00f3, a trav\u00e9s de su C\u00e1tedra impulsada conjuntamente con la Universidad de Vic &#8211; Universidad Central de Catalu\u00f1a, en la I Jornada de Salud Comunitaria organizada por Osakidetza, el Servicio Vasco de Salud. En este encuentro celebrado en Barakaldo, Marc de San Pedro, coordinador de la C\u00e1tedra TIC Salut Social, [&hellip;]\" \/>\n<meta property=\"og:url\" content=\"https:\/\/ticsalutsocial.atoom.space\/es\/noticia\/el-model-bizigai-una-bruixola-per-a-la-salut-integral-es-presenta-la-i-jornada-de-salut-comunitaria-al-pais-basc\/\" \/>\n<meta property=\"og:site_name\" content=\"Fundaci\u00f3 TIC Salut i Social\" \/>\n<meta property=\"article:modified_time\" content=\"2025-05-27T10:50:29+00:00\" \/>\n<meta property=\"og:image\" content=\"https:\/\/ticsalutsocial.atoom.space\/wp-content\/uploads\/2025\/05\/iStock-1470219517-scaled.jpg\" \/>\n\t<meta property=\"og:image:width\" content=\"2560\" \/>\n\t<meta property=\"og:image:height\" content=\"1707\" \/>\n\t<meta property=\"og:image:type\" content=\"image\/jpeg\" \/>\n<meta name=\"twitter:card\" content=\"summary_large_image\" \/>\n<meta name=\"twitter:label1\" content=\"Tiempo de lectura\" \/>\n\t<meta name=\"twitter:data1\" content=\"3 minutos\" \/>\n<script type=\"application\/ld+json\" class=\"yoast-schema-graph\">{\"@context\":\"https:\/\/schema.org\",\"@graph\":[{\"@type\":\"WebPage\",\"@id\":\"https:\/\/ticsalutsocial.atoom.space\/es\/noticia\/el-model-bizigai-una-bruixola-per-a-la-salut-integral-es-presenta-la-i-jornada-de-salut-comunitaria-al-pais-basc\/\",\"url\":\"https:\/\/ticsalutsocial.atoom.space\/es\/noticia\/el-model-bizigai-una-bruixola-per-a-la-salut-integral-es-presenta-la-i-jornada-de-salut-comunitaria-al-pais-basc\/\",\"name\":\"El modelo BIZIGAI, una br\u00fajula para la salud integral, se presenta en la I Jornada de Salud Comunitaria en el Pa\u00eds Vasco - Fundaci\u00f3 TIC Salut i Social\",\"isPartOf\":{\"@id\":\"https:\/\/ticsalutsocial.atoom.space\/es\/#website\"},\"primaryImageOfPage\":{\"@id\":\"https:\/\/ticsalutsocial.atoom.space\/es\/noticia\/el-model-bizigai-una-bruixola-per-a-la-salut-integral-es-presenta-la-i-jornada-de-salut-comunitaria-al-pais-basc\/#primaryimage\"},\"image\":{\"@id\":\"https:\/\/ticsalutsocial.atoom.space\/es\/noticia\/el-model-bizigai-una-bruixola-per-a-la-salut-integral-es-presenta-la-i-jornada-de-salut-comunitaria-al-pais-basc\/#primaryimage\"},\"thumbnailUrl\":\"https:\/\/ticsalutsocial.atoom.space\/wp-content\/uploads\/2025\/05\/iStock-1470219517-scaled.jpg\",\"datePublished\":\"2025-05-22T13:08:33+00:00\",\"dateModified\":\"2025-05-27T10:50:29+00:00\",\"breadcrumb\":{\"@id\":\"https:\/\/ticsalutsocial.atoom.space\/es\/noticia\/el-model-bizigai-una-bruixola-per-a-la-salut-integral-es-presenta-la-i-jornada-de-salut-comunitaria-al-pais-basc\/#breadcrumb\"},\"inLanguage\":\"es\",\"potentialAction\":[{\"@type\":\"ReadAction\",\"target\":[\"https:\/\/ticsalutsocial.atoom.space\/es\/noticia\/el-model-bizigai-una-bruixola-per-a-la-salut-integral-es-presenta-la-i-jornada-de-salut-comunitaria-al-pais-basc\/\"]}]},{\"@type\":\"ImageObject\",\"inLanguage\":\"es\",\"@id\":\"https:\/\/ticsalutsocial.atoom.space\/es\/noticia\/el-model-bizigai-una-bruixola-per-a-la-salut-integral-es-presenta-la-i-jornada-de-salut-comunitaria-al-pais-basc\/#primaryimage\",\"url\":\"https:\/\/ticsalutsocial.atoom.space\/wp-content\/uploads\/2025\/05\/iStock-1470219517-scaled.jpg\",\"contentUrl\":\"https:\/\/ticsalutsocial.atoom.space\/wp-content\/uploads\/2025\/05\/iStock-1470219517-scaled.jpg\",\"width\":2560,\"height\":1707,\"caption\":\"Doctor surgeon and neurologist use robotic and medical technology diagnose and examine patient brain with intelligence software. AI, Innovation,\"},{\"@type\":\"BreadcrumbList\",\"@id\":\"https:\/\/ticsalutsocial.atoom.space\/es\/noticia\/el-model-bizigai-una-bruixola-per-a-la-salut-integral-es-presenta-la-i-jornada-de-salut-comunitaria-al-pais-basc\/#breadcrumb\",\"itemListElement\":[{\"@type\":\"ListItem\",\"position\":1,\"name\":\"Inici\",\"item\":\"https:\/\/ticsalutsocial.atoom.space\/es\/\"},{\"@type\":\"ListItem\",\"position\":2,\"name\":\"El modelo BIZIGAI, una br\u00fajula para la salud integral, se presenta en la I Jornada de Salud Comunitaria en el Pa\u00eds Vasco\"}]},{\"@type\":\"WebSite\",\"@id\":\"https:\/\/ticsalutsocial.atoom.space\/es\/#website\",\"url\":\"https:\/\/ticsalutsocial.atoom.space\/es\/\",\"name\":\"Fundaci\u00f3 TIC Salut i Social\",\"description\":\"\",\"potentialAction\":[{\"@type\":\"SearchAction\",\"target\":{\"@type\":\"EntryPoint\",\"urlTemplate\":\"https:\/\/ticsalutsocial.atoom.space\/es\/?s={search_term_string}\"},\"query-input\":{\"@type\":\"PropertyValueSpecification\",\"valueRequired\":true,\"valueName\":\"search_term_string\"}}],\"inLanguage\":\"es\"}]}<\/script>\n<!-- \/ Yoast SEO plugin. -->","yoast_head_json":{"title":"El modelo BIZIGAI, una br\u00fajula para la salud integral, se presenta en la I Jornada de Salud Comunitaria en el Pa\u00eds Vasco - Fundaci\u00f3 TIC Salut i Social","robots":{"index":"index","follow":"follow","max-snippet":"max-snippet:-1","max-image-preview":"max-image-preview:large","max-video-preview":"max-video-preview:-1"},"canonical":"https:\/\/ticsalutsocial.atoom.space\/es\/noticia\/el-model-bizigai-una-bruixola-per-a-la-salut-integral-es-presenta-la-i-jornada-de-salut-comunitaria-al-pais-basc\/","og_locale":"es_ES","og_type":"article","og_title":"El modelo BIZIGAI, una br\u00fajula para la salud integral, se presenta en la I Jornada de Salud Comunitaria en el Pa\u00eds Vasco - Fundaci\u00f3 TIC Salut i Social","og_description":"La Fundaci\u00f3n TIC Salut Social particip\u00f3, a trav\u00e9s de su C\u00e1tedra impulsada conjuntamente con la Universidad de Vic &#8211; Universidad Central de Catalu\u00f1a, en la I Jornada de Salud Comunitaria organizada por Osakidetza, el Servicio Vasco de Salud. En este encuentro celebrado en Barakaldo, Marc de San Pedro, coordinador de la C\u00e1tedra TIC Salut Social, [&hellip;]","og_url":"https:\/\/ticsalutsocial.atoom.space\/es\/noticia\/el-model-bizigai-una-bruixola-per-a-la-salut-integral-es-presenta-la-i-jornada-de-salut-comunitaria-al-pais-basc\/","og_site_name":"Fundaci\u00f3 TIC Salut i Social","article_modified_time":"2025-05-27T10:50:29+00:00","og_image":[{"width":2560,"height":1707,"url":"https:\/\/ticsalutsocial.atoom.space\/wp-content\/uploads\/2025\/05\/iStock-1470219517-scaled.jpg","type":"image\/jpeg"}],"twitter_card":"summary_large_image","twitter_misc":{"Tiempo de lectura":"3 minutos"},"schema":{"@context":"https:\/\/schema.org","@graph":[{"@type":"WebPage","@id":"https:\/\/ticsalutsocial.atoom.space\/es\/noticia\/el-model-bizigai-una-bruixola-per-a-la-salut-integral-es-presenta-la-i-jornada-de-salut-comunitaria-al-pais-basc\/","url":"https:\/\/ticsalutsocial.atoom.space\/es\/noticia\/el-model-bizigai-una-bruixola-per-a-la-salut-integral-es-presenta-la-i-jornada-de-salut-comunitaria-al-pais-basc\/","name":"El modelo BIZIGAI, una br\u00fajula para la salud integral, se presenta en la I Jornada de Salud Comunitaria en el Pa\u00eds Vasco - Fundaci\u00f3 TIC Salut i Social","isPartOf":{"@id":"https:\/\/ticsalutsocial.atoom.space\/es\/#website"},"primaryImageOfPage":{"@id":"https:\/\/ticsalutsocial.atoom.space\/es\/noticia\/el-model-bizigai-una-bruixola-per-a-la-salut-integral-es-presenta-la-i-jornada-de-salut-comunitaria-al-pais-basc\/#primaryimage"},"image":{"@id":"https:\/\/ticsalutsocial.atoom.space\/es\/noticia\/el-model-bizigai-una-bruixola-per-a-la-salut-integral-es-presenta-la-i-jornada-de-salut-comunitaria-al-pais-basc\/#primaryimage"},"thumbnailUrl":"https:\/\/ticsalutsocial.atoom.space\/wp-content\/uploads\/2025\/05\/iStock-1470219517-scaled.jpg","datePublished":"2025-05-22T13:08:33+00:00","dateModified":"2025-05-27T10:50:29+00:00","breadcrumb":{"@id":"https:\/\/ticsalutsocial.atoom.space\/es\/noticia\/el-model-bizigai-una-bruixola-per-a-la-salut-integral-es-presenta-la-i-jornada-de-salut-comunitaria-al-pais-basc\/#breadcrumb"},"inLanguage":"es","potentialAction":[{"@type":"ReadAction","target":["https:\/\/ticsalutsocial.atoom.space\/es\/noticia\/el-model-bizigai-una-bruixola-per-a-la-salut-integral-es-presenta-la-i-jornada-de-salut-comunitaria-al-pais-basc\/"]}]},{"@type":"ImageObject","inLanguage":"es","@id":"https:\/\/ticsalutsocial.atoom.space\/es\/noticia\/el-model-bizigai-una-bruixola-per-a-la-salut-integral-es-presenta-la-i-jornada-de-salut-comunitaria-al-pais-basc\/#primaryimage","url":"https:\/\/ticsalutsocial.atoom.space\/wp-content\/uploads\/2025\/05\/iStock-1470219517-scaled.jpg","contentUrl":"https:\/\/ticsalutsocial.atoom.space\/wp-content\/uploads\/2025\/05\/iStock-1470219517-scaled.jpg","width":2560,"height":1707,"caption":"Doctor surgeon and neurologist use robotic and medical technology diagnose and examine patient brain with intelligence software. AI, Innovation,"},{"@type":"BreadcrumbList","@id":"https:\/\/ticsalutsocial.atoom.space\/es\/noticia\/el-model-bizigai-una-bruixola-per-a-la-salut-integral-es-presenta-la-i-jornada-de-salut-comunitaria-al-pais-basc\/#breadcrumb","itemListElement":[{"@type":"ListItem","position":1,"name":"Inici","item":"https:\/\/ticsalutsocial.atoom.space\/es\/"},{"@type":"ListItem","position":2,"name":"El modelo BIZIGAI, una br\u00fajula para la salud integral, se presenta en la I Jornada de Salud Comunitaria en el Pa\u00eds Vasco"}]},{"@type":"WebSite","@id":"https:\/\/ticsalutsocial.atoom.space\/es\/#website","url":"https:\/\/ticsalutsocial.atoom.space\/es\/","name":"Fundaci\u00f3 TIC Salut i Social","description":"","potentialAction":[{"@type":"SearchAction","target":{"@type":"EntryPoint","urlTemplate":"https:\/\/ticsalutsocial.atoom.space\/es\/?s={search_term_string}"},"query-input":{"@type":"PropertyValueSpecification","valueRequired":true,"valueName":"search_term_string"}}],"inLanguage":"es"}]}},"_links":{"self":[{"href":"https:\/\/ticsalutsocial.atoom.space\/es\/wp-json\/wp\/v2\/noticia\/32303","targetHints":{"allow":["GET"]}}],"collection":[{"href":"https:\/\/ticsalutsocial.atoom.space\/es\/wp-json\/wp\/v2\/noticia"}],"about":[{"href":"https:\/\/ticsalutsocial.atoom.space\/es\/wp-json\/wp\/v2\/types\/noticia"}],"author":[{"embeddable":true,"href":"https:\/\/ticsalutsocial.atoom.space\/es\/wp-json\/wp\/v2\/users\/3"}],"wp:featuredmedia":[{"embeddable":true,"href":"https:\/\/ticsalutsocial.atoom.space\/es\/wp-json\/wp\/v2\/media\/32227"}],"wp:attachment":[{"href":"https:\/\/ticsalutsocial.atoom.space\/es\/wp-json\/wp\/v2\/media?parent=32303"}],"wp:term":[{"taxonomy":"etiqueta","embeddable":true,"href":"https:\/\/ticsalutsocial.atoom.space\/es\/wp-json\/wp\/v2\/etiqueta?post=32303"},{"taxonomy":"tipus","embeddable":true,"href":"https:\/\/ticsalutsocial.atoom.space\/es\/wp-json\/wp\/v2\/tipus?post=32303"},{"taxonomy":"topic","embeddable":true,"href":"https:\/\/ticsalutsocial.atoom.space\/es\/wp-json\/wp\/v2\/topic?post=32303"}],"curies":[{"name":"wp","href":"https:\/\/api.w.org\/{rel}","templated":true}]}}