
{"id":32307,"date":"2025-05-19T11:40:52","date_gmt":"2025-05-19T09:40:52","guid":{"rendered":"https:\/\/ticsalutsocial.atoom.space\/noticia\/julia-gibaja-premiada-pel-seu-treball-de-final-de-grau-en-enginyeria-biomedica\/"},"modified":"2025-05-27T12:26:55","modified_gmt":"2025-05-27T10:26:55","slug":"julia-gibaja-premiada-pel-seu-treball-de-final-de-grau-en-enginyeria-biomedica","status":"publish","type":"noticia","link":"https:\/\/ticsalutsocial.atoom.space\/es\/noticia\/julia-gibaja-premiada-pel-seu-treball-de-final-de-grau-en-enginyeria-biomedica\/","title":{"rendered":"J\u00falia Gibaja, premiada por su Trabajo de Fin de Grado en Ingenier\u00eda Biom\u00e9dica"},"content":{"rendered":"\r\n<p data-start=\"83\" data-end=\"376\">Nuestra compa\u00f1era J\u00falia Gibaja Musachs, t\u00e9cnica de proyectos de innovaci\u00f3n en salud y \u00e1mbito social en la Fundaci\u00f3n TIC Salut Social, ha sido reconocida en el marco de los <strong data-start=\"255\" data-end=\"284\">Premios Manel Xifra Boada<\/strong>, otorgados por el Patronato de la Escuela Polit\u00e9cnica Superior de la Universidad de Girona.<\/p>\r\n<p data-start=\"378\" data-end=\"699\">El galard\u00f3n ha sido concedido por su Trabajo de Fin de Grado en Ingenier\u00eda Biom\u00e9dica, titulado <em data-start=\"473\" data-end=\"562\">\u201cDesarrollo de un sistema de telemedicina para el autorregistro de la presi\u00f3n arterial\u201d<\/em>, una propuesta que contribuye a mejorar la autogesti\u00f3n de la salud y la accesibilidad a la atenci\u00f3n sanitaria a trav\u00e9s de la tecnolog\u00eda.<\/p>\r\n\r\n\r\n\r\n<figure class=\"wp-block-image size-large\"><img loading=\"lazy\" decoding=\"async\" width=\"1024\" height=\"683\" class=\"wp-image-32159\" src=\"https:\/\/ticsalutsocial.atoom.space\/wp-content\/uploads\/2025\/05\/Julia-1024x683.jpg\" alt=\"\" srcset=\"https:\/\/ticsalutsocial.atoom.space\/wp-content\/uploads\/2025\/05\/Julia-1024x683.jpg 1024w, https:\/\/ticsalutsocial.atoom.space\/wp-content\/uploads\/2025\/05\/Julia-300x200.jpg 300w, https:\/\/ticsalutsocial.atoom.space\/wp-content\/uploads\/2025\/05\/Julia-768x512.jpg 768w, https:\/\/ticsalutsocial.atoom.space\/wp-content\/uploads\/2025\/05\/Julia-1536x1024.jpg 1536w, https:\/\/ticsalutsocial.atoom.space\/wp-content\/uploads\/2025\/05\/Julia-2048x1365.jpg 2048w\" sizes=\"auto, (max-width: 1024px) 100vw, 1024px\" \/>\r\n<figcaption class=\"wp-element-caption\">20.\u00aa edici\u00f3n de los Premios Manel Xifra Boada 2025 en el auditorio de CaixaBank en Girona<\/figcaption>\r\n<\/figure>\r\n\r\n\r\n\r\n<p>El acto de entrega de premios tuvo lugar el 15 de mayo y reconoci\u00f3 a varios estudiantes por la excelencia de sus trabajos finales. Adem\u00e1s, J\u00falia fue seleccionada para ofrecer una breve entrevista durante el evento, que puede verse entre los minutos 58 y 59 del v\u00eddeo oficial del acto:<br \/>?\u00a0<a class=\"\" href=\"https:\/\/www.youtube.com\/watch?v=3a7ciU7Xc2o\">Ver v\u00eddeo<\/a><\/p>\r\n\r\n\r\n\r\n<p>Desde la Fundaci\u00f3n TIC Salut Social queremos felicitar a J\u00falia por este merecido reconocimiento, que pone de manifiesto el talento emergente en el \u00e1mbito de la salud digital y su capacidad para generar un impacto social real a trav\u00e9s de la innovaci\u00f3n.<\/p>\r\n","protected":false},"author":21,"featured_media":32158,"menu_order":0,"template":"","meta":{"_acf_changed":false,"inline_featured_image":false},"etiqueta":[],"tipus":[1163],"topic":[],"class_list":["post-32307","noticia","type-noticia","status-publish","has-post-thumbnail","hentry","tipus-actualidad"],"acf":{"autor":"","imatge":false,"textos_destacats":false,"documents":false,"finalitzat":false,"tipus_plantilla":"objectius","template_objectius":{"cont_principal":"","imatge":false,"cont_seguent":{"titol":"","contingut":""},"seccio_llistat":{"titol":"","llistat":false},"objectius":{"titol":"","objectius":false},"documents":false}},"yoast_head":"<!-- This site is optimized with the Yoast SEO plugin v27.1.1 - https:\/\/yoast.com\/product\/yoast-seo-wordpress\/ -->\n<title>J\u00falia Gibaja, premiada por su Trabajo de Fin de Grado en Ingenier\u00eda Biom\u00e9dica - Fundaci\u00f3 TIC Salut i Social<\/title>\n<meta name=\"robots\" content=\"index, follow, max-snippet:-1, max-image-preview:large, max-video-preview:-1\" \/>\n<link rel=\"canonical\" href=\"https:\/\/ticsalutsocial.atoom.space\/es\/noticia\/julia-gibaja-premiada-pel-seu-treball-de-final-de-grau-en-enginyeria-biomedica\/\" \/>\n<meta property=\"og:locale\" content=\"es_ES\" \/>\n<meta property=\"og:type\" content=\"article\" \/>\n<meta property=\"og:title\" content=\"J\u00falia Gibaja, premiada por su Trabajo de Fin de Grado en Ingenier\u00eda Biom\u00e9dica - Fundaci\u00f3 TIC Salut i Social\" \/>\n<meta property=\"og:description\" content=\"Nuestra compa\u00f1era J\u00falia Gibaja Musachs, t\u00e9cnica de proyectos de innovaci\u00f3n en salud y \u00e1mbito social en la Fundaci\u00f3n TIC Salut Social, ha sido reconocida en el marco de los Premios Manel Xifra Boada, otorgados por el Patronato de la Escuela Polit\u00e9cnica Superior de la Universidad de Girona. El galard\u00f3n ha sido concedido por su Trabajo [&hellip;]\" \/>\n<meta property=\"og:url\" content=\"https:\/\/ticsalutsocial.atoom.space\/es\/noticia\/julia-gibaja-premiada-pel-seu-treball-de-final-de-grau-en-enginyeria-biomedica\/\" \/>\n<meta property=\"og:site_name\" content=\"Fundaci\u00f3 TIC Salut i Social\" \/>\n<meta property=\"article:modified_time\" content=\"2025-05-27T10:26:55+00:00\" \/>\n<meta property=\"og:image\" content=\"https:\/\/ticsalutsocial.atoom.space\/wp-content\/uploads\/2025\/05\/Julia-Premis-scaled.jpg\" \/>\n\t<meta property=\"og:image:width\" content=\"2560\" \/>\n\t<meta property=\"og:image:height\" content=\"1707\" \/>\n\t<meta property=\"og:image:type\" content=\"image\/jpeg\" \/>\n<meta name=\"twitter:card\" content=\"summary_large_image\" \/>\n<meta name=\"twitter:label1\" content=\"Tiempo de lectura\" \/>\n\t<meta name=\"twitter:data1\" content=\"2 minutos\" \/>\n<script type=\"application\/ld+json\" class=\"yoast-schema-graph\">{\"@context\":\"https:\/\/schema.org\",\"@graph\":[{\"@type\":\"WebPage\",\"@id\":\"https:\/\/ticsalutsocial.atoom.space\/es\/noticia\/julia-gibaja-premiada-pel-seu-treball-de-final-de-grau-en-enginyeria-biomedica\/\",\"url\":\"https:\/\/ticsalutsocial.atoom.space\/es\/noticia\/julia-gibaja-premiada-pel-seu-treball-de-final-de-grau-en-enginyeria-biomedica\/\",\"name\":\"J\u00falia Gibaja, premiada por su Trabajo de Fin de Grado en Ingenier\u00eda Biom\u00e9dica - Fundaci\u00f3 TIC Salut i Social\",\"isPartOf\":{\"@id\":\"https:\/\/ticsalutsocial.atoom.space\/es\/#website\"},\"primaryImageOfPage\":{\"@id\":\"https:\/\/ticsalutsocial.atoom.space\/es\/noticia\/julia-gibaja-premiada-pel-seu-treball-de-final-de-grau-en-enginyeria-biomedica\/#primaryimage\"},\"image\":{\"@id\":\"https:\/\/ticsalutsocial.atoom.space\/es\/noticia\/julia-gibaja-premiada-pel-seu-treball-de-final-de-grau-en-enginyeria-biomedica\/#primaryimage\"},\"thumbnailUrl\":\"https:\/\/ticsalutsocial.atoom.space\/wp-content\/uploads\/2025\/05\/Julia-Premis-scaled.jpg\",\"datePublished\":\"2025-05-19T09:40:52+00:00\",\"dateModified\":\"2025-05-27T10:26:55+00:00\",\"breadcrumb\":{\"@id\":\"https:\/\/ticsalutsocial.atoom.space\/es\/noticia\/julia-gibaja-premiada-pel-seu-treball-de-final-de-grau-en-enginyeria-biomedica\/#breadcrumb\"},\"inLanguage\":\"es\",\"potentialAction\":[{\"@type\":\"ReadAction\",\"target\":[\"https:\/\/ticsalutsocial.atoom.space\/es\/noticia\/julia-gibaja-premiada-pel-seu-treball-de-final-de-grau-en-enginyeria-biomedica\/\"]}]},{\"@type\":\"ImageObject\",\"inLanguage\":\"es\",\"@id\":\"https:\/\/ticsalutsocial.atoom.space\/es\/noticia\/julia-gibaja-premiada-pel-seu-treball-de-final-de-grau-en-enginyeria-biomedica\/#primaryimage\",\"url\":\"https:\/\/ticsalutsocial.atoom.space\/wp-content\/uploads\/2025\/05\/Julia-Premis-scaled.jpg\",\"contentUrl\":\"https:\/\/ticsalutsocial.atoom.space\/wp-content\/uploads\/2025\/05\/Julia-Premis-scaled.jpg\",\"width\":2560,\"height\":1707,\"caption\":\"20a edici\u00f3 dels Premis Manel Xifra i Boada 2025 a l\u2019auditori de CaixaBank a Girona. Pere Duran\/Nord Media\"},{\"@type\":\"BreadcrumbList\",\"@id\":\"https:\/\/ticsalutsocial.atoom.space\/es\/noticia\/julia-gibaja-premiada-pel-seu-treball-de-final-de-grau-en-enginyeria-biomedica\/#breadcrumb\",\"itemListElement\":[{\"@type\":\"ListItem\",\"position\":1,\"name\":\"Inici\",\"item\":\"https:\/\/ticsalutsocial.atoom.space\/es\/\"},{\"@type\":\"ListItem\",\"position\":2,\"name\":\"J\u00falia Gibaja, premiada por su Trabajo de Fin de Grado en Ingenier\u00eda Biom\u00e9dica\"}]},{\"@type\":\"WebSite\",\"@id\":\"https:\/\/ticsalutsocial.atoom.space\/es\/#website\",\"url\":\"https:\/\/ticsalutsocial.atoom.space\/es\/\",\"name\":\"Fundaci\u00f3 TIC Salut i Social\",\"description\":\"\",\"potentialAction\":[{\"@type\":\"SearchAction\",\"target\":{\"@type\":\"EntryPoint\",\"urlTemplate\":\"https:\/\/ticsalutsocial.atoom.space\/es\/?s={search_term_string}\"},\"query-input\":{\"@type\":\"PropertyValueSpecification\",\"valueRequired\":true,\"valueName\":\"search_term_string\"}}],\"inLanguage\":\"es\"}]}<\/script>\n<!-- \/ Yoast SEO plugin. -->","yoast_head_json":{"title":"J\u00falia Gibaja, premiada por su Trabajo de Fin de Grado en Ingenier\u00eda Biom\u00e9dica - Fundaci\u00f3 TIC Salut i Social","robots":{"index":"index","follow":"follow","max-snippet":"max-snippet:-1","max-image-preview":"max-image-preview:large","max-video-preview":"max-video-preview:-1"},"canonical":"https:\/\/ticsalutsocial.atoom.space\/es\/noticia\/julia-gibaja-premiada-pel-seu-treball-de-final-de-grau-en-enginyeria-biomedica\/","og_locale":"es_ES","og_type":"article","og_title":"J\u00falia Gibaja, premiada por su Trabajo de Fin de Grado en Ingenier\u00eda Biom\u00e9dica - Fundaci\u00f3 TIC Salut i Social","og_description":"Nuestra compa\u00f1era J\u00falia Gibaja Musachs, t\u00e9cnica de proyectos de innovaci\u00f3n en salud y \u00e1mbito social en la Fundaci\u00f3n TIC Salut Social, ha sido reconocida en el marco de los Premios Manel Xifra Boada, otorgados por el Patronato de la Escuela Polit\u00e9cnica Superior de la Universidad de Girona. El galard\u00f3n ha sido concedido por su Trabajo [&hellip;]","og_url":"https:\/\/ticsalutsocial.atoom.space\/es\/noticia\/julia-gibaja-premiada-pel-seu-treball-de-final-de-grau-en-enginyeria-biomedica\/","og_site_name":"Fundaci\u00f3 TIC Salut i Social","article_modified_time":"2025-05-27T10:26:55+00:00","og_image":[{"width":2560,"height":1707,"url":"https:\/\/ticsalutsocial.atoom.space\/wp-content\/uploads\/2025\/05\/Julia-Premis-scaled.jpg","type":"image\/jpeg"}],"twitter_card":"summary_large_image","twitter_misc":{"Tiempo de lectura":"2 minutos"},"schema":{"@context":"https:\/\/schema.org","@graph":[{"@type":"WebPage","@id":"https:\/\/ticsalutsocial.atoom.space\/es\/noticia\/julia-gibaja-premiada-pel-seu-treball-de-final-de-grau-en-enginyeria-biomedica\/","url":"https:\/\/ticsalutsocial.atoom.space\/es\/noticia\/julia-gibaja-premiada-pel-seu-treball-de-final-de-grau-en-enginyeria-biomedica\/","name":"J\u00falia Gibaja, premiada por su Trabajo de Fin de Grado en Ingenier\u00eda Biom\u00e9dica - Fundaci\u00f3 TIC Salut i Social","isPartOf":{"@id":"https:\/\/ticsalutsocial.atoom.space\/es\/#website"},"primaryImageOfPage":{"@id":"https:\/\/ticsalutsocial.atoom.space\/es\/noticia\/julia-gibaja-premiada-pel-seu-treball-de-final-de-grau-en-enginyeria-biomedica\/#primaryimage"},"image":{"@id":"https:\/\/ticsalutsocial.atoom.space\/es\/noticia\/julia-gibaja-premiada-pel-seu-treball-de-final-de-grau-en-enginyeria-biomedica\/#primaryimage"},"thumbnailUrl":"https:\/\/ticsalutsocial.atoom.space\/wp-content\/uploads\/2025\/05\/Julia-Premis-scaled.jpg","datePublished":"2025-05-19T09:40:52+00:00","dateModified":"2025-05-27T10:26:55+00:00","breadcrumb":{"@id":"https:\/\/ticsalutsocial.atoom.space\/es\/noticia\/julia-gibaja-premiada-pel-seu-treball-de-final-de-grau-en-enginyeria-biomedica\/#breadcrumb"},"inLanguage":"es","potentialAction":[{"@type":"ReadAction","target":["https:\/\/ticsalutsocial.atoom.space\/es\/noticia\/julia-gibaja-premiada-pel-seu-treball-de-final-de-grau-en-enginyeria-biomedica\/"]}]},{"@type":"ImageObject","inLanguage":"es","@id":"https:\/\/ticsalutsocial.atoom.space\/es\/noticia\/julia-gibaja-premiada-pel-seu-treball-de-final-de-grau-en-enginyeria-biomedica\/#primaryimage","url":"https:\/\/ticsalutsocial.atoom.space\/wp-content\/uploads\/2025\/05\/Julia-Premis-scaled.jpg","contentUrl":"https:\/\/ticsalutsocial.atoom.space\/wp-content\/uploads\/2025\/05\/Julia-Premis-scaled.jpg","width":2560,"height":1707,"caption":"20a edici\u00f3 dels Premis Manel Xifra i Boada 2025 a l\u2019auditori de CaixaBank a Girona. Pere Duran\/Nord Media"},{"@type":"BreadcrumbList","@id":"https:\/\/ticsalutsocial.atoom.space\/es\/noticia\/julia-gibaja-premiada-pel-seu-treball-de-final-de-grau-en-enginyeria-biomedica\/#breadcrumb","itemListElement":[{"@type":"ListItem","position":1,"name":"Inici","item":"https:\/\/ticsalutsocial.atoom.space\/es\/"},{"@type":"ListItem","position":2,"name":"J\u00falia Gibaja, premiada por su Trabajo de Fin de Grado en Ingenier\u00eda Biom\u00e9dica"}]},{"@type":"WebSite","@id":"https:\/\/ticsalutsocial.atoom.space\/es\/#website","url":"https:\/\/ticsalutsocial.atoom.space\/es\/","name":"Fundaci\u00f3 TIC Salut i Social","description":"","potentialAction":[{"@type":"SearchAction","target":{"@type":"EntryPoint","urlTemplate":"https:\/\/ticsalutsocial.atoom.space\/es\/?s={search_term_string}"},"query-input":{"@type":"PropertyValueSpecification","valueRequired":true,"valueName":"search_term_string"}}],"inLanguage":"es"}]}},"_links":{"self":[{"href":"https:\/\/ticsalutsocial.atoom.space\/es\/wp-json\/wp\/v2\/noticia\/32307","targetHints":{"allow":["GET"]}}],"collection":[{"href":"https:\/\/ticsalutsocial.atoom.space\/es\/wp-json\/wp\/v2\/noticia"}],"about":[{"href":"https:\/\/ticsalutsocial.atoom.space\/es\/wp-json\/wp\/v2\/types\/noticia"}],"author":[{"embeddable":true,"href":"https:\/\/ticsalutsocial.atoom.space\/es\/wp-json\/wp\/v2\/users\/21"}],"wp:featuredmedia":[{"embeddable":true,"href":"https:\/\/ticsalutsocial.atoom.space\/es\/wp-json\/wp\/v2\/media\/32158"}],"wp:attachment":[{"href":"https:\/\/ticsalutsocial.atoom.space\/es\/wp-json\/wp\/v2\/media?parent=32307"}],"wp:term":[{"taxonomy":"etiqueta","embeddable":true,"href":"https:\/\/ticsalutsocial.atoom.space\/es\/wp-json\/wp\/v2\/etiqueta?post=32307"},{"taxonomy":"tipus","embeddable":true,"href":"https:\/\/ticsalutsocial.atoom.space\/es\/wp-json\/wp\/v2\/tipus?post=32307"},{"taxonomy":"topic","embeddable":true,"href":"https:\/\/ticsalutsocial.atoom.space\/es\/wp-json\/wp\/v2\/topic?post=32307"}],"curies":[{"name":"wp","href":"https:\/\/api.w.org\/{rel}","templated":true}]}}