
{"id":3235,"date":"2018-06-07T09:52:28","date_gmt":"2018-06-07T07:52:28","guid":{"rendered":"https:\/\/ticsalutsocial.atoom.space\/?post_type=noticia&#038;p=3235"},"modified":"2021-07-21T15:34:51","modified_gmt":"2021-07-21T13:34:51","slug":"el-area-mhealth-presente-en-icic-18-18th-international-conference-on-integrated-en-utrecht-holanda","status":"publish","type":"noticia","link":"https:\/\/ticsalutsocial.atoom.space\/es\/noticia\/el-area-mhealth-presente-en-icic-18-18th-international-conference-on-integrated-en-utrecht-holanda\/","title":{"rendered":"El \u00e1rea mHealth presente en ICIC 18: 18th International Conference on Integrated en Utrecht (Holanda)"},"content":{"rendered":"<p>Durante los d\u00edas 23, 24 y 25 de mayo tuvo lugar en Utrecht (Pa\u00edses Bajos) el 18\u00ba congreso internacional sobre atenci\u00f3n integrada organizado por la IFIC (Intenational Foundation for Integrated Care).<\/p>\n<p>El objetivo del congreso fue presentar aquellos proyectos en curso orientados a conseguir un modelo de atenci\u00f3n integrada de los pacientes, con ejemplos pr\u00e1cticos y reales. El modelo de atenci\u00f3n integrada, pretende dar respuesta al aumento de la poblaci\u00f3n con necesidades especiales y complejas, para disponer de una planificaci\u00f3n, adecuar la gesti\u00f3n cl\u00ednica a estas demandas y disponer de una buena provisi\u00f3n de los servicios sociales y de salud. De este modo,\u00a0desde el \u00e1rea mHealth de la <em>Fundaci\u00f3 TIC Salut Social<\/em> se presentaron las diferentes acciones \u00a0estrat\u00e9gicas que se est\u00e1n desarrollando desde Catalu\u00f1a para impulsar el despliegue de las herramientas de movilidad dentro de los procesos asistenciales. En particular, se habl\u00f3 sobre el modelo de acreditaci\u00f3n de aplicaciones m\u00f3viles que la fundaci\u00f3n est\u00e1 impulsando desde hace un par de a\u00f1os. Tambi\u00e9n se ha hablado de la evaluaci\u00f3n en usabilidad de apps dentro de un \u00e1mbito cl\u00ednico presentando los resultados del piloto efectuado a finales del 2017 en cuatro centros de Atenci\u00f3n Primaria en la demarcaci\u00f3n de Barcelona.<\/p>\n<p>Durante el congreso se presentaron otros proyectos que actualmente se est\u00e1n llevando a cabo desde Catalu\u00f1a, como por ejemplo, la presentaci\u00f3n del responsable funcional del HC3 y LMS, Oscar Solans que habl\u00f3 sobre c\u00f3mo se integra la historia cl\u00ednica y social de los ciudadanos para que desde los diferentes sistemas de salud y atenci\u00f3n social se puedan visualizar. Por otro lado, David Monterde, <em>Institut Catal\u00e0 de la Salut<\/em>, present\u00f3 una nueva herramienta de estratificaci\u00f3n para evaluar el riesgo sobre grupos de morbilidad.<\/p>\n<p>Estos fueron algunos ejemplos de los proyectos presentados. ICIC es un congreso muy din\u00e1mico para conocer nuevas iniciativas y otras experiencias emotivas como el caso de la fundaci\u00f3n canadiense que\u00a0pretende garantizar la atenci\u00f3n integral de las personas optimizando los recursos disponibles.<\/p>\n<p>Una delegaci\u00f3n de la <em>Fundaci\u00f3 TIC Salut Social<\/em> asisti\u00f3 al congreso y tambi\u00e9n particip\u00f3 en una ponencia sobre las estrategias mHealth que se realizan en Catalu\u00f1a para mejorar la vida de los pacientes y conseguir as\u00ed una atenci\u00f3n m\u00e1s integrada en la persona.<\/p>\n<p>Desde\u00a0<em>\u201c<a href=\"http:\/\/www.changefoundation.ca\/\">The change Foundation<\/a>\u201d<\/em> que explic\u00f3 la historia de un paciente sometido a m\u00faltiples operaciones quir\u00fargicas debido a una inadecuada gesti\u00f3n sanitaria. Un caso pr\u00e1ctico para ilustrar la necesidad de una correcta gesti\u00f3n integrada con la persona.<\/p>\n","protected":false},"author":21,"featured_media":3232,"menu_order":0,"template":"","meta":{"_acf_changed":false,"inline_featured_image":false},"etiqueta":[],"tipus":[654],"topic":[],"class_list":["post-3235","noticia","type-noticia","status-publish","has-post-thumbnail","hentry","tipus-activos-digitales"],"acf":{"imatge":3234,"autor":"Carme Pratdep\u00e0dua","textos_destacats":[{"texte":"La Fundaci\u00f3 TIC Salut Social expone su experiencia en el congreso internacional sobre atenci\u00f3n integrada"}]},"yoast_head":"<!-- This site is optimized with the Yoast SEO plugin v27.1.1 - https:\/\/yoast.com\/product\/yoast-seo-wordpress\/ -->\n<title>El \u00e1rea mHealth presente en ICIC 18: 18th International Conference on Integrated en Utrecht (Holanda) - Fundaci\u00f3 TIC Salut i Social<\/title>\n<meta name=\"robots\" content=\"index, follow, max-snippet:-1, max-image-preview:large, max-video-preview:-1\" \/>\n<link rel=\"canonical\" href=\"https:\/\/ticsalutsocial.atoom.space\/es\/noticia\/el-area-mhealth-presente-en-icic-18-18th-international-conference-on-integrated-en-utrecht-holanda\/\" \/>\n<meta property=\"og:locale\" content=\"es_ES\" \/>\n<meta property=\"og:type\" content=\"article\" \/>\n<meta property=\"og:title\" content=\"El \u00e1rea mHealth presente en ICIC 18: 18th International Conference on Integrated en Utrecht (Holanda) - Fundaci\u00f3 TIC Salut i Social\" \/>\n<meta property=\"og:description\" content=\"Durante los d\u00edas 23, 24 y 25 de mayo tuvo lugar en Utrecht (Pa\u00edses Bajos) el 18\u00ba congreso internacional sobre atenci\u00f3n integrada organizado por la IFIC (Intenational Foundation for Integrated Care). El objetivo del congreso fue presentar aquellos proyectos en curso orientados a conseguir un modelo de atenci\u00f3n integrada de los pacientes, con ejemplos pr\u00e1cticos [&hellip;]\" \/>\n<meta property=\"og:url\" content=\"https:\/\/ticsalutsocial.atoom.space\/es\/noticia\/el-area-mhealth-presente-en-icic-18-18th-international-conference-on-integrated-en-utrecht-holanda\/\" \/>\n<meta property=\"og:site_name\" content=\"Fundaci\u00f3 TIC Salut i Social\" \/>\n<meta property=\"article:modified_time\" content=\"2021-07-21T13:34:51+00:00\" \/>\n<meta property=\"og:image\" content=\"https:\/\/ticsalutsocial.atoom.space\/wp-content\/uploads\/2018\/06\/carme-icic.jpg\" \/>\n\t<meta property=\"og:image:width\" content=\"1600\" \/>\n\t<meta property=\"og:image:height\" content=\"1200\" \/>\n\t<meta property=\"og:image:type\" content=\"image\/jpeg\" \/>\n<meta name=\"twitter:card\" content=\"summary_large_image\" \/>\n<meta name=\"twitter:label1\" content=\"Tiempo de lectura\" \/>\n\t<meta name=\"twitter:data1\" content=\"2 minutos\" \/>\n<script type=\"application\/ld+json\" class=\"yoast-schema-graph\">{\"@context\":\"https:\/\/schema.org\",\"@graph\":[{\"@type\":\"WebPage\",\"@id\":\"https:\/\/ticsalutsocial.atoom.space\/es\/noticia\/el-area-mhealth-presente-en-icic-18-18th-international-conference-on-integrated-en-utrecht-holanda\/\",\"url\":\"https:\/\/ticsalutsocial.atoom.space\/es\/noticia\/el-area-mhealth-presente-en-icic-18-18th-international-conference-on-integrated-en-utrecht-holanda\/\",\"name\":\"El \u00e1rea mHealth presente en ICIC 18: 18th International Conference on Integrated en Utrecht (Holanda) - Fundaci\u00f3 TIC Salut i Social\",\"isPartOf\":{\"@id\":\"https:\/\/ticsalutsocial.atoom.space\/es\/#website\"},\"primaryImageOfPage\":{\"@id\":\"https:\/\/ticsalutsocial.atoom.space\/es\/noticia\/el-area-mhealth-presente-en-icic-18-18th-international-conference-on-integrated-en-utrecht-holanda\/#primaryimage\"},\"image\":{\"@id\":\"https:\/\/ticsalutsocial.atoom.space\/es\/noticia\/el-area-mhealth-presente-en-icic-18-18th-international-conference-on-integrated-en-utrecht-holanda\/#primaryimage\"},\"thumbnailUrl\":\"https:\/\/ticsalutsocial.atoom.space\/wp-content\/uploads\/2018\/06\/carme-icic.jpg\",\"datePublished\":\"2018-06-07T07:52:28+00:00\",\"dateModified\":\"2021-07-21T13:34:51+00:00\",\"breadcrumb\":{\"@id\":\"https:\/\/ticsalutsocial.atoom.space\/es\/noticia\/el-area-mhealth-presente-en-icic-18-18th-international-conference-on-integrated-en-utrecht-holanda\/#breadcrumb\"},\"inLanguage\":\"es\",\"potentialAction\":[{\"@type\":\"ReadAction\",\"target\":[\"https:\/\/ticsalutsocial.atoom.space\/es\/noticia\/el-area-mhealth-presente-en-icic-18-18th-international-conference-on-integrated-en-utrecht-holanda\/\"]}]},{\"@type\":\"ImageObject\",\"inLanguage\":\"es\",\"@id\":\"https:\/\/ticsalutsocial.atoom.space\/es\/noticia\/el-area-mhealth-presente-en-icic-18-18th-international-conference-on-integrated-en-utrecht-holanda\/#primaryimage\",\"url\":\"https:\/\/ticsalutsocial.atoom.space\/wp-content\/uploads\/2018\/06\/carme-icic.jpg\",\"contentUrl\":\"https:\/\/ticsalutsocial.atoom.space\/wp-content\/uploads\/2018\/06\/carme-icic.jpg\",\"width\":1600,\"height\":1200},{\"@type\":\"BreadcrumbList\",\"@id\":\"https:\/\/ticsalutsocial.atoom.space\/es\/noticia\/el-area-mhealth-presente-en-icic-18-18th-international-conference-on-integrated-en-utrecht-holanda\/#breadcrumb\",\"itemListElement\":[{\"@type\":\"ListItem\",\"position\":1,\"name\":\"Inici\",\"item\":\"https:\/\/ticsalutsocial.atoom.space\/es\/\"},{\"@type\":\"ListItem\",\"position\":2,\"name\":\"El \u00e1rea mHealth presente en ICIC 18: 18th International Conference on Integrated en Utrecht (Holanda)\"}]},{\"@type\":\"WebSite\",\"@id\":\"https:\/\/ticsalutsocial.atoom.space\/es\/#website\",\"url\":\"https:\/\/ticsalutsocial.atoom.space\/es\/\",\"name\":\"Fundaci\u00f3 TIC Salut i Social\",\"description\":\"\",\"potentialAction\":[{\"@type\":\"SearchAction\",\"target\":{\"@type\":\"EntryPoint\",\"urlTemplate\":\"https:\/\/ticsalutsocial.atoom.space\/es\/?s={search_term_string}\"},\"query-input\":{\"@type\":\"PropertyValueSpecification\",\"valueRequired\":true,\"valueName\":\"search_term_string\"}}],\"inLanguage\":\"es\"}]}<\/script>\n<!-- \/ Yoast SEO plugin. -->","yoast_head_json":{"title":"El \u00e1rea mHealth presente en ICIC 18: 18th International Conference on Integrated en Utrecht (Holanda) - Fundaci\u00f3 TIC Salut i Social","robots":{"index":"index","follow":"follow","max-snippet":"max-snippet:-1","max-image-preview":"max-image-preview:large","max-video-preview":"max-video-preview:-1"},"canonical":"https:\/\/ticsalutsocial.atoom.space\/es\/noticia\/el-area-mhealth-presente-en-icic-18-18th-international-conference-on-integrated-en-utrecht-holanda\/","og_locale":"es_ES","og_type":"article","og_title":"El \u00e1rea mHealth presente en ICIC 18: 18th International Conference on Integrated en Utrecht (Holanda) - Fundaci\u00f3 TIC Salut i Social","og_description":"Durante los d\u00edas 23, 24 y 25 de mayo tuvo lugar en Utrecht (Pa\u00edses Bajos) el 18\u00ba congreso internacional sobre atenci\u00f3n integrada organizado por la IFIC (Intenational Foundation for Integrated Care). El objetivo del congreso fue presentar aquellos proyectos en curso orientados a conseguir un modelo de atenci\u00f3n integrada de los pacientes, con ejemplos pr\u00e1cticos [&hellip;]","og_url":"https:\/\/ticsalutsocial.atoom.space\/es\/noticia\/el-area-mhealth-presente-en-icic-18-18th-international-conference-on-integrated-en-utrecht-holanda\/","og_site_name":"Fundaci\u00f3 TIC Salut i Social","article_modified_time":"2021-07-21T13:34:51+00:00","og_image":[{"width":1600,"height":1200,"url":"https:\/\/ticsalutsocial.atoom.space\/wp-content\/uploads\/2018\/06\/carme-icic.jpg","type":"image\/jpeg"}],"twitter_card":"summary_large_image","twitter_misc":{"Tiempo de lectura":"2 minutos"},"schema":{"@context":"https:\/\/schema.org","@graph":[{"@type":"WebPage","@id":"https:\/\/ticsalutsocial.atoom.space\/es\/noticia\/el-area-mhealth-presente-en-icic-18-18th-international-conference-on-integrated-en-utrecht-holanda\/","url":"https:\/\/ticsalutsocial.atoom.space\/es\/noticia\/el-area-mhealth-presente-en-icic-18-18th-international-conference-on-integrated-en-utrecht-holanda\/","name":"El \u00e1rea mHealth presente en ICIC 18: 18th International Conference on Integrated en Utrecht (Holanda) - Fundaci\u00f3 TIC Salut i Social","isPartOf":{"@id":"https:\/\/ticsalutsocial.atoom.space\/es\/#website"},"primaryImageOfPage":{"@id":"https:\/\/ticsalutsocial.atoom.space\/es\/noticia\/el-area-mhealth-presente-en-icic-18-18th-international-conference-on-integrated-en-utrecht-holanda\/#primaryimage"},"image":{"@id":"https:\/\/ticsalutsocial.atoom.space\/es\/noticia\/el-area-mhealth-presente-en-icic-18-18th-international-conference-on-integrated-en-utrecht-holanda\/#primaryimage"},"thumbnailUrl":"https:\/\/ticsalutsocial.atoom.space\/wp-content\/uploads\/2018\/06\/carme-icic.jpg","datePublished":"2018-06-07T07:52:28+00:00","dateModified":"2021-07-21T13:34:51+00:00","breadcrumb":{"@id":"https:\/\/ticsalutsocial.atoom.space\/es\/noticia\/el-area-mhealth-presente-en-icic-18-18th-international-conference-on-integrated-en-utrecht-holanda\/#breadcrumb"},"inLanguage":"es","potentialAction":[{"@type":"ReadAction","target":["https:\/\/ticsalutsocial.atoom.space\/es\/noticia\/el-area-mhealth-presente-en-icic-18-18th-international-conference-on-integrated-en-utrecht-holanda\/"]}]},{"@type":"ImageObject","inLanguage":"es","@id":"https:\/\/ticsalutsocial.atoom.space\/es\/noticia\/el-area-mhealth-presente-en-icic-18-18th-international-conference-on-integrated-en-utrecht-holanda\/#primaryimage","url":"https:\/\/ticsalutsocial.atoom.space\/wp-content\/uploads\/2018\/06\/carme-icic.jpg","contentUrl":"https:\/\/ticsalutsocial.atoom.space\/wp-content\/uploads\/2018\/06\/carme-icic.jpg","width":1600,"height":1200},{"@type":"BreadcrumbList","@id":"https:\/\/ticsalutsocial.atoom.space\/es\/noticia\/el-area-mhealth-presente-en-icic-18-18th-international-conference-on-integrated-en-utrecht-holanda\/#breadcrumb","itemListElement":[{"@type":"ListItem","position":1,"name":"Inici","item":"https:\/\/ticsalutsocial.atoom.space\/es\/"},{"@type":"ListItem","position":2,"name":"El \u00e1rea mHealth presente en ICIC 18: 18th International Conference on Integrated en Utrecht (Holanda)"}]},{"@type":"WebSite","@id":"https:\/\/ticsalutsocial.atoom.space\/es\/#website","url":"https:\/\/ticsalutsocial.atoom.space\/es\/","name":"Fundaci\u00f3 TIC Salut i Social","description":"","potentialAction":[{"@type":"SearchAction","target":{"@type":"EntryPoint","urlTemplate":"https:\/\/ticsalutsocial.atoom.space\/es\/?s={search_term_string}"},"query-input":{"@type":"PropertyValueSpecification","valueRequired":true,"valueName":"search_term_string"}}],"inLanguage":"es"}]}},"_links":{"self":[{"href":"https:\/\/ticsalutsocial.atoom.space\/es\/wp-json\/wp\/v2\/noticia\/3235","targetHints":{"allow":["GET"]}}],"collection":[{"href":"https:\/\/ticsalutsocial.atoom.space\/es\/wp-json\/wp\/v2\/noticia"}],"about":[{"href":"https:\/\/ticsalutsocial.atoom.space\/es\/wp-json\/wp\/v2\/types\/noticia"}],"author":[{"embeddable":true,"href":"https:\/\/ticsalutsocial.atoom.space\/es\/wp-json\/wp\/v2\/users\/21"}],"wp:featuredmedia":[{"embeddable":true,"href":"https:\/\/ticsalutsocial.atoom.space\/es\/wp-json\/wp\/v2\/media\/3232"}],"wp:attachment":[{"href":"https:\/\/ticsalutsocial.atoom.space\/es\/wp-json\/wp\/v2\/media?parent=3235"}],"wp:term":[{"taxonomy":"etiqueta","embeddable":true,"href":"https:\/\/ticsalutsocial.atoom.space\/es\/wp-json\/wp\/v2\/etiqueta?post=3235"},{"taxonomy":"tipus","embeddable":true,"href":"https:\/\/ticsalutsocial.atoom.space\/es\/wp-json\/wp\/v2\/tipus?post=3235"},{"taxonomy":"topic","embeddable":true,"href":"https:\/\/ticsalutsocial.atoom.space\/es\/wp-json\/wp\/v2\/topic?post=3235"}],"curies":[{"name":"wp","href":"https:\/\/api.w.org\/{rel}","templated":true}]}}