
{"id":3238,"date":"2018-06-07T10:35:00","date_gmt":"2018-06-07T08:35:00","guid":{"rendered":"https:\/\/ticsalutsocial.atoom.space\/?post_type=noticia&#038;p=3238"},"modified":"2021-07-21T15:34:55","modified_gmt":"2021-07-21T13:34:55","slug":"inician-los-workshops-de-la-fase-2-del-proyecto-diacare","status":"publish","type":"noticia","link":"https:\/\/ticsalutsocial.atoom.space\/es\/noticia\/inician-los-workshops-de-la-fase-2-del-proyecto-diacare\/","title":{"rendered":"Inician los workshops de la fase 2 del proyecto Diacare"},"content":{"rendered":"<p>La fase 2 del proyecto Diacare inicia con la primera sesi\u00f3n de workshops entre profesionales sanitarios y miembros del equipo de la fundaci\u00f3n. Con el objetivo de definir cu\u00e1les ser\u00e1n las soluciones tecnol\u00f3gicas que formen parte del nuevo ecosistema digital de apoyo en la gesti\u00f3n de la Diabetes Mellitus de tipo 2, el pasado 1 de junio de 2018 se reunieron el Grupo Pulso y varios profesionales del territorio, enfermeras y m\u00e9dicos, con Elisenda Reixach y Mar Mirabete, project managers de la <em>Fundaci\u00f3 TIC Salut Social<\/em>.<\/p>\n<p>Algunas de las necesidades expresadas por los profesionales fueron la importancia que las soluciones sean sencillas y f\u00e1ciles de adaptar dentro de sus procedimientos.<\/p>\n<p>Las soluciones que se est\u00e1n definiendo son la <em>Smart Agenda<\/em>, consistente en un plan de atenci\u00f3n m\u00e1s personalizado y el <em>Diabetes Care<\/em>, para facilitar la autogesti\u00f3n de la enfermedad por parte del paciente.<\/p>\n<p>Las conclusiones del workshop fueron la validaci\u00f3n de las propuestas de soluciones a desarrollar. El siguiente paso a seguir es un nuevo workshop con pacientes y con profesionales para ajustar la soluci\u00f3n en t\u00e9rminos de UI\/UX.<\/p>\n","protected":false},"author":21,"featured_media":3074,"menu_order":0,"template":"","meta":{"_acf_changed":false,"inline_featured_image":false},"etiqueta":[],"tipus":[],"topic":[],"class_list":["post-3238","noticia","type-noticia","status-publish","has-post-thumbnail","hentry"],"acf":{"imatge":3076,"autor":"Victor Barber\u00e0","textos_destacats":[{"texte":"El pasado d\u00eda 1 de junio se reunieron los profesionales sanitarios con el equipo de la Fundaci\u00f3 TIC Salut Social para iniciar los workshops en el CAP Bellvitge."}]},"yoast_head":"<!-- This site is optimized with the Yoast SEO plugin v27.1.1 - https:\/\/yoast.com\/product\/yoast-seo-wordpress\/ -->\n<title>Inician los workshops de la fase 2 del proyecto Diacare - Fundaci\u00f3 TIC Salut i Social<\/title>\n<meta name=\"robots\" content=\"index, follow, max-snippet:-1, max-image-preview:large, max-video-preview:-1\" \/>\n<link rel=\"canonical\" href=\"https:\/\/ticsalutsocial.atoom.space\/es\/noticia\/inician-los-workshops-de-la-fase-2-del-proyecto-diacare\/\" \/>\n<meta property=\"og:locale\" content=\"es_ES\" \/>\n<meta property=\"og:type\" content=\"article\" \/>\n<meta property=\"og:title\" content=\"Inician los workshops de la fase 2 del proyecto Diacare - Fundaci\u00f3 TIC Salut i Social\" \/>\n<meta property=\"og:description\" content=\"La fase 2 del proyecto Diacare inicia con la primera sesi\u00f3n de workshops entre profesionales sanitarios y miembros del equipo de la fundaci\u00f3n. Con el objetivo de definir cu\u00e1les ser\u00e1n las soluciones tecnol\u00f3gicas que formen parte del nuevo ecosistema digital de apoyo en la gesti\u00f3n de la Diabetes Mellitus de tipo 2, el pasado 1 [&hellip;]\" \/>\n<meta property=\"og:url\" content=\"https:\/\/ticsalutsocial.atoom.space\/es\/noticia\/inician-los-workshops-de-la-fase-2-del-proyecto-diacare\/\" \/>\n<meta property=\"og:site_name\" content=\"Fundaci\u00f3 TIC Salut i Social\" \/>\n<meta property=\"article:modified_time\" content=\"2021-07-21T13:34:55+00:00\" \/>\n<meta property=\"og:image\" content=\"https:\/\/ticsalutsocial.atoom.space\/wp-content\/uploads\/2017\/05\/mhealth1_centre_80_449.jpg\" \/>\n\t<meta property=\"og:image:width\" content=\"1382\" \/>\n\t<meta property=\"og:image:height\" content=\"922\" \/>\n\t<meta property=\"og:image:type\" content=\"image\/jpeg\" \/>\n<meta name=\"twitter:card\" content=\"summary_large_image\" \/>\n<meta name=\"twitter:label1\" content=\"Tiempo de lectura\" \/>\n\t<meta name=\"twitter:data1\" content=\"1 minuto\" \/>\n<script type=\"application\/ld+json\" class=\"yoast-schema-graph\">{\"@context\":\"https:\/\/schema.org\",\"@graph\":[{\"@type\":\"WebPage\",\"@id\":\"https:\/\/ticsalutsocial.atoom.space\/es\/noticia\/inician-los-workshops-de-la-fase-2-del-proyecto-diacare\/\",\"url\":\"https:\/\/ticsalutsocial.atoom.space\/es\/noticia\/inician-los-workshops-de-la-fase-2-del-proyecto-diacare\/\",\"name\":\"Inician los workshops de la fase 2 del proyecto Diacare - Fundaci\u00f3 TIC Salut i Social\",\"isPartOf\":{\"@id\":\"https:\/\/ticsalutsocial.atoom.space\/es\/#website\"},\"primaryImageOfPage\":{\"@id\":\"https:\/\/ticsalutsocial.atoom.space\/es\/noticia\/inician-los-workshops-de-la-fase-2-del-proyecto-diacare\/#primaryimage\"},\"image\":{\"@id\":\"https:\/\/ticsalutsocial.atoom.space\/es\/noticia\/inician-los-workshops-de-la-fase-2-del-proyecto-diacare\/#primaryimage\"},\"thumbnailUrl\":\"https:\/\/ticsalutsocial.atoom.space\/wp-content\/uploads\/2017\/05\/mhealth1_centre_80_449.jpg\",\"datePublished\":\"2018-06-07T08:35:00+00:00\",\"dateModified\":\"2021-07-21T13:34:55+00:00\",\"breadcrumb\":{\"@id\":\"https:\/\/ticsalutsocial.atoom.space\/es\/noticia\/inician-los-workshops-de-la-fase-2-del-proyecto-diacare\/#breadcrumb\"},\"inLanguage\":\"es\",\"potentialAction\":[{\"@type\":\"ReadAction\",\"target\":[\"https:\/\/ticsalutsocial.atoom.space\/es\/noticia\/inician-los-workshops-de-la-fase-2-del-proyecto-diacare\/\"]}]},{\"@type\":\"ImageObject\",\"inLanguage\":\"es\",\"@id\":\"https:\/\/ticsalutsocial.atoom.space\/es\/noticia\/inician-los-workshops-de-la-fase-2-del-proyecto-diacare\/#primaryimage\",\"url\":\"https:\/\/ticsalutsocial.atoom.space\/wp-content\/uploads\/2017\/05\/mhealth1_centre_80_449.jpg\",\"contentUrl\":\"https:\/\/ticsalutsocial.atoom.space\/wp-content\/uploads\/2017\/05\/mhealth1_centre_80_449.jpg\",\"width\":1382,\"height\":922},{\"@type\":\"BreadcrumbList\",\"@id\":\"https:\/\/ticsalutsocial.atoom.space\/es\/noticia\/inician-los-workshops-de-la-fase-2-del-proyecto-diacare\/#breadcrumb\",\"itemListElement\":[{\"@type\":\"ListItem\",\"position\":1,\"name\":\"Inici\",\"item\":\"https:\/\/ticsalutsocial.atoom.space\/es\/\"},{\"@type\":\"ListItem\",\"position\":2,\"name\":\"Inician los workshops de la fase 2 del proyecto Diacare\"}]},{\"@type\":\"WebSite\",\"@id\":\"https:\/\/ticsalutsocial.atoom.space\/es\/#website\",\"url\":\"https:\/\/ticsalutsocial.atoom.space\/es\/\",\"name\":\"Fundaci\u00f3 TIC Salut i Social\",\"description\":\"\",\"potentialAction\":[{\"@type\":\"SearchAction\",\"target\":{\"@type\":\"EntryPoint\",\"urlTemplate\":\"https:\/\/ticsalutsocial.atoom.space\/es\/?s={search_term_string}\"},\"query-input\":{\"@type\":\"PropertyValueSpecification\",\"valueRequired\":true,\"valueName\":\"search_term_string\"}}],\"inLanguage\":\"es\"}]}<\/script>\n<!-- \/ Yoast SEO plugin. -->","yoast_head_json":{"title":"Inician los workshops de la fase 2 del proyecto Diacare - Fundaci\u00f3 TIC Salut i Social","robots":{"index":"index","follow":"follow","max-snippet":"max-snippet:-1","max-image-preview":"max-image-preview:large","max-video-preview":"max-video-preview:-1"},"canonical":"https:\/\/ticsalutsocial.atoom.space\/es\/noticia\/inician-los-workshops-de-la-fase-2-del-proyecto-diacare\/","og_locale":"es_ES","og_type":"article","og_title":"Inician los workshops de la fase 2 del proyecto Diacare - Fundaci\u00f3 TIC Salut i Social","og_description":"La fase 2 del proyecto Diacare inicia con la primera sesi\u00f3n de workshops entre profesionales sanitarios y miembros del equipo de la fundaci\u00f3n. Con el objetivo de definir cu\u00e1les ser\u00e1n las soluciones tecnol\u00f3gicas que formen parte del nuevo ecosistema digital de apoyo en la gesti\u00f3n de la Diabetes Mellitus de tipo 2, el pasado 1 [&hellip;]","og_url":"https:\/\/ticsalutsocial.atoom.space\/es\/noticia\/inician-los-workshops-de-la-fase-2-del-proyecto-diacare\/","og_site_name":"Fundaci\u00f3 TIC Salut i Social","article_modified_time":"2021-07-21T13:34:55+00:00","og_image":[{"width":1382,"height":922,"url":"https:\/\/ticsalutsocial.atoom.space\/wp-content\/uploads\/2017\/05\/mhealth1_centre_80_449.jpg","type":"image\/jpeg"}],"twitter_card":"summary_large_image","twitter_misc":{"Tiempo de lectura":"1 minuto"},"schema":{"@context":"https:\/\/schema.org","@graph":[{"@type":"WebPage","@id":"https:\/\/ticsalutsocial.atoom.space\/es\/noticia\/inician-los-workshops-de-la-fase-2-del-proyecto-diacare\/","url":"https:\/\/ticsalutsocial.atoom.space\/es\/noticia\/inician-los-workshops-de-la-fase-2-del-proyecto-diacare\/","name":"Inician los workshops de la fase 2 del proyecto Diacare - Fundaci\u00f3 TIC Salut i Social","isPartOf":{"@id":"https:\/\/ticsalutsocial.atoom.space\/es\/#website"},"primaryImageOfPage":{"@id":"https:\/\/ticsalutsocial.atoom.space\/es\/noticia\/inician-los-workshops-de-la-fase-2-del-proyecto-diacare\/#primaryimage"},"image":{"@id":"https:\/\/ticsalutsocial.atoom.space\/es\/noticia\/inician-los-workshops-de-la-fase-2-del-proyecto-diacare\/#primaryimage"},"thumbnailUrl":"https:\/\/ticsalutsocial.atoom.space\/wp-content\/uploads\/2017\/05\/mhealth1_centre_80_449.jpg","datePublished":"2018-06-07T08:35:00+00:00","dateModified":"2021-07-21T13:34:55+00:00","breadcrumb":{"@id":"https:\/\/ticsalutsocial.atoom.space\/es\/noticia\/inician-los-workshops-de-la-fase-2-del-proyecto-diacare\/#breadcrumb"},"inLanguage":"es","potentialAction":[{"@type":"ReadAction","target":["https:\/\/ticsalutsocial.atoom.space\/es\/noticia\/inician-los-workshops-de-la-fase-2-del-proyecto-diacare\/"]}]},{"@type":"ImageObject","inLanguage":"es","@id":"https:\/\/ticsalutsocial.atoom.space\/es\/noticia\/inician-los-workshops-de-la-fase-2-del-proyecto-diacare\/#primaryimage","url":"https:\/\/ticsalutsocial.atoom.space\/wp-content\/uploads\/2017\/05\/mhealth1_centre_80_449.jpg","contentUrl":"https:\/\/ticsalutsocial.atoom.space\/wp-content\/uploads\/2017\/05\/mhealth1_centre_80_449.jpg","width":1382,"height":922},{"@type":"BreadcrumbList","@id":"https:\/\/ticsalutsocial.atoom.space\/es\/noticia\/inician-los-workshops-de-la-fase-2-del-proyecto-diacare\/#breadcrumb","itemListElement":[{"@type":"ListItem","position":1,"name":"Inici","item":"https:\/\/ticsalutsocial.atoom.space\/es\/"},{"@type":"ListItem","position":2,"name":"Inician los workshops de la fase 2 del proyecto Diacare"}]},{"@type":"WebSite","@id":"https:\/\/ticsalutsocial.atoom.space\/es\/#website","url":"https:\/\/ticsalutsocial.atoom.space\/es\/","name":"Fundaci\u00f3 TIC Salut i Social","description":"","potentialAction":[{"@type":"SearchAction","target":{"@type":"EntryPoint","urlTemplate":"https:\/\/ticsalutsocial.atoom.space\/es\/?s={search_term_string}"},"query-input":{"@type":"PropertyValueSpecification","valueRequired":true,"valueName":"search_term_string"}}],"inLanguage":"es"}]}},"_links":{"self":[{"href":"https:\/\/ticsalutsocial.atoom.space\/es\/wp-json\/wp\/v2\/noticia\/3238","targetHints":{"allow":["GET"]}}],"collection":[{"href":"https:\/\/ticsalutsocial.atoom.space\/es\/wp-json\/wp\/v2\/noticia"}],"about":[{"href":"https:\/\/ticsalutsocial.atoom.space\/es\/wp-json\/wp\/v2\/types\/noticia"}],"author":[{"embeddable":true,"href":"https:\/\/ticsalutsocial.atoom.space\/es\/wp-json\/wp\/v2\/users\/21"}],"wp:featuredmedia":[{"embeddable":true,"href":"https:\/\/ticsalutsocial.atoom.space\/es\/wp-json\/wp\/v2\/media\/3074"}],"wp:attachment":[{"href":"https:\/\/ticsalutsocial.atoom.space\/es\/wp-json\/wp\/v2\/media?parent=3238"}],"wp:term":[{"taxonomy":"etiqueta","embeddable":true,"href":"https:\/\/ticsalutsocial.atoom.space\/es\/wp-json\/wp\/v2\/etiqueta?post=3238"},{"taxonomy":"tipus","embeddable":true,"href":"https:\/\/ticsalutsocial.atoom.space\/es\/wp-json\/wp\/v2\/tipus?post=3238"},{"taxonomy":"topic","embeddable":true,"href":"https:\/\/ticsalutsocial.atoom.space\/es\/wp-json\/wp\/v2\/topic?post=3238"}],"curies":[{"name":"wp","href":"https:\/\/api.w.org\/{rel}","templated":true}]}}