
{"id":32423,"date":"2025-06-03T09:28:08","date_gmt":"2025-06-03T07:28:08","guid":{"rendered":"https:\/\/ticsalutsocial.atoom.space\/noticia\/oberta-la-convocatoria-de-la-3a-beca-tic-en-salut-mental-impulsada-per-la-fundacio-tic-salut-social-i-la-fundacio-barbosa-petit\/"},"modified":"2025-06-03T09:51:11","modified_gmt":"2025-06-03T07:51:11","slug":"oberta-la-convocatoria-de-la-3a-beca-tic-en-salut-mental-impulsada-per-la-fundacio-tic-salut-social-i-la-fundacio-barbosa-petit","status":"publish","type":"noticia","link":"https:\/\/ticsalutsocial.atoom.space\/es\/noticia\/oberta-la-convocatoria-de-la-3a-beca-tic-en-salut-mental-impulsada-per-la-fundacio-tic-salut-social-i-la-fundacio-barbosa-petit\/","title":{"rendered":"Abierta la convocatoria de la 3.\u00aa Beca TIC en Salud Mental, impulsada por la Fundaci\u00f3 TIC Salut Social y la Fundaci\u00f3 Barbosa &#038; Petit"},"content":{"rendered":"\r\n<p>Un a\u00f1o m\u00e1s, la Fundaci\u00f3 TIC Salut Social y la Fundaci\u00f3 Barbosa &amp; Petit abren la convocatoria de la <strong data-start=\"273\" data-end=\"301\">Beca TIC en Salud Mental<\/strong>, que llega a su tercera edici\u00f3n. Esta iniciativa tiene como objetivo impulsar la investigaci\u00f3n y la innovaci\u00f3n en el \u00e1mbito de las <strong data-start=\"433\" data-end=\"490\">tecnolog\u00edas de la informaci\u00f3n y la comunicaci\u00f3n (TIC)<\/strong> aplicadas a la <strong data-start=\"506\" data-end=\"522\">salud mental<\/strong>, poniendo en valor el conocimiento emergente y su aplicaci\u00f3n pr\u00e1ctica en beneficio de la ciudadan\u00eda y del sistema de salud.<\/p>\r\n<p data-start=\"648\" data-end=\"897\">La convocatoria est\u00e1 dirigida a estudiantes de m\u00e1steres universitarios oficiales y a doctorandos que hayan presentado el <strong data-start=\"769\" data-end=\"802\">Trabajo Final de M\u00e1ster (TFM)<\/strong> o el <strong data-start=\"808\" data-end=\"859\">Plan de Investigaci\u00f3n del programa de Doctorado<\/strong> durante el curso acad\u00e9mico 2025-2026.<\/p>\r\n\r\n\r\n<hr class=\"wp-block-separator has-alpha-channel-opacity\" \/>\r\n\r\n\r\n<h4 class=\"wp-block-heading\">Requisitos de participaci\u00f3n<\/h4>\r\n\r\n\r\n\r\n<p>Para optar a la beca, el trabajo presentado debe ser original e incluir tanto un marco te\u00f3rico como un plan metodol\u00f3gico. Puede presentarse en catal\u00e1n, castellano o ingl\u00e9s (con traducci\u00f3n completa). Solo se admite una candidatura por persona y convocatoria, y no se pueden presentar trabajos entregados en ediciones anteriores.<\/p>\r\n\r\n\r\n<hr class=\"wp-block-separator has-alpha-channel-opacity\" \/>\r\n\r\n\r\n<h4 class=\"wp-block-heading\">Terminio y presentaci\u00f3n<\/h4>\r\n\r\n\r\n\r\n<p>Las candidaturas se pueden presentar hasta el <strong>30 de Octubre de 2025<\/strong> mediante correo electr\u00f3nico a:<\/p>\r\n\r\n\r\n\r\n<p>?\u00a0<a>cbustillo@ticsalutsocial.cat<\/a><br \/>?\u00a0<a>mserra@barbosapetitfundacio.org<\/a><br \/>?\u00a0<a>hola@barbosapetitfundacio.org<\/a><\/p>\r\n\r\n\r\n\r\n<p>Debe adjuntarse:<\/p>\r\n\r\n\r\n\r\n<ul class=\"wp-block-list\">\r\n<li>El trabajo completo (TFM o Plan de Investigaci\u00f3n) con presupuesto (si procede)<\/li>\r\n\r\n\r\n\r\n<li>Una carta de justificaci\u00f3n (m\u00e1ximo 500 palabras) sobre la contribuci\u00f3n del trabajo a la salud mental mediante TIC<\/li>\r\n\r\n\r\n\r\n<li>Una carta firmada por el tutor\/a (TFM) o el\/la director\/a (Doctorado) con la calificaci\u00f3n obtenida o la aptitud reconocida<\/li>\r\n<\/ul>\r\n\r\n\r\n<hr class=\"wp-block-separator has-alpha-channel-opacity\" \/>\r\n\r\n\r\n<h4 class=\"wp-block-heading\">Dotaci\u00f3n econ\u00f3mica y acto de entrega<\/h4>\r\n\r\n\r\n\r\n<ul class=\"wp-block-list\">\r\n<li><strong>Primer premio<\/strong>: 1.500 \u20ac<\/li>\r\n\r\n\r\n\r\n<li><strong>Acc\u00e9sit<\/strong>: 500 \u20ac<\/li>\r\n<\/ul>\r\n\r\n\r\n\r\n<p>El acto de entrega tendr\u00e1 lugar el <strong data-start=\"1989\" data-end=\"2022\">9 de abril de 2026 a las 18 h<\/strong> en <strong data-start=\"2026\" data-end=\"2071\">Ca l\u2019Arenas Centre d\u2019Art, Museu de Matar\u00f3<\/strong>, con representaci\u00f3n institucional, acad\u00e9mica y del sector TIC salud. La persona ganadora realizar\u00e1 una breve intervenci\u00f3n para exponer c\u00f3mo su investigaci\u00f3n contribuye a generar evidencia cient\u00edfica en este \u00e1mbito.<\/p>\r\n\r\n\r\n<hr class=\"wp-block-separator has-alpha-channel-opacity\" \/>\r\n\r\n\r\n<h4 class=\"wp-block-heading\">Criterios de valoraci\u00f3n<\/h4>\r\n\r\n\r\n\r\n<p>La comisi\u00f3n evaluadora valorar\u00e1:<\/p>\r\n\r\n\r\n\r\n<ul class=\"wp-block-list\">\r\n<li>El impacto potencial de la propuesta en el \u00e1mbito de la salud mental<\/li>\r\n\r\n\r\n\r\n<li>La innovaci\u00f3n en m\u00e9todos y procesos<\/li>\r\n\r\n\r\n\r\n<li>El uso de evidencia cient\u00edfica y la consideraci\u00f3n del impacto social, econ\u00f3mico y medioambiental<\/li>\r\n<\/ul>\r\n\r\n\r\n<hr class=\"wp-block-separator has-alpha-channel-opacity\" \/>\r\n\r\n\r\n<h4 class=\"wp-block-heading\">M\u00e1s informaci\u00f3n y consultas<\/h4>\r\n\r\n\r\n\r\n<p>Para cualquier duda o aclaraci\u00f3n, pueden escribir a:<\/p>\r\n\r\n\r\n\r\n<ul class=\"wp-block-list\">\r\n<li><a>cbustillo@ticsalutsocial.cat<\/a><\/li>\r\n\r\n\r\n\r\n<li><a>mserra@barbosapetitfundacio.org<\/a><\/li>\r\n\r\n\r\n\r\n<li><a>hola@barbosapetitfundacio.org<\/a><\/li>\r\n<\/ul>\r\n\r\n\r\n<hr class=\"wp-block-separator has-alpha-channel-opacity\" \/>\r\n\r\n\r\n<p>Pueden consultar las bases completas de la convocatoria en <a href=\"https:\/\/www.barbosapetitfundacio.org\/beca-tic-en-salut-mental\/\">el siguiente enlace.<\/a><\/p>\r\n","protected":false},"author":21,"featured_media":32421,"menu_order":0,"template":"","meta":{"_acf_changed":false,"inline_featured_image":false},"etiqueta":[],"tipus":[],"topic":[123,130],"class_list":["post-32423","noticia","type-noticia","status-publish","has-post-thumbnail","hentry","topic-actualidad","topic-la-fundacion"],"acf":{"autor":"","imatge":false,"textos_destacats":false,"documents":false,"finalitzat":false,"tipus_plantilla":"objectius","template_objectius":{"cont_principal":"","imatge":false,"cont_seguent":{"titol":"","contingut":""},"seccio_llistat":{"titol":"","llistat":false},"objectius":{"titol":"","objectius":false},"documents":false}},"yoast_head":"<!-- This site is optimized with the Yoast SEO plugin v27.1.1 - https:\/\/yoast.com\/product\/yoast-seo-wordpress\/ -->\n<title>Abierta la convocatoria de la 3.\u00aa Beca TIC en Salud Mental, impulsada por la Fundaci\u00f3 TIC Salut Social y la Fundaci\u00f3 Barbosa &amp; Petit - Fundaci\u00f3 TIC Salut i Social<\/title>\n<meta name=\"robots\" content=\"index, follow, max-snippet:-1, max-image-preview:large, max-video-preview:-1\" \/>\n<link rel=\"canonical\" href=\"https:\/\/ticsalutsocial.atoom.space\/es\/noticia\/oberta-la-convocatoria-de-la-3a-beca-tic-en-salut-mental-impulsada-per-la-fundacio-tic-salut-social-i-la-fundacio-barbosa-petit\/\" \/>\n<meta property=\"og:locale\" content=\"es_ES\" \/>\n<meta property=\"og:type\" content=\"article\" \/>\n<meta property=\"og:title\" content=\"Abierta la convocatoria de la 3.\u00aa Beca TIC en Salud Mental, impulsada por la Fundaci\u00f3 TIC Salut Social y la Fundaci\u00f3 Barbosa &amp; Petit - Fundaci\u00f3 TIC Salut i Social\" \/>\n<meta property=\"og:description\" content=\"Un a\u00f1o m\u00e1s, la Fundaci\u00f3 TIC Salut Social y la Fundaci\u00f3 Barbosa &amp; Petit abren la convocatoria de la Beca TIC en Salud Mental, que llega a su tercera edici\u00f3n. Esta iniciativa tiene como objetivo impulsar la investigaci\u00f3n y la innovaci\u00f3n en el \u00e1mbito de las tecnolog\u00edas de la informaci\u00f3n y la comunicaci\u00f3n (TIC) aplicadas [&hellip;]\" \/>\n<meta property=\"og:url\" content=\"https:\/\/ticsalutsocial.atoom.space\/es\/noticia\/oberta-la-convocatoria-de-la-3a-beca-tic-en-salut-mental-impulsada-per-la-fundacio-tic-salut-social-i-la-fundacio-barbosa-petit\/\" \/>\n<meta property=\"og:site_name\" content=\"Fundaci\u00f3 TIC Salut i Social\" \/>\n<meta property=\"article:modified_time\" content=\"2025-06-03T07:51:11+00:00\" \/>\n<meta property=\"og:image\" content=\"https:\/\/ticsalutsocial.atoom.space\/wp-content\/uploads\/2025\/06\/Beca-TIC-Salut-Mental-scaled.jpg\" \/>\n\t<meta property=\"og:image:width\" content=\"2560\" \/>\n\t<meta property=\"og:image:height\" content=\"1350\" \/>\n\t<meta property=\"og:image:type\" content=\"image\/jpeg\" \/>\n<meta name=\"twitter:card\" content=\"summary_large_image\" \/>\n<meta name=\"twitter:label1\" content=\"Tiempo de lectura\" \/>\n\t<meta name=\"twitter:data1\" content=\"3 minutos\" \/>\n<script type=\"application\/ld+json\" class=\"yoast-schema-graph\">{\"@context\":\"https:\/\/schema.org\",\"@graph\":[{\"@type\":\"WebPage\",\"@id\":\"https:\/\/ticsalutsocial.atoom.space\/es\/noticia\/oberta-la-convocatoria-de-la-3a-beca-tic-en-salut-mental-impulsada-per-la-fundacio-tic-salut-social-i-la-fundacio-barbosa-petit\/\",\"url\":\"https:\/\/ticsalutsocial.atoom.space\/es\/noticia\/oberta-la-convocatoria-de-la-3a-beca-tic-en-salut-mental-impulsada-per-la-fundacio-tic-salut-social-i-la-fundacio-barbosa-petit\/\",\"name\":\"Abierta la convocatoria de la 3.\u00aa Beca TIC en Salud Mental, impulsada por la Fundaci\u00f3 TIC Salut Social y la Fundaci\u00f3 Barbosa & Petit - Fundaci\u00f3 TIC Salut i Social\",\"isPartOf\":{\"@id\":\"https:\/\/ticsalutsocial.atoom.space\/es\/#website\"},\"primaryImageOfPage\":{\"@id\":\"https:\/\/ticsalutsocial.atoom.space\/es\/noticia\/oberta-la-convocatoria-de-la-3a-beca-tic-en-salut-mental-impulsada-per-la-fundacio-tic-salut-social-i-la-fundacio-barbosa-petit\/#primaryimage\"},\"image\":{\"@id\":\"https:\/\/ticsalutsocial.atoom.space\/es\/noticia\/oberta-la-convocatoria-de-la-3a-beca-tic-en-salut-mental-impulsada-per-la-fundacio-tic-salut-social-i-la-fundacio-barbosa-petit\/#primaryimage\"},\"thumbnailUrl\":\"https:\/\/ticsalutsocial.atoom.space\/wp-content\/uploads\/2025\/06\/Beca-TIC-Salut-Mental-scaled.jpg\",\"datePublished\":\"2025-06-03T07:28:08+00:00\",\"dateModified\":\"2025-06-03T07:51:11+00:00\",\"breadcrumb\":{\"@id\":\"https:\/\/ticsalutsocial.atoom.space\/es\/noticia\/oberta-la-convocatoria-de-la-3a-beca-tic-en-salut-mental-impulsada-per-la-fundacio-tic-salut-social-i-la-fundacio-barbosa-petit\/#breadcrumb\"},\"inLanguage\":\"es\",\"potentialAction\":[{\"@type\":\"ReadAction\",\"target\":[\"https:\/\/ticsalutsocial.atoom.space\/es\/noticia\/oberta-la-convocatoria-de-la-3a-beca-tic-en-salut-mental-impulsada-per-la-fundacio-tic-salut-social-i-la-fundacio-barbosa-petit\/\"]}]},{\"@type\":\"ImageObject\",\"inLanguage\":\"es\",\"@id\":\"https:\/\/ticsalutsocial.atoom.space\/es\/noticia\/oberta-la-convocatoria-de-la-3a-beca-tic-en-salut-mental-impulsada-per-la-fundacio-tic-salut-social-i-la-fundacio-barbosa-petit\/#primaryimage\",\"url\":\"https:\/\/ticsalutsocial.atoom.space\/wp-content\/uploads\/2025\/06\/Beca-TIC-Salut-Mental-scaled.jpg\",\"contentUrl\":\"https:\/\/ticsalutsocial.atoom.space\/wp-content\/uploads\/2025\/06\/Beca-TIC-Salut-Mental-scaled.jpg\",\"width\":2560,\"height\":1350,\"caption\":\"A diverse group of students attentively participating in a STEM lecture within a modern classroom. The image highlights collaboration, learning, and the inclusivity of educational environments. Students are interacting and sharing ideas, embodying teamwork and innovation.\"},{\"@type\":\"BreadcrumbList\",\"@id\":\"https:\/\/ticsalutsocial.atoom.space\/es\/noticia\/oberta-la-convocatoria-de-la-3a-beca-tic-en-salut-mental-impulsada-per-la-fundacio-tic-salut-social-i-la-fundacio-barbosa-petit\/#breadcrumb\",\"itemListElement\":[{\"@type\":\"ListItem\",\"position\":1,\"name\":\"Inici\",\"item\":\"https:\/\/ticsalutsocial.atoom.space\/es\/\"},{\"@type\":\"ListItem\",\"position\":2,\"name\":\"Abierta la convocatoria de la 3.\u00aa Beca TIC en Salud Mental, impulsada por la Fundaci\u00f3 TIC Salut Social y la Fundaci\u00f3 Barbosa &#038; Petit\"}]},{\"@type\":\"WebSite\",\"@id\":\"https:\/\/ticsalutsocial.atoom.space\/es\/#website\",\"url\":\"https:\/\/ticsalutsocial.atoom.space\/es\/\",\"name\":\"Fundaci\u00f3 TIC Salut i Social\",\"description\":\"\",\"potentialAction\":[{\"@type\":\"SearchAction\",\"target\":{\"@type\":\"EntryPoint\",\"urlTemplate\":\"https:\/\/ticsalutsocial.atoom.space\/es\/?s={search_term_string}\"},\"query-input\":{\"@type\":\"PropertyValueSpecification\",\"valueRequired\":true,\"valueName\":\"search_term_string\"}}],\"inLanguage\":\"es\"}]}<\/script>\n<!-- \/ Yoast SEO plugin. -->","yoast_head_json":{"title":"Abierta la convocatoria de la 3.\u00aa Beca TIC en Salud Mental, impulsada por la Fundaci\u00f3 TIC Salut Social y la Fundaci\u00f3 Barbosa & Petit - Fundaci\u00f3 TIC Salut i Social","robots":{"index":"index","follow":"follow","max-snippet":"max-snippet:-1","max-image-preview":"max-image-preview:large","max-video-preview":"max-video-preview:-1"},"canonical":"https:\/\/ticsalutsocial.atoom.space\/es\/noticia\/oberta-la-convocatoria-de-la-3a-beca-tic-en-salut-mental-impulsada-per-la-fundacio-tic-salut-social-i-la-fundacio-barbosa-petit\/","og_locale":"es_ES","og_type":"article","og_title":"Abierta la convocatoria de la 3.\u00aa Beca TIC en Salud Mental, impulsada por la Fundaci\u00f3 TIC Salut Social y la Fundaci\u00f3 Barbosa & Petit - Fundaci\u00f3 TIC Salut i Social","og_description":"Un a\u00f1o m\u00e1s, la Fundaci\u00f3 TIC Salut Social y la Fundaci\u00f3 Barbosa &amp; Petit abren la convocatoria de la Beca TIC en Salud Mental, que llega a su tercera edici\u00f3n. Esta iniciativa tiene como objetivo impulsar la investigaci\u00f3n y la innovaci\u00f3n en el \u00e1mbito de las tecnolog\u00edas de la informaci\u00f3n y la comunicaci\u00f3n (TIC) aplicadas [&hellip;]","og_url":"https:\/\/ticsalutsocial.atoom.space\/es\/noticia\/oberta-la-convocatoria-de-la-3a-beca-tic-en-salut-mental-impulsada-per-la-fundacio-tic-salut-social-i-la-fundacio-barbosa-petit\/","og_site_name":"Fundaci\u00f3 TIC Salut i Social","article_modified_time":"2025-06-03T07:51:11+00:00","og_image":[{"width":2560,"height":1350,"url":"https:\/\/ticsalutsocial.atoom.space\/wp-content\/uploads\/2025\/06\/Beca-TIC-Salut-Mental-scaled.jpg","type":"image\/jpeg"}],"twitter_card":"summary_large_image","twitter_misc":{"Tiempo de lectura":"3 minutos"},"schema":{"@context":"https:\/\/schema.org","@graph":[{"@type":"WebPage","@id":"https:\/\/ticsalutsocial.atoom.space\/es\/noticia\/oberta-la-convocatoria-de-la-3a-beca-tic-en-salut-mental-impulsada-per-la-fundacio-tic-salut-social-i-la-fundacio-barbosa-petit\/","url":"https:\/\/ticsalutsocial.atoom.space\/es\/noticia\/oberta-la-convocatoria-de-la-3a-beca-tic-en-salut-mental-impulsada-per-la-fundacio-tic-salut-social-i-la-fundacio-barbosa-petit\/","name":"Abierta la convocatoria de la 3.\u00aa Beca TIC en Salud Mental, impulsada por la Fundaci\u00f3 TIC Salut Social y la Fundaci\u00f3 Barbosa & Petit - Fundaci\u00f3 TIC Salut i Social","isPartOf":{"@id":"https:\/\/ticsalutsocial.atoom.space\/es\/#website"},"primaryImageOfPage":{"@id":"https:\/\/ticsalutsocial.atoom.space\/es\/noticia\/oberta-la-convocatoria-de-la-3a-beca-tic-en-salut-mental-impulsada-per-la-fundacio-tic-salut-social-i-la-fundacio-barbosa-petit\/#primaryimage"},"image":{"@id":"https:\/\/ticsalutsocial.atoom.space\/es\/noticia\/oberta-la-convocatoria-de-la-3a-beca-tic-en-salut-mental-impulsada-per-la-fundacio-tic-salut-social-i-la-fundacio-barbosa-petit\/#primaryimage"},"thumbnailUrl":"https:\/\/ticsalutsocial.atoom.space\/wp-content\/uploads\/2025\/06\/Beca-TIC-Salut-Mental-scaled.jpg","datePublished":"2025-06-03T07:28:08+00:00","dateModified":"2025-06-03T07:51:11+00:00","breadcrumb":{"@id":"https:\/\/ticsalutsocial.atoom.space\/es\/noticia\/oberta-la-convocatoria-de-la-3a-beca-tic-en-salut-mental-impulsada-per-la-fundacio-tic-salut-social-i-la-fundacio-barbosa-petit\/#breadcrumb"},"inLanguage":"es","potentialAction":[{"@type":"ReadAction","target":["https:\/\/ticsalutsocial.atoom.space\/es\/noticia\/oberta-la-convocatoria-de-la-3a-beca-tic-en-salut-mental-impulsada-per-la-fundacio-tic-salut-social-i-la-fundacio-barbosa-petit\/"]}]},{"@type":"ImageObject","inLanguage":"es","@id":"https:\/\/ticsalutsocial.atoom.space\/es\/noticia\/oberta-la-convocatoria-de-la-3a-beca-tic-en-salut-mental-impulsada-per-la-fundacio-tic-salut-social-i-la-fundacio-barbosa-petit\/#primaryimage","url":"https:\/\/ticsalutsocial.atoom.space\/wp-content\/uploads\/2025\/06\/Beca-TIC-Salut-Mental-scaled.jpg","contentUrl":"https:\/\/ticsalutsocial.atoom.space\/wp-content\/uploads\/2025\/06\/Beca-TIC-Salut-Mental-scaled.jpg","width":2560,"height":1350,"caption":"A diverse group of students attentively participating in a STEM lecture within a modern classroom. The image highlights collaboration, learning, and the inclusivity of educational environments. Students are interacting and sharing ideas, embodying teamwork and innovation."},{"@type":"BreadcrumbList","@id":"https:\/\/ticsalutsocial.atoom.space\/es\/noticia\/oberta-la-convocatoria-de-la-3a-beca-tic-en-salut-mental-impulsada-per-la-fundacio-tic-salut-social-i-la-fundacio-barbosa-petit\/#breadcrumb","itemListElement":[{"@type":"ListItem","position":1,"name":"Inici","item":"https:\/\/ticsalutsocial.atoom.space\/es\/"},{"@type":"ListItem","position":2,"name":"Abierta la convocatoria de la 3.\u00aa Beca TIC en Salud Mental, impulsada por la Fundaci\u00f3 TIC Salut Social y la Fundaci\u00f3 Barbosa &#038; Petit"}]},{"@type":"WebSite","@id":"https:\/\/ticsalutsocial.atoom.space\/es\/#website","url":"https:\/\/ticsalutsocial.atoom.space\/es\/","name":"Fundaci\u00f3 TIC Salut i Social","description":"","potentialAction":[{"@type":"SearchAction","target":{"@type":"EntryPoint","urlTemplate":"https:\/\/ticsalutsocial.atoom.space\/es\/?s={search_term_string}"},"query-input":{"@type":"PropertyValueSpecification","valueRequired":true,"valueName":"search_term_string"}}],"inLanguage":"es"}]}},"_links":{"self":[{"href":"https:\/\/ticsalutsocial.atoom.space\/es\/wp-json\/wp\/v2\/noticia\/32423","targetHints":{"allow":["GET"]}}],"collection":[{"href":"https:\/\/ticsalutsocial.atoom.space\/es\/wp-json\/wp\/v2\/noticia"}],"about":[{"href":"https:\/\/ticsalutsocial.atoom.space\/es\/wp-json\/wp\/v2\/types\/noticia"}],"author":[{"embeddable":true,"href":"https:\/\/ticsalutsocial.atoom.space\/es\/wp-json\/wp\/v2\/users\/21"}],"wp:featuredmedia":[{"embeddable":true,"href":"https:\/\/ticsalutsocial.atoom.space\/es\/wp-json\/wp\/v2\/media\/32421"}],"wp:attachment":[{"href":"https:\/\/ticsalutsocial.atoom.space\/es\/wp-json\/wp\/v2\/media?parent=32423"}],"wp:term":[{"taxonomy":"etiqueta","embeddable":true,"href":"https:\/\/ticsalutsocial.atoom.space\/es\/wp-json\/wp\/v2\/etiqueta?post=32423"},{"taxonomy":"tipus","embeddable":true,"href":"https:\/\/ticsalutsocial.atoom.space\/es\/wp-json\/wp\/v2\/tipus?post=32423"},{"taxonomy":"topic","embeddable":true,"href":"https:\/\/ticsalutsocial.atoom.space\/es\/wp-json\/wp\/v2\/topic?post=32423"}],"curies":[{"name":"wp","href":"https:\/\/api.w.org\/{rel}","templated":true}]}}