
{"id":32466,"date":"2025-06-05T11:50:51","date_gmt":"2025-06-05T09:50:51","guid":{"rendered":"https:\/\/ticsalutsocial.atoom.space\/noticia\/els-premis-dinnovacio-digital-de-catalunya-2025-incorporen-una-nova-categoria-per-a-estudiants-universitaris\/"},"modified":"2025-06-05T12:43:09","modified_gmt":"2025-06-05T10:43:09","slug":"els-premis-dinnovacio-digital-de-catalunya-2025-incorporen-una-nova-categoria-per-a-estudiants-universitaris","status":"publish","type":"noticia","link":"https:\/\/ticsalutsocial.atoom.space\/es\/noticia\/els-premis-dinnovacio-digital-de-catalunya-2025-incorporen-una-nova-categoria-per-a-estudiants-universitaris\/","title":{"rendered":"Los Premios de Innovaci\u00f3n Digital de Catalu\u00f1a 2025 incorporan una nueva categor\u00eda para estudiantes universitarios"},"content":{"rendered":"\r\n<p data-start=\"204\" data-end=\"646\">La Fundaci\u00f3n TIC Salut Social colabora un a\u00f1o m\u00e1s con GRAUSTIC en la organizaci\u00f3n de los Premios de Innovaci\u00f3n Digital de Catalu\u00f1a 2025, un reconocimiento de referencia para proyectos que impulsan la transformaci\u00f3n digital en Catalu\u00f1a. La convocatoria, abierta hasta el 17 de octubre, premiar\u00e1 iniciativas destacadas en doce categor\u00edas distintas, entre las que se encuentra el Premio TIC de Innovaci\u00f3n en Salud, coorganizado con la Fundaci\u00f3n.<\/p>\r\n<p data-start=\"648\" data-end=\"884\">Este galard\u00f3n reconoce la capacidad de innovaci\u00f3n en la aplicaci\u00f3n de las TIC al sistema sanitario y social, especialmente en aquellos proyectos que sit\u00faan a la persona en el centro y generan valor en el \u00e1mbito de la atenci\u00f3n integrada.<\/p>\r\n<p data-start=\"886\" data-end=\"1287\">Como novedad destacada de esta edici\u00f3n, se incorpora el Premio para estudiantes universitarios, que valorar\u00e1 los trabajos de fin de grado o m\u00e1ster que presenten propuestas innovadoras basadas en nuevas tecnolog\u00edas y\/o procesos de transformaci\u00f3n digital. Con esta nueva categor\u00eda, los premios buscan dar visibilidad e impulso al talento joven y a las ideas emergentes del sistema universitario catal\u00e1n.<\/p>\r\n<p data-start=\"1289\" data-end=\"1517\">Los ganadores se dar\u00e1n a conocer los d\u00edas 12 y 13 de noviembre de 2025, durante la celebraci\u00f3n de la Diada de las Tecnolog\u00edas de la Informaci\u00f3n y la Comunicaci\u00f3n en Catalu\u00f1a, que tendr\u00e1 lugar en la Torre Telef\u00f3nica de Barcelona.<\/p>\r\n<p data-start=\"1519\" data-end=\"1679\">Para m\u00e1s informaci\u00f3n sobre las bases y la presentaci\u00f3n de candidaturas, puedes consultar la web oficial de GRAUSTIC: <a class=\"\" href=\"http:\/\/www.graustic.cat\" target=\"_new\" rel=\"noopener\" data-start=\"1636\" data-end=\"1679\">www.graustic.cat<\/a><\/p>\r\n","protected":false},"author":21,"featured_media":32464,"menu_order":0,"template":"","meta":{"_acf_changed":false,"inline_featured_image":false},"etiqueta":[],"tipus":[],"topic":[123,130],"class_list":["post-32466","noticia","type-noticia","status-publish","has-post-thumbnail","hentry","topic-actualidad","topic-la-fundacion"],"acf":{"autor":"","imatge":false,"textos_destacats":false,"documents":false,"finalitzat":false,"tipus_plantilla":"objectius","template_objectius":{"cont_principal":"","imatge":false,"cont_seguent":{"titol":"","contingut":""},"seccio_llistat":{"titol":"","llistat":false},"objectius":{"titol":"","objectius":false},"documents":false}},"yoast_head":"<!-- This site is optimized with the Yoast SEO plugin v27.1.1 - https:\/\/yoast.com\/product\/yoast-seo-wordpress\/ -->\n<title>Los Premios de Innovaci\u00f3n Digital de Catalu\u00f1a 2025 incorporan una nueva categor\u00eda para estudiantes universitarios - Fundaci\u00f3 TIC Salut i Social<\/title>\n<meta name=\"robots\" content=\"index, follow, max-snippet:-1, max-image-preview:large, max-video-preview:-1\" \/>\n<link rel=\"canonical\" href=\"https:\/\/ticsalutsocial.atoom.space\/es\/noticia\/els-premis-dinnovacio-digital-de-catalunya-2025-incorporen-una-nova-categoria-per-a-estudiants-universitaris\/\" \/>\n<meta property=\"og:locale\" content=\"es_ES\" \/>\n<meta property=\"og:type\" content=\"article\" \/>\n<meta property=\"og:title\" content=\"Los Premios de Innovaci\u00f3n Digital de Catalu\u00f1a 2025 incorporan una nueva categor\u00eda para estudiantes universitarios - Fundaci\u00f3 TIC Salut i Social\" \/>\n<meta property=\"og:description\" content=\"La Fundaci\u00f3n TIC Salut Social colabora un a\u00f1o m\u00e1s con GRAUSTIC en la organizaci\u00f3n de los Premios de Innovaci\u00f3n Digital de Catalu\u00f1a 2025, un reconocimiento de referencia para proyectos que impulsan la transformaci\u00f3n digital en Catalu\u00f1a. La convocatoria, abierta hasta el 17 de octubre, premiar\u00e1 iniciativas destacadas en doce categor\u00edas distintas, entre las que se [&hellip;]\" \/>\n<meta property=\"og:url\" content=\"https:\/\/ticsalutsocial.atoom.space\/es\/noticia\/els-premis-dinnovacio-digital-de-catalunya-2025-incorporen-una-nova-categoria-per-a-estudiants-universitaris\/\" \/>\n<meta property=\"og:site_name\" content=\"Fundaci\u00f3 TIC Salut i Social\" \/>\n<meta property=\"article:modified_time\" content=\"2025-06-05T10:43:09+00:00\" \/>\n<meta property=\"og:image\" content=\"https:\/\/ticsalutsocial.atoom.space\/wp-content\/uploads\/2025\/06\/PremisGrauTIC.jpeg\" \/>\n\t<meta property=\"og:image:width\" content=\"1082\" \/>\n\t<meta property=\"og:image:height\" content=\"882\" \/>\n\t<meta property=\"og:image:type\" content=\"image\/jpeg\" \/>\n<meta name=\"twitter:card\" content=\"summary_large_image\" \/>\n<meta name=\"twitter:label1\" content=\"Tiempo de lectura\" \/>\n\t<meta name=\"twitter:data1\" content=\"2 minutos\" \/>\n<script type=\"application\/ld+json\" class=\"yoast-schema-graph\">{\"@context\":\"https:\/\/schema.org\",\"@graph\":[{\"@type\":\"WebPage\",\"@id\":\"https:\/\/ticsalutsocial.atoom.space\/es\/noticia\/els-premis-dinnovacio-digital-de-catalunya-2025-incorporen-una-nova-categoria-per-a-estudiants-universitaris\/\",\"url\":\"https:\/\/ticsalutsocial.atoom.space\/es\/noticia\/els-premis-dinnovacio-digital-de-catalunya-2025-incorporen-una-nova-categoria-per-a-estudiants-universitaris\/\",\"name\":\"Los Premios de Innovaci\u00f3n Digital de Catalu\u00f1a 2025 incorporan una nueva categor\u00eda para estudiantes universitarios - Fundaci\u00f3 TIC Salut i Social\",\"isPartOf\":{\"@id\":\"https:\/\/ticsalutsocial.atoom.space\/es\/#website\"},\"primaryImageOfPage\":{\"@id\":\"https:\/\/ticsalutsocial.atoom.space\/es\/noticia\/els-premis-dinnovacio-digital-de-catalunya-2025-incorporen-una-nova-categoria-per-a-estudiants-universitaris\/#primaryimage\"},\"image\":{\"@id\":\"https:\/\/ticsalutsocial.atoom.space\/es\/noticia\/els-premis-dinnovacio-digital-de-catalunya-2025-incorporen-una-nova-categoria-per-a-estudiants-universitaris\/#primaryimage\"},\"thumbnailUrl\":\"https:\/\/ticsalutsocial.atoom.space\/wp-content\/uploads\/2025\/06\/PremisGrauTIC.jpeg\",\"datePublished\":\"2025-06-05T09:50:51+00:00\",\"dateModified\":\"2025-06-05T10:43:09+00:00\",\"breadcrumb\":{\"@id\":\"https:\/\/ticsalutsocial.atoom.space\/es\/noticia\/els-premis-dinnovacio-digital-de-catalunya-2025-incorporen-una-nova-categoria-per-a-estudiants-universitaris\/#breadcrumb\"},\"inLanguage\":\"es\",\"potentialAction\":[{\"@type\":\"ReadAction\",\"target\":[\"https:\/\/ticsalutsocial.atoom.space\/es\/noticia\/els-premis-dinnovacio-digital-de-catalunya-2025-incorporen-una-nova-categoria-per-a-estudiants-universitaris\/\"]}]},{\"@type\":\"ImageObject\",\"inLanguage\":\"es\",\"@id\":\"https:\/\/ticsalutsocial.atoom.space\/es\/noticia\/els-premis-dinnovacio-digital-de-catalunya-2025-incorporen-una-nova-categoria-per-a-estudiants-universitaris\/#primaryimage\",\"url\":\"https:\/\/ticsalutsocial.atoom.space\/wp-content\/uploads\/2025\/06\/PremisGrauTIC.jpeg\",\"contentUrl\":\"https:\/\/ticsalutsocial.atoom.space\/wp-content\/uploads\/2025\/06\/PremisGrauTIC.jpeg\",\"width\":1082,\"height\":882},{\"@type\":\"BreadcrumbList\",\"@id\":\"https:\/\/ticsalutsocial.atoom.space\/es\/noticia\/els-premis-dinnovacio-digital-de-catalunya-2025-incorporen-una-nova-categoria-per-a-estudiants-universitaris\/#breadcrumb\",\"itemListElement\":[{\"@type\":\"ListItem\",\"position\":1,\"name\":\"Inici\",\"item\":\"https:\/\/ticsalutsocial.atoom.space\/es\/\"},{\"@type\":\"ListItem\",\"position\":2,\"name\":\"Los Premios de Innovaci\u00f3n Digital de Catalu\u00f1a 2025 incorporan una nueva categor\u00eda para estudiantes universitarios\"}]},{\"@type\":\"WebSite\",\"@id\":\"https:\/\/ticsalutsocial.atoom.space\/es\/#website\",\"url\":\"https:\/\/ticsalutsocial.atoom.space\/es\/\",\"name\":\"Fundaci\u00f3 TIC Salut i Social\",\"description\":\"\",\"potentialAction\":[{\"@type\":\"SearchAction\",\"target\":{\"@type\":\"EntryPoint\",\"urlTemplate\":\"https:\/\/ticsalutsocial.atoom.space\/es\/?s={search_term_string}\"},\"query-input\":{\"@type\":\"PropertyValueSpecification\",\"valueRequired\":true,\"valueName\":\"search_term_string\"}}],\"inLanguage\":\"es\"}]}<\/script>\n<!-- \/ Yoast SEO plugin. -->","yoast_head_json":{"title":"Los Premios de Innovaci\u00f3n Digital de Catalu\u00f1a 2025 incorporan una nueva categor\u00eda para estudiantes universitarios - Fundaci\u00f3 TIC Salut i Social","robots":{"index":"index","follow":"follow","max-snippet":"max-snippet:-1","max-image-preview":"max-image-preview:large","max-video-preview":"max-video-preview:-1"},"canonical":"https:\/\/ticsalutsocial.atoom.space\/es\/noticia\/els-premis-dinnovacio-digital-de-catalunya-2025-incorporen-una-nova-categoria-per-a-estudiants-universitaris\/","og_locale":"es_ES","og_type":"article","og_title":"Los Premios de Innovaci\u00f3n Digital de Catalu\u00f1a 2025 incorporan una nueva categor\u00eda para estudiantes universitarios - Fundaci\u00f3 TIC Salut i Social","og_description":"La Fundaci\u00f3n TIC Salut Social colabora un a\u00f1o m\u00e1s con GRAUSTIC en la organizaci\u00f3n de los Premios de Innovaci\u00f3n Digital de Catalu\u00f1a 2025, un reconocimiento de referencia para proyectos que impulsan la transformaci\u00f3n digital en Catalu\u00f1a. La convocatoria, abierta hasta el 17 de octubre, premiar\u00e1 iniciativas destacadas en doce categor\u00edas distintas, entre las que se [&hellip;]","og_url":"https:\/\/ticsalutsocial.atoom.space\/es\/noticia\/els-premis-dinnovacio-digital-de-catalunya-2025-incorporen-una-nova-categoria-per-a-estudiants-universitaris\/","og_site_name":"Fundaci\u00f3 TIC Salut i Social","article_modified_time":"2025-06-05T10:43:09+00:00","og_image":[{"width":1082,"height":882,"url":"https:\/\/ticsalutsocial.atoom.space\/wp-content\/uploads\/2025\/06\/PremisGrauTIC.jpeg","type":"image\/jpeg"}],"twitter_card":"summary_large_image","twitter_misc":{"Tiempo de lectura":"2 minutos"},"schema":{"@context":"https:\/\/schema.org","@graph":[{"@type":"WebPage","@id":"https:\/\/ticsalutsocial.atoom.space\/es\/noticia\/els-premis-dinnovacio-digital-de-catalunya-2025-incorporen-una-nova-categoria-per-a-estudiants-universitaris\/","url":"https:\/\/ticsalutsocial.atoom.space\/es\/noticia\/els-premis-dinnovacio-digital-de-catalunya-2025-incorporen-una-nova-categoria-per-a-estudiants-universitaris\/","name":"Los Premios de Innovaci\u00f3n Digital de Catalu\u00f1a 2025 incorporan una nueva categor\u00eda para estudiantes universitarios - Fundaci\u00f3 TIC Salut i Social","isPartOf":{"@id":"https:\/\/ticsalutsocial.atoom.space\/es\/#website"},"primaryImageOfPage":{"@id":"https:\/\/ticsalutsocial.atoom.space\/es\/noticia\/els-premis-dinnovacio-digital-de-catalunya-2025-incorporen-una-nova-categoria-per-a-estudiants-universitaris\/#primaryimage"},"image":{"@id":"https:\/\/ticsalutsocial.atoom.space\/es\/noticia\/els-premis-dinnovacio-digital-de-catalunya-2025-incorporen-una-nova-categoria-per-a-estudiants-universitaris\/#primaryimage"},"thumbnailUrl":"https:\/\/ticsalutsocial.atoom.space\/wp-content\/uploads\/2025\/06\/PremisGrauTIC.jpeg","datePublished":"2025-06-05T09:50:51+00:00","dateModified":"2025-06-05T10:43:09+00:00","breadcrumb":{"@id":"https:\/\/ticsalutsocial.atoom.space\/es\/noticia\/els-premis-dinnovacio-digital-de-catalunya-2025-incorporen-una-nova-categoria-per-a-estudiants-universitaris\/#breadcrumb"},"inLanguage":"es","potentialAction":[{"@type":"ReadAction","target":["https:\/\/ticsalutsocial.atoom.space\/es\/noticia\/els-premis-dinnovacio-digital-de-catalunya-2025-incorporen-una-nova-categoria-per-a-estudiants-universitaris\/"]}]},{"@type":"ImageObject","inLanguage":"es","@id":"https:\/\/ticsalutsocial.atoom.space\/es\/noticia\/els-premis-dinnovacio-digital-de-catalunya-2025-incorporen-una-nova-categoria-per-a-estudiants-universitaris\/#primaryimage","url":"https:\/\/ticsalutsocial.atoom.space\/wp-content\/uploads\/2025\/06\/PremisGrauTIC.jpeg","contentUrl":"https:\/\/ticsalutsocial.atoom.space\/wp-content\/uploads\/2025\/06\/PremisGrauTIC.jpeg","width":1082,"height":882},{"@type":"BreadcrumbList","@id":"https:\/\/ticsalutsocial.atoom.space\/es\/noticia\/els-premis-dinnovacio-digital-de-catalunya-2025-incorporen-una-nova-categoria-per-a-estudiants-universitaris\/#breadcrumb","itemListElement":[{"@type":"ListItem","position":1,"name":"Inici","item":"https:\/\/ticsalutsocial.atoom.space\/es\/"},{"@type":"ListItem","position":2,"name":"Los Premios de Innovaci\u00f3n Digital de Catalu\u00f1a 2025 incorporan una nueva categor\u00eda para estudiantes universitarios"}]},{"@type":"WebSite","@id":"https:\/\/ticsalutsocial.atoom.space\/es\/#website","url":"https:\/\/ticsalutsocial.atoom.space\/es\/","name":"Fundaci\u00f3 TIC Salut i Social","description":"","potentialAction":[{"@type":"SearchAction","target":{"@type":"EntryPoint","urlTemplate":"https:\/\/ticsalutsocial.atoom.space\/es\/?s={search_term_string}"},"query-input":{"@type":"PropertyValueSpecification","valueRequired":true,"valueName":"search_term_string"}}],"inLanguage":"es"}]}},"_links":{"self":[{"href":"https:\/\/ticsalutsocial.atoom.space\/es\/wp-json\/wp\/v2\/noticia\/32466","targetHints":{"allow":["GET"]}}],"collection":[{"href":"https:\/\/ticsalutsocial.atoom.space\/es\/wp-json\/wp\/v2\/noticia"}],"about":[{"href":"https:\/\/ticsalutsocial.atoom.space\/es\/wp-json\/wp\/v2\/types\/noticia"}],"author":[{"embeddable":true,"href":"https:\/\/ticsalutsocial.atoom.space\/es\/wp-json\/wp\/v2\/users\/21"}],"wp:featuredmedia":[{"embeddable":true,"href":"https:\/\/ticsalutsocial.atoom.space\/es\/wp-json\/wp\/v2\/media\/32464"}],"wp:attachment":[{"href":"https:\/\/ticsalutsocial.atoom.space\/es\/wp-json\/wp\/v2\/media?parent=32466"}],"wp:term":[{"taxonomy":"etiqueta","embeddable":true,"href":"https:\/\/ticsalutsocial.atoom.space\/es\/wp-json\/wp\/v2\/etiqueta?post=32466"},{"taxonomy":"tipus","embeddable":true,"href":"https:\/\/ticsalutsocial.atoom.space\/es\/wp-json\/wp\/v2\/tipus?post=32466"},{"taxonomy":"topic","embeddable":true,"href":"https:\/\/ticsalutsocial.atoom.space\/es\/wp-json\/wp\/v2\/topic?post=32466"}],"curies":[{"name":"wp","href":"https:\/\/api.w.org\/{rel}","templated":true}]}}