
{"id":3250,"date":"2018-06-08T10:32:16","date_gmt":"2018-06-08T08:32:16","guid":{"rendered":"https:\/\/ticsalutsocial.atoom.space\/?post_type=noticia&#038;p=3250"},"modified":"2021-07-21T15:35:01","modified_gmt":"2021-07-21T13:35:01","slug":"hola-conoces-la-fundacio-tic-salut-social-acompaname","status":"publish","type":"noticia","link":"https:\/\/ticsalutsocial.atoom.space\/es\/noticia\/hola-conoces-la-fundacio-tic-salut-social-acompaname\/","title":{"rendered":"Hola, \u00bfconoces la Fundaci\u00f3 TIC Salut Social? Acomp\u00e1\u00f1ame\u2026"},"content":{"rendered":"<p><a href=\"https:\/\/vimeo.com\/273310476\">https:\/\/vimeo.com\/273310476<\/a><\/p>\n<p>Conoce la Fundaci\u00f3 TIC Salut Social, un organismo de la Generalitat de Catalunya encargado de dar respuesta a las necesidades de transformaci\u00f3n digital del Departament de Salut y el Departament d&#8217;Afers Socials, Treball i Fam\u00edlies.<\/p>\n","protected":false},"author":21,"featured_media":3246,"menu_order":0,"template":"","meta":{"_acf_changed":false,"inline_featured_image":false},"etiqueta":[],"tipus":[],"topic":[123],"class_list":["post-3250","noticia","type-noticia","status-publish","has-post-thumbnail","hentry","topic-actualidad"],"acf":{"imatge":3248,"autor":"Adri\u00e0 G.Font"},"yoast_head":"<!-- This site is optimized with the Yoast SEO plugin v27.1.1 - https:\/\/yoast.com\/product\/yoast-seo-wordpress\/ -->\n<title>Hola, \u00bfconoces la Fundaci\u00f3 TIC Salut Social? Acomp\u00e1\u00f1ame\u2026 - Fundaci\u00f3 TIC Salut i Social<\/title>\n<meta name=\"robots\" content=\"index, follow, max-snippet:-1, max-image-preview:large, max-video-preview:-1\" \/>\n<link rel=\"canonical\" href=\"https:\/\/ticsalutsocial.atoom.space\/es\/noticia\/hola-conoces-la-fundacio-tic-salut-social-acompaname\/\" \/>\n<meta property=\"og:locale\" content=\"es_ES\" \/>\n<meta property=\"og:type\" content=\"article\" \/>\n<meta property=\"og:title\" content=\"Hola, \u00bfconoces la Fundaci\u00f3 TIC Salut Social? Acomp\u00e1\u00f1ame\u2026 - Fundaci\u00f3 TIC Salut i Social\" \/>\n<meta property=\"og:description\" content=\"Conoce la Fundaci\u00f3 TIC Salut Social, un organismo de la Generalitat de Catalunya encargado de dar respuesta a las necesidades de transformaci\u00f3n digital del Departament de Salut y el Departament d&#8217;Afers Socials, Treball i Fam\u00edlies.\" \/>\n<meta property=\"og:url\" content=\"https:\/\/ticsalutsocial.atoom.space\/es\/noticia\/hola-conoces-la-fundacio-tic-salut-social-acompaname\/\" \/>\n<meta property=\"og:site_name\" content=\"Fundaci\u00f3 TIC Salut i Social\" \/>\n<meta property=\"article:modified_time\" content=\"2021-07-21T13:35:01+00:00\" \/>\n<meta property=\"og:image\" content=\"https:\/\/ticsalutsocial.atoom.space\/wp-content\/uploads\/2018\/06\/captura-2.jpg\" \/>\n\t<meta property=\"og:image:width\" content=\"823\" \/>\n\t<meta property=\"og:image:height\" content=\"415\" \/>\n\t<meta property=\"og:image:type\" content=\"image\/jpeg\" \/>\n<meta name=\"twitter:card\" content=\"summary_large_image\" \/>\n<script type=\"application\/ld+json\" class=\"yoast-schema-graph\">{\"@context\":\"https:\/\/schema.org\",\"@graph\":[{\"@type\":\"WebPage\",\"@id\":\"https:\/\/ticsalutsocial.atoom.space\/es\/noticia\/hola-conoces-la-fundacio-tic-salut-social-acompaname\/\",\"url\":\"https:\/\/ticsalutsocial.atoom.space\/es\/noticia\/hola-conoces-la-fundacio-tic-salut-social-acompaname\/\",\"name\":\"Hola, \u00bfconoces la Fundaci\u00f3 TIC Salut Social? Acomp\u00e1\u00f1ame\u2026 - Fundaci\u00f3 TIC Salut i Social\",\"isPartOf\":{\"@id\":\"https:\/\/ticsalutsocial.atoom.space\/es\/#website\"},\"primaryImageOfPage\":{\"@id\":\"https:\/\/ticsalutsocial.atoom.space\/es\/noticia\/hola-conoces-la-fundacio-tic-salut-social-acompaname\/#primaryimage\"},\"image\":{\"@id\":\"https:\/\/ticsalutsocial.atoom.space\/es\/noticia\/hola-conoces-la-fundacio-tic-salut-social-acompaname\/#primaryimage\"},\"thumbnailUrl\":\"https:\/\/ticsalutsocial.atoom.space\/wp-content\/uploads\/2018\/06\/captura-2.jpg\",\"datePublished\":\"2018-06-08T08:32:16+00:00\",\"dateModified\":\"2021-07-21T13:35:01+00:00\",\"breadcrumb\":{\"@id\":\"https:\/\/ticsalutsocial.atoom.space\/es\/noticia\/hola-conoces-la-fundacio-tic-salut-social-acompaname\/#breadcrumb\"},\"inLanguage\":\"es\",\"potentialAction\":[{\"@type\":\"ReadAction\",\"target\":[\"https:\/\/ticsalutsocial.atoom.space\/es\/noticia\/hola-conoces-la-fundacio-tic-salut-social-acompaname\/\"]}]},{\"@type\":\"ImageObject\",\"inLanguage\":\"es\",\"@id\":\"https:\/\/ticsalutsocial.atoom.space\/es\/noticia\/hola-conoces-la-fundacio-tic-salut-social-acompaname\/#primaryimage\",\"url\":\"https:\/\/ticsalutsocial.atoom.space\/wp-content\/uploads\/2018\/06\/captura-2.jpg\",\"contentUrl\":\"https:\/\/ticsalutsocial.atoom.space\/wp-content\/uploads\/2018\/06\/captura-2.jpg\",\"width\":823,\"height\":415},{\"@type\":\"BreadcrumbList\",\"@id\":\"https:\/\/ticsalutsocial.atoom.space\/es\/noticia\/hola-conoces-la-fundacio-tic-salut-social-acompaname\/#breadcrumb\",\"itemListElement\":[{\"@type\":\"ListItem\",\"position\":1,\"name\":\"Inici\",\"item\":\"https:\/\/ticsalutsocial.atoom.space\/es\/\"},{\"@type\":\"ListItem\",\"position\":2,\"name\":\"Hola, \u00bfconoces la Fundaci\u00f3 TIC Salut Social? Acomp\u00e1\u00f1ame\u2026\"}]},{\"@type\":\"WebSite\",\"@id\":\"https:\/\/ticsalutsocial.atoom.space\/es\/#website\",\"url\":\"https:\/\/ticsalutsocial.atoom.space\/es\/\",\"name\":\"Fundaci\u00f3 TIC Salut i Social\",\"description\":\"\",\"potentialAction\":[{\"@type\":\"SearchAction\",\"target\":{\"@type\":\"EntryPoint\",\"urlTemplate\":\"https:\/\/ticsalutsocial.atoom.space\/es\/?s={search_term_string}\"},\"query-input\":{\"@type\":\"PropertyValueSpecification\",\"valueRequired\":true,\"valueName\":\"search_term_string\"}}],\"inLanguage\":\"es\"}]}<\/script>\n<!-- \/ Yoast SEO plugin. -->","yoast_head_json":{"title":"Hola, \u00bfconoces la Fundaci\u00f3 TIC Salut Social? Acomp\u00e1\u00f1ame\u2026 - Fundaci\u00f3 TIC Salut i Social","robots":{"index":"index","follow":"follow","max-snippet":"max-snippet:-1","max-image-preview":"max-image-preview:large","max-video-preview":"max-video-preview:-1"},"canonical":"https:\/\/ticsalutsocial.atoom.space\/es\/noticia\/hola-conoces-la-fundacio-tic-salut-social-acompaname\/","og_locale":"es_ES","og_type":"article","og_title":"Hola, \u00bfconoces la Fundaci\u00f3 TIC Salut Social? Acomp\u00e1\u00f1ame\u2026 - Fundaci\u00f3 TIC Salut i Social","og_description":"Conoce la Fundaci\u00f3 TIC Salut Social, un organismo de la Generalitat de Catalunya encargado de dar respuesta a las necesidades de transformaci\u00f3n digital del Departament de Salut y el Departament d&#8217;Afers Socials, Treball i Fam\u00edlies.","og_url":"https:\/\/ticsalutsocial.atoom.space\/es\/noticia\/hola-conoces-la-fundacio-tic-salut-social-acompaname\/","og_site_name":"Fundaci\u00f3 TIC Salut i Social","article_modified_time":"2021-07-21T13:35:01+00:00","og_image":[{"width":823,"height":415,"url":"https:\/\/ticsalutsocial.atoom.space\/wp-content\/uploads\/2018\/06\/captura-2.jpg","type":"image\/jpeg"}],"twitter_card":"summary_large_image","schema":{"@context":"https:\/\/schema.org","@graph":[{"@type":"WebPage","@id":"https:\/\/ticsalutsocial.atoom.space\/es\/noticia\/hola-conoces-la-fundacio-tic-salut-social-acompaname\/","url":"https:\/\/ticsalutsocial.atoom.space\/es\/noticia\/hola-conoces-la-fundacio-tic-salut-social-acompaname\/","name":"Hola, \u00bfconoces la Fundaci\u00f3 TIC Salut Social? Acomp\u00e1\u00f1ame\u2026 - Fundaci\u00f3 TIC Salut i Social","isPartOf":{"@id":"https:\/\/ticsalutsocial.atoom.space\/es\/#website"},"primaryImageOfPage":{"@id":"https:\/\/ticsalutsocial.atoom.space\/es\/noticia\/hola-conoces-la-fundacio-tic-salut-social-acompaname\/#primaryimage"},"image":{"@id":"https:\/\/ticsalutsocial.atoom.space\/es\/noticia\/hola-conoces-la-fundacio-tic-salut-social-acompaname\/#primaryimage"},"thumbnailUrl":"https:\/\/ticsalutsocial.atoom.space\/wp-content\/uploads\/2018\/06\/captura-2.jpg","datePublished":"2018-06-08T08:32:16+00:00","dateModified":"2021-07-21T13:35:01+00:00","breadcrumb":{"@id":"https:\/\/ticsalutsocial.atoom.space\/es\/noticia\/hola-conoces-la-fundacio-tic-salut-social-acompaname\/#breadcrumb"},"inLanguage":"es","potentialAction":[{"@type":"ReadAction","target":["https:\/\/ticsalutsocial.atoom.space\/es\/noticia\/hola-conoces-la-fundacio-tic-salut-social-acompaname\/"]}]},{"@type":"ImageObject","inLanguage":"es","@id":"https:\/\/ticsalutsocial.atoom.space\/es\/noticia\/hola-conoces-la-fundacio-tic-salut-social-acompaname\/#primaryimage","url":"https:\/\/ticsalutsocial.atoom.space\/wp-content\/uploads\/2018\/06\/captura-2.jpg","contentUrl":"https:\/\/ticsalutsocial.atoom.space\/wp-content\/uploads\/2018\/06\/captura-2.jpg","width":823,"height":415},{"@type":"BreadcrumbList","@id":"https:\/\/ticsalutsocial.atoom.space\/es\/noticia\/hola-conoces-la-fundacio-tic-salut-social-acompaname\/#breadcrumb","itemListElement":[{"@type":"ListItem","position":1,"name":"Inici","item":"https:\/\/ticsalutsocial.atoom.space\/es\/"},{"@type":"ListItem","position":2,"name":"Hola, \u00bfconoces la Fundaci\u00f3 TIC Salut Social? Acomp\u00e1\u00f1ame\u2026"}]},{"@type":"WebSite","@id":"https:\/\/ticsalutsocial.atoom.space\/es\/#website","url":"https:\/\/ticsalutsocial.atoom.space\/es\/","name":"Fundaci\u00f3 TIC Salut i Social","description":"","potentialAction":[{"@type":"SearchAction","target":{"@type":"EntryPoint","urlTemplate":"https:\/\/ticsalutsocial.atoom.space\/es\/?s={search_term_string}"},"query-input":{"@type":"PropertyValueSpecification","valueRequired":true,"valueName":"search_term_string"}}],"inLanguage":"es"}]}},"_links":{"self":[{"href":"https:\/\/ticsalutsocial.atoom.space\/es\/wp-json\/wp\/v2\/noticia\/3250","targetHints":{"allow":["GET"]}}],"collection":[{"href":"https:\/\/ticsalutsocial.atoom.space\/es\/wp-json\/wp\/v2\/noticia"}],"about":[{"href":"https:\/\/ticsalutsocial.atoom.space\/es\/wp-json\/wp\/v2\/types\/noticia"}],"author":[{"embeddable":true,"href":"https:\/\/ticsalutsocial.atoom.space\/es\/wp-json\/wp\/v2\/users\/21"}],"wp:featuredmedia":[{"embeddable":true,"href":"https:\/\/ticsalutsocial.atoom.space\/es\/wp-json\/wp\/v2\/media\/3246"}],"wp:attachment":[{"href":"https:\/\/ticsalutsocial.atoom.space\/es\/wp-json\/wp\/v2\/media?parent=3250"}],"wp:term":[{"taxonomy":"etiqueta","embeddable":true,"href":"https:\/\/ticsalutsocial.atoom.space\/es\/wp-json\/wp\/v2\/etiqueta?post=3250"},{"taxonomy":"tipus","embeddable":true,"href":"https:\/\/ticsalutsocial.atoom.space\/es\/wp-json\/wp\/v2\/tipus?post=3250"},{"taxonomy":"topic","embeddable":true,"href":"https:\/\/ticsalutsocial.atoom.space\/es\/wp-json\/wp\/v2\/topic?post=3250"}],"curies":[{"name":"wp","href":"https:\/\/api.w.org\/{rel}","templated":true}]}}