
{"id":3256,"date":"2018-06-11T10:16:43","date_gmt":"2018-06-11T08:16:43","guid":{"rendered":"https:\/\/ticsalutsocial.atoom.space\/?post_type=noticia&#038;p=3256"},"modified":"2021-07-21T15:35:04","modified_gmt":"2021-07-21T13:35:04","slug":"un-nuevo-curso-de-la-fundacio-tic-salut-social-ayudara-a-los-investigadores-a-redactar-propuestas-competitivas-para-programas-de-financiacion-europea-horizon-2020","status":"publish","type":"noticia","link":"https:\/\/ticsalutsocial.atoom.space\/es\/noticia\/un-nuevo-curso-de-la-fundacio-tic-salut-social-ayudara-a-los-investigadores-a-redactar-propuestas-competitivas-para-programas-de-financiacion-europea-horizon-2020\/","title":{"rendered":"Un nuevo curso de la Fundaci\u00f3 TIC Salut Social ayudar\u00e1 a los investigadores a redactar propuestas competitivas para programas de financiaci\u00f3n europea Horizon 2020"},"content":{"rendered":"<p>La<strong><em> Fundaci\u00f3 TIC Salut Social<\/em><\/strong>, entidad del Departament de Salut de la Generalitat de Catalu\u00f1a, organizar\u00e1 una formaci\u00f3n especializada para ayudar a desarrollar propuestas de proyectos para participar en el programa de financiaci\u00f3n europea Horizon 2020. El curso tendr\u00e1 lugar del 17 al 18 de septiembre y se trata de una formaci\u00f3n avanzada, <strong>enfocada al \u00e9xito de las propuestas de proyectos de investigaci\u00f3n.<\/strong><\/p>\n<p>El <strong>Programa Marco de la Uni\u00f3n Europea Horizon 2020<\/strong> ofrece oportunidades de financiaci\u00f3n internacional a todo tipo de organizaciones involucradas en actividades de investigaci\u00f3n, desarrollo tecnol\u00f3gico e innovaci\u00f3n. Para el periodo 2014-2020 cuenta con 77.000 millones de euros de dotaci\u00f3n presupuestaria, centrado en tres pilares: ciencia excelente, liderazgo industrial y retos sociales. Sin embargo, <strong>el programa presenta tasas de \u00e9xito bastante bajas, en comparaci\u00f3n con los programas anteriores de la UE.<\/strong><\/p>\n<p>Para superar este reto, la <em>Fundaci\u00f3 TIC Salut Social<\/em> ofrecer\u00e1 un curso pr\u00e1ctico de 2 d\u00edas enfocado a escribir una propuesta con \u00e9xito. El curso permite conocer toda la informaci\u00f3n fundamental de Horizon 2020, saber qu\u00e9 oportunidad de financiaci\u00f3n es la m\u00e1s atractiva para cada caso, y proporcionar\u00e1 consejos pr\u00e1cticos sobre c\u00f3mo preparar una excelente propuesta con <strong>ejemplos de proyectos reales, lecciones aprendidas por los expertos y ejercicios pr\u00e1cticos.<\/strong><\/p>\n<p>El curso se dirige a profesionales tanto del sector p\u00fablico como privado que hayan participado en proyectos del 7\u00ba Programa Marco, que quieran participar en Horizon 2020 por primera vez o que ya han participado y deseen mejorar sus habilidades de redacci\u00f3n de propuestas para aumentar sus posibilidades de desarrollar una propuesta ganadora.<\/p>\n<p>\u00abLas bajas tasas de \u00e9xito de Horizonte 2020, en comparaci\u00f3n con los programas anteriores de la UE, han sido un tema creciente en la comunidad europea de investigaci\u00f3n. H2020 representa un entorno altamente competitivo, en el que s\u00f3lo las mejores propuestas presentadas ser\u00e1n financiadas. Por eso desde la <em>Fundaci\u00f3 TIC Salut Social<\/em> hemos decidido ofrecer con este curso el conocimiento experto del sector, con casos pr\u00e1cticos e informaci\u00f3n clave para redactar propuestas que tengan las m\u00e1ximas posibilidades de \u00e9xito de financiaci\u00f3n \u00ab, asegura Francesc Garcia-Cuy\u00e0s, director la <em>Fundaci\u00f3 TIC Salut Social<\/em>.<\/p>\n<p><a href=\"https:\/\/ticsalutsocial.atoom.space\/es\/agenda\/how-to-write-the-h2020-proposals-successfully-advanced\/\">Inscripciones abiertas<\/a><\/p>\n<p><a href=\"https:\/\/vimeo.com\/259883336\">https:\/\/vimeo.com\/259883336<\/a><\/p>\n<p>La primera edici\u00f3n del curso se plante\u00f3 como una oportunidad para asimilar toda la informaci\u00f3n crucial sobre Horizon 2020, as\u00ed como consejos pr\u00e1cticos sobre c\u00f3mo preparar una excelente propuesta de Horizon 2020 basada en ejemplos de proyectos reales, lecciones aprendidas de nuestros expertos y ejercicios pr\u00e1cticos.<\/p>\n","protected":false},"author":21,"featured_media":3252,"menu_order":0,"template":"","meta":{"_acf_changed":false,"inline_featured_image":false},"etiqueta":[],"tipus":[],"topic":[121,130],"class_list":["post-3256","noticia","type-noticia","status-publish","has-post-thumbnail","hentry","topic-dpd-es","topic-la-fundacion"],"acf":{"imatge":3254,"autor":"Adri\u00e0 G.Font","textos_destacats":[{"texte":" El curso tendr\u00e1 lugar del 17 al 18 de septiembre y se trata de una formaci\u00f3n avanzada"}]},"yoast_head":"<!-- This site is optimized with the Yoast SEO plugin v27.1.1 - https:\/\/yoast.com\/product\/yoast-seo-wordpress\/ -->\n<title>Un nuevo curso de la Fundaci\u00f3 TIC Salut Social ayudar\u00e1 a los investigadores a redactar propuestas competitivas para programas de financiaci\u00f3n europea Horizon 2020 - Fundaci\u00f3 TIC Salut i Social<\/title>\n<meta name=\"robots\" content=\"index, follow, max-snippet:-1, max-image-preview:large, max-video-preview:-1\" \/>\n<link rel=\"canonical\" href=\"https:\/\/ticsalutsocial.atoom.space\/es\/noticia\/un-nuevo-curso-de-la-fundacio-tic-salut-social-ayudara-a-los-investigadores-a-redactar-propuestas-competitivas-para-programas-de-financiacion-europea-horizon-2020\/\" \/>\n<meta property=\"og:locale\" content=\"es_ES\" \/>\n<meta property=\"og:type\" content=\"article\" \/>\n<meta property=\"og:title\" content=\"Un nuevo curso de la Fundaci\u00f3 TIC Salut Social ayudar\u00e1 a los investigadores a redactar propuestas competitivas para programas de financiaci\u00f3n europea Horizon 2020 - Fundaci\u00f3 TIC Salut i Social\" \/>\n<meta property=\"og:description\" content=\"La Fundaci\u00f3 TIC Salut Social, entidad del Departament de Salut de la Generalitat de Catalu\u00f1a, organizar\u00e1 una formaci\u00f3n especializada para ayudar a desarrollar propuestas de proyectos para participar en el programa de financiaci\u00f3n europea Horizon 2020. El curso tendr\u00e1 lugar del 17 al 18 de septiembre y se trata de una formaci\u00f3n avanzada, enfocada al [&hellip;]\" \/>\n<meta property=\"og:url\" content=\"https:\/\/ticsalutsocial.atoom.space\/es\/noticia\/un-nuevo-curso-de-la-fundacio-tic-salut-social-ayudara-a-los-investigadores-a-redactar-propuestas-competitivas-para-programas-de-financiacion-europea-horizon-2020\/\" \/>\n<meta property=\"og:site_name\" content=\"Fundaci\u00f3 TIC Salut i Social\" \/>\n<meta property=\"article:modified_time\" content=\"2021-07-21T13:35:04+00:00\" \/>\n<meta property=\"og:image\" content=\"https:\/\/ticsalutsocial.atoom.space\/wp-content\/uploads\/2018\/06\/img_2839.jpg\" \/>\n\t<meta property=\"og:image:width\" content=\"2048\" \/>\n\t<meta property=\"og:image:height\" content=\"1065\" \/>\n\t<meta property=\"og:image:type\" content=\"image\/jpeg\" \/>\n<meta name=\"twitter:card\" content=\"summary_large_image\" \/>\n<meta name=\"twitter:label1\" content=\"Tiempo de lectura\" \/>\n\t<meta name=\"twitter:data1\" content=\"2 minutos\" \/>\n<script type=\"application\/ld+json\" class=\"yoast-schema-graph\">{\"@context\":\"https:\/\/schema.org\",\"@graph\":[{\"@type\":\"WebPage\",\"@id\":\"https:\/\/ticsalutsocial.atoom.space\/es\/noticia\/un-nuevo-curso-de-la-fundacio-tic-salut-social-ayudara-a-los-investigadores-a-redactar-propuestas-competitivas-para-programas-de-financiacion-europea-horizon-2020\/\",\"url\":\"https:\/\/ticsalutsocial.atoom.space\/es\/noticia\/un-nuevo-curso-de-la-fundacio-tic-salut-social-ayudara-a-los-investigadores-a-redactar-propuestas-competitivas-para-programas-de-financiacion-europea-horizon-2020\/\",\"name\":\"Un nuevo curso de la Fundaci\u00f3 TIC Salut Social ayudar\u00e1 a los investigadores a redactar propuestas competitivas para programas de financiaci\u00f3n europea Horizon 2020 - Fundaci\u00f3 TIC Salut i Social\",\"isPartOf\":{\"@id\":\"https:\/\/ticsalutsocial.atoom.space\/es\/#website\"},\"primaryImageOfPage\":{\"@id\":\"https:\/\/ticsalutsocial.atoom.space\/es\/noticia\/un-nuevo-curso-de-la-fundacio-tic-salut-social-ayudara-a-los-investigadores-a-redactar-propuestas-competitivas-para-programas-de-financiacion-europea-horizon-2020\/#primaryimage\"},\"image\":{\"@id\":\"https:\/\/ticsalutsocial.atoom.space\/es\/noticia\/un-nuevo-curso-de-la-fundacio-tic-salut-social-ayudara-a-los-investigadores-a-redactar-propuestas-competitivas-para-programas-de-financiacion-europea-horizon-2020\/#primaryimage\"},\"thumbnailUrl\":\"https:\/\/ticsalutsocial.atoom.space\/wp-content\/uploads\/2018\/06\/img_2839.jpg\",\"datePublished\":\"2018-06-11T08:16:43+00:00\",\"dateModified\":\"2021-07-21T13:35:04+00:00\",\"breadcrumb\":{\"@id\":\"https:\/\/ticsalutsocial.atoom.space\/es\/noticia\/un-nuevo-curso-de-la-fundacio-tic-salut-social-ayudara-a-los-investigadores-a-redactar-propuestas-competitivas-para-programas-de-financiacion-europea-horizon-2020\/#breadcrumb\"},\"inLanguage\":\"es\",\"potentialAction\":[{\"@type\":\"ReadAction\",\"target\":[\"https:\/\/ticsalutsocial.atoom.space\/es\/noticia\/un-nuevo-curso-de-la-fundacio-tic-salut-social-ayudara-a-los-investigadores-a-redactar-propuestas-competitivas-para-programas-de-financiacion-europea-horizon-2020\/\"]}]},{\"@type\":\"ImageObject\",\"inLanguage\":\"es\",\"@id\":\"https:\/\/ticsalutsocial.atoom.space\/es\/noticia\/un-nuevo-curso-de-la-fundacio-tic-salut-social-ayudara-a-los-investigadores-a-redactar-propuestas-competitivas-para-programas-de-financiacion-europea-horizon-2020\/#primaryimage\",\"url\":\"https:\/\/ticsalutsocial.atoom.space\/wp-content\/uploads\/2018\/06\/img_2839.jpg\",\"contentUrl\":\"https:\/\/ticsalutsocial.atoom.space\/wp-content\/uploads\/2018\/06\/img_2839.jpg\",\"width\":2048,\"height\":1065},{\"@type\":\"BreadcrumbList\",\"@id\":\"https:\/\/ticsalutsocial.atoom.space\/es\/noticia\/un-nuevo-curso-de-la-fundacio-tic-salut-social-ayudara-a-los-investigadores-a-redactar-propuestas-competitivas-para-programas-de-financiacion-europea-horizon-2020\/#breadcrumb\",\"itemListElement\":[{\"@type\":\"ListItem\",\"position\":1,\"name\":\"Inici\",\"item\":\"https:\/\/ticsalutsocial.atoom.space\/es\/\"},{\"@type\":\"ListItem\",\"position\":2,\"name\":\"Un nuevo curso de la Fundaci\u00f3 TIC Salut Social ayudar\u00e1 a los investigadores a redactar propuestas competitivas para programas de financiaci\u00f3n europea Horizon 2020\"}]},{\"@type\":\"WebSite\",\"@id\":\"https:\/\/ticsalutsocial.atoom.space\/es\/#website\",\"url\":\"https:\/\/ticsalutsocial.atoom.space\/es\/\",\"name\":\"Fundaci\u00f3 TIC Salut i Social\",\"description\":\"\",\"potentialAction\":[{\"@type\":\"SearchAction\",\"target\":{\"@type\":\"EntryPoint\",\"urlTemplate\":\"https:\/\/ticsalutsocial.atoom.space\/es\/?s={search_term_string}\"},\"query-input\":{\"@type\":\"PropertyValueSpecification\",\"valueRequired\":true,\"valueName\":\"search_term_string\"}}],\"inLanguage\":\"es\"}]}<\/script>\n<!-- \/ Yoast SEO plugin. -->","yoast_head_json":{"title":"Un nuevo curso de la Fundaci\u00f3 TIC Salut Social ayudar\u00e1 a los investigadores a redactar propuestas competitivas para programas de financiaci\u00f3n europea Horizon 2020 - Fundaci\u00f3 TIC Salut i Social","robots":{"index":"index","follow":"follow","max-snippet":"max-snippet:-1","max-image-preview":"max-image-preview:large","max-video-preview":"max-video-preview:-1"},"canonical":"https:\/\/ticsalutsocial.atoom.space\/es\/noticia\/un-nuevo-curso-de-la-fundacio-tic-salut-social-ayudara-a-los-investigadores-a-redactar-propuestas-competitivas-para-programas-de-financiacion-europea-horizon-2020\/","og_locale":"es_ES","og_type":"article","og_title":"Un nuevo curso de la Fundaci\u00f3 TIC Salut Social ayudar\u00e1 a los investigadores a redactar propuestas competitivas para programas de financiaci\u00f3n europea Horizon 2020 - Fundaci\u00f3 TIC Salut i Social","og_description":"La Fundaci\u00f3 TIC Salut Social, entidad del Departament de Salut de la Generalitat de Catalu\u00f1a, organizar\u00e1 una formaci\u00f3n especializada para ayudar a desarrollar propuestas de proyectos para participar en el programa de financiaci\u00f3n europea Horizon 2020. El curso tendr\u00e1 lugar del 17 al 18 de septiembre y se trata de una formaci\u00f3n avanzada, enfocada al [&hellip;]","og_url":"https:\/\/ticsalutsocial.atoom.space\/es\/noticia\/un-nuevo-curso-de-la-fundacio-tic-salut-social-ayudara-a-los-investigadores-a-redactar-propuestas-competitivas-para-programas-de-financiacion-europea-horizon-2020\/","og_site_name":"Fundaci\u00f3 TIC Salut i Social","article_modified_time":"2021-07-21T13:35:04+00:00","og_image":[{"width":2048,"height":1065,"url":"https:\/\/ticsalutsocial.atoom.space\/wp-content\/uploads\/2018\/06\/img_2839.jpg","type":"image\/jpeg"}],"twitter_card":"summary_large_image","twitter_misc":{"Tiempo de lectura":"2 minutos"},"schema":{"@context":"https:\/\/schema.org","@graph":[{"@type":"WebPage","@id":"https:\/\/ticsalutsocial.atoom.space\/es\/noticia\/un-nuevo-curso-de-la-fundacio-tic-salut-social-ayudara-a-los-investigadores-a-redactar-propuestas-competitivas-para-programas-de-financiacion-europea-horizon-2020\/","url":"https:\/\/ticsalutsocial.atoom.space\/es\/noticia\/un-nuevo-curso-de-la-fundacio-tic-salut-social-ayudara-a-los-investigadores-a-redactar-propuestas-competitivas-para-programas-de-financiacion-europea-horizon-2020\/","name":"Un nuevo curso de la Fundaci\u00f3 TIC Salut Social ayudar\u00e1 a los investigadores a redactar propuestas competitivas para programas de financiaci\u00f3n europea Horizon 2020 - Fundaci\u00f3 TIC Salut i Social","isPartOf":{"@id":"https:\/\/ticsalutsocial.atoom.space\/es\/#website"},"primaryImageOfPage":{"@id":"https:\/\/ticsalutsocial.atoom.space\/es\/noticia\/un-nuevo-curso-de-la-fundacio-tic-salut-social-ayudara-a-los-investigadores-a-redactar-propuestas-competitivas-para-programas-de-financiacion-europea-horizon-2020\/#primaryimage"},"image":{"@id":"https:\/\/ticsalutsocial.atoom.space\/es\/noticia\/un-nuevo-curso-de-la-fundacio-tic-salut-social-ayudara-a-los-investigadores-a-redactar-propuestas-competitivas-para-programas-de-financiacion-europea-horizon-2020\/#primaryimage"},"thumbnailUrl":"https:\/\/ticsalutsocial.atoom.space\/wp-content\/uploads\/2018\/06\/img_2839.jpg","datePublished":"2018-06-11T08:16:43+00:00","dateModified":"2021-07-21T13:35:04+00:00","breadcrumb":{"@id":"https:\/\/ticsalutsocial.atoom.space\/es\/noticia\/un-nuevo-curso-de-la-fundacio-tic-salut-social-ayudara-a-los-investigadores-a-redactar-propuestas-competitivas-para-programas-de-financiacion-europea-horizon-2020\/#breadcrumb"},"inLanguage":"es","potentialAction":[{"@type":"ReadAction","target":["https:\/\/ticsalutsocial.atoom.space\/es\/noticia\/un-nuevo-curso-de-la-fundacio-tic-salut-social-ayudara-a-los-investigadores-a-redactar-propuestas-competitivas-para-programas-de-financiacion-europea-horizon-2020\/"]}]},{"@type":"ImageObject","inLanguage":"es","@id":"https:\/\/ticsalutsocial.atoom.space\/es\/noticia\/un-nuevo-curso-de-la-fundacio-tic-salut-social-ayudara-a-los-investigadores-a-redactar-propuestas-competitivas-para-programas-de-financiacion-europea-horizon-2020\/#primaryimage","url":"https:\/\/ticsalutsocial.atoom.space\/wp-content\/uploads\/2018\/06\/img_2839.jpg","contentUrl":"https:\/\/ticsalutsocial.atoom.space\/wp-content\/uploads\/2018\/06\/img_2839.jpg","width":2048,"height":1065},{"@type":"BreadcrumbList","@id":"https:\/\/ticsalutsocial.atoom.space\/es\/noticia\/un-nuevo-curso-de-la-fundacio-tic-salut-social-ayudara-a-los-investigadores-a-redactar-propuestas-competitivas-para-programas-de-financiacion-europea-horizon-2020\/#breadcrumb","itemListElement":[{"@type":"ListItem","position":1,"name":"Inici","item":"https:\/\/ticsalutsocial.atoom.space\/es\/"},{"@type":"ListItem","position":2,"name":"Un nuevo curso de la Fundaci\u00f3 TIC Salut Social ayudar\u00e1 a los investigadores a redactar propuestas competitivas para programas de financiaci\u00f3n europea Horizon 2020"}]},{"@type":"WebSite","@id":"https:\/\/ticsalutsocial.atoom.space\/es\/#website","url":"https:\/\/ticsalutsocial.atoom.space\/es\/","name":"Fundaci\u00f3 TIC Salut i Social","description":"","potentialAction":[{"@type":"SearchAction","target":{"@type":"EntryPoint","urlTemplate":"https:\/\/ticsalutsocial.atoom.space\/es\/?s={search_term_string}"},"query-input":{"@type":"PropertyValueSpecification","valueRequired":true,"valueName":"search_term_string"}}],"inLanguage":"es"}]}},"_links":{"self":[{"href":"https:\/\/ticsalutsocial.atoom.space\/es\/wp-json\/wp\/v2\/noticia\/3256","targetHints":{"allow":["GET"]}}],"collection":[{"href":"https:\/\/ticsalutsocial.atoom.space\/es\/wp-json\/wp\/v2\/noticia"}],"about":[{"href":"https:\/\/ticsalutsocial.atoom.space\/es\/wp-json\/wp\/v2\/types\/noticia"}],"author":[{"embeddable":true,"href":"https:\/\/ticsalutsocial.atoom.space\/es\/wp-json\/wp\/v2\/users\/21"}],"wp:featuredmedia":[{"embeddable":true,"href":"https:\/\/ticsalutsocial.atoom.space\/es\/wp-json\/wp\/v2\/media\/3252"}],"wp:attachment":[{"href":"https:\/\/ticsalutsocial.atoom.space\/es\/wp-json\/wp\/v2\/media?parent=3256"}],"wp:term":[{"taxonomy":"etiqueta","embeddable":true,"href":"https:\/\/ticsalutsocial.atoom.space\/es\/wp-json\/wp\/v2\/etiqueta?post=3256"},{"taxonomy":"tipus","embeddable":true,"href":"https:\/\/ticsalutsocial.atoom.space\/es\/wp-json\/wp\/v2\/tipus?post=3256"},{"taxonomy":"topic","embeddable":true,"href":"https:\/\/ticsalutsocial.atoom.space\/es\/wp-json\/wp\/v2\/topic?post=3256"}],"curies":[{"name":"wp","href":"https:\/\/api.w.org\/{rel}","templated":true}]}}