
{"id":32593,"date":"2025-06-10T12:12:45","date_gmt":"2025-06-10T10:12:45","guid":{"rendered":"https:\/\/ticsalutsocial.atoom.space\/noticia\/la-regio-sanitaria-de-girona-comenca-a-implantar-el-nou-model-datencio-al-pacient-critic-i-semicritic\/"},"modified":"2025-06-11T10:28:53","modified_gmt":"2025-06-11T08:28:53","slug":"la-regio-sanitaria-de-girona-comenca-a-implantar-el-nou-model-datencio-al-pacient-critic-i-semicritic","status":"publish","type":"noticia","link":"https:\/\/ticsalutsocial.atoom.space\/es\/noticia\/la-regio-sanitaria-de-girona-comenca-a-implantar-el-nou-model-datencio-al-pacient-critic-i-semicritic\/","title":{"rendered":"La Regi\u00f3n Sanitaria de Girona comienza a implantar el nuevo modelo de atenci\u00f3n al paciente cr\u00edtico y semicr\u00edtico"},"content":{"rendered":"<p data-start=\"184\" data-end=\"1112\">La Regi\u00f3n Sanitaria de Girona ha comenzado la implantaci\u00f3n del nuevo modelo de atenci\u00f3n al paciente cr\u00edtico y semicr\u00edtico, con el objetivo de mejorar la prestaci\u00f3n del servicio de cuidados intensivos en todo el territorio mediante un modelo asistencial basado en herramientas digitales. El proyecto va acompa\u00f1ado de una mejora tecnol\u00f3gica \u2014el Critic.CAT\u2014 que facilitar\u00e1 la transferencia de informaci\u00f3n y conocimiento entre todos los actores del sistema sanitario implicados en la atenci\u00f3n al paciente cr\u00edtico y semicr\u00edtico (hospital de referencia, hospitales comarcales y el SEM), con el fin de apoyar la toma de decisiones, mejorar la eficiencia de los recursos disponibles y promover la equidad del sistema p\u00fablico. El Critic.CAT y su adaptaci\u00f3n al territorio de Girona se han presentado hoy, martes 10 de junio, en el Auditorio Josep Irla de la Generalitat en Girona, en un acto que ha reunido a unas 150 personas del sector.<\/p>\n<p data-start=\"1114\" data-end=\"1518\">En la Regi\u00f3n Sanitaria de Girona, la primera fase del proyecto, que comienza ahora, se iniciar\u00e1 con un pilotaje del modelo entre el Hospital Trueta, como hospital de referencia, y el hospital comarcal de Palam\u00f3s. Una vez completado este piloto y analizados los resultados, el modelo se implantar\u00e1 en el resto de la regi\u00f3n, con la implicaci\u00f3n de los hospitales de Calella, Figueres, Olot y Santa Caterina.<\/p>\n<p data-start=\"1520\" data-end=\"2117\"><strong data-start=\"1520\" data-end=\"1686\">La implantaci\u00f3n de la nueva tecnolog\u00eda en la Regi\u00f3n de Girona ir\u00e1 acompa\u00f1ada de la creaci\u00f3n de nuevas camas para la atenci\u00f3n de pacientes cr\u00edticos y semicr\u00edticos.<\/strong><br data-start=\"1686\" data-end=\"1689\" \/>Actualmente, en la demarcaci\u00f3n, el Servicio de Medicina Intensiva del Hospital Trueta dispone de 18 camas para cr\u00edticos y 4 para semicr\u00edticos en el mismo centro, adem\u00e1s de 8 camas para cr\u00edticos y 4 para semicr\u00edticos en el Hospital Santa Caterina. Asimismo, existen camas para pacientes cr\u00edticos y semicr\u00edticos gestionadas desde otras especialidades como cardiolog\u00eda, neurolog\u00eda, neurocirug\u00eda, anestesia, neumolog\u00eda, entre otras.<\/p>\n<h2>M\u00e1s camas para pacientes cr\u00edticos y semicr\u00edticos<\/h2>\n<p data-start=\"2173\" data-end=\"3256\">Con el despliegue del modelo en la Regi\u00f3n Sanitaria de Girona, se mejorar\u00e1 la dotaci\u00f3n de camas para pacientes cr\u00edticos y semicr\u00edticos gestionadas por especialistas en medicina intensiva, mediante la creaci\u00f3n de 12 nuevas camas para cr\u00edticos en el Hospital Trueta y una red de 36 camas para semicr\u00edticos distribuidas por los hospitales comarcales: 12 en el Hospital Sant Jaume de Calella, 8 en el Hospital de Figueres, 8 en el Hospital de Palam\u00f3s, 4 en el Hospital de Olot y 4 en el Hospital Santa Caterina. As\u00ed, se pasar\u00e1 de disponer de 26 camas de medicina intensiva para pacientes cr\u00edticos a tener 38, y de 8 camas de semicr\u00edticos generales a 40.<br data-start=\"2822\" data-end=\"2825\" \/>Estos centros, adem\u00e1s de contar con la estructura y el equipamiento necesarios, tambi\u00e9n se dotar\u00e1n de la tecnolog\u00eda del Critic.CAT, lo que permitir\u00e1 que los profesionales de los hospitales comarcales puedan atender a los pacientes en sus propios centros, con el seguimiento remoto y continuo de los intensivistas del Hospital Trueta y del m\u00e9dico de cr\u00edticos del Centro de Coordinaci\u00f3n Sanitaria (CECOS) del SEM, con total garant\u00eda.<\/p>\n<p data-start=\"3258\" data-end=\"3936\">Con este proyecto, en Girona se mejorar\u00e1 la coordinaci\u00f3n entre los centros hospitalarios para optimizar la gesti\u00f3n de los pacientes adultos cr\u00edticos y semicr\u00edticos, se adecuar\u00e1n los recursos asistenciales para atender mejor a este tipo de pacientes teniendo en cuenta las necesidades de la poblaci\u00f3n, y se crear\u00e1 y desplegar\u00e1 un nuevo modelo de atenci\u00f3n adaptado a las necesidades reales del territorio.<br data-start=\"3661\" data-end=\"3664\" \/>Adem\u00e1s, este despliegue se har\u00e1 de acuerdo con la situaci\u00f3n actual, que a su vez servir\u00e1 de base para el futuro escenario del nuevo Campus de Salud, donde habr\u00e1 un \u00fanico servicio de cr\u00edticos que dar\u00e1 apoyo a una red de servicios de semicr\u00edticos en el resto del territorio.<\/p>\n<p data-start=\"3938\" data-end=\"4677\">El nuevo modelo permitir\u00e1 incrementar el n\u00famero de camas estructurales, reducir los traslados de pacientes cr\u00edticos fuera de la Regi\u00f3n Sanitaria de Girona (actualmente unas 60 personas al a\u00f1o), mejorar la equidad territorial, atender a los pacientes m\u00e1s cerca de su domicilio y con los recursos m\u00e1s adecuados a sus necesidades asistenciales, adem\u00e1s de mejorar los flujos entre los hospitales.<br data-start=\"4330\" data-end=\"4333\" \/>De este modo, en los hospitales comarcales se podr\u00e1 atender con total garant\u00eda a los pacientes semicr\u00edticos, tanto cuando no sea necesario el ingreso en la UCI, como cuando el paciente reciba el alta de la UCI del Trueta. As\u00ed, podr\u00e1n continuar su ingreso en su hospital de proximidad, con la supervisi\u00f3n de los m\u00e9dicos intensivistas del Trueta.<\/p>\n<p data-start=\"4679\" data-end=\"5173\">Se prev\u00e9 iniciar ahora el piloto entre los hospitales Trueta y Palam\u00f3s, y continuar con la dotaci\u00f3n de camas y equipamiento tecnol\u00f3gico en el resto de hospitales comarcales, de modo que en 2027 el modelo pueda implantarse en toda la Regi\u00f3n, coincidiendo con la ampliaci\u00f3n de camas de cr\u00edticos en el Hospital Trueta.<br data-start=\"4994\" data-end=\"4997\" \/>Estas nuevas camas para cr\u00edticos se ubicar\u00e1n en el edificio que acoger\u00e1 la ampliaci\u00f3n del bloque quir\u00fargico y del hospital de d\u00eda oncohematol\u00f3gico, actualmente en construcci\u00f3n.<\/p>\n<h2>Los cinco ejes de la transformaci\u00f3n tecnol\u00f3gica<\/h2>\n<p data-start=\"5233\" data-end=\"5285\">El despliegue tecnol\u00f3gico se articula en cinco ejes:<\/p>\n<ol data-start=\"5287\" data-end=\"6895\">\n<li data-start=\"5287\" data-end=\"5533\">\n<p data-start=\"5290\" data-end=\"5533\"><strong data-start=\"5290\" data-end=\"5359\">Definici\u00f3n del modelo de gesti\u00f3n y de los protocolos de actuaci\u00f3n<\/strong>, es decir, establecer procedimientos que faciliten la toma de decisiones basadas en las necesidades del paciente, los recursos disponibles y las gu\u00edas y protocolos cl\u00ednicos.<\/p>\n<\/li>\n<li data-start=\"5535\" data-end=\"6207\">\n<p data-start=\"5538\" data-end=\"6207\"><strong data-start=\"5538\" data-end=\"5646\">Sistema departamental de gesti\u00f3n interna, integrada y transversal de las unidades de cr\u00edticos del SISCAT<\/strong>, es decir, la plataforma tecnol\u00f3gica que conectar\u00e1 todos los agentes implicados (centros de salud y SEM). Este sistema est\u00e1 dise\u00f1ado para la planificaci\u00f3n y gesti\u00f3n cl\u00ednica, el uso asistencial y el an\u00e1lisis e investigaci\u00f3n. Proporcionar\u00e1 informaci\u00f3n en tiempo real sobre el estado de las unidades de cr\u00edticos o semicr\u00edticos, el estado y evoluci\u00f3n de los pacientes de forma individualizada y el historial cl\u00ednico completo. Recoger\u00e1 todo tipo de informaci\u00f3n cl\u00ednica, incluidas im\u00e1genes m\u00e9dicas y constantes vitales procedentes de sensores y dispositivos m\u00e9dicos.<\/p>\n<\/li>\n<li data-start=\"6209\" data-end=\"6419\">\n<p data-start=\"6212\" data-end=\"6419\"><strong data-start=\"6212\" data-end=\"6241\">Capacidad de telemedicina<\/strong>, es decir, integraci\u00f3n y visualizaci\u00f3n de toda la informaci\u00f3n del sistema y mejora de la coordinaci\u00f3n entre hospitales mediante una infraestructura tecnol\u00f3gica segura y estable.<\/p>\n<\/li>\n<li data-start=\"6421\" data-end=\"6597\">\n<p data-start=\"6424\" data-end=\"6597\"><strong data-start=\"6424\" data-end=\"6472\">Creaci\u00f3n de un centro de gesti\u00f3n de cr\u00edticos<\/strong>, que apoyar\u00e1 la toma de decisiones para los diferentes perfiles profesionales implicados en la atenci\u00f3n al paciente cr\u00edtico.<\/p>\n<\/li>\n<li data-start=\"6599\" data-end=\"6895\">\n<p data-start=\"6602\" data-end=\"6895\"><strong data-start=\"6602\" data-end=\"6640\">Creaci\u00f3n de una unidad de an\u00e1lisis<\/strong>, es decir, un sistema para el asesoramiento estrat\u00e9gico y para el despliegue de herramientas que permitan explotar y analizar los datos recogidos con fines de investigaci\u00f3n, innovaci\u00f3n, evaluaci\u00f3n y planificaci\u00f3n de los servicios para pacientes cr\u00edticos.<\/p>\n<\/li>\n<\/ol>\n<h2><img loading=\"lazy\" decoding=\"async\" class=\"alignnone wp-image-32578\" style=\"font-size: 16px;\" src=\"https:\/\/ticsalutsocial.atoom.space\/wp-content\/uploads\/2025\/06\/WhatsApp_Image_2025-06-10_at_12.27.50_preview-300x225.jpeg\" alt=\"\" width=\"485\" height=\"364\" srcset=\"https:\/\/ticsalutsocial.atoom.space\/wp-content\/uploads\/2025\/06\/WhatsApp_Image_2025-06-10_at_12.27.50_preview-300x225.jpeg 300w, https:\/\/ticsalutsocial.atoom.space\/wp-content\/uploads\/2025\/06\/WhatsApp_Image_2025-06-10_at_12.27.50_preview.jpeg 700w\" sizes=\"auto, (max-width: 485px) 100vw, 485px\" \/><\/h2>\n","protected":false},"author":3,"featured_media":32577,"menu_order":0,"template":"","meta":{"_acf_changed":false,"inline_featured_image":false},"etiqueta":[],"tipus":[],"topic":[123,127],"class_list":["post-32593","noticia","type-noticia","status-publish","has-post-thumbnail","hentry","topic-actualidad","topic-proyectos"],"acf":{"finalitzat":false,"tipus_plantilla":"objectius","template_objectius":{"cont_principal":"","imatge":false,"cont_seguent":{"titol":"","contingut":""},"seccio_llistat":{"titol":"","llistat":false},"objectius":{"titol":"","objectius":false},"documents":false},"autor":"","imatge":false,"textos_destacats":[{"texte":"El Hospital Trueta crecer\u00e1 con 12 nuevas camas para pacientes cr\u00edticos y se crear\u00e1 una red de 36 camas para pacientes semicr\u00edticos en los hospitales de Calella, Figueres, Olot, Palam\u00f3s y Santa Caterina."},{"texte":"Critic.CAT es un modelo asistencial basado en herramientas digitales que permitir\u00e1 facilitar la toma de decisiones, la eficiencia de los recursos disponibles y la equidad del sistema p\u00fablico."}],"documents":false},"yoast_head":"<!-- This site is optimized with the Yoast SEO plugin v27.1.1 - https:\/\/yoast.com\/product\/yoast-seo-wordpress\/ -->\n<title>La Regi\u00f3n Sanitaria de Girona comienza a implantar el nuevo modelo de atenci\u00f3n al paciente cr\u00edtico y semicr\u00edtico - Fundaci\u00f3 TIC Salut i Social<\/title>\n<meta name=\"robots\" content=\"index, follow, max-snippet:-1, max-image-preview:large, max-video-preview:-1\" \/>\n<link rel=\"canonical\" href=\"https:\/\/ticsalutsocial.atoom.space\/es\/noticia\/la-regio-sanitaria-de-girona-comenca-a-implantar-el-nou-model-datencio-al-pacient-critic-i-semicritic\/\" \/>\n<meta property=\"og:locale\" content=\"es_ES\" \/>\n<meta property=\"og:type\" content=\"article\" \/>\n<meta property=\"og:title\" content=\"La Regi\u00f3n Sanitaria de Girona comienza a implantar el nuevo modelo de atenci\u00f3n al paciente cr\u00edtico y semicr\u00edtico - Fundaci\u00f3 TIC Salut i Social\" \/>\n<meta property=\"og:description\" content=\"La Regi\u00f3n Sanitaria de Girona ha comenzado la implantaci\u00f3n del nuevo modelo de atenci\u00f3n al paciente cr\u00edtico y semicr\u00edtico, con el objetivo de mejorar la prestaci\u00f3n del servicio de cuidados intensivos en todo el territorio mediante un modelo asistencial basado en herramientas digitales. El proyecto va acompa\u00f1ado de una mejora tecnol\u00f3gica \u2014el Critic.CAT\u2014 que facilitar\u00e1 [&hellip;]\" \/>\n<meta property=\"og:url\" content=\"https:\/\/ticsalutsocial.atoom.space\/es\/noticia\/la-regio-sanitaria-de-girona-comenca-a-implantar-el-nou-model-datencio-al-pacient-critic-i-semicritic\/\" \/>\n<meta property=\"og:site_name\" content=\"Fundaci\u00f3 TIC Salut i Social\" \/>\n<meta property=\"article:modified_time\" content=\"2025-06-11T08:28:53+00:00\" \/>\n<meta property=\"og:image\" content=\"https:\/\/ticsalutsocial.atoom.space\/wp-content\/uploads\/2025\/06\/786a8f2c-6ec7-45e6-89b6-c8aa50b66568.png\" \/>\n\t<meta property=\"og:image:width\" content=\"1280\" \/>\n\t<meta property=\"og:image:height\" content=\"720\" \/>\n\t<meta property=\"og:image:type\" content=\"image\/png\" \/>\n<meta name=\"twitter:card\" content=\"summary_large_image\" \/>\n<meta name=\"twitter:label1\" content=\"Tiempo de lectura\" \/>\n\t<meta name=\"twitter:data1\" content=\"7 minutos\" \/>\n<script type=\"application\/ld+json\" class=\"yoast-schema-graph\">{\"@context\":\"https:\/\/schema.org\",\"@graph\":[{\"@type\":\"WebPage\",\"@id\":\"https:\/\/ticsalutsocial.atoom.space\/es\/noticia\/la-regio-sanitaria-de-girona-comenca-a-implantar-el-nou-model-datencio-al-pacient-critic-i-semicritic\/\",\"url\":\"https:\/\/ticsalutsocial.atoom.space\/es\/noticia\/la-regio-sanitaria-de-girona-comenca-a-implantar-el-nou-model-datencio-al-pacient-critic-i-semicritic\/\",\"name\":\"La Regi\u00f3n Sanitaria de Girona comienza a implantar el nuevo modelo de atenci\u00f3n al paciente cr\u00edtico y semicr\u00edtico - Fundaci\u00f3 TIC Salut i Social\",\"isPartOf\":{\"@id\":\"https:\/\/ticsalutsocial.atoom.space\/es\/#website\"},\"primaryImageOfPage\":{\"@id\":\"https:\/\/ticsalutsocial.atoom.space\/es\/noticia\/la-regio-sanitaria-de-girona-comenca-a-implantar-el-nou-model-datencio-al-pacient-critic-i-semicritic\/#primaryimage\"},\"image\":{\"@id\":\"https:\/\/ticsalutsocial.atoom.space\/es\/noticia\/la-regio-sanitaria-de-girona-comenca-a-implantar-el-nou-model-datencio-al-pacient-critic-i-semicritic\/#primaryimage\"},\"thumbnailUrl\":\"https:\/\/ticsalutsocial.atoom.space\/wp-content\/uploads\/2025\/06\/786a8f2c-6ec7-45e6-89b6-c8aa50b66568.png\",\"datePublished\":\"2025-06-10T10:12:45+00:00\",\"dateModified\":\"2025-06-11T08:28:53+00:00\",\"breadcrumb\":{\"@id\":\"https:\/\/ticsalutsocial.atoom.space\/es\/noticia\/la-regio-sanitaria-de-girona-comenca-a-implantar-el-nou-model-datencio-al-pacient-critic-i-semicritic\/#breadcrumb\"},\"inLanguage\":\"es\",\"potentialAction\":[{\"@type\":\"ReadAction\",\"target\":[\"https:\/\/ticsalutsocial.atoom.space\/es\/noticia\/la-regio-sanitaria-de-girona-comenca-a-implantar-el-nou-model-datencio-al-pacient-critic-i-semicritic\/\"]}]},{\"@type\":\"ImageObject\",\"inLanguage\":\"es\",\"@id\":\"https:\/\/ticsalutsocial.atoom.space\/es\/noticia\/la-regio-sanitaria-de-girona-comenca-a-implantar-el-nou-model-datencio-al-pacient-critic-i-semicritic\/#primaryimage\",\"url\":\"https:\/\/ticsalutsocial.atoom.space\/wp-content\/uploads\/2025\/06\/786a8f2c-6ec7-45e6-89b6-c8aa50b66568.png\",\"contentUrl\":\"https:\/\/ticsalutsocial.atoom.space\/wp-content\/uploads\/2025\/06\/786a8f2c-6ec7-45e6-89b6-c8aa50b66568.png\",\"width\":1280,\"height\":720},{\"@type\":\"BreadcrumbList\",\"@id\":\"https:\/\/ticsalutsocial.atoom.space\/es\/noticia\/la-regio-sanitaria-de-girona-comenca-a-implantar-el-nou-model-datencio-al-pacient-critic-i-semicritic\/#breadcrumb\",\"itemListElement\":[{\"@type\":\"ListItem\",\"position\":1,\"name\":\"Inici\",\"item\":\"https:\/\/ticsalutsocial.atoom.space\/es\/\"},{\"@type\":\"ListItem\",\"position\":2,\"name\":\"La Regi\u00f3n Sanitaria de Girona comienza a implantar el nuevo modelo de atenci\u00f3n al paciente cr\u00edtico y semicr\u00edtico\"}]},{\"@type\":\"WebSite\",\"@id\":\"https:\/\/ticsalutsocial.atoom.space\/es\/#website\",\"url\":\"https:\/\/ticsalutsocial.atoom.space\/es\/\",\"name\":\"Fundaci\u00f3 TIC Salut i Social\",\"description\":\"\",\"potentialAction\":[{\"@type\":\"SearchAction\",\"target\":{\"@type\":\"EntryPoint\",\"urlTemplate\":\"https:\/\/ticsalutsocial.atoom.space\/es\/?s={search_term_string}\"},\"query-input\":{\"@type\":\"PropertyValueSpecification\",\"valueRequired\":true,\"valueName\":\"search_term_string\"}}],\"inLanguage\":\"es\"}]}<\/script>\n<!-- \/ Yoast SEO plugin. -->","yoast_head_json":{"title":"La Regi\u00f3n Sanitaria de Girona comienza a implantar el nuevo modelo de atenci\u00f3n al paciente cr\u00edtico y semicr\u00edtico - Fundaci\u00f3 TIC Salut i Social","robots":{"index":"index","follow":"follow","max-snippet":"max-snippet:-1","max-image-preview":"max-image-preview:large","max-video-preview":"max-video-preview:-1"},"canonical":"https:\/\/ticsalutsocial.atoom.space\/es\/noticia\/la-regio-sanitaria-de-girona-comenca-a-implantar-el-nou-model-datencio-al-pacient-critic-i-semicritic\/","og_locale":"es_ES","og_type":"article","og_title":"La Regi\u00f3n Sanitaria de Girona comienza a implantar el nuevo modelo de atenci\u00f3n al paciente cr\u00edtico y semicr\u00edtico - Fundaci\u00f3 TIC Salut i Social","og_description":"La Regi\u00f3n Sanitaria de Girona ha comenzado la implantaci\u00f3n del nuevo modelo de atenci\u00f3n al paciente cr\u00edtico y semicr\u00edtico, con el objetivo de mejorar la prestaci\u00f3n del servicio de cuidados intensivos en todo el territorio mediante un modelo asistencial basado en herramientas digitales. El proyecto va acompa\u00f1ado de una mejora tecnol\u00f3gica \u2014el Critic.CAT\u2014 que facilitar\u00e1 [&hellip;]","og_url":"https:\/\/ticsalutsocial.atoom.space\/es\/noticia\/la-regio-sanitaria-de-girona-comenca-a-implantar-el-nou-model-datencio-al-pacient-critic-i-semicritic\/","og_site_name":"Fundaci\u00f3 TIC Salut i Social","article_modified_time":"2025-06-11T08:28:53+00:00","og_image":[{"width":1280,"height":720,"url":"https:\/\/ticsalutsocial.atoom.space\/wp-content\/uploads\/2025\/06\/786a8f2c-6ec7-45e6-89b6-c8aa50b66568.png","type":"image\/png"}],"twitter_card":"summary_large_image","twitter_misc":{"Tiempo de lectura":"7 minutos"},"schema":{"@context":"https:\/\/schema.org","@graph":[{"@type":"WebPage","@id":"https:\/\/ticsalutsocial.atoom.space\/es\/noticia\/la-regio-sanitaria-de-girona-comenca-a-implantar-el-nou-model-datencio-al-pacient-critic-i-semicritic\/","url":"https:\/\/ticsalutsocial.atoom.space\/es\/noticia\/la-regio-sanitaria-de-girona-comenca-a-implantar-el-nou-model-datencio-al-pacient-critic-i-semicritic\/","name":"La Regi\u00f3n Sanitaria de Girona comienza a implantar el nuevo modelo de atenci\u00f3n al paciente cr\u00edtico y semicr\u00edtico - Fundaci\u00f3 TIC Salut i Social","isPartOf":{"@id":"https:\/\/ticsalutsocial.atoom.space\/es\/#website"},"primaryImageOfPage":{"@id":"https:\/\/ticsalutsocial.atoom.space\/es\/noticia\/la-regio-sanitaria-de-girona-comenca-a-implantar-el-nou-model-datencio-al-pacient-critic-i-semicritic\/#primaryimage"},"image":{"@id":"https:\/\/ticsalutsocial.atoom.space\/es\/noticia\/la-regio-sanitaria-de-girona-comenca-a-implantar-el-nou-model-datencio-al-pacient-critic-i-semicritic\/#primaryimage"},"thumbnailUrl":"https:\/\/ticsalutsocial.atoom.space\/wp-content\/uploads\/2025\/06\/786a8f2c-6ec7-45e6-89b6-c8aa50b66568.png","datePublished":"2025-06-10T10:12:45+00:00","dateModified":"2025-06-11T08:28:53+00:00","breadcrumb":{"@id":"https:\/\/ticsalutsocial.atoom.space\/es\/noticia\/la-regio-sanitaria-de-girona-comenca-a-implantar-el-nou-model-datencio-al-pacient-critic-i-semicritic\/#breadcrumb"},"inLanguage":"es","potentialAction":[{"@type":"ReadAction","target":["https:\/\/ticsalutsocial.atoom.space\/es\/noticia\/la-regio-sanitaria-de-girona-comenca-a-implantar-el-nou-model-datencio-al-pacient-critic-i-semicritic\/"]}]},{"@type":"ImageObject","inLanguage":"es","@id":"https:\/\/ticsalutsocial.atoom.space\/es\/noticia\/la-regio-sanitaria-de-girona-comenca-a-implantar-el-nou-model-datencio-al-pacient-critic-i-semicritic\/#primaryimage","url":"https:\/\/ticsalutsocial.atoom.space\/wp-content\/uploads\/2025\/06\/786a8f2c-6ec7-45e6-89b6-c8aa50b66568.png","contentUrl":"https:\/\/ticsalutsocial.atoom.space\/wp-content\/uploads\/2025\/06\/786a8f2c-6ec7-45e6-89b6-c8aa50b66568.png","width":1280,"height":720},{"@type":"BreadcrumbList","@id":"https:\/\/ticsalutsocial.atoom.space\/es\/noticia\/la-regio-sanitaria-de-girona-comenca-a-implantar-el-nou-model-datencio-al-pacient-critic-i-semicritic\/#breadcrumb","itemListElement":[{"@type":"ListItem","position":1,"name":"Inici","item":"https:\/\/ticsalutsocial.atoom.space\/es\/"},{"@type":"ListItem","position":2,"name":"La Regi\u00f3n Sanitaria de Girona comienza a implantar el nuevo modelo de atenci\u00f3n al paciente cr\u00edtico y semicr\u00edtico"}]},{"@type":"WebSite","@id":"https:\/\/ticsalutsocial.atoom.space\/es\/#website","url":"https:\/\/ticsalutsocial.atoom.space\/es\/","name":"Fundaci\u00f3 TIC Salut i Social","description":"","potentialAction":[{"@type":"SearchAction","target":{"@type":"EntryPoint","urlTemplate":"https:\/\/ticsalutsocial.atoom.space\/es\/?s={search_term_string}"},"query-input":{"@type":"PropertyValueSpecification","valueRequired":true,"valueName":"search_term_string"}}],"inLanguage":"es"}]}},"_links":{"self":[{"href":"https:\/\/ticsalutsocial.atoom.space\/es\/wp-json\/wp\/v2\/noticia\/32593","targetHints":{"allow":["GET"]}}],"collection":[{"href":"https:\/\/ticsalutsocial.atoom.space\/es\/wp-json\/wp\/v2\/noticia"}],"about":[{"href":"https:\/\/ticsalutsocial.atoom.space\/es\/wp-json\/wp\/v2\/types\/noticia"}],"author":[{"embeddable":true,"href":"https:\/\/ticsalutsocial.atoom.space\/es\/wp-json\/wp\/v2\/users\/3"}],"wp:featuredmedia":[{"embeddable":true,"href":"https:\/\/ticsalutsocial.atoom.space\/es\/wp-json\/wp\/v2\/media\/32577"}],"wp:attachment":[{"href":"https:\/\/ticsalutsocial.atoom.space\/es\/wp-json\/wp\/v2\/media?parent=32593"}],"wp:term":[{"taxonomy":"etiqueta","embeddable":true,"href":"https:\/\/ticsalutsocial.atoom.space\/es\/wp-json\/wp\/v2\/etiqueta?post=32593"},{"taxonomy":"tipus","embeddable":true,"href":"https:\/\/ticsalutsocial.atoom.space\/es\/wp-json\/wp\/v2\/tipus?post=32593"},{"taxonomy":"topic","embeddable":true,"href":"https:\/\/ticsalutsocial.atoom.space\/es\/wp-json\/wp\/v2\/topic?post=32593"}],"curies":[{"name":"wp","href":"https:\/\/api.w.org\/{rel}","templated":true}]}}