
{"id":32664,"date":"2025-06-18T13:10:55","date_gmt":"2025-06-18T11:10:55","guid":{"rendered":"https:\/\/ticsalutsocial.atoom.space\/noticia\/dues-noves-licitacions-per-desplegar-solucions-dintelligencia-artificial-en-el-diagnostic-medic-al-sistema-de-salut-de-catalunya\/"},"modified":"2025-06-20T12:28:10","modified_gmt":"2025-06-20T10:28:10","slug":"dues-noves-licitacions-per-desplegar-solucions-dintelligencia-artificial-en-el-diagnostic-medic-al-sistema-de-salut-de-catalunya","status":"publish","type":"noticia","link":"https:\/\/ticsalutsocial.atoom.space\/es\/noticia\/dues-noves-licitacions-per-desplegar-solucions-dintelligencia-artificial-en-el-diagnostic-medic-al-sistema-de-salut-de-catalunya\/","title":{"rendered":"Dos nuevas licitaciones para desplegar soluciones de inteligencia artificial en el diagn\u00f3stico m\u00e9dico en el Sistema de Salud de Catalu\u00f1a"},"content":{"rendered":"\r\n<p data-start=\"189\" data-end=\"444\">El Programa Salut\/IA y la Agencia de Calidad y Evaluaci\u00f3n Sanitarias de Catalu\u00f1a (AQuAS) impulsan dos licitaciones para incorporar tecnolog\u00edas basadas en IA en el diagn\u00f3stico y seguimiento cl\u00ednico del ictus y las patolog\u00edas tor\u00e1cicas en atenci\u00f3n primaria.<\/p>\r\n<p data-start=\"446\" data-end=\"811\">El Sistema de Salud de Catalu\u00f1a avanza en la integraci\u00f3n de soluciones digitales innovadoras mediante la publicaci\u00f3n de dos nuevas licitaciones para implementar tecnolog\u00edas de inteligencia artificial (IA) en procesos cl\u00ednicos de gran impacto: el diagn\u00f3stico y la prevenci\u00f3n secundaria del ictus, y la interpretaci\u00f3n de radiograf\u00edas de t\u00f3rax en la atenci\u00f3n primaria.<\/p>\r\n<p data-start=\"813\" data-end=\"1340\">Ambas iniciativas se enmarcan dentro del <strong data-start=\"854\" data-end=\"875\">Programa Salut\/IA<\/strong>, una l\u00ednea estrat\u00e9gica impulsada por el Departamento de Salud con el objetivo de transformar digitalmente el sistema sanitario catal\u00e1n, favoreciendo la adopci\u00f3n de herramientas de IA \u00fatiles, seguras y alineadas con las necesidades reales de los profesionales sanitarios. Las licitaciones han sido dise\u00f1adas y publicadas por <strong data-start=\"1200\" data-end=\"1209\">AQuAS<\/strong> y cuentan con el apoyo del <strong data-start=\"1237\" data-end=\"1291\">Plan de Recuperaci\u00f3n, Transformaci\u00f3n y Resiliencia<\/strong>, financiado por los fondos <strong data-start=\"1319\" data-end=\"1339\">NextGenerationEU<\/strong>.<\/p>\r\n\r\n\r\n\r\n<h4 class=\"wp-block-heading\">Licitaci\u00f3n 1: IA para el diagn\u00f3stico y la prevenci\u00f3n secundaria del ictus<\/h4>\r\n\r\n\r\n\r\n<p data-start=\"1426\" data-end=\"1705\">Con un valor estimado de <strong data-start=\"1451\" data-end=\"1486\">810.000 euros (IVA no incluido)<\/strong>, esta licitaci\u00f3n tiene como objetivo la contrataci\u00f3n de una soluci\u00f3n de IA para dar soporte al diagn\u00f3stico y al seguimiento de pacientes con ictus, integr\u00e1ndose en el flujo asistencial del Sistema de Salud de Catalu\u00f1a.<\/p>\r\n<p data-start=\"1707\" data-end=\"2218\">La soluci\u00f3n deber\u00e1 ser capaz de analizar e interpretar diferentes modalidades de <strong data-start=\"1788\" data-end=\"1818\">tomograf\u00edas computarizadas<\/strong> utilizadas en el diagn\u00f3stico del ictus, seg\u00fan los casos de uso definidos en los pliegos. Adem\u00e1s, deber\u00e1 facilitar la <strong data-start=\"1936\" data-end=\"1980\">comunicaci\u00f3n cl\u00ednica entre profesionales<\/strong> mediante herramientas accesibles desde dispositivos m\u00f3viles, tabletas y ordenadores, y enviar <strong data-start=\"2075\" data-end=\"2100\">alertas automatizadas<\/strong> cuando haya resultados disponibles. Tambi\u00e9n se prev\u00e9 la integraci\u00f3n del sistema mediante interfaces web, m\u00f3vil y API.<\/p>\r\n<p data-start=\"2220\" data-end=\"2397\"><strong data-start=\"2220\" data-end=\"2253\">Plazo para presentar ofertas:<\/strong> hasta el <strong data-start=\"2263\" data-end=\"2301\">17 de julio de 2025, a las 14:00 h<\/strong>. <a href=\"https:\/\/contractaciopublica.cat\/ca\/detall-publicacio\/d4fe8c8e-5c20-4297-b215-e2e73e34e704\/300485736\">Consulta los detalles y los pliegos en la Plataforma de Servicios de Contrataci\u00f3n P\u00fablica<\/a>.<\/p>\r\n\r\n\r\n\r\n<h4 class=\"wp-block-heading\">Licitaci\u00f3n 2: IA para la interpretaci\u00f3n de radiograf\u00edas de t\u00f3rax en atenci\u00f3n primaria<\/h4>\r\n\r\n\r\n\r\n<p data-start=\"2495\" data-end=\"2908\">La segunda licitaci\u00f3n, con un valor estimado de <strong data-start=\"2543\" data-end=\"2578\">920.000 euros (IVA no incluido)<\/strong>, busca una soluci\u00f3n de IA capaz de detectar hallazgos relevantes en radiograf\u00edas de t\u00f3rax realizadas en el \u00e1mbito de la atenci\u00f3n primaria. Esta iniciativa responde a las conclusiones de la <strong data-start=\"2768\" data-end=\"2802\">Consulta Preliminar al Mercado<\/strong> realizada previamente, que confirm\u00f3 el potencial de las soluciones de IA para identificar anomal\u00edas como:<\/p>\r\n<ul data-start=\"2910\" data-end=\"3065\">\r\n<li data-start=\"2910\" data-end=\"3015\">\r\n<p data-start=\"2912\" data-end=\"3015\"><strong data-start=\"2912\" data-end=\"2941\">Patolog\u00edas respiratorias:<\/strong> neumot\u00f3rax, derrame pleural, colapso pulmonar y consolidaci\u00f3n pulmonar.<\/p>\r\n<\/li>\r\n<li data-start=\"3016\" data-end=\"3065\">\r\n<p data-start=\"3018\" data-end=\"3065\"><strong data-start=\"3018\" data-end=\"3045\">Patolog\u00edas oncol\u00f3gicas:<\/strong> n\u00f3dulos pulmonares.<\/p>\r\n<\/li>\r\n<\/ul>\r\n<p data-start=\"3067\" data-end=\"3475\">La soluci\u00f3n deber\u00e1 incluir un <strong data-start=\"3097\" data-end=\"3139\">sistema de soporte a la interpretaci\u00f3n<\/strong>, con capacidad para enviar <strong data-start=\"3167\" data-end=\"3199\">alertas y mensajer\u00eda cl\u00ednica<\/strong>, actualizarse de forma continua y generar <strong data-start=\"3242\" data-end=\"3268\">informes automatizados<\/strong> con los hallazgos identificados. Esta herramienta se desplegar\u00e1 en <strong data-start=\"3336\" data-end=\"3378\">todos los Centros de Atenci\u00f3n Primaria<\/strong> del Sistema de Salud Catal\u00e1n, con integraci\u00f3n directa en los circuitos asistenciales existentes.<\/p>\r\n<p data-start=\"3477\" data-end=\"3654\"><strong data-start=\"3477\" data-end=\"3510\">Plazo para presentar ofertas:<\/strong> hasta el <strong data-start=\"3520\" data-end=\"3558\">16 de julio de 2025, a las 14:00 h<\/strong>. <a href=\"https:\/\/contractaciopublica.cat\/ca\/detall-publicacio\/e5cbef0a-fea6-484a-9f34-094b46947088\/300484279\">Consulta los detalles y los pliegos en la Plataforma de Servicios de Contrataci\u00f3n P\u00fablica<\/a>.<\/p>\r\n\r\n\r\n\r\n<h3 class=\"wp-block-heading\" data-start=\"3661\" data-end=\"3707\">Transformaci\u00f3n digital con impacto cl\u00ednico<\/h3>\r\n<p data-start=\"3709\" data-end=\"3865\">Estas dos licitaciones representan una apuesta clara por la transformaci\u00f3n digital del sistema sanitario, mediante la incorporaci\u00f3n de soluciones de IA que:<\/p>\r\n<ul data-start=\"3867\" data-end=\"4064\">\r\n<li data-start=\"3867\" data-end=\"3909\">\r\n<p data-start=\"3869\" data-end=\"3909\">Apoyen la toma de decisiones cl\u00ednicas.<\/p>\r\n<\/li>\r\n<li data-start=\"3910\" data-end=\"3965\">\r\n<p data-start=\"3912\" data-end=\"3965\">Mejoren la precisi\u00f3n y rapidez en los diagn\u00f3sticos.<\/p>\r\n<\/li>\r\n<li data-start=\"3966\" data-end=\"4015\">\r\n<p data-start=\"3968\" data-end=\"4015\">Fomenten la colaboraci\u00f3n entre profesionales.<\/p>\r\n<\/li>\r\n<li data-start=\"4016\" data-end=\"4064\">\r\n<p data-start=\"4018\" data-end=\"4064\">Garanticen una mejor atenci\u00f3n a los pacientes.<\/p>\r\n<\/li>\r\n<\/ul>\r\n<p data-start=\"4066\" data-end=\"4278\" data-is-last-node=\"\" data-is-only-node=\"\">Con una inversi\u00f3n global superior a <strong data-start=\"4102\" data-end=\"4127\">1,7 millones de euros<\/strong>, estos proyectos refuerzan el compromiso del sistema de salud con la innovaci\u00f3n tecnol\u00f3gica orientada a resultados cl\u00ednicos y asistenciales tangibles.<\/p>\r\n","protected":false},"author":21,"featured_media":32647,"menu_order":0,"template":"","meta":{"_acf_changed":false,"inline_featured_image":false},"etiqueta":[],"tipus":[],"topic":[],"class_list":["post-32664","noticia","type-noticia","status-publish","has-post-thumbnail","hentry"],"acf":{"autor":"","imatge":false,"textos_destacats":false,"finalitzat":false,"tipus_plantilla":"objectius","template_objectius":{"cont_principal":"","imatge":false,"cont_seguent":{"titol":"","contingut":""},"seccio_llistat":{"titol":"","llistat":false},"objectius":{"titol":"","objectius":false},"documents":false},"documents":false},"yoast_head":"<!-- This site is optimized with the Yoast SEO plugin v27.1.1 - https:\/\/yoast.com\/product\/yoast-seo-wordpress\/ -->\n<title>Dos nuevas licitaciones para desplegar soluciones de inteligencia artificial en el diagn\u00f3stico m\u00e9dico en el Sistema de Salud de Catalu\u00f1a - Fundaci\u00f3 TIC Salut i Social<\/title>\n<meta name=\"robots\" content=\"index, follow, max-snippet:-1, max-image-preview:large, max-video-preview:-1\" \/>\n<link rel=\"canonical\" href=\"https:\/\/ticsalutsocial.atoom.space\/es\/noticia\/dues-noves-licitacions-per-desplegar-solucions-dintelligencia-artificial-en-el-diagnostic-medic-al-sistema-de-salut-de-catalunya\/\" \/>\n<meta property=\"og:locale\" content=\"es_ES\" \/>\n<meta property=\"og:type\" content=\"article\" \/>\n<meta property=\"og:title\" content=\"Dos nuevas licitaciones para desplegar soluciones de inteligencia artificial en el diagn\u00f3stico m\u00e9dico en el Sistema de Salud de Catalu\u00f1a - Fundaci\u00f3 TIC Salut i Social\" \/>\n<meta property=\"og:description\" content=\"El Programa Salut\/IA y la Agencia de Calidad y Evaluaci\u00f3n Sanitarias de Catalu\u00f1a (AQuAS) impulsan dos licitaciones para incorporar tecnolog\u00edas basadas en IA en el diagn\u00f3stico y seguimiento cl\u00ednico del ictus y las patolog\u00edas tor\u00e1cicas en atenci\u00f3n primaria. El Sistema de Salud de Catalu\u00f1a avanza en la integraci\u00f3n de soluciones digitales innovadoras mediante la publicaci\u00f3n [&hellip;]\" \/>\n<meta property=\"og:url\" content=\"https:\/\/ticsalutsocial.atoom.space\/es\/noticia\/dues-noves-licitacions-per-desplegar-solucions-dintelligencia-artificial-en-el-diagnostic-medic-al-sistema-de-salut-de-catalunya\/\" \/>\n<meta property=\"og:site_name\" content=\"Fundaci\u00f3 TIC Salut i Social\" \/>\n<meta property=\"article:modified_time\" content=\"2025-06-20T10:28:10+00:00\" \/>\n<meta property=\"og:image\" content=\"https:\/\/ticsalutsocial.atoom.space\/wp-content\/uploads\/2025\/06\/IA-Torax.jpg\" \/>\n\t<meta property=\"og:image:width\" content=\"2121\" \/>\n\t<meta property=\"og:image:height\" content=\"1414\" \/>\n\t<meta property=\"og:image:type\" content=\"image\/jpeg\" \/>\n<meta name=\"twitter:card\" content=\"summary_large_image\" \/>\n<meta name=\"twitter:label1\" content=\"Tiempo de lectura\" \/>\n\t<meta name=\"twitter:data1\" content=\"4 minutos\" \/>\n<script type=\"application\/ld+json\" class=\"yoast-schema-graph\">{\"@context\":\"https:\/\/schema.org\",\"@graph\":[{\"@type\":\"WebPage\",\"@id\":\"https:\/\/ticsalutsocial.atoom.space\/es\/noticia\/dues-noves-licitacions-per-desplegar-solucions-dintelligencia-artificial-en-el-diagnostic-medic-al-sistema-de-salut-de-catalunya\/\",\"url\":\"https:\/\/ticsalutsocial.atoom.space\/es\/noticia\/dues-noves-licitacions-per-desplegar-solucions-dintelligencia-artificial-en-el-diagnostic-medic-al-sistema-de-salut-de-catalunya\/\",\"name\":\"Dos nuevas licitaciones para desplegar soluciones de inteligencia artificial en el diagn\u00f3stico m\u00e9dico en el Sistema de Salud de Catalu\u00f1a - Fundaci\u00f3 TIC Salut i Social\",\"isPartOf\":{\"@id\":\"https:\/\/ticsalutsocial.atoom.space\/es\/#website\"},\"primaryImageOfPage\":{\"@id\":\"https:\/\/ticsalutsocial.atoom.space\/es\/noticia\/dues-noves-licitacions-per-desplegar-solucions-dintelligencia-artificial-en-el-diagnostic-medic-al-sistema-de-salut-de-catalunya\/#primaryimage\"},\"image\":{\"@id\":\"https:\/\/ticsalutsocial.atoom.space\/es\/noticia\/dues-noves-licitacions-per-desplegar-solucions-dintelligencia-artificial-en-el-diagnostic-medic-al-sistema-de-salut-de-catalunya\/#primaryimage\"},\"thumbnailUrl\":\"https:\/\/ticsalutsocial.atoom.space\/wp-content\/uploads\/2025\/06\/IA-Torax.jpg\",\"datePublished\":\"2025-06-18T11:10:55+00:00\",\"dateModified\":\"2025-06-20T10:28:10+00:00\",\"breadcrumb\":{\"@id\":\"https:\/\/ticsalutsocial.atoom.space\/es\/noticia\/dues-noves-licitacions-per-desplegar-solucions-dintelligencia-artificial-en-el-diagnostic-medic-al-sistema-de-salut-de-catalunya\/#breadcrumb\"},\"inLanguage\":\"es\",\"potentialAction\":[{\"@type\":\"ReadAction\",\"target\":[\"https:\/\/ticsalutsocial.atoom.space\/es\/noticia\/dues-noves-licitacions-per-desplegar-solucions-dintelligencia-artificial-en-el-diagnostic-medic-al-sistema-de-salut-de-catalunya\/\"]}]},{\"@type\":\"ImageObject\",\"inLanguage\":\"es\",\"@id\":\"https:\/\/ticsalutsocial.atoom.space\/es\/noticia\/dues-noves-licitacions-per-desplegar-solucions-dintelligencia-artificial-en-el-diagnostic-medic-al-sistema-de-salut-de-catalunya\/#primaryimage\",\"url\":\"https:\/\/ticsalutsocial.atoom.space\/wp-content\/uploads\/2025\/06\/IA-Torax.jpg\",\"contentUrl\":\"https:\/\/ticsalutsocial.atoom.space\/wp-content\/uploads\/2025\/06\/IA-Torax.jpg\",\"width\":2121,\"height\":1414,\"caption\":\"Medical illustration series about abstract human.The nervous system.\"},{\"@type\":\"BreadcrumbList\",\"@id\":\"https:\/\/ticsalutsocial.atoom.space\/es\/noticia\/dues-noves-licitacions-per-desplegar-solucions-dintelligencia-artificial-en-el-diagnostic-medic-al-sistema-de-salut-de-catalunya\/#breadcrumb\",\"itemListElement\":[{\"@type\":\"ListItem\",\"position\":1,\"name\":\"Inici\",\"item\":\"https:\/\/ticsalutsocial.atoom.space\/es\/\"},{\"@type\":\"ListItem\",\"position\":2,\"name\":\"Dos nuevas licitaciones para desplegar soluciones de inteligencia artificial en el diagn\u00f3stico m\u00e9dico en el Sistema de Salud de Catalu\u00f1a\"}]},{\"@type\":\"WebSite\",\"@id\":\"https:\/\/ticsalutsocial.atoom.space\/es\/#website\",\"url\":\"https:\/\/ticsalutsocial.atoom.space\/es\/\",\"name\":\"Fundaci\u00f3 TIC Salut i Social\",\"description\":\"\",\"potentialAction\":[{\"@type\":\"SearchAction\",\"target\":{\"@type\":\"EntryPoint\",\"urlTemplate\":\"https:\/\/ticsalutsocial.atoom.space\/es\/?s={search_term_string}\"},\"query-input\":{\"@type\":\"PropertyValueSpecification\",\"valueRequired\":true,\"valueName\":\"search_term_string\"}}],\"inLanguage\":\"es\"}]}<\/script>\n<!-- \/ Yoast SEO plugin. -->","yoast_head_json":{"title":"Dos nuevas licitaciones para desplegar soluciones de inteligencia artificial en el diagn\u00f3stico m\u00e9dico en el Sistema de Salud de Catalu\u00f1a - Fundaci\u00f3 TIC Salut i Social","robots":{"index":"index","follow":"follow","max-snippet":"max-snippet:-1","max-image-preview":"max-image-preview:large","max-video-preview":"max-video-preview:-1"},"canonical":"https:\/\/ticsalutsocial.atoom.space\/es\/noticia\/dues-noves-licitacions-per-desplegar-solucions-dintelligencia-artificial-en-el-diagnostic-medic-al-sistema-de-salut-de-catalunya\/","og_locale":"es_ES","og_type":"article","og_title":"Dos nuevas licitaciones para desplegar soluciones de inteligencia artificial en el diagn\u00f3stico m\u00e9dico en el Sistema de Salud de Catalu\u00f1a - Fundaci\u00f3 TIC Salut i Social","og_description":"El Programa Salut\/IA y la Agencia de Calidad y Evaluaci\u00f3n Sanitarias de Catalu\u00f1a (AQuAS) impulsan dos licitaciones para incorporar tecnolog\u00edas basadas en IA en el diagn\u00f3stico y seguimiento cl\u00ednico del ictus y las patolog\u00edas tor\u00e1cicas en atenci\u00f3n primaria. El Sistema de Salud de Catalu\u00f1a avanza en la integraci\u00f3n de soluciones digitales innovadoras mediante la publicaci\u00f3n [&hellip;]","og_url":"https:\/\/ticsalutsocial.atoom.space\/es\/noticia\/dues-noves-licitacions-per-desplegar-solucions-dintelligencia-artificial-en-el-diagnostic-medic-al-sistema-de-salut-de-catalunya\/","og_site_name":"Fundaci\u00f3 TIC Salut i Social","article_modified_time":"2025-06-20T10:28:10+00:00","og_image":[{"width":2121,"height":1414,"url":"https:\/\/ticsalutsocial.atoom.space\/wp-content\/uploads\/2025\/06\/IA-Torax.jpg","type":"image\/jpeg"}],"twitter_card":"summary_large_image","twitter_misc":{"Tiempo de lectura":"4 minutos"},"schema":{"@context":"https:\/\/schema.org","@graph":[{"@type":"WebPage","@id":"https:\/\/ticsalutsocial.atoom.space\/es\/noticia\/dues-noves-licitacions-per-desplegar-solucions-dintelligencia-artificial-en-el-diagnostic-medic-al-sistema-de-salut-de-catalunya\/","url":"https:\/\/ticsalutsocial.atoom.space\/es\/noticia\/dues-noves-licitacions-per-desplegar-solucions-dintelligencia-artificial-en-el-diagnostic-medic-al-sistema-de-salut-de-catalunya\/","name":"Dos nuevas licitaciones para desplegar soluciones de inteligencia artificial en el diagn\u00f3stico m\u00e9dico en el Sistema de Salud de Catalu\u00f1a - Fundaci\u00f3 TIC Salut i Social","isPartOf":{"@id":"https:\/\/ticsalutsocial.atoom.space\/es\/#website"},"primaryImageOfPage":{"@id":"https:\/\/ticsalutsocial.atoom.space\/es\/noticia\/dues-noves-licitacions-per-desplegar-solucions-dintelligencia-artificial-en-el-diagnostic-medic-al-sistema-de-salut-de-catalunya\/#primaryimage"},"image":{"@id":"https:\/\/ticsalutsocial.atoom.space\/es\/noticia\/dues-noves-licitacions-per-desplegar-solucions-dintelligencia-artificial-en-el-diagnostic-medic-al-sistema-de-salut-de-catalunya\/#primaryimage"},"thumbnailUrl":"https:\/\/ticsalutsocial.atoom.space\/wp-content\/uploads\/2025\/06\/IA-Torax.jpg","datePublished":"2025-06-18T11:10:55+00:00","dateModified":"2025-06-20T10:28:10+00:00","breadcrumb":{"@id":"https:\/\/ticsalutsocial.atoom.space\/es\/noticia\/dues-noves-licitacions-per-desplegar-solucions-dintelligencia-artificial-en-el-diagnostic-medic-al-sistema-de-salut-de-catalunya\/#breadcrumb"},"inLanguage":"es","potentialAction":[{"@type":"ReadAction","target":["https:\/\/ticsalutsocial.atoom.space\/es\/noticia\/dues-noves-licitacions-per-desplegar-solucions-dintelligencia-artificial-en-el-diagnostic-medic-al-sistema-de-salut-de-catalunya\/"]}]},{"@type":"ImageObject","inLanguage":"es","@id":"https:\/\/ticsalutsocial.atoom.space\/es\/noticia\/dues-noves-licitacions-per-desplegar-solucions-dintelligencia-artificial-en-el-diagnostic-medic-al-sistema-de-salut-de-catalunya\/#primaryimage","url":"https:\/\/ticsalutsocial.atoom.space\/wp-content\/uploads\/2025\/06\/IA-Torax.jpg","contentUrl":"https:\/\/ticsalutsocial.atoom.space\/wp-content\/uploads\/2025\/06\/IA-Torax.jpg","width":2121,"height":1414,"caption":"Medical illustration series about abstract human.The nervous system."},{"@type":"BreadcrumbList","@id":"https:\/\/ticsalutsocial.atoom.space\/es\/noticia\/dues-noves-licitacions-per-desplegar-solucions-dintelligencia-artificial-en-el-diagnostic-medic-al-sistema-de-salut-de-catalunya\/#breadcrumb","itemListElement":[{"@type":"ListItem","position":1,"name":"Inici","item":"https:\/\/ticsalutsocial.atoom.space\/es\/"},{"@type":"ListItem","position":2,"name":"Dos nuevas licitaciones para desplegar soluciones de inteligencia artificial en el diagn\u00f3stico m\u00e9dico en el Sistema de Salud de Catalu\u00f1a"}]},{"@type":"WebSite","@id":"https:\/\/ticsalutsocial.atoom.space\/es\/#website","url":"https:\/\/ticsalutsocial.atoom.space\/es\/","name":"Fundaci\u00f3 TIC Salut i Social","description":"","potentialAction":[{"@type":"SearchAction","target":{"@type":"EntryPoint","urlTemplate":"https:\/\/ticsalutsocial.atoom.space\/es\/?s={search_term_string}"},"query-input":{"@type":"PropertyValueSpecification","valueRequired":true,"valueName":"search_term_string"}}],"inLanguage":"es"}]}},"_links":{"self":[{"href":"https:\/\/ticsalutsocial.atoom.space\/es\/wp-json\/wp\/v2\/noticia\/32664","targetHints":{"allow":["GET"]}}],"collection":[{"href":"https:\/\/ticsalutsocial.atoom.space\/es\/wp-json\/wp\/v2\/noticia"}],"about":[{"href":"https:\/\/ticsalutsocial.atoom.space\/es\/wp-json\/wp\/v2\/types\/noticia"}],"author":[{"embeddable":true,"href":"https:\/\/ticsalutsocial.atoom.space\/es\/wp-json\/wp\/v2\/users\/21"}],"wp:featuredmedia":[{"embeddable":true,"href":"https:\/\/ticsalutsocial.atoom.space\/es\/wp-json\/wp\/v2\/media\/32647"}],"wp:attachment":[{"href":"https:\/\/ticsalutsocial.atoom.space\/es\/wp-json\/wp\/v2\/media?parent=32664"}],"wp:term":[{"taxonomy":"etiqueta","embeddable":true,"href":"https:\/\/ticsalutsocial.atoom.space\/es\/wp-json\/wp\/v2\/etiqueta?post=32664"},{"taxonomy":"tipus","embeddable":true,"href":"https:\/\/ticsalutsocial.atoom.space\/es\/wp-json\/wp\/v2\/tipus?post=32664"},{"taxonomy":"topic","embeddable":true,"href":"https:\/\/ticsalutsocial.atoom.space\/es\/wp-json\/wp\/v2\/topic?post=32664"}],"curies":[{"name":"wp","href":"https:\/\/api.w.org\/{rel}","templated":true}]}}