
{"id":3267,"date":"2018-06-11T12:12:51","date_gmt":"2018-06-11T10:12:51","guid":{"rendered":"https:\/\/ticsalutsocial.atoom.space\/?post_type=noticia&#038;p=3267"},"modified":"2021-07-21T15:35:14","modified_gmt":"2021-07-21T13:35:14","slug":"un-nuevo-comunicador-da-voz-a-los-pacientes-de-uci","status":"publish","type":"noticia","link":"https:\/\/ticsalutsocial.atoom.space\/es\/noticia\/un-nuevo-comunicador-da-voz-a-los-pacientes-de-uci\/","title":{"rendered":"Un nuevo comunicador da voz a los pacientes de UCI"},"content":{"rendered":"<p>LIBERIA UCI es un software de comunicaci\u00f3n inteligente que da voz a los pacientes con dificultad de habla, traqueotomitzados o intubados, ingresados en la UCI y fuera de ella. Este sistema utiliza la inteligencia artificial y el reconocimiento de voz para dar respuesta a factores que han sido identificados en diferentes estudios como algunos de los m\u00e1s estresantes para el paciente cr\u00edtico, como el dolor, la desorientaci\u00f3n, la relaci\u00f3n con la familia, las decisiones sobre \u00faltimas voluntades, entre otras.<\/p>\n<p>Esta nueva herramienta tiene en cuenta los sentimientos y las vulnerabilidades del paciente, utiliza un lenguaje natural y cercano al humano, y se adapta a las necesidades de cada usuario. Permite conversar de forma r\u00e1pida, sencilla, intuitiva y espont\u00e1nea; y no requieren un conocimiento espec\u00edfico para su uso, de forma que evita la frustraci\u00f3n o el rechazo por parte del usuario.<\/p>\n<p>Mediante este nuevo sistema, el paciente se puede comunicar de manera m\u00e1s efectiva con m\u00e9dicos, enfermeros y familiares, y puede expresar cualquier necesidad o estado de \u00e1nimo. Este software cambia la manera de comunicar existente y se adapta al paso del paciente por la UCI. Tiene la capacidad de contextualizar los mensajes, evitando errores de comunicaci\u00f3n y utilizando la l\u00f3gica aplicada para evitar el rechazo o frustraci\u00f3n del paciente.<\/p>\n<p>Este software ha sido desarrollado por la empresa de tecnolog\u00eda inteligente Liberia Community junto con el conocimiento y la experiencia de los profesionales sanitarios de <strong>UCI del Hospital Cl\u00ednico de Barcelona y la de los propios pacientes.<\/strong><\/p>\n<p>El origen de este comunicador de voz parte de la propia experiencia de uno de los co-fundadores de Liberia Community, la madre del cual sufri\u00f3 un Ictus. La creaci\u00f3n de este sistema de comunicaci\u00f3n avanzado, pretend\u00eda dar soluci\u00f3n software a aquellas personas con dificultad de lenguaje hablado a la vez que permit\u00eda responder a las necesidades de comunicaci\u00f3n de manera r\u00e1pida, sencilla e intuitiva. Se present\u00f3 y ofreci\u00f3 de manera gratuita en 2015 a las diferentes comunidades de afectados.<\/p>\n<p>El proyecto de Liberia Community se ha enriquecido durante estos a\u00f1os gracias a la experiencia y el asesoramiento de profesionales en diferentes disciplinas que han aportado conocimiento\u00a0 y valor al proyecto.<\/p>\n<p><strong>Sobre Liberia<\/strong><\/p>\n<p>Liberia Community es una empresa de tecnolog\u00eda y comunicaci\u00f3n inteligente que proporciona soluciones de programario a aquellas personas que tienen dificultad con el lenguaje hablado, fuertemente comprometida, con la innovaci\u00f3n tecnol\u00f3gica para ofrecer productos que mejoren la comunicaci\u00f3n, la calidad de vida y el bienestar personal del afectado.<\/p>\n","protected":false},"author":21,"featured_media":3264,"menu_order":0,"template":"","meta":{"_acf_changed":false,"inline_featured_image":false},"etiqueta":[],"tipus":[],"topic":[],"class_list":["post-3267","noticia","type-noticia","status-publish","has-post-thumbnail","hentry"],"acf":{"imatge":3266,"autor":"Adri\u00e0 G.Font","textos_destacats":[{"texte":"LIBERIA UCI permite aumentar la capacidad comunicativa de los pacientes cr\u00edticos mediante un sistema especializado de habla."}]},"yoast_head":"<!-- This site is optimized with the Yoast SEO plugin v27.1.1 - https:\/\/yoast.com\/product\/yoast-seo-wordpress\/ -->\n<title>Un nuevo comunicador da voz a los pacientes de UCI - Fundaci\u00f3 TIC Salut i Social<\/title>\n<meta name=\"robots\" content=\"index, follow, max-snippet:-1, max-image-preview:large, max-video-preview:-1\" \/>\n<link rel=\"canonical\" href=\"https:\/\/ticsalutsocial.atoom.space\/es\/noticia\/un-nuevo-comunicador-da-voz-a-los-pacientes-de-uci\/\" \/>\n<meta property=\"og:locale\" content=\"es_ES\" \/>\n<meta property=\"og:type\" content=\"article\" \/>\n<meta property=\"og:title\" content=\"Un nuevo comunicador da voz a los pacientes de UCI - Fundaci\u00f3 TIC Salut i Social\" \/>\n<meta property=\"og:description\" content=\"LIBERIA UCI es un software de comunicaci\u00f3n inteligente que da voz a los pacientes con dificultad de habla, traqueotomitzados o intubados, ingresados en la UCI y fuera de ella. Este sistema utiliza la inteligencia artificial y el reconocimiento de voz para dar respuesta a factores que han sido identificados en diferentes estudios como algunos de [&hellip;]\" \/>\n<meta property=\"og:url\" content=\"https:\/\/ticsalutsocial.atoom.space\/es\/noticia\/un-nuevo-comunicador-da-voz-a-los-pacientes-de-uci\/\" \/>\n<meta property=\"og:site_name\" content=\"Fundaci\u00f3 TIC Salut i Social\" \/>\n<meta property=\"article:modified_time\" content=\"2021-07-21T13:35:14+00:00\" \/>\n<meta property=\"og:image\" content=\"https:\/\/ticsalutsocial.atoom.space\/wp-content\/uploads\/2018\/06\/foto-nota-premsa.png\" \/>\n\t<meta property=\"og:image:width\" content=\"1920\" \/>\n\t<meta property=\"og:image:height\" content=\"1080\" \/>\n\t<meta property=\"og:image:type\" content=\"image\/png\" \/>\n<meta name=\"twitter:card\" content=\"summary_large_image\" \/>\n<meta name=\"twitter:label1\" content=\"Tiempo de lectura\" \/>\n\t<meta name=\"twitter:data1\" content=\"2 minutos\" \/>\n<script type=\"application\/ld+json\" class=\"yoast-schema-graph\">{\"@context\":\"https:\/\/schema.org\",\"@graph\":[{\"@type\":\"WebPage\",\"@id\":\"https:\/\/ticsalutsocial.atoom.space\/es\/noticia\/un-nuevo-comunicador-da-voz-a-los-pacientes-de-uci\/\",\"url\":\"https:\/\/ticsalutsocial.atoom.space\/es\/noticia\/un-nuevo-comunicador-da-voz-a-los-pacientes-de-uci\/\",\"name\":\"Un nuevo comunicador da voz a los pacientes de UCI - Fundaci\u00f3 TIC Salut i Social\",\"isPartOf\":{\"@id\":\"https:\/\/ticsalutsocial.atoom.space\/es\/#website\"},\"primaryImageOfPage\":{\"@id\":\"https:\/\/ticsalutsocial.atoom.space\/es\/noticia\/un-nuevo-comunicador-da-voz-a-los-pacientes-de-uci\/#primaryimage\"},\"image\":{\"@id\":\"https:\/\/ticsalutsocial.atoom.space\/es\/noticia\/un-nuevo-comunicador-da-voz-a-los-pacientes-de-uci\/#primaryimage\"},\"thumbnailUrl\":\"https:\/\/ticsalutsocial.atoom.space\/wp-content\/uploads\/2018\/06\/foto-nota-premsa.png\",\"datePublished\":\"2018-06-11T10:12:51+00:00\",\"dateModified\":\"2021-07-21T13:35:14+00:00\",\"breadcrumb\":{\"@id\":\"https:\/\/ticsalutsocial.atoom.space\/es\/noticia\/un-nuevo-comunicador-da-voz-a-los-pacientes-de-uci\/#breadcrumb\"},\"inLanguage\":\"es\",\"potentialAction\":[{\"@type\":\"ReadAction\",\"target\":[\"https:\/\/ticsalutsocial.atoom.space\/es\/noticia\/un-nuevo-comunicador-da-voz-a-los-pacientes-de-uci\/\"]}]},{\"@type\":\"ImageObject\",\"inLanguage\":\"es\",\"@id\":\"https:\/\/ticsalutsocial.atoom.space\/es\/noticia\/un-nuevo-comunicador-da-voz-a-los-pacientes-de-uci\/#primaryimage\",\"url\":\"https:\/\/ticsalutsocial.atoom.space\/wp-content\/uploads\/2018\/06\/foto-nota-premsa.png\",\"contentUrl\":\"https:\/\/ticsalutsocial.atoom.space\/wp-content\/uploads\/2018\/06\/foto-nota-premsa.png\",\"width\":1920,\"height\":1080},{\"@type\":\"BreadcrumbList\",\"@id\":\"https:\/\/ticsalutsocial.atoom.space\/es\/noticia\/un-nuevo-comunicador-da-voz-a-los-pacientes-de-uci\/#breadcrumb\",\"itemListElement\":[{\"@type\":\"ListItem\",\"position\":1,\"name\":\"Inici\",\"item\":\"https:\/\/ticsalutsocial.atoom.space\/es\/\"},{\"@type\":\"ListItem\",\"position\":2,\"name\":\"Un nuevo comunicador da voz a los pacientes de UCI\"}]},{\"@type\":\"WebSite\",\"@id\":\"https:\/\/ticsalutsocial.atoom.space\/es\/#website\",\"url\":\"https:\/\/ticsalutsocial.atoom.space\/es\/\",\"name\":\"Fundaci\u00f3 TIC Salut i Social\",\"description\":\"\",\"potentialAction\":[{\"@type\":\"SearchAction\",\"target\":{\"@type\":\"EntryPoint\",\"urlTemplate\":\"https:\/\/ticsalutsocial.atoom.space\/es\/?s={search_term_string}\"},\"query-input\":{\"@type\":\"PropertyValueSpecification\",\"valueRequired\":true,\"valueName\":\"search_term_string\"}}],\"inLanguage\":\"es\"}]}<\/script>\n<!-- \/ Yoast SEO plugin. -->","yoast_head_json":{"title":"Un nuevo comunicador da voz a los pacientes de UCI - Fundaci\u00f3 TIC Salut i Social","robots":{"index":"index","follow":"follow","max-snippet":"max-snippet:-1","max-image-preview":"max-image-preview:large","max-video-preview":"max-video-preview:-1"},"canonical":"https:\/\/ticsalutsocial.atoom.space\/es\/noticia\/un-nuevo-comunicador-da-voz-a-los-pacientes-de-uci\/","og_locale":"es_ES","og_type":"article","og_title":"Un nuevo comunicador da voz a los pacientes de UCI - Fundaci\u00f3 TIC Salut i Social","og_description":"LIBERIA UCI es un software de comunicaci\u00f3n inteligente que da voz a los pacientes con dificultad de habla, traqueotomitzados o intubados, ingresados en la UCI y fuera de ella. Este sistema utiliza la inteligencia artificial y el reconocimiento de voz para dar respuesta a factores que han sido identificados en diferentes estudios como algunos de [&hellip;]","og_url":"https:\/\/ticsalutsocial.atoom.space\/es\/noticia\/un-nuevo-comunicador-da-voz-a-los-pacientes-de-uci\/","og_site_name":"Fundaci\u00f3 TIC Salut i Social","article_modified_time":"2021-07-21T13:35:14+00:00","og_image":[{"width":1920,"height":1080,"url":"https:\/\/ticsalutsocial.atoom.space\/wp-content\/uploads\/2018\/06\/foto-nota-premsa.png","type":"image\/png"}],"twitter_card":"summary_large_image","twitter_misc":{"Tiempo de lectura":"2 minutos"},"schema":{"@context":"https:\/\/schema.org","@graph":[{"@type":"WebPage","@id":"https:\/\/ticsalutsocial.atoom.space\/es\/noticia\/un-nuevo-comunicador-da-voz-a-los-pacientes-de-uci\/","url":"https:\/\/ticsalutsocial.atoom.space\/es\/noticia\/un-nuevo-comunicador-da-voz-a-los-pacientes-de-uci\/","name":"Un nuevo comunicador da voz a los pacientes de UCI - Fundaci\u00f3 TIC Salut i Social","isPartOf":{"@id":"https:\/\/ticsalutsocial.atoom.space\/es\/#website"},"primaryImageOfPage":{"@id":"https:\/\/ticsalutsocial.atoom.space\/es\/noticia\/un-nuevo-comunicador-da-voz-a-los-pacientes-de-uci\/#primaryimage"},"image":{"@id":"https:\/\/ticsalutsocial.atoom.space\/es\/noticia\/un-nuevo-comunicador-da-voz-a-los-pacientes-de-uci\/#primaryimage"},"thumbnailUrl":"https:\/\/ticsalutsocial.atoom.space\/wp-content\/uploads\/2018\/06\/foto-nota-premsa.png","datePublished":"2018-06-11T10:12:51+00:00","dateModified":"2021-07-21T13:35:14+00:00","breadcrumb":{"@id":"https:\/\/ticsalutsocial.atoom.space\/es\/noticia\/un-nuevo-comunicador-da-voz-a-los-pacientes-de-uci\/#breadcrumb"},"inLanguage":"es","potentialAction":[{"@type":"ReadAction","target":["https:\/\/ticsalutsocial.atoom.space\/es\/noticia\/un-nuevo-comunicador-da-voz-a-los-pacientes-de-uci\/"]}]},{"@type":"ImageObject","inLanguage":"es","@id":"https:\/\/ticsalutsocial.atoom.space\/es\/noticia\/un-nuevo-comunicador-da-voz-a-los-pacientes-de-uci\/#primaryimage","url":"https:\/\/ticsalutsocial.atoom.space\/wp-content\/uploads\/2018\/06\/foto-nota-premsa.png","contentUrl":"https:\/\/ticsalutsocial.atoom.space\/wp-content\/uploads\/2018\/06\/foto-nota-premsa.png","width":1920,"height":1080},{"@type":"BreadcrumbList","@id":"https:\/\/ticsalutsocial.atoom.space\/es\/noticia\/un-nuevo-comunicador-da-voz-a-los-pacientes-de-uci\/#breadcrumb","itemListElement":[{"@type":"ListItem","position":1,"name":"Inici","item":"https:\/\/ticsalutsocial.atoom.space\/es\/"},{"@type":"ListItem","position":2,"name":"Un nuevo comunicador da voz a los pacientes de UCI"}]},{"@type":"WebSite","@id":"https:\/\/ticsalutsocial.atoom.space\/es\/#website","url":"https:\/\/ticsalutsocial.atoom.space\/es\/","name":"Fundaci\u00f3 TIC Salut i Social","description":"","potentialAction":[{"@type":"SearchAction","target":{"@type":"EntryPoint","urlTemplate":"https:\/\/ticsalutsocial.atoom.space\/es\/?s={search_term_string}"},"query-input":{"@type":"PropertyValueSpecification","valueRequired":true,"valueName":"search_term_string"}}],"inLanguage":"es"}]}},"_links":{"self":[{"href":"https:\/\/ticsalutsocial.atoom.space\/es\/wp-json\/wp\/v2\/noticia\/3267","targetHints":{"allow":["GET"]}}],"collection":[{"href":"https:\/\/ticsalutsocial.atoom.space\/es\/wp-json\/wp\/v2\/noticia"}],"about":[{"href":"https:\/\/ticsalutsocial.atoom.space\/es\/wp-json\/wp\/v2\/types\/noticia"}],"author":[{"embeddable":true,"href":"https:\/\/ticsalutsocial.atoom.space\/es\/wp-json\/wp\/v2\/users\/21"}],"wp:featuredmedia":[{"embeddable":true,"href":"https:\/\/ticsalutsocial.atoom.space\/es\/wp-json\/wp\/v2\/media\/3264"}],"wp:attachment":[{"href":"https:\/\/ticsalutsocial.atoom.space\/es\/wp-json\/wp\/v2\/media?parent=3267"}],"wp:term":[{"taxonomy":"etiqueta","embeddable":true,"href":"https:\/\/ticsalutsocial.atoom.space\/es\/wp-json\/wp\/v2\/etiqueta?post=3267"},{"taxonomy":"tipus","embeddable":true,"href":"https:\/\/ticsalutsocial.atoom.space\/es\/wp-json\/wp\/v2\/tipus?post=3267"},{"taxonomy":"topic","embeddable":true,"href":"https:\/\/ticsalutsocial.atoom.space\/es\/wp-json\/wp\/v2\/topic?post=3267"}],"curies":[{"name":"wp","href":"https:\/\/api.w.org\/{rel}","templated":true}]}}