
{"id":3285,"date":"2018-04-10T12:38:02","date_gmt":"2018-04-10T10:38:02","guid":{"rendered":"https:\/\/ticsalutsocial.atoom.space\/?post_type=noticia&#038;p=3285"},"modified":"2021-07-21T15:35:25","modified_gmt":"2021-07-21T13:35:25","slug":"celebrada-la-1a-sesion-indeep-un-debate-abierto-entorno-al-uso-y-la-innovacion-en-imagen-digital-en-salud","status":"publish","type":"noticia","link":"https:\/\/ticsalutsocial.atoom.space\/es\/noticia\/celebrada-la-1a-sesion-indeep-un-debate-abierto-entorno-al-uso-y-la-innovacion-en-imagen-digital-en-salud\/","title":{"rendered":"Celebrada la 1a Sesi\u00f3n InDeeP; un debate abierto entorno al uso y la innovaci\u00f3n en Imagen Digital en salud"},"content":{"rendered":"<p>Los asistentes, procedentes de 24 entidades del sector, ofrecieron una muestra representativa de los actores implicados en imagen digital. De este modo, se cont\u00f3 con la participaci\u00f3n de perfiles de estudiantes, bi\u00f3logos, radi\u00f3logos, investigadores y personal de apoyo a la investigaci\u00f3n, personal de enfermer\u00eda, t\u00e9cnicos inform\u00e1ticos, responsables de sistemas, jefes de servicio en diagn\u00f3stico para\u00a0la imagen, representantes del Servei Catal\u00e0 de la Salut y representantes de la industria.<\/p>\n<p>La metodolog\u00eda de la jornada se enfoc\u00f3 para dar respuesta a las siguientes preguntas:<\/p>\n<p>\u00b7\u00a0Cu\u00e1l es la <strong>innovaci\u00f3n<\/strong> que nos espera en <strong>imagen digital<\/strong>?<\/p>\n<p>\u00b7\u00a0Cu\u00e1l es el papel de los <strong>profesionales y el conocimiento<\/strong>?<\/p>\n<p>\u00b7\u00a0Cu\u00e1les son\u00a0las <strong>infraestructuras necesarias<\/strong>?<\/p>\n<p>As\u00ed, mediante una din\u00e1mica de debates simult\u00e1neos, los participantes pudieron tomar parte en los diferentes debates simult\u00e1neos con la posibilidad de cambiar de grupo durante la jornada, para participar de las diferentes tem\u00e1ticas, que fueron moderadas por miembros de la Fundaci\u00f3.<\/p>\n<p><strong>Sesiones de debate<\/strong><\/p>\n<p>Las tres sesiones de debate realizadas se enfocaron a temas transversales en imagen digital, que fueron tratadas en tres grupos de discusi\u00f3n: i) nuevos procesos y servicios;\u00a0ii)personas y conocimiento; e\u00a0iii)\u00a0infraestructura tecnol\u00f3gica. Por cada grupo, los moderadores planteaban una serie de preguntas para orientar el debate, promoviendo la participaci\u00f3n de todos los asistentes.<\/p>\n<p>En primer lugar, en el grupo de \u201cnuevos procesos y servicios\u201d se propuso tratar temas relacionados con la generaci\u00f3n de innovaci\u00f3n en las entidades, la necesidad de renovar los procesos asistenciales actuales para integrar esta innovaci\u00f3n, los mecanismos de promoci\u00f3n de la investigaci\u00f3n, o el impacto organizativo de esta innovaci\u00f3n, entre otros. En segundo lugar, el grupo de \u201cpersonas y conocimiento\u201d propuso preguntas sobre la gesti\u00f3n del conocimiento y la propiedad intelectual, la generaci\u00f3n de algoritmos de tabla-procesado, los aspectos de compartici\u00f3n de im\u00e1genes y conocimiento, los modelos de colaboraci\u00f3n y protecci\u00f3n del conocimiento, o el uso de herramientas formativas y promoci\u00f3n de la docencia e investigaci\u00f3n. Finalmente, en el grupo de \u201cinfraestructura tecnol\u00f3gica\u201d, se plantearon cuestiones enfocadas al uso de plataformas como servicio a la nube, la gesti\u00f3n de estos servicios compartidos, la gesti\u00f3n del cambio e impacto tecnol\u00f3gico en los procesos, o la financiaci\u00f3n de estas nuevas infraestructuras.<\/p>\n<p>A modo de conclusi\u00f3n de la jornada, hay que destacar lo\u00a0siguients de cada grupo de\u00a0discusi\u00f3<\/p>\n<p><strong>\u00b7\u00a0Nuevos procesos y servicios<\/strong><\/p>\n<p>Hay que invertir m\u00e1s recursos para poder implementar la innovaci\u00f3n que se genera en el contexto de investigaci\u00f3n y pilotos. En\u00a0cuanto a las propuestas de nuevos procesos basados en Inteligencia Artificial, hay que desarrollar herramientas de apoyo legal para las decisiones que se toman y servicios de acreditaci\u00f3n para plataformas, para asegurar la fiabilidad de estas herramientas y su aplicaci\u00f3n en la pr\u00e1ctica diaria. Tambi\u00e9n hace falta una mejor comunicaci\u00f3n entre sectores y perfiles tecnol\u00f3gicos, asistenciales, investigaci\u00f3n e industria, trabajando en entornos multidisciplinarios, y con un eje vertebrador que planifique como se instaura la innovaci\u00f3n, como se despliega a todo el sistema sanitario en base a las necesidades que se quieren cubrir. Finalmente, ser\u00eda interesante homogeneizar la producci\u00f3n de imagen digital en Catalu\u00f1a, e implantar soluciones de ayuda al diagn\u00f3stico, medicina predictiva,\u00a0biomarcadores y recomendaci\u00f3n de pruebas.<\/p>\n<p><strong>\u00b7\u00a0Personas y conocimiento<\/strong><\/p>\n<p>Es necesario actualizar los planes de estudio actuales para los profesionales sanitarios en el uso de nuevas herramientas innovadoras en imagen. Tambi\u00e9n hay que hacer \u00e9nfasis en la gesti\u00f3n del cambio y en los nuevos roles de los profesionales sobre el uso de tecnolog\u00eda: m\u00e1s que la sustituci\u00f3n del profesional por la tecnolog\u00eda, se habla de la sustituci\u00f3n del profesional que no usa tecnolog\u00eda. Finalmente, se tiene que tener en cuenta la figura del ciudadano y de los\u00a0investigadores en el conjunto de los procesos de tratamiento de la imagen m\u00e9dica, en\u00a0cuanto a aspectos \u00e9ticos y legales, propiedad intelectual y experiencia de usuario, por ejemplo, con iniciativas como\u00a0escaparate de im\u00e1genes o\u00a0biobancos.<\/p>\n<p><strong>\u00b7\u00a0Infraestructura tecnol\u00f3gica<\/strong><\/p>\n<p>Las\u00a0im\u00e1genes tienen que poder ser tratadas por diferentes perfiles de profesionales, en nuevos formatos de imagen, que generen servicios especializados. En\u00a0cuanto al proceso de publicaci\u00f3n, compartici\u00f3n y consulta de imagen, tiene que ser eficaz y claro para que el tratamiento de la imagen pueda ser el adecuado. Hace falta un liderazgo claro y eje vertebrador para implementar\u00a0la innovaci\u00f3n y servicios, que se tendr\u00e1 que complementar con un liderazgo asistencial para que permita la formaci\u00f3n de los profesionales en el uso de estas herramientas. Finalmente, hay que garantizar las comunicaciones para\u00a0el acceso a la imagen y su procesamiento, con opci\u00f3n de nuevos servicios distribuidos y accesibles\u00a0localmente, con opci\u00f3n de pago por uso, definiendo protocolos para la captura,\u00a0almacenamiento y env\u00edo de im\u00e1genes.<\/p>\n","protected":false},"author":21,"featured_media":3281,"menu_order":0,"template":"","meta":{"_acf_changed":false,"inline_featured_image":false},"etiqueta":[],"tipus":[],"topic":[119],"class_list":["post-3285","noticia","type-noticia","status-publish","has-post-thumbnail","hentry","topic-innovacion"],"acf":{"imatge":3283,"autor":"Adri\u00e0 G.Font","textos_destacats":[{"texte":"Las tres sesiones de debate realizadas se enfocaron a temas transversales en imagen digital, que fueron tratados en tres grupos de discusi\u00f3n"}]},"yoast_head":"<!-- This site is optimized with the Yoast SEO plugin v27.1.1 - https:\/\/yoast.com\/product\/yoast-seo-wordpress\/ -->\n<title>Celebrada la 1a Sesi\u00f3n InDeeP; un debate abierto entorno al uso y la innovaci\u00f3n en Imagen Digital en salud - Fundaci\u00f3 TIC Salut i Social<\/title>\n<meta name=\"robots\" content=\"index, follow, max-snippet:-1, max-image-preview:large, max-video-preview:-1\" \/>\n<link rel=\"canonical\" href=\"https:\/\/ticsalutsocial.atoom.space\/es\/noticia\/celebrada-la-1a-sesion-indeep-un-debate-abierto-entorno-al-uso-y-la-innovacion-en-imagen-digital-en-salud\/\" \/>\n<meta property=\"og:locale\" content=\"es_ES\" \/>\n<meta property=\"og:type\" content=\"article\" \/>\n<meta property=\"og:title\" content=\"Celebrada la 1a Sesi\u00f3n InDeeP; un debate abierto entorno al uso y la innovaci\u00f3n en Imagen Digital en salud - Fundaci\u00f3 TIC Salut i Social\" \/>\n<meta property=\"og:description\" content=\"Los asistentes, procedentes de 24 entidades del sector, ofrecieron una muestra representativa de los actores implicados en imagen digital. De este modo, se cont\u00f3 con la participaci\u00f3n de perfiles de estudiantes, bi\u00f3logos, radi\u00f3logos, investigadores y personal de apoyo a la investigaci\u00f3n, personal de enfermer\u00eda, t\u00e9cnicos inform\u00e1ticos, responsables de sistemas, jefes de servicio en diagn\u00f3stico para\u00a0la [&hellip;]\" \/>\n<meta property=\"og:url\" content=\"https:\/\/ticsalutsocial.atoom.space\/es\/noticia\/celebrada-la-1a-sesion-indeep-un-debate-abierto-entorno-al-uso-y-la-innovacion-en-imagen-digital-en-salud\/\" \/>\n<meta property=\"og:site_name\" content=\"Fundaci\u00f3 TIC Salut i Social\" \/>\n<meta property=\"article:modified_time\" content=\"2021-07-21T13:35:25+00:00\" \/>\n<meta property=\"og:image\" content=\"https:\/\/ticsalutsocial.atoom.space\/wp-content\/uploads\/2018\/04\/dsc0171centre79598600.jpg\" \/>\n\t<meta property=\"og:image:width\" content=\"600\" \/>\n\t<meta property=\"og:image:height\" content=\"398\" \/>\n\t<meta property=\"og:image:type\" content=\"image\/jpeg\" \/>\n<meta name=\"twitter:card\" content=\"summary_large_image\" \/>\n<meta name=\"twitter:label1\" content=\"Tiempo de lectura\" \/>\n\t<meta name=\"twitter:data1\" content=\"4 minutos\" \/>\n<script type=\"application\/ld+json\" class=\"yoast-schema-graph\">{\"@context\":\"https:\/\/schema.org\",\"@graph\":[{\"@type\":\"WebPage\",\"@id\":\"https:\/\/ticsalutsocial.atoom.space\/es\/noticia\/celebrada-la-1a-sesion-indeep-un-debate-abierto-entorno-al-uso-y-la-innovacion-en-imagen-digital-en-salud\/\",\"url\":\"https:\/\/ticsalutsocial.atoom.space\/es\/noticia\/celebrada-la-1a-sesion-indeep-un-debate-abierto-entorno-al-uso-y-la-innovacion-en-imagen-digital-en-salud\/\",\"name\":\"Celebrada la 1a Sesi\u00f3n InDeeP; un debate abierto entorno al uso y la innovaci\u00f3n en Imagen Digital en salud - Fundaci\u00f3 TIC Salut i Social\",\"isPartOf\":{\"@id\":\"https:\/\/ticsalutsocial.atoom.space\/es\/#website\"},\"primaryImageOfPage\":{\"@id\":\"https:\/\/ticsalutsocial.atoom.space\/es\/noticia\/celebrada-la-1a-sesion-indeep-un-debate-abierto-entorno-al-uso-y-la-innovacion-en-imagen-digital-en-salud\/#primaryimage\"},\"image\":{\"@id\":\"https:\/\/ticsalutsocial.atoom.space\/es\/noticia\/celebrada-la-1a-sesion-indeep-un-debate-abierto-entorno-al-uso-y-la-innovacion-en-imagen-digital-en-salud\/#primaryimage\"},\"thumbnailUrl\":\"https:\/\/ticsalutsocial.atoom.space\/wp-content\/uploads\/2018\/04\/dsc0171centre79598600.jpg\",\"datePublished\":\"2018-04-10T10:38:02+00:00\",\"dateModified\":\"2021-07-21T13:35:25+00:00\",\"breadcrumb\":{\"@id\":\"https:\/\/ticsalutsocial.atoom.space\/es\/noticia\/celebrada-la-1a-sesion-indeep-un-debate-abierto-entorno-al-uso-y-la-innovacion-en-imagen-digital-en-salud\/#breadcrumb\"},\"inLanguage\":\"es\",\"potentialAction\":[{\"@type\":\"ReadAction\",\"target\":[\"https:\/\/ticsalutsocial.atoom.space\/es\/noticia\/celebrada-la-1a-sesion-indeep-un-debate-abierto-entorno-al-uso-y-la-innovacion-en-imagen-digital-en-salud\/\"]}]},{\"@type\":\"ImageObject\",\"inLanguage\":\"es\",\"@id\":\"https:\/\/ticsalutsocial.atoom.space\/es\/noticia\/celebrada-la-1a-sesion-indeep-un-debate-abierto-entorno-al-uso-y-la-innovacion-en-imagen-digital-en-salud\/#primaryimage\",\"url\":\"https:\/\/ticsalutsocial.atoom.space\/wp-content\/uploads\/2018\/04\/dsc0171centre79598600.jpg\",\"contentUrl\":\"https:\/\/ticsalutsocial.atoom.space\/wp-content\/uploads\/2018\/04\/dsc0171centre79598600.jpg\",\"width\":600,\"height\":398},{\"@type\":\"BreadcrumbList\",\"@id\":\"https:\/\/ticsalutsocial.atoom.space\/es\/noticia\/celebrada-la-1a-sesion-indeep-un-debate-abierto-entorno-al-uso-y-la-innovacion-en-imagen-digital-en-salud\/#breadcrumb\",\"itemListElement\":[{\"@type\":\"ListItem\",\"position\":1,\"name\":\"Inici\",\"item\":\"https:\/\/ticsalutsocial.atoom.space\/es\/\"},{\"@type\":\"ListItem\",\"position\":2,\"name\":\"Celebrada la 1a Sesi\u00f3n InDeeP; un debate abierto entorno al uso y la innovaci\u00f3n en Imagen Digital en salud\"}]},{\"@type\":\"WebSite\",\"@id\":\"https:\/\/ticsalutsocial.atoom.space\/es\/#website\",\"url\":\"https:\/\/ticsalutsocial.atoom.space\/es\/\",\"name\":\"Fundaci\u00f3 TIC Salut i Social\",\"description\":\"\",\"potentialAction\":[{\"@type\":\"SearchAction\",\"target\":{\"@type\":\"EntryPoint\",\"urlTemplate\":\"https:\/\/ticsalutsocial.atoom.space\/es\/?s={search_term_string}\"},\"query-input\":{\"@type\":\"PropertyValueSpecification\",\"valueRequired\":true,\"valueName\":\"search_term_string\"}}],\"inLanguage\":\"es\"}]}<\/script>\n<!-- \/ Yoast SEO plugin. -->","yoast_head_json":{"title":"Celebrada la 1a Sesi\u00f3n InDeeP; un debate abierto entorno al uso y la innovaci\u00f3n en Imagen Digital en salud - Fundaci\u00f3 TIC Salut i Social","robots":{"index":"index","follow":"follow","max-snippet":"max-snippet:-1","max-image-preview":"max-image-preview:large","max-video-preview":"max-video-preview:-1"},"canonical":"https:\/\/ticsalutsocial.atoom.space\/es\/noticia\/celebrada-la-1a-sesion-indeep-un-debate-abierto-entorno-al-uso-y-la-innovacion-en-imagen-digital-en-salud\/","og_locale":"es_ES","og_type":"article","og_title":"Celebrada la 1a Sesi\u00f3n InDeeP; un debate abierto entorno al uso y la innovaci\u00f3n en Imagen Digital en salud - Fundaci\u00f3 TIC Salut i Social","og_description":"Los asistentes, procedentes de 24 entidades del sector, ofrecieron una muestra representativa de los actores implicados en imagen digital. De este modo, se cont\u00f3 con la participaci\u00f3n de perfiles de estudiantes, bi\u00f3logos, radi\u00f3logos, investigadores y personal de apoyo a la investigaci\u00f3n, personal de enfermer\u00eda, t\u00e9cnicos inform\u00e1ticos, responsables de sistemas, jefes de servicio en diagn\u00f3stico para\u00a0la [&hellip;]","og_url":"https:\/\/ticsalutsocial.atoom.space\/es\/noticia\/celebrada-la-1a-sesion-indeep-un-debate-abierto-entorno-al-uso-y-la-innovacion-en-imagen-digital-en-salud\/","og_site_name":"Fundaci\u00f3 TIC Salut i Social","article_modified_time":"2021-07-21T13:35:25+00:00","og_image":[{"width":600,"height":398,"url":"https:\/\/ticsalutsocial.atoom.space\/wp-content\/uploads\/2018\/04\/dsc0171centre79598600.jpg","type":"image\/jpeg"}],"twitter_card":"summary_large_image","twitter_misc":{"Tiempo de lectura":"4 minutos"},"schema":{"@context":"https:\/\/schema.org","@graph":[{"@type":"WebPage","@id":"https:\/\/ticsalutsocial.atoom.space\/es\/noticia\/celebrada-la-1a-sesion-indeep-un-debate-abierto-entorno-al-uso-y-la-innovacion-en-imagen-digital-en-salud\/","url":"https:\/\/ticsalutsocial.atoom.space\/es\/noticia\/celebrada-la-1a-sesion-indeep-un-debate-abierto-entorno-al-uso-y-la-innovacion-en-imagen-digital-en-salud\/","name":"Celebrada la 1a Sesi\u00f3n InDeeP; un debate abierto entorno al uso y la innovaci\u00f3n en Imagen Digital en salud - Fundaci\u00f3 TIC Salut i Social","isPartOf":{"@id":"https:\/\/ticsalutsocial.atoom.space\/es\/#website"},"primaryImageOfPage":{"@id":"https:\/\/ticsalutsocial.atoom.space\/es\/noticia\/celebrada-la-1a-sesion-indeep-un-debate-abierto-entorno-al-uso-y-la-innovacion-en-imagen-digital-en-salud\/#primaryimage"},"image":{"@id":"https:\/\/ticsalutsocial.atoom.space\/es\/noticia\/celebrada-la-1a-sesion-indeep-un-debate-abierto-entorno-al-uso-y-la-innovacion-en-imagen-digital-en-salud\/#primaryimage"},"thumbnailUrl":"https:\/\/ticsalutsocial.atoom.space\/wp-content\/uploads\/2018\/04\/dsc0171centre79598600.jpg","datePublished":"2018-04-10T10:38:02+00:00","dateModified":"2021-07-21T13:35:25+00:00","breadcrumb":{"@id":"https:\/\/ticsalutsocial.atoom.space\/es\/noticia\/celebrada-la-1a-sesion-indeep-un-debate-abierto-entorno-al-uso-y-la-innovacion-en-imagen-digital-en-salud\/#breadcrumb"},"inLanguage":"es","potentialAction":[{"@type":"ReadAction","target":["https:\/\/ticsalutsocial.atoom.space\/es\/noticia\/celebrada-la-1a-sesion-indeep-un-debate-abierto-entorno-al-uso-y-la-innovacion-en-imagen-digital-en-salud\/"]}]},{"@type":"ImageObject","inLanguage":"es","@id":"https:\/\/ticsalutsocial.atoom.space\/es\/noticia\/celebrada-la-1a-sesion-indeep-un-debate-abierto-entorno-al-uso-y-la-innovacion-en-imagen-digital-en-salud\/#primaryimage","url":"https:\/\/ticsalutsocial.atoom.space\/wp-content\/uploads\/2018\/04\/dsc0171centre79598600.jpg","contentUrl":"https:\/\/ticsalutsocial.atoom.space\/wp-content\/uploads\/2018\/04\/dsc0171centre79598600.jpg","width":600,"height":398},{"@type":"BreadcrumbList","@id":"https:\/\/ticsalutsocial.atoom.space\/es\/noticia\/celebrada-la-1a-sesion-indeep-un-debate-abierto-entorno-al-uso-y-la-innovacion-en-imagen-digital-en-salud\/#breadcrumb","itemListElement":[{"@type":"ListItem","position":1,"name":"Inici","item":"https:\/\/ticsalutsocial.atoom.space\/es\/"},{"@type":"ListItem","position":2,"name":"Celebrada la 1a Sesi\u00f3n InDeeP; un debate abierto entorno al uso y la innovaci\u00f3n en Imagen Digital en salud"}]},{"@type":"WebSite","@id":"https:\/\/ticsalutsocial.atoom.space\/es\/#website","url":"https:\/\/ticsalutsocial.atoom.space\/es\/","name":"Fundaci\u00f3 TIC Salut i Social","description":"","potentialAction":[{"@type":"SearchAction","target":{"@type":"EntryPoint","urlTemplate":"https:\/\/ticsalutsocial.atoom.space\/es\/?s={search_term_string}"},"query-input":{"@type":"PropertyValueSpecification","valueRequired":true,"valueName":"search_term_string"}}],"inLanguage":"es"}]}},"_links":{"self":[{"href":"https:\/\/ticsalutsocial.atoom.space\/es\/wp-json\/wp\/v2\/noticia\/3285","targetHints":{"allow":["GET"]}}],"collection":[{"href":"https:\/\/ticsalutsocial.atoom.space\/es\/wp-json\/wp\/v2\/noticia"}],"about":[{"href":"https:\/\/ticsalutsocial.atoom.space\/es\/wp-json\/wp\/v2\/types\/noticia"}],"author":[{"embeddable":true,"href":"https:\/\/ticsalutsocial.atoom.space\/es\/wp-json\/wp\/v2\/users\/21"}],"wp:featuredmedia":[{"embeddable":true,"href":"https:\/\/ticsalutsocial.atoom.space\/es\/wp-json\/wp\/v2\/media\/3281"}],"wp:attachment":[{"href":"https:\/\/ticsalutsocial.atoom.space\/es\/wp-json\/wp\/v2\/media?parent=3285"}],"wp:term":[{"taxonomy":"etiqueta","embeddable":true,"href":"https:\/\/ticsalutsocial.atoom.space\/es\/wp-json\/wp\/v2\/etiqueta?post=3285"},{"taxonomy":"tipus","embeddable":true,"href":"https:\/\/ticsalutsocial.atoom.space\/es\/wp-json\/wp\/v2\/tipus?post=3285"},{"taxonomy":"topic","embeddable":true,"href":"https:\/\/ticsalutsocial.atoom.space\/es\/wp-json\/wp\/v2\/topic?post=3285"}],"curies":[{"name":"wp","href":"https:\/\/api.w.org\/{rel}","templated":true}]}}