
{"id":3291,"date":"2018-04-10T12:42:10","date_gmt":"2018-04-10T10:42:10","guid":{"rendered":"https:\/\/ticsalutsocial.atoom.space\/?post_type=noticia&#038;p=3291"},"modified":"2021-07-21T15:35:29","modified_gmt":"2021-07-21T13:35:29","slug":"que-pasa-con-la-mhealth-en-cataluna-resultados-del-bloque-mhealth-del-mapa-de-tendencias","status":"publish","type":"noticia","link":"https:\/\/ticsalutsocial.atoom.space\/es\/noticia\/que-pasa-con-la-mhealth-en-cataluna-resultados-del-bloque-mhealth-del-mapa-de-tendencias\/","title":{"rendered":"\u00bfQu\u00e9 pasa con la mHealth en Catalu\u00f1a? Resultados del bloque mHealth del Mapa de Tendencias"},"content":{"rendered":"<p>De acuerdo con el \u00faltimo Mapa de Tendencias, la mayor\u00eda de las Entidades Proveedoras encuestadas (80%) reconoce las ventajas potenciales del uso de la tecnolog\u00eda m\u00f3vil; sin embargo son menos las que las utilizan a nivel corporativo (s\u00f3lo un 10% de las encuestadas declara disponer de\u00a0apps\u00a0de salud por ciudadanos). Algunas de estas permiten, por ejemplo,\u00a0geolocalizar\u00a0centros de salud, concertar visitas con los profesionales y consultar el tiempo de espera de los servicios de urgencia en tiempo real.<\/p>\n<p><img decoding=\"async\" src=\"\" alt=\"\" data-cke-saved-src=\"\" \/><\/p>\n<p><em>Barreras de entrada en la adopci\u00f3n de la\u00a0mHealth. N\u00famero de Entidades Proveedoras\u00a0SISCAT.<\/em><\/p>\n<p>A pesar del inter\u00e9s de los centros por articular este tipo de servicios al ciudadano, los resultados muestran que hay que afrontar las barreras de entrada en la adopci\u00f3n de estas tecnolog\u00edas: destacan el alto coste que representa desarrollarlas y las dificultades de integraci\u00f3n de los datos generados por el paciente\u00a0en los sistemas de informaci\u00f3n (dejando s\u00f3lo a las entidades econ\u00f3micamente grandes la capacidad para hacerlo). En cambio, el posible excesivo control de los pacientes o el desconocimiento de los riesgos legales no se perciben como elementos\u00a0disuasorios.<\/p>\n<p>Los ciudadanos, dotados de un instrumento de empoderamiento con mucho\u00a0potencial, no s\u00f3lo utilizan estas\u00a0apps\u00a0para gestionar su salud con los centros, sino que muestran inter\u00e9s en potenciar el seguimiento de sus patolog\u00edas para mejorar su calidad de vida. Las tendencias indican que el uso de la inteligencia artificial aplicada a la movilidad acontecer\u00e1 una de las tecnolog\u00edas m\u00e1s\u00a0disruptivas\u00a0en el mercado de la salud en los pr\u00f3ximos a\u00f1os. Hace falta que el Mapa de Tendencias est\u00e9 atento a estos cambios para que las Entidades Proveedoras tengan los instrumentos necesarios para afrontarlos.<\/p>\n","protected":false},"author":21,"featured_media":3287,"menu_order":0,"template":"","meta":{"_acf_changed":false,"inline_featured_image":false},"etiqueta":[],"tipus":[654],"topic":[125],"class_list":["post-3291","noticia","type-noticia","status-publish","has-post-thumbnail","hentry","tipus-activos-digitales","topic-hub-es"],"acf":{"imatge":3289,"autor":"Adri\u00e0 G.Font","textos_destacats":[{"texte":"De acuerdo con el \u00faltimo Mapa de Tendencias, la mayor\u00eda de las Entidades Proveedoras encuestadas (80%) reconoce las ventajas potenciales del uso de la tecnolog\u00eda m\u00f3vil"}]},"yoast_head":"<!-- This site is optimized with the Yoast SEO plugin v27.1.1 - https:\/\/yoast.com\/product\/yoast-seo-wordpress\/ -->\n<title>\u00bfQu\u00e9 pasa con la mHealth en Catalu\u00f1a? Resultados del bloque mHealth del Mapa de Tendencias - Fundaci\u00f3 TIC Salut i Social<\/title>\n<meta name=\"robots\" content=\"index, follow, max-snippet:-1, max-image-preview:large, max-video-preview:-1\" \/>\n<link rel=\"canonical\" href=\"https:\/\/ticsalutsocial.atoom.space\/es\/noticia\/que-pasa-con-la-mhealth-en-cataluna-resultados-del-bloque-mhealth-del-mapa-de-tendencias\/\" \/>\n<meta property=\"og:locale\" content=\"es_ES\" \/>\n<meta property=\"og:type\" content=\"article\" \/>\n<meta property=\"og:title\" content=\"\u00bfQu\u00e9 pasa con la mHealth en Catalu\u00f1a? Resultados del bloque mHealth del Mapa de Tendencias - Fundaci\u00f3 TIC Salut i Social\" \/>\n<meta property=\"og:description\" content=\"De acuerdo con el \u00faltimo Mapa de Tendencias, la mayor\u00eda de las Entidades Proveedoras encuestadas (80%) reconoce las ventajas potenciales del uso de la tecnolog\u00eda m\u00f3vil; sin embargo son menos las que las utilizan a nivel corporativo (s\u00f3lo un 10% de las encuestadas declara disponer de\u00a0apps\u00a0de salud por ciudadanos). Algunas de estas permiten, por ejemplo,\u00a0geolocalizar\u00a0centros [&hellip;]\" \/>\n<meta property=\"og:url\" content=\"https:\/\/ticsalutsocial.atoom.space\/es\/noticia\/que-pasa-con-la-mhealth-en-cataluna-resultados-del-bloque-mhealth-del-mapa-de-tendencias\/\" \/>\n<meta property=\"og:site_name\" content=\"Fundaci\u00f3 TIC Salut i Social\" \/>\n<meta property=\"article:modified_time\" content=\"2021-07-21T13:35:29+00:00\" \/>\n<meta property=\"og:image\" content=\"https:\/\/ticsalutsocial.atoom.space\/wp-content\/uploads\/2018\/04\/mhealth_cat.png\" \/>\n\t<meta property=\"og:image:width\" content=\"689\" \/>\n\t<meta property=\"og:image:height\" content=\"689\" \/>\n\t<meta property=\"og:image:type\" content=\"image\/png\" \/>\n<meta name=\"twitter:card\" content=\"summary_large_image\" \/>\n<meta name=\"twitter:label1\" content=\"Tiempo de lectura\" \/>\n\t<meta name=\"twitter:data1\" content=\"1 minuto\" \/>\n<script type=\"application\/ld+json\" class=\"yoast-schema-graph\">{\"@context\":\"https:\/\/schema.org\",\"@graph\":[{\"@type\":\"WebPage\",\"@id\":\"https:\/\/ticsalutsocial.atoom.space\/es\/noticia\/que-pasa-con-la-mhealth-en-cataluna-resultados-del-bloque-mhealth-del-mapa-de-tendencias\/\",\"url\":\"https:\/\/ticsalutsocial.atoom.space\/es\/noticia\/que-pasa-con-la-mhealth-en-cataluna-resultados-del-bloque-mhealth-del-mapa-de-tendencias\/\",\"name\":\"\u00bfQu\u00e9 pasa con la mHealth en Catalu\u00f1a? Resultados del bloque mHealth del Mapa de Tendencias - Fundaci\u00f3 TIC Salut i Social\",\"isPartOf\":{\"@id\":\"https:\/\/ticsalutsocial.atoom.space\/es\/#website\"},\"primaryImageOfPage\":{\"@id\":\"https:\/\/ticsalutsocial.atoom.space\/es\/noticia\/que-pasa-con-la-mhealth-en-cataluna-resultados-del-bloque-mhealth-del-mapa-de-tendencias\/#primaryimage\"},\"image\":{\"@id\":\"https:\/\/ticsalutsocial.atoom.space\/es\/noticia\/que-pasa-con-la-mhealth-en-cataluna-resultados-del-bloque-mhealth-del-mapa-de-tendencias\/#primaryimage\"},\"thumbnailUrl\":\"https:\/\/ticsalutsocial.atoom.space\/wp-content\/uploads\/2018\/04\/mhealth_cat.png\",\"datePublished\":\"2018-04-10T10:42:10+00:00\",\"dateModified\":\"2021-07-21T13:35:29+00:00\",\"breadcrumb\":{\"@id\":\"https:\/\/ticsalutsocial.atoom.space\/es\/noticia\/que-pasa-con-la-mhealth-en-cataluna-resultados-del-bloque-mhealth-del-mapa-de-tendencias\/#breadcrumb\"},\"inLanguage\":\"es\",\"potentialAction\":[{\"@type\":\"ReadAction\",\"target\":[\"https:\/\/ticsalutsocial.atoom.space\/es\/noticia\/que-pasa-con-la-mhealth-en-cataluna-resultados-del-bloque-mhealth-del-mapa-de-tendencias\/\"]}]},{\"@type\":\"ImageObject\",\"inLanguage\":\"es\",\"@id\":\"https:\/\/ticsalutsocial.atoom.space\/es\/noticia\/que-pasa-con-la-mhealth-en-cataluna-resultados-del-bloque-mhealth-del-mapa-de-tendencias\/#primaryimage\",\"url\":\"https:\/\/ticsalutsocial.atoom.space\/wp-content\/uploads\/2018\/04\/mhealth_cat.png\",\"contentUrl\":\"https:\/\/ticsalutsocial.atoom.space\/wp-content\/uploads\/2018\/04\/mhealth_cat.png\",\"width\":689,\"height\":689},{\"@type\":\"BreadcrumbList\",\"@id\":\"https:\/\/ticsalutsocial.atoom.space\/es\/noticia\/que-pasa-con-la-mhealth-en-cataluna-resultados-del-bloque-mhealth-del-mapa-de-tendencias\/#breadcrumb\",\"itemListElement\":[{\"@type\":\"ListItem\",\"position\":1,\"name\":\"Inici\",\"item\":\"https:\/\/ticsalutsocial.atoom.space\/es\/\"},{\"@type\":\"ListItem\",\"position\":2,\"name\":\"\u00bfQu\u00e9 pasa con la mHealth en Catalu\u00f1a? Resultados del bloque mHealth del Mapa de Tendencias\"}]},{\"@type\":\"WebSite\",\"@id\":\"https:\/\/ticsalutsocial.atoom.space\/es\/#website\",\"url\":\"https:\/\/ticsalutsocial.atoom.space\/es\/\",\"name\":\"Fundaci\u00f3 TIC Salut i Social\",\"description\":\"\",\"potentialAction\":[{\"@type\":\"SearchAction\",\"target\":{\"@type\":\"EntryPoint\",\"urlTemplate\":\"https:\/\/ticsalutsocial.atoom.space\/es\/?s={search_term_string}\"},\"query-input\":{\"@type\":\"PropertyValueSpecification\",\"valueRequired\":true,\"valueName\":\"search_term_string\"}}],\"inLanguage\":\"es\"}]}<\/script>\n<!-- \/ Yoast SEO plugin. -->","yoast_head_json":{"title":"\u00bfQu\u00e9 pasa con la mHealth en Catalu\u00f1a? Resultados del bloque mHealth del Mapa de Tendencias - Fundaci\u00f3 TIC Salut i Social","robots":{"index":"index","follow":"follow","max-snippet":"max-snippet:-1","max-image-preview":"max-image-preview:large","max-video-preview":"max-video-preview:-1"},"canonical":"https:\/\/ticsalutsocial.atoom.space\/es\/noticia\/que-pasa-con-la-mhealth-en-cataluna-resultados-del-bloque-mhealth-del-mapa-de-tendencias\/","og_locale":"es_ES","og_type":"article","og_title":"\u00bfQu\u00e9 pasa con la mHealth en Catalu\u00f1a? Resultados del bloque mHealth del Mapa de Tendencias - Fundaci\u00f3 TIC Salut i Social","og_description":"De acuerdo con el \u00faltimo Mapa de Tendencias, la mayor\u00eda de las Entidades Proveedoras encuestadas (80%) reconoce las ventajas potenciales del uso de la tecnolog\u00eda m\u00f3vil; sin embargo son menos las que las utilizan a nivel corporativo (s\u00f3lo un 10% de las encuestadas declara disponer de\u00a0apps\u00a0de salud por ciudadanos). Algunas de estas permiten, por ejemplo,\u00a0geolocalizar\u00a0centros [&hellip;]","og_url":"https:\/\/ticsalutsocial.atoom.space\/es\/noticia\/que-pasa-con-la-mhealth-en-cataluna-resultados-del-bloque-mhealth-del-mapa-de-tendencias\/","og_site_name":"Fundaci\u00f3 TIC Salut i Social","article_modified_time":"2021-07-21T13:35:29+00:00","og_image":[{"width":689,"height":689,"url":"https:\/\/ticsalutsocial.atoom.space\/wp-content\/uploads\/2018\/04\/mhealth_cat.png","type":"image\/png"}],"twitter_card":"summary_large_image","twitter_misc":{"Tiempo de lectura":"1 minuto"},"schema":{"@context":"https:\/\/schema.org","@graph":[{"@type":"WebPage","@id":"https:\/\/ticsalutsocial.atoom.space\/es\/noticia\/que-pasa-con-la-mhealth-en-cataluna-resultados-del-bloque-mhealth-del-mapa-de-tendencias\/","url":"https:\/\/ticsalutsocial.atoom.space\/es\/noticia\/que-pasa-con-la-mhealth-en-cataluna-resultados-del-bloque-mhealth-del-mapa-de-tendencias\/","name":"\u00bfQu\u00e9 pasa con la mHealth en Catalu\u00f1a? Resultados del bloque mHealth del Mapa de Tendencias - Fundaci\u00f3 TIC Salut i Social","isPartOf":{"@id":"https:\/\/ticsalutsocial.atoom.space\/es\/#website"},"primaryImageOfPage":{"@id":"https:\/\/ticsalutsocial.atoom.space\/es\/noticia\/que-pasa-con-la-mhealth-en-cataluna-resultados-del-bloque-mhealth-del-mapa-de-tendencias\/#primaryimage"},"image":{"@id":"https:\/\/ticsalutsocial.atoom.space\/es\/noticia\/que-pasa-con-la-mhealth-en-cataluna-resultados-del-bloque-mhealth-del-mapa-de-tendencias\/#primaryimage"},"thumbnailUrl":"https:\/\/ticsalutsocial.atoom.space\/wp-content\/uploads\/2018\/04\/mhealth_cat.png","datePublished":"2018-04-10T10:42:10+00:00","dateModified":"2021-07-21T13:35:29+00:00","breadcrumb":{"@id":"https:\/\/ticsalutsocial.atoom.space\/es\/noticia\/que-pasa-con-la-mhealth-en-cataluna-resultados-del-bloque-mhealth-del-mapa-de-tendencias\/#breadcrumb"},"inLanguage":"es","potentialAction":[{"@type":"ReadAction","target":["https:\/\/ticsalutsocial.atoom.space\/es\/noticia\/que-pasa-con-la-mhealth-en-cataluna-resultados-del-bloque-mhealth-del-mapa-de-tendencias\/"]}]},{"@type":"ImageObject","inLanguage":"es","@id":"https:\/\/ticsalutsocial.atoom.space\/es\/noticia\/que-pasa-con-la-mhealth-en-cataluna-resultados-del-bloque-mhealth-del-mapa-de-tendencias\/#primaryimage","url":"https:\/\/ticsalutsocial.atoom.space\/wp-content\/uploads\/2018\/04\/mhealth_cat.png","contentUrl":"https:\/\/ticsalutsocial.atoom.space\/wp-content\/uploads\/2018\/04\/mhealth_cat.png","width":689,"height":689},{"@type":"BreadcrumbList","@id":"https:\/\/ticsalutsocial.atoom.space\/es\/noticia\/que-pasa-con-la-mhealth-en-cataluna-resultados-del-bloque-mhealth-del-mapa-de-tendencias\/#breadcrumb","itemListElement":[{"@type":"ListItem","position":1,"name":"Inici","item":"https:\/\/ticsalutsocial.atoom.space\/es\/"},{"@type":"ListItem","position":2,"name":"\u00bfQu\u00e9 pasa con la mHealth en Catalu\u00f1a? Resultados del bloque mHealth del Mapa de Tendencias"}]},{"@type":"WebSite","@id":"https:\/\/ticsalutsocial.atoom.space\/es\/#website","url":"https:\/\/ticsalutsocial.atoom.space\/es\/","name":"Fundaci\u00f3 TIC Salut i Social","description":"","potentialAction":[{"@type":"SearchAction","target":{"@type":"EntryPoint","urlTemplate":"https:\/\/ticsalutsocial.atoom.space\/es\/?s={search_term_string}"},"query-input":{"@type":"PropertyValueSpecification","valueRequired":true,"valueName":"search_term_string"}}],"inLanguage":"es"}]}},"_links":{"self":[{"href":"https:\/\/ticsalutsocial.atoom.space\/es\/wp-json\/wp\/v2\/noticia\/3291","targetHints":{"allow":["GET"]}}],"collection":[{"href":"https:\/\/ticsalutsocial.atoom.space\/es\/wp-json\/wp\/v2\/noticia"}],"about":[{"href":"https:\/\/ticsalutsocial.atoom.space\/es\/wp-json\/wp\/v2\/types\/noticia"}],"author":[{"embeddable":true,"href":"https:\/\/ticsalutsocial.atoom.space\/es\/wp-json\/wp\/v2\/users\/21"}],"wp:featuredmedia":[{"embeddable":true,"href":"https:\/\/ticsalutsocial.atoom.space\/es\/wp-json\/wp\/v2\/media\/3287"}],"wp:attachment":[{"href":"https:\/\/ticsalutsocial.atoom.space\/es\/wp-json\/wp\/v2\/media?parent=3291"}],"wp:term":[{"taxonomy":"etiqueta","embeddable":true,"href":"https:\/\/ticsalutsocial.atoom.space\/es\/wp-json\/wp\/v2\/etiqueta?post=3291"},{"taxonomy":"tipus","embeddable":true,"href":"https:\/\/ticsalutsocial.atoom.space\/es\/wp-json\/wp\/v2\/tipus?post=3291"},{"taxonomy":"topic","embeddable":true,"href":"https:\/\/ticsalutsocial.atoom.space\/es\/wp-json\/wp\/v2\/topic?post=3291"}],"curies":[{"name":"wp","href":"https:\/\/api.w.org\/{rel}","templated":true}]}}