
{"id":3297,"date":"2018-04-10T12:43:39","date_gmt":"2018-04-10T10:43:39","guid":{"rendered":"https:\/\/ticsalutsocial.atoom.space\/?post_type=noticia&#038;p=3297"},"modified":"2021-07-21T15:35:32","modified_gmt":"2021-07-21T13:35:32","slug":"un-proyecto-para-imprimir-modelos-anatomicos-de-fetos-en-3d-iniciativa-mas-destacada-de-la-1a-jornada-jo-innovo","status":"publish","type":"noticia","link":"https:\/\/ticsalutsocial.atoom.space\/es\/noticia\/un-proyecto-para-imprimir-modelos-anatomicos-de-fetos-en-3d-iniciativa-mas-destacada-de-la-1a-jornada-jo-innovo\/","title":{"rendered":"Un proyecto para imprimir modelos anat\u00f3micos de fetos en 3D, iniciativa m\u00e1s destacada de la 1a Jornada Jo Innovo"},"content":{"rendered":"<p>C\u00f3mo ha explicado la Dra. Alba\u00a0Farr\u00e0s, una de las responsables de esta idea, \u201c<strong>podremos imprimir modelos anat\u00f3micos de fetos reales con patolog\u00edas, para explicar a los padres los problemas que sufren los fetos. Adem\u00e1s, podremos imprimir modelos de fetos reales sin patolog\u00edas para que los padres con discapacidades visuales puedan conocer con el tacto c\u00f3mo son sus futuros hijos<\/strong>\u201d. Dos de las responsables de este proyecto viajar\u00e1n al\u00a0Massachussets\u00a0Instituto\u00a0of\u00a0Technology\u00a0de Boston para vivir en primera persona como se trabaja en uno de los centros m\u00e1s innovadores del mundo.<\/p>\n<p>El concurso Jo Innovo, que puso en marcha Vall d&#8217;Hebr\u00f3n el pasado junio, estaba abierto a los profesionales del Hospital. La iniciativa ha sacado a la luz todas las ideas y experiencias innovadoras en los diferentes \u00e1mbitos profesionales que contribuyen a mejorar la experiencia de pacientes y profesionales del hospital. Por eso, el concurso se dividi\u00f3 en cuatro categor\u00edas: seguridad de los pacientes y de los profesionales, sostenibilidad econ\u00f3mica y energ\u00e9tica, satisfacci\u00f3n de los pacientes, satisfacci\u00f3n de los profesionales. La convocatoria del concurso fue todo un \u00e9xito, con m\u00e1s de 170 proyectos presentados por los profesionales con un nivel de calidad y de innovaci\u00f3n muy destacables. La <a href=\"http:\/\/C%C3%B3mo%20ha%20explicado%20la%20Dra.%20Alba%20Farr%C3%A0s,%20una%20de%20las%20responsables%20de%20esta%20idea,%20%E2%80%9Cpodremos%20imprimir%20modelos%20anat%C3%B3micos%20de%20fetos%20reales%20con%20patolog%C3%ADas,%20para%20explicar%20a%20los%20padres%20los%20problemas%20que%20sufren%20los%20fetos.%20Adem%C3%A1s,%20podremos%20imprimir%20modelos%20de%20fetos%20reales%20sin%20patolog%C3%ADas%20porque%20los%20padres%20con%20discapacidades%20visuales%20puedan%20conocer%20con%20el%20tacto%20como%20son%20sus%20futuros%20hijos%E2%80%9D.%20Dos%20de%20las%20responsables%20de%20este%20proyecto%20viajar%C3%A1n%20al%20Massachussets%20Instituto%20of%20Technology%20de%20Boston%20para%20vivir%20en%20primera%20persona%20como%20se%20trabaja%20en%20uno%20de%20los%20centros%20m%C3%A1s%20innovadores%20del%20mundo.%20%20El%20concurso%20Yo%20Innovo,%20que%20puso%20en%20marcha%20Valle%20de%20Hebr%C3%B3n%20el%20pasado%20junio,%20estaba%20abierto%20a%20los%20profesionales%20del%20Hospital.%20La%20iniciativa%20ha%20sacado%20a%20la%20luz%20todas%20las%20ideas%20y%20experiencias%20innovadoras%20en%20los%20diferentes%20%C3%A1mbitos%20profesionales%20que%20contribuyen%20a%20mejorar%20la%20experiencia%20de%20pacientes%20y%20profesionales%20al%20Hospital.%20Por%20eso,%20el%20concurso%20se%20dividi%C3%B3%20en%20cuatro%20categor%C3%ADas:%20seguridad%20de%20los%20pacientes%20y%20de%20los%20profesionales,%20sostenibilidad%20econ%C3%B3mica%20y%20energ%C3%A9tica,%20satisfacci%C3%B3n%20de%20los%20pacientes,%20satisfacci%C3%B3n%20de%20los%20profesionales.%20La%20convocatoria%20del%20concurso%20fue%20todo%20un%20%C3%A9xito,%20con%20m%C3%A1s%20de%20170%20proyectos%20presentados%20por%20los%20profesionales%20con%20un%20nivel%20de%20calidad%20y%20de%20innovaci%C3%B3n%20muy%20destacables.%20La%20Comisi%C3%B3n%20de%20Innovaci%C3%B3n%20de%20Valle%20de%20Hebr%C3%B3n,%20presidida%20por%20el%20Dr.%20Josep%20Antoni%20Ramos-Quiroga,%20se%20encarg%C3%B3%20de%20la%20selecci%C3%B3n%20de%20los%2016%20proyectos%20que%20han%20llegado%20como%20finalistas%20a%20la%201a%20Jornada%20Yo%20Innovo.%20%20Valle%20de%20Hebr%C3%B3n%20impulsar%C3%A1%20que%20los%2016%20proyectos%20que%20han%20llegado%20como%20finalistas%20a%20la%20Jornada%20Yo%20Innovo%20se%20lleven%20a%20cabo,%20puesto%20que%20pueden%20contribuir%20a%20mejorar%20la%20asistencia%20y%20la%20calidad%20de%20vida%20de%20los%20pacientes%20del%20Hospital.%20%20Durante%20la%20jornada,%20David%20Elvira,%20director%20del%20Servicio%20Catal%C3%A1n%20de%20la%20Salud%20(CatSalut),%20ha%20destacado%20que%20%E2%80%9Cesta%20jornada%20evidencia%20que%20la%20innovaci%C3%B3n%20no%20viene%20s%C3%B3lo%20de%20arriba,%20sino%20que%20tambi%C3%A9n%20proviene%20de%20la%20interacci%C3%B3n%20entre%20los%20profesionales%20y%20entre%20los%20profesionales%20y%20los%20pacientes%E2%80%9D.%20Por%20su%20parte,%20el%20Dr.%20Vicen%C3%A7%20Mart%C3%ADnez%20Ib%C3%A1%C3%B1ez,%20gerente%20del%20Hospital%20Universitario%20Vall%20de%20Hebr%C3%B3n,%20ha%20puesto%20el%20%C3%A9nfasis%20en%20el%20hecho%20que%20%E2%80%9Cel%20reto%20de%20nuestro%20centro%20es%20que%20la%20innovaci%C3%B3n%20est%C3%A9%20presente%20en%20todos%20los%20%C3%A1mbitos.%20Tenemos%20como%20objetivo%20impulsar%20la%20innovaci%C3%B3n%20para%20mejorar,%20sobre%20todo,%20el%20bienestar%20de%20los%20pacientes%20y%20tambi%C3%A9n%20el%20trabajo%20de%20los%20profesionales%E2%80%9D.%20%20Por%20otro%20lado,%20durante%20la%20jornada%20se%20ha%20llevado%20a%20cabo%20el%20di%C3%A1logo%20%E2%80%9CInnovamos%20por%20la%20salud%20del%20paciente%20del%20futuro%E2%80%9D,%20moderado%20por%20el%20Dr.%20Josep%20Antoni%20Ramos-Quiroga,%20que%20ha%20contado%20con%20la%20participaci%C3%B3n%20de%20Marta%20Aymerich,%20vicerrectora%20de%20Planificaci%C3%B3n%20Estrat%C3%A9gica%20e%20Investigaci%C3%B3n%20de%20la%20UOC;%20Helena%20Torras,%20cofundadora%20y%20CEO%20de%20B-wom;%20Jes%C3%BAs%20Miguel%20P%C3%A9rez,%20director%20de%20Alianzas%20Estrat%C3%A9gicas%20y%20Asociaciones%20de%20TedCas,%20y%20Ventura%20Barba,%20director%20ejecutivo%20del%20S%C3%B3nar.%20El%20di%C3%A1logo%20ha%20hecho%20patente%20que%20gracias%20a%20la%20eclosi%C3%B3n%20de%20la%20tecnolog%C3%ADa,%20pero,%20sobre%20todo,%20al%20talento%20de%20los%20profesionales,%20se%20pueden%20llevar%20a%20cabo%20proyectos%20innovadores%20para%20dar%20respuesta%20a%20los%20principales%20retos%20en%20el%20campo%20de%20la%20salud,%20como%20el%20envejecimiento%20de%20la%20poblaci%C3%B3n.%20%20Posteriormente,%20Mara%20Balestrini,%20CEO%20de%20Ideas%20for%20Change,%20ha%20realizado%20la%20conferencia%20de%20clausura%20y%20ha%20destacado%20que%20%E2%80%9Cfinos%20hace%20pocos%20a%C3%B1os,%20la%20innovaci%C3%B3n%20depend%C3%ADa%20de%20muy%20pocas%20personas,%20pero,%20hoy%20en%20d%C3%ADa,%20todo%20el%20mundo%20puede%20innovar%E2%80%9D.%20%20Uno%20de%20los%20momentos%20m%C3%A1s%20interesantes%20de%20la%20jornada%20ha%20sido%20cuando%20los%20asistentes%20han%20podido%20sentir%20la%20suma%20de%20ruidos%20que%20escucha%20un%20paciente%20al%20Hospital.%20Gracias%20a%20la%20experiencia%20binaural%20propuesta%20por%20S%C3%B3nar%20+%20D,%20los%20asistentes%20han%20podido%20escuchar%20a%20trav%C3%A9s%20de%20unos%20auriculares%20conectados%20a%20sus%20m%C3%B3viles%20todo%20aquello%20que%20siendo%20un%20paciente%20de%20Valle%20de%20Hebr%C3%B3n%20a%20lo%20largo%20de%20un%20d%C3%ADa.%20La%20experiencia%20ha%20permitido%20que%20los%20profesionales%20se%20pongan%20a%20la%20piel%20del%20paciente%20y%20vivan%20sus%20sensaciones%20con%20una%20perspectiva%20de%20360%C2%BA.%20Desde%20ahora,%20todos%20los%20nuevos%20profesionales%20y%20residentes%20que%20se%20incorporen%20en%20el%20hospital%20experimentar%C3%A1n%20esta%20sensaci%C3%B3n%20para%20alinearse%20con%20las%20necesidades%20del%20paciente.%20De%20este%20modo%20simb%C3%B3lica%20y%20a%20la%20vegada%20real,%20Valle%20de%20Hebr%C3%B3n%20contin%C3%BAa%20apostando%20para%20trabajar%20con%20procesos%20y%20soluciones%20al%20servicio%20del%20paciente%20desde%20un%20punto%20de%20vista%20innovador.%20%20La%20elige%20de%20los%20ruidos%20que%20forman%20parte%20del%20audio%20que%20quiere%20poner%20al%20profesional%20a%20la%20piel%20del%20paciente%20es%20fruto%20de%20una%20lluvia%20de%20ideas%20sobre%20los%20sonidos%20m%C3%A1s%20habituales%20al%20hospital.%20Desde%20lugares%20a%20situaciones,%20pasando%20por%20aparatos,%20ropa%20o%20voces.%20As%C3%AD,%20se%20pueden%20escuchar%20respiraderos,%20aspiradores,%20alarmas%20de%20monitores,%20bombas%20de%20infusi%C3%B3n,%20el%20movimiento%20de%20las%20literas,%20ruido%20de%20zapatos,%20de%20pasas,%20de%20traslado%20interno%20de%20la%20zona%20quir%C3%BArgica,%20sue%C3%B1os%20de%20familiares%20esperando,%20quir%C3%B3fanos,%20tecleados%20de%20ordenadores,%20timbres%20o%20pruebas%20de%20ecocardiografia%20situados%20a%20la%20unidad%20de%20cr%C3%ADticos,%20a%20la%20de%20cuidados%20intensivos,%20al%20bloque%20quir%C3%BArgico,%20a%20salas%20de%20espera%20o%20la%20zona%20de%20hospitalizaci%C3%B3n.\/\" data-cke-saved-href=\"http:\/\/C\u00f3mo ha explicado la Dra. Alba Farr\u00e0s, una de las responsables de esta idea, \u201cpodremos imprimir modelos anat\u00f3micos de fetos reales con patolog\u00edas, para explicar a los padres los problemas que sufren los fetos. Adem\u00e1s, podremos imprimir modelos de fetos reales sin patolog\u00edas porque los padres con discapacidades visuales puedan conocer con el tacto como son sus futuros hijos\u201d. Dos de las responsables de este proyecto viajar\u00e1n al Massachussets Instituto of Technology de Boston para vivir en primera persona como se trabaja en uno de los centros m\u00e1s innovadores del mundo.  El concurso Yo Innovo, que puso en marcha Valle de Hebr\u00f3n el pasado junio, estaba abierto a los profesionales del Hospital. La iniciativa ha sacado a la luz todas las ideas y experiencias innovadoras en los diferentes \u00e1mbitos profesionales que contribuyen a mejorar la experiencia de pacientes y profesionales al Hospital. Por eso, el concurso se dividi\u00f3 en cuatro categor\u00edas: seguridad de los pacientes y de los profesionales, sostenibilidad econ\u00f3mica y energ\u00e9tica, satisfacci\u00f3n de los pacientes, satisfacci\u00f3n de los profesionales. La convocatoria del concurso fue todo un \u00e9xito, con m\u00e1s de 170 proyectos presentados por los profesionales con un nivel de calidad y de innovaci\u00f3n muy destacables. La Comisi\u00f3n de Innovaci\u00f3n de Valle de Hebr\u00f3n, presidida por el Dr. Josep Antoni Ramos-Quiroga, se encarg\u00f3 de la selecci\u00f3n de los 16 proyectos que han llegado como finalistas a la 1a Jornada Yo Innovo.  Valle de Hebr\u00f3n impulsar\u00e1 que los 16 proyectos que han llegado como finalistas a la Jornada Yo Innovo se lleven a cabo, puesto que pueden contribuir a mejorar la asistencia y la calidad de vida de los pacientes del Hospital.  Durante la jornada, David Elvira, director del Servicio Catal\u00e1n de la Salud (CatSalut), ha destacado que \u201cesta jornada evidencia que la innovaci\u00f3n no viene s\u00f3lo de arriba, sino que tambi\u00e9n proviene de la interacci\u00f3n entre los profesionales y entre los profesionales y los pacientes\u201d. Por su parte, el Dr. Vicen\u00e7 Mart\u00ednez Ib\u00e1\u00f1ez, gerente del Hospital Universitario Vall de Hebr\u00f3n, ha puesto el \u00e9nfasis en el hecho que \u201cel reto de nuestro centro es que la innovaci\u00f3n est\u00e9 presente en todos los \u00e1mbitos. Tenemos como objetivo impulsar la innovaci\u00f3n para mejorar, sobre todo, el bienestar de los pacientes y tambi\u00e9n el trabajo de los profesionales\u201d.  Por otro lado, durante la jornada se ha llevado a cabo el di\u00e1logo \u201cInnovamos por la salud del paciente del futuro\u201d, moderado por el Dr. Josep Antoni Ramos-Quiroga, que ha contado con la participaci\u00f3n de Marta Aymerich, vicerrectora de Planificaci\u00f3n Estrat\u00e9gica e Investigaci\u00f3n de la UOC; Helena Torras, cofundadora y CEO de B-wom; Jes\u00fas Miguel P\u00e9rez, director de Alianzas Estrat\u00e9gicas y Asociaciones de TedCas, y Ventura Barba, director ejecutivo del S\u00f3nar. El di\u00e1logo ha hecho patente que gracias a la eclosi\u00f3n de la tecnolog\u00eda, pero, sobre todo, al talento de los profesionales, se pueden llevar a cabo proyectos innovadores para dar respuesta a los principales retos en el campo de la salud, como el envejecimiento de la poblaci\u00f3n.  Posteriormente, Mara Balestrini, CEO de Ideas for Change, ha realizado la conferencia de clausura y ha destacado que \u201cfinos hace pocos a\u00f1os, la innovaci\u00f3n depend\u00eda de muy pocas personas, pero, hoy en d\u00eda, todo el mundo puede innovar\u201d.  Uno de los momentos m\u00e1s interesantes de la jornada ha sido cuando los asistentes han podido sentir la suma de ruidos que escucha un paciente al Hospital. Gracias a la experiencia binaural propuesta por S\u00f3nar + D, los asistentes han podido escuchar a trav\u00e9s de unos auriculares conectados a sus m\u00f3viles todo aquello que siendo un paciente de Valle de Hebr\u00f3n a lo largo de un d\u00eda. La experiencia ha permitido que los profesionales se pongan a la piel del paciente y vivan sus sensaciones con una perspectiva de 360\u00ba. Desde ahora, todos los nuevos profesionales y residentes que se incorporen en el hospital experimentar\u00e1n esta sensaci\u00f3n para alinearse con las necesidades del paciente. De este modo simb\u00f3lica y a la vegada real, Valle de Hebr\u00f3n contin\u00faa apostando para trabajar con procesos y soluciones al servicio del paciente desde un punto de vista innovador.  La elige de los ruidos que forman parte del audio que quiere poner al profesional a la piel del paciente es fruto de una lluvia de ideas sobre los sonidos m\u00e1s habituales al hospital. Desde lugares a situaciones, pasando por aparatos, ropa o voces. As\u00ed, se pueden escuchar respiraderos, aspiradores, alarmas de monitores, bombas de infusi\u00f3n, el movimiento de las literas, ruido de zapatos, de pasas, de traslado interno de la zona quir\u00fargica, sue\u00f1os de familiares esperando, quir\u00f3fanos, tecleados de ordenadores, timbres o pruebas de ecocardiografia situados a la unidad de cr\u00edticos, a la de cuidados intensivos, al bloque quir\u00fargico, a salas de espera o la zona de hospitalizaci\u00f3n.\">Comisi\u00f3n de Innovaci\u00f3n de Vall d&#8217;Hebr\u00f3n<\/a>, presidida por el Dr. Josep Antoni Ramos-Quiroga, se encarg\u00f3 de la selecci\u00f3n de los 16 proyectos que han llegado como finalistas a la 1a Jornada Jo Innovo.<\/p>\n<p>Vall\u00a0d&#8217;Hebr\u00f3n impulsar\u00e1 que los 16 proyectos que han llegado como finalistas a la Jornada Jo Innovo se lleven a cabo, puesto que pueden contribuir a mejorar la asistencia y la calidad de vida de los pacientes del Hospital.<\/p>\n<p>Durante la jornada, David Elvira, director del Servei Catal\u00e0 de la Salut (CatSalut), ha destacado que \u201c<strong>esta jornada evidencia que la innovaci\u00f3n no viene s\u00f3lo de arriba, sino que tambi\u00e9n proviene de la interacci\u00f3n entre los profesionales y entre los profesionales y los pacientes<\/strong>\u201d. Por su parte, el Dr. Vicen\u00e7 Mart\u00ednez Ib\u00e1\u00f1ez, gerente del Hospital Universitari Vall d&#8217;Hebr\u00f3n, ha puesto el \u00e9nfasis en el hecho que \u201c<strong>el reto de nuestro centro es que la innovaci\u00f3n est\u00e9 presente en todos los \u00e1mbitos. Tenemos como objetivo impulsar la innovaci\u00f3n para mejorar, sobre todo, el bienestar de los pacientes y tambi\u00e9n el trabajo de los profesionales<\/strong>\u201d.<\/p>\n<p>Por otro lado, durante la jornada se ha llevado a cabo el di\u00e1logo \u201c<strong>Innovamos para la salud del paciente del futuro<\/strong>\u201d, moderado por el Dr. Josep Antoni Ramos-Quiroga, que ha contado con la participaci\u00f3n de Marta Aymerich, vicerrectora de Planificaci\u00f3n Estrat\u00e9gica e Investigaci\u00f3n de la UOC; Helena Torras, cofundadora y\u00a0CEO\u00a0de B-wom; Jes\u00fas Miguel P\u00e9rez, director de Alianzas Estrat\u00e9gicas y Asociaciones de\u00a0TedCas, y Ventura Barba, director ejecutivo del\u00a0S\u00f3nar. El di\u00e1logo ha hecho patente que gracias a la eclosi\u00f3n de la tecnolog\u00eda, pero, sobre todo, al talento de los profesionales, se pueden llevar a cabo proyectos innovadores para dar respuesta a los principales retos en el campo de la salud, como el envejecimiento de la poblaci\u00f3n.<\/p>\n<p>Posteriormente,\u00a0Mara\u00a0Balestrini,\u00a0CEO\u00a0de\u00a0Ideas for\u00a0Change, ha realizado la conferencia de clausura y ha destacado que \u201c<strong>hasta\u00a0hace pocos a\u00f1os, la innovaci\u00f3n depend\u00eda de muy pocas personas, pero, hoy en d\u00eda, todo el mundo puede innovar<\/strong>\u201d.<\/p>\n<p>Uno de los momentos m\u00e1s interesantes de la jornada ha sido cuando los asistentes han podido sentir la suma de ruidos que escucha un paciente en el hospital. Gracias a la experiencia binaural propuesta por\u00a0S\u00f3nar\u00a0+ D, los asistentes han podido escuchar a trav\u00e9s de unos auriculares conectados a sus m\u00f3viles todo aquello que escucha un paciente de Vall d&#8217;Hebr\u00f3n a lo largo de un d\u00eda. La experiencia ha permitido que los profesionales se pongan en la piel del paciente y vivan sus sensaciones con una perspectiva de 360\u00ba. Desde ahora, todos los nuevos profesionales y residentes que se incorporen en el hospital experimentar\u00e1n esta sensaci\u00f3n para alinearse con las necesidades del paciente. De este modo simb\u00f3lico y a la vegada real, Vall d&#8217;Hebr\u00f3n contin\u00faa apostando para trabajar con procesos y soluciones al servicio del paciente desde un punto de vista innovador.<\/p>\n<p>La selecci\u00f3n de los ruidos que forman parte del audio que quiere poner al profesional en la piel del paciente es fruto de una lluvia de ideas sobre los sonidos m\u00e1s habituales del hospital. Desde lugares a situaciones, pasando por aparatos, ropa o voces. As\u00ed, se pueden escuchar respiradores, aspiradores, alarmas de monitores, bombas de infusi\u00f3n,\u00a0movimiento de\u00a0literas, ruido de zapatos,\u00a0el traslado interno desde la zona quir\u00fargica, sue\u00f1os de familiares esperando, quir\u00f3fanos, tecleados de ordenadores, timbres o pruebas de\u00a0ecocardiograf\u00eda\u00a0situados en la unidad de cr\u00edticos, a la de cuidados intensivos, al bloque quir\u00fargico, a salas de espera o la zona de hospitalizaci\u00f3n.<\/p>\n","protected":false},"author":21,"featured_media":3293,"menu_order":0,"template":"","meta":{"_acf_changed":false,"inline_featured_image":false},"etiqueta":[],"tipus":[],"topic":[],"class_list":["post-3297","noticia","type-noticia","status-publish","has-post-thumbnail","hentry"],"acf":{"imatge":3295,"autor":"Adri\u00e0 G.Font","textos_destacats":[{"texte":"\"Esta jornada evidencia que la innovaci\u00f3n no viene s\u00f3lo de arriba, sino que tambi\u00e9n proviene de la interacci\u00f3n entre los profesionales y entre los profesionales y los pacientes\u201d"}]},"yoast_head":"<!-- This site is optimized with the Yoast SEO plugin v27.1.1 - https:\/\/yoast.com\/product\/yoast-seo-wordpress\/ -->\n<title>Un proyecto para imprimir modelos anat\u00f3micos de fetos en 3D, iniciativa m\u00e1s destacada de la 1a Jornada Jo Innovo - Fundaci\u00f3 TIC Salut i Social<\/title>\n<meta name=\"robots\" content=\"index, follow, max-snippet:-1, max-image-preview:large, max-video-preview:-1\" \/>\n<link rel=\"canonical\" href=\"https:\/\/ticsalutsocial.atoom.space\/es\/noticia\/un-proyecto-para-imprimir-modelos-anatomicos-de-fetos-en-3d-iniciativa-mas-destacada-de-la-1a-jornada-jo-innovo\/\" \/>\n<meta property=\"og:locale\" content=\"es_ES\" \/>\n<meta property=\"og:type\" content=\"article\" \/>\n<meta property=\"og:title\" content=\"Un proyecto para imprimir modelos anat\u00f3micos de fetos en 3D, iniciativa m\u00e1s destacada de la 1a Jornada Jo Innovo - Fundaci\u00f3 TIC Salut i Social\" \/>\n<meta property=\"og:description\" content=\"C\u00f3mo ha explicado la Dra. Alba\u00a0Farr\u00e0s, una de las responsables de esta idea, \u201cpodremos imprimir modelos anat\u00f3micos de fetos reales con patolog\u00edas, para explicar a los padres los problemas que sufren los fetos. Adem\u00e1s, podremos imprimir modelos de fetos reales sin patolog\u00edas para que los padres con discapacidades visuales puedan conocer con el tacto c\u00f3mo [&hellip;]\" \/>\n<meta property=\"og:url\" content=\"https:\/\/ticsalutsocial.atoom.space\/es\/noticia\/un-proyecto-para-imprimir-modelos-anatomicos-de-fetos-en-3d-iniciativa-mas-destacada-de-la-1a-jornada-jo-innovo\/\" \/>\n<meta property=\"og:site_name\" content=\"Fundaci\u00f3 TIC Salut i Social\" \/>\n<meta property=\"article:modified_time\" content=\"2021-07-21T13:35:32+00:00\" \/>\n<meta property=\"og:image\" content=\"https:\/\/ticsalutsocial.atoom.space\/wp-content\/uploads\/2018\/04\/joinnovo.png\" \/>\n\t<meta property=\"og:image:width\" content=\"567\" \/>\n\t<meta property=\"og:image:height\" content=\"402\" \/>\n\t<meta property=\"og:image:type\" content=\"image\/png\" \/>\n<meta name=\"twitter:card\" content=\"summary_large_image\" \/>\n<meta name=\"twitter:label1\" content=\"Tiempo de lectura\" \/>\n\t<meta name=\"twitter:data1\" content=\"4 minutos\" \/>\n<script type=\"application\/ld+json\" class=\"yoast-schema-graph\">{\"@context\":\"https:\/\/schema.org\",\"@graph\":[{\"@type\":\"WebPage\",\"@id\":\"https:\/\/ticsalutsocial.atoom.space\/es\/noticia\/un-proyecto-para-imprimir-modelos-anatomicos-de-fetos-en-3d-iniciativa-mas-destacada-de-la-1a-jornada-jo-innovo\/\",\"url\":\"https:\/\/ticsalutsocial.atoom.space\/es\/noticia\/un-proyecto-para-imprimir-modelos-anatomicos-de-fetos-en-3d-iniciativa-mas-destacada-de-la-1a-jornada-jo-innovo\/\",\"name\":\"Un proyecto para imprimir modelos anat\u00f3micos de fetos en 3D, iniciativa m\u00e1s destacada de la 1a Jornada Jo Innovo - Fundaci\u00f3 TIC Salut i Social\",\"isPartOf\":{\"@id\":\"https:\/\/ticsalutsocial.atoom.space\/es\/#website\"},\"primaryImageOfPage\":{\"@id\":\"https:\/\/ticsalutsocial.atoom.space\/es\/noticia\/un-proyecto-para-imprimir-modelos-anatomicos-de-fetos-en-3d-iniciativa-mas-destacada-de-la-1a-jornada-jo-innovo\/#primaryimage\"},\"image\":{\"@id\":\"https:\/\/ticsalutsocial.atoom.space\/es\/noticia\/un-proyecto-para-imprimir-modelos-anatomicos-de-fetos-en-3d-iniciativa-mas-destacada-de-la-1a-jornada-jo-innovo\/#primaryimage\"},\"thumbnailUrl\":\"https:\/\/ticsalutsocial.atoom.space\/wp-content\/uploads\/2018\/04\/joinnovo.png\",\"datePublished\":\"2018-04-10T10:43:39+00:00\",\"dateModified\":\"2021-07-21T13:35:32+00:00\",\"breadcrumb\":{\"@id\":\"https:\/\/ticsalutsocial.atoom.space\/es\/noticia\/un-proyecto-para-imprimir-modelos-anatomicos-de-fetos-en-3d-iniciativa-mas-destacada-de-la-1a-jornada-jo-innovo\/#breadcrumb\"},\"inLanguage\":\"es\",\"potentialAction\":[{\"@type\":\"ReadAction\",\"target\":[\"https:\/\/ticsalutsocial.atoom.space\/es\/noticia\/un-proyecto-para-imprimir-modelos-anatomicos-de-fetos-en-3d-iniciativa-mas-destacada-de-la-1a-jornada-jo-innovo\/\"]}]},{\"@type\":\"ImageObject\",\"inLanguage\":\"es\",\"@id\":\"https:\/\/ticsalutsocial.atoom.space\/es\/noticia\/un-proyecto-para-imprimir-modelos-anatomicos-de-fetos-en-3d-iniciativa-mas-destacada-de-la-1a-jornada-jo-innovo\/#primaryimage\",\"url\":\"https:\/\/ticsalutsocial.atoom.space\/wp-content\/uploads\/2018\/04\/joinnovo.png\",\"contentUrl\":\"https:\/\/ticsalutsocial.atoom.space\/wp-content\/uploads\/2018\/04\/joinnovo.png\",\"width\":567,\"height\":402},{\"@type\":\"BreadcrumbList\",\"@id\":\"https:\/\/ticsalutsocial.atoom.space\/es\/noticia\/un-proyecto-para-imprimir-modelos-anatomicos-de-fetos-en-3d-iniciativa-mas-destacada-de-la-1a-jornada-jo-innovo\/#breadcrumb\",\"itemListElement\":[{\"@type\":\"ListItem\",\"position\":1,\"name\":\"Inici\",\"item\":\"https:\/\/ticsalutsocial.atoom.space\/es\/\"},{\"@type\":\"ListItem\",\"position\":2,\"name\":\"Un proyecto para imprimir modelos anat\u00f3micos de fetos en 3D, iniciativa m\u00e1s destacada de la 1a Jornada Jo Innovo\"}]},{\"@type\":\"WebSite\",\"@id\":\"https:\/\/ticsalutsocial.atoom.space\/es\/#website\",\"url\":\"https:\/\/ticsalutsocial.atoom.space\/es\/\",\"name\":\"Fundaci\u00f3 TIC Salut i Social\",\"description\":\"\",\"potentialAction\":[{\"@type\":\"SearchAction\",\"target\":{\"@type\":\"EntryPoint\",\"urlTemplate\":\"https:\/\/ticsalutsocial.atoom.space\/es\/?s={search_term_string}\"},\"query-input\":{\"@type\":\"PropertyValueSpecification\",\"valueRequired\":true,\"valueName\":\"search_term_string\"}}],\"inLanguage\":\"es\"}]}<\/script>\n<!-- \/ Yoast SEO plugin. -->","yoast_head_json":{"title":"Un proyecto para imprimir modelos anat\u00f3micos de fetos en 3D, iniciativa m\u00e1s destacada de la 1a Jornada Jo Innovo - Fundaci\u00f3 TIC Salut i Social","robots":{"index":"index","follow":"follow","max-snippet":"max-snippet:-1","max-image-preview":"max-image-preview:large","max-video-preview":"max-video-preview:-1"},"canonical":"https:\/\/ticsalutsocial.atoom.space\/es\/noticia\/un-proyecto-para-imprimir-modelos-anatomicos-de-fetos-en-3d-iniciativa-mas-destacada-de-la-1a-jornada-jo-innovo\/","og_locale":"es_ES","og_type":"article","og_title":"Un proyecto para imprimir modelos anat\u00f3micos de fetos en 3D, iniciativa m\u00e1s destacada de la 1a Jornada Jo Innovo - Fundaci\u00f3 TIC Salut i Social","og_description":"C\u00f3mo ha explicado la Dra. Alba\u00a0Farr\u00e0s, una de las responsables de esta idea, \u201cpodremos imprimir modelos anat\u00f3micos de fetos reales con patolog\u00edas, para explicar a los padres los problemas que sufren los fetos. Adem\u00e1s, podremos imprimir modelos de fetos reales sin patolog\u00edas para que los padres con discapacidades visuales puedan conocer con el tacto c\u00f3mo [&hellip;]","og_url":"https:\/\/ticsalutsocial.atoom.space\/es\/noticia\/un-proyecto-para-imprimir-modelos-anatomicos-de-fetos-en-3d-iniciativa-mas-destacada-de-la-1a-jornada-jo-innovo\/","og_site_name":"Fundaci\u00f3 TIC Salut i Social","article_modified_time":"2021-07-21T13:35:32+00:00","og_image":[{"width":567,"height":402,"url":"https:\/\/ticsalutsocial.atoom.space\/wp-content\/uploads\/2018\/04\/joinnovo.png","type":"image\/png"}],"twitter_card":"summary_large_image","twitter_misc":{"Tiempo de lectura":"4 minutos"},"schema":{"@context":"https:\/\/schema.org","@graph":[{"@type":"WebPage","@id":"https:\/\/ticsalutsocial.atoom.space\/es\/noticia\/un-proyecto-para-imprimir-modelos-anatomicos-de-fetos-en-3d-iniciativa-mas-destacada-de-la-1a-jornada-jo-innovo\/","url":"https:\/\/ticsalutsocial.atoom.space\/es\/noticia\/un-proyecto-para-imprimir-modelos-anatomicos-de-fetos-en-3d-iniciativa-mas-destacada-de-la-1a-jornada-jo-innovo\/","name":"Un proyecto para imprimir modelos anat\u00f3micos de fetos en 3D, iniciativa m\u00e1s destacada de la 1a Jornada Jo Innovo - Fundaci\u00f3 TIC Salut i Social","isPartOf":{"@id":"https:\/\/ticsalutsocial.atoom.space\/es\/#website"},"primaryImageOfPage":{"@id":"https:\/\/ticsalutsocial.atoom.space\/es\/noticia\/un-proyecto-para-imprimir-modelos-anatomicos-de-fetos-en-3d-iniciativa-mas-destacada-de-la-1a-jornada-jo-innovo\/#primaryimage"},"image":{"@id":"https:\/\/ticsalutsocial.atoom.space\/es\/noticia\/un-proyecto-para-imprimir-modelos-anatomicos-de-fetos-en-3d-iniciativa-mas-destacada-de-la-1a-jornada-jo-innovo\/#primaryimage"},"thumbnailUrl":"https:\/\/ticsalutsocial.atoom.space\/wp-content\/uploads\/2018\/04\/joinnovo.png","datePublished":"2018-04-10T10:43:39+00:00","dateModified":"2021-07-21T13:35:32+00:00","breadcrumb":{"@id":"https:\/\/ticsalutsocial.atoom.space\/es\/noticia\/un-proyecto-para-imprimir-modelos-anatomicos-de-fetos-en-3d-iniciativa-mas-destacada-de-la-1a-jornada-jo-innovo\/#breadcrumb"},"inLanguage":"es","potentialAction":[{"@type":"ReadAction","target":["https:\/\/ticsalutsocial.atoom.space\/es\/noticia\/un-proyecto-para-imprimir-modelos-anatomicos-de-fetos-en-3d-iniciativa-mas-destacada-de-la-1a-jornada-jo-innovo\/"]}]},{"@type":"ImageObject","inLanguage":"es","@id":"https:\/\/ticsalutsocial.atoom.space\/es\/noticia\/un-proyecto-para-imprimir-modelos-anatomicos-de-fetos-en-3d-iniciativa-mas-destacada-de-la-1a-jornada-jo-innovo\/#primaryimage","url":"https:\/\/ticsalutsocial.atoom.space\/wp-content\/uploads\/2018\/04\/joinnovo.png","contentUrl":"https:\/\/ticsalutsocial.atoom.space\/wp-content\/uploads\/2018\/04\/joinnovo.png","width":567,"height":402},{"@type":"BreadcrumbList","@id":"https:\/\/ticsalutsocial.atoom.space\/es\/noticia\/un-proyecto-para-imprimir-modelos-anatomicos-de-fetos-en-3d-iniciativa-mas-destacada-de-la-1a-jornada-jo-innovo\/#breadcrumb","itemListElement":[{"@type":"ListItem","position":1,"name":"Inici","item":"https:\/\/ticsalutsocial.atoom.space\/es\/"},{"@type":"ListItem","position":2,"name":"Un proyecto para imprimir modelos anat\u00f3micos de fetos en 3D, iniciativa m\u00e1s destacada de la 1a Jornada Jo Innovo"}]},{"@type":"WebSite","@id":"https:\/\/ticsalutsocial.atoom.space\/es\/#website","url":"https:\/\/ticsalutsocial.atoom.space\/es\/","name":"Fundaci\u00f3 TIC Salut i Social","description":"","potentialAction":[{"@type":"SearchAction","target":{"@type":"EntryPoint","urlTemplate":"https:\/\/ticsalutsocial.atoom.space\/es\/?s={search_term_string}"},"query-input":{"@type":"PropertyValueSpecification","valueRequired":true,"valueName":"search_term_string"}}],"inLanguage":"es"}]}},"_links":{"self":[{"href":"https:\/\/ticsalutsocial.atoom.space\/es\/wp-json\/wp\/v2\/noticia\/3297","targetHints":{"allow":["GET"]}}],"collection":[{"href":"https:\/\/ticsalutsocial.atoom.space\/es\/wp-json\/wp\/v2\/noticia"}],"about":[{"href":"https:\/\/ticsalutsocial.atoom.space\/es\/wp-json\/wp\/v2\/types\/noticia"}],"author":[{"embeddable":true,"href":"https:\/\/ticsalutsocial.atoom.space\/es\/wp-json\/wp\/v2\/users\/21"}],"wp:featuredmedia":[{"embeddable":true,"href":"https:\/\/ticsalutsocial.atoom.space\/es\/wp-json\/wp\/v2\/media\/3293"}],"wp:attachment":[{"href":"https:\/\/ticsalutsocial.atoom.space\/es\/wp-json\/wp\/v2\/media?parent=3297"}],"wp:term":[{"taxonomy":"etiqueta","embeddable":true,"href":"https:\/\/ticsalutsocial.atoom.space\/es\/wp-json\/wp\/v2\/etiqueta?post=3297"},{"taxonomy":"tipus","embeddable":true,"href":"https:\/\/ticsalutsocial.atoom.space\/es\/wp-json\/wp\/v2\/tipus?post=3297"},{"taxonomy":"topic","embeddable":true,"href":"https:\/\/ticsalutsocial.atoom.space\/es\/wp-json\/wp\/v2\/topic?post=3297"}],"curies":[{"name":"wp","href":"https:\/\/api.w.org\/{rel}","templated":true}]}}