
{"id":33000,"date":"2025-07-02T12:52:49","date_gmt":"2025-07-02T10:52:49","guid":{"rendered":"https:\/\/ticsalutsocial.atoom.space\/noticia\/la-fundacio-tic-salut-social-posa-en-practica-un-nou-marc-davaluacio-dapps-i-actius-digitals-de-salut-basat-en-un-estandard-europeu\/"},"modified":"2025-07-02T13:09:19","modified_gmt":"2025-07-02T11:09:19","slug":"la-fundacio-tic-salut-social-posa-en-practica-un-nou-marc-davaluacio-dapps-i-actius-digitals-de-salut-basat-en-un-estandard-europeu","status":"publish","type":"noticia","link":"https:\/\/ticsalutsocial.atoom.space\/es\/noticia\/la-fundacio-tic-salut-social-posa-en-practica-un-nou-marc-davaluacio-dapps-i-actius-digitals-de-salut-basat-en-un-estandard-europeu\/","title":{"rendered":"La Fundaci\u00f3 TIC Salut Social pone en pr\u00e1ctica un nuevo marco de evaluaci\u00f3n de apps y activos digitales de salud basado en un est\u00e1ndar europeo"},"content":{"rendered":"<p>La <a href=\"https:\/\/ticsalutsocial.atoom.space\/es\/\"><strong>Fundaci\u00f3 TIC Salut Social<\/strong><\/a> ha integrado el <strong>est\u00e1ndar europeo<\/strong> <strong>CEN ISO\/TS 82304-2<\/strong> en su marco de referencia para certificar activos digitales de salud y bienestar social. Las empresas que quieran revisar sus productos con la fundaci\u00f3n obtendr\u00e1n un sello de calidad que garantiza mayor fiabilidad tecnol\u00f3gica y calidad gracias a este nuevo est\u00e1ndar.<\/p>\n<p>Esta integraci\u00f3n no solo a\u00f1ade una nueva capa de robustez distintiva al actual\u00a0 <a href=\"https:\/\/ticsalutsocial.atoom.space\/es\/que-fem\/activos-digitales-para-los-ciudadanos\/introduccion\/\" target=\"_blank\" rel=\"noopener\">Servicio de Certificaci\u00f3n<\/a><\/p>\n<p>sino que tambi\u00e9n facilita la promoci\u00f3n y uso de estas apps dentro del <strong>Sistema de Salud de Catalu\u00f1a<\/strong>.<\/p>\n<p>El <a href=\"https:\/\/ticsalutsocial.atoom.space\/wp-content\/uploads\/2025\/06\/MarcAvaluacioActiusDigitals.pdf\" target=\"_blank\" rel=\"noopener\">nuevo marco de evaluaci\u00f3n<\/a><\/p>\n<p>se aplica a distintos tipos de activos digitales, como aplicaciones m\u00f3viles, <em>webapps<\/em> o dispositivos integrados en plataformas digitales, todos con finalidades relacionadas con la salud y el bienestar social. Basado en las especificaciones europeas de la certificaci\u00f3n CEN ISO\/TS 82304-2, <strong>el nuevo modelo garantiza que las aplicaciones cumplen con los requisitos m\u00ednimos de calidad establecidos por la Comisi\u00f3n Europea<\/strong>, mediante una <strong>etiqueta y un prospecto<\/strong> que detallan el nivel de calidad de cada aplicaci\u00f3n.<\/p>\n<div id=\"attachment_32996\" style=\"width: 511px\" class=\"wp-caption aligncenter\"><img loading=\"lazy\" decoding=\"async\" aria-describedby=\"caption-attachment-32996\" class=\"wp-image-32996 size-full\" src=\"https:\/\/ticsalutsocial.atoom.space\/wp-content\/uploads\/2025\/07\/Imagen-1.png\" alt=\"Etiqueta de qualitat atorgat pel nou marc d\u2019avaluaci\u00f3 de la Fundaci\u00f3 TIC Salut Social\" width=\"501\" height=\"711\" srcset=\"https:\/\/ticsalutsocial.atoom.space\/wp-content\/uploads\/2025\/07\/Imagen-1.png 501w, https:\/\/ticsalutsocial.atoom.space\/wp-content\/uploads\/2025\/07\/Imagen-1-211x300.png 211w\" sizes=\"auto, (max-width: 501px) 100vw, 501px\" \/><p id=\"caption-attachment-32996\" class=\"wp-caption-text\">Etiqueta de calidad otorgada por el nuevo marco de evaluaci\u00f3n de la Fundaci\u00f3 TIC Salut Social<\/p><\/div>\n<h2><strong>Beneficios de la obtenci\u00f3n de la etiqueta de calidad<\/strong><\/h2>\n<p>La obtenci\u00f3n de la etiqueta de calidad y toda la documentaci\u00f3n asociada al nuevo marco supone <strong>un paso clave para promover la estandarizaci\u00f3n tecnol\u00f3gica de las aplicaciones de salud en Europa, as\u00ed como un avance hacia el reconocimiento transfronterizo entre regiones<\/strong>. En Catalu\u00f1a, adem\u00e1s, este sello facilitar\u00e1 <strong>el impulso, la<\/strong> <strong>promoci\u00f3n y el uso dentro del sistema p\u00fablico de salud<\/strong>.<\/p>\n<p>Hasta ahora, la fundaci\u00f3n ha llevado a cabo diversas evaluaciones de aplicaciones de salud, analizando aspectos como la usabilidad, la tecnolog\u00eda empleada, la satisfacci\u00f3n de los usuarios, la seguridad y la calidad de los contenidos. En los pr\u00f3ximos meses, <strong>se comenzar\u00e1n a promocionar dentro del sistema sanitario catal\u00e1n todas aquellas apps que obtengan esta certificaci\u00f3n<\/strong>.<\/p>\n<h2><strong>Catalu\u00f1a y el nuevo marco regulador<\/strong><\/h2>\n<p>Recientemente, la revista cient\u00edfica <strong>JMIR Publications<\/strong> ha publicado el art\u00edculo <a href=\"https:\/\/mhealth.jmir.org\/2025\/1\/e67858\" target=\"_blank\" rel=\"noopener\"><em>Integrating CEN ISO\/TS 82304-2 in the Catalan Health App Assessment Framework: Comparative Case Study<\/em><\/a>, liderado por la Fundaci\u00f3 TIC Salut Social a trav\u00e9s de <strong>Carme Pratdep\u00e0dua, responsable de activos digitales<\/strong>, y <strong>Berta Llebot, t\u00e9cnica de proyectos de innovaci\u00f3n en salud digital<\/strong>. El estudio detalla la estrategia seguida para integrar la certificaci\u00f3n CEN ISO\/TS 82304-2 dentro del anterior marco de evaluaci\u00f3n y presenta una comparativa entre ambos modelos en cuanto a contenidos, gobernanza y funcionalidades.<\/p>\n<p>El art\u00edculo destaca a <strong>Catalu\u00f1a como referente europeo en la implementaci\u00f3n de este est\u00e1ndar internacional, con el objetivo de impulsar su adopci\u00f3n por parte de otras autoridades sanitarias en Europa<\/strong>. En esta misma l\u00ednea, la revista tambi\u00e9n ha publicado el estudio <a href=\"https:\/\/formative.jmir.org\/2025\/1\/e67855\" target=\"_blank\" rel=\"noopener\"><em>Compatibility of the CEN-ISO\/TS 82304-2 Health App Assessment Framework With Catalan and Italian Health Authorities\u2019 Needs: Qualitative Interview Study<\/em><\/a>, que valora positivamente la compatibilidad de esta certificaci\u00f3n con las necesidades de los sistemas p\u00fablicos de salud europeos y prev\u00e9 su adopci\u00f3n a largo plazo por parte de otras autoridades sanitarias del continente.<\/p>\n","protected":false},"author":3,"featured_media":32994,"menu_order":0,"template":"","meta":{"_acf_changed":false,"inline_featured_image":false},"etiqueta":[],"tipus":[654],"topic":[130],"class_list":["post-33000","noticia","type-noticia","status-publish","has-post-thumbnail","hentry","tipus-activos-digitales","topic-la-fundacion"],"acf":{"finalitzat":false,"tipus_plantilla":"objectius","template_objectius":{"cont_principal":"","imatge":false,"cont_seguent":{"titol":"","contingut":""},"seccio_llistat":{"titol":"","llistat":false},"objectius":{"titol":"","objectius":false},"documents":false},"autor":"","imatge":false,"textos_destacats":[{"texte":"La integraci\u00f3n de la CEN ISO\/TS 82304-2 en el marco de evaluaci\u00f3n de activos digitales representa una garant\u00eda de solidez tecnol\u00f3gica, calidad y fiabilidad"},{"texte":"Catalu\u00f1a se posiciona como territorio pionero en Europa en la aplicaci\u00f3n de la CEN ISO\/TS 82304-2 y abre camino a otros pa\u00edses del continente"}],"documents":false},"yoast_head":"<!-- This site is optimized with the Yoast SEO plugin v27.1.1 - https:\/\/yoast.com\/product\/yoast-seo-wordpress\/ -->\n<title>La Fundaci\u00f3 TIC Salut Social pone en pr\u00e1ctica un nuevo marco de evaluaci\u00f3n de apps y activos digitales de salud basado en un est\u00e1ndar europeo - Fundaci\u00f3 TIC Salut i Social<\/title>\n<meta name=\"robots\" content=\"index, follow, max-snippet:-1, max-image-preview:large, max-video-preview:-1\" \/>\n<link rel=\"canonical\" href=\"https:\/\/ticsalutsocial.atoom.space\/es\/noticia\/la-fundacio-tic-salut-social-posa-en-practica-un-nou-marc-davaluacio-dapps-i-actius-digitals-de-salut-basat-en-un-estandard-europeu\/\" \/>\n<meta property=\"og:locale\" content=\"es_ES\" \/>\n<meta property=\"og:type\" content=\"article\" \/>\n<meta property=\"og:title\" content=\"La Fundaci\u00f3 TIC Salut Social pone en pr\u00e1ctica un nuevo marco de evaluaci\u00f3n de apps y activos digitales de salud basado en un est\u00e1ndar europeo - Fundaci\u00f3 TIC Salut i Social\" \/>\n<meta property=\"og:description\" content=\"La Fundaci\u00f3 TIC Salut Social ha integrado el est\u00e1ndar europeo CEN ISO\/TS 82304-2 en su marco de referencia para certificar activos digitales de salud y bienestar social. Las empresas que quieran revisar sus productos con la fundaci\u00f3n obtendr\u00e1n un sello de calidad que garantiza mayor fiabilidad tecnol\u00f3gica y calidad gracias a este nuevo est\u00e1ndar. Esta [&hellip;]\" \/>\n<meta property=\"og:url\" content=\"https:\/\/ticsalutsocial.atoom.space\/es\/noticia\/la-fundacio-tic-salut-social-posa-en-practica-un-nou-marc-davaluacio-dapps-i-actius-digitals-de-salut-basat-en-un-estandard-europeu\/\" \/>\n<meta property=\"og:site_name\" content=\"Fundaci\u00f3 TIC Salut i Social\" \/>\n<meta property=\"article:modified_time\" content=\"2025-07-02T11:09:19+00:00\" \/>\n<meta property=\"og:image\" content=\"https:\/\/ticsalutsocial.atoom.space\/wp-content\/uploads\/2025\/07\/184583000004627147_zc_v1_1751291813781_thumbnail_istock_931906832.jpg\" \/>\n\t<meta property=\"og:image:width\" content=\"1920\" \/>\n\t<meta property=\"og:image:height\" content=\"1281\" \/>\n\t<meta property=\"og:image:type\" content=\"image\/jpeg\" \/>\n<meta name=\"twitter:card\" content=\"summary_large_image\" \/>\n<meta name=\"twitter:label1\" content=\"Tiempo de lectura\" \/>\n\t<meta name=\"twitter:data1\" content=\"4 minutos\" \/>\n<script type=\"application\/ld+json\" class=\"yoast-schema-graph\">{\"@context\":\"https:\/\/schema.org\",\"@graph\":[{\"@type\":\"WebPage\",\"@id\":\"https:\/\/ticsalutsocial.atoom.space\/es\/noticia\/la-fundacio-tic-salut-social-posa-en-practica-un-nou-marc-davaluacio-dapps-i-actius-digitals-de-salut-basat-en-un-estandard-europeu\/\",\"url\":\"https:\/\/ticsalutsocial.atoom.space\/es\/noticia\/la-fundacio-tic-salut-social-posa-en-practica-un-nou-marc-davaluacio-dapps-i-actius-digitals-de-salut-basat-en-un-estandard-europeu\/\",\"name\":\"La Fundaci\u00f3 TIC Salut Social pone en pr\u00e1ctica un nuevo marco de evaluaci\u00f3n de apps y activos digitales de salud basado en un est\u00e1ndar europeo - Fundaci\u00f3 TIC Salut i Social\",\"isPartOf\":{\"@id\":\"https:\/\/ticsalutsocial.atoom.space\/es\/#website\"},\"primaryImageOfPage\":{\"@id\":\"https:\/\/ticsalutsocial.atoom.space\/es\/noticia\/la-fundacio-tic-salut-social-posa-en-practica-un-nou-marc-davaluacio-dapps-i-actius-digitals-de-salut-basat-en-un-estandard-europeu\/#primaryimage\"},\"image\":{\"@id\":\"https:\/\/ticsalutsocial.atoom.space\/es\/noticia\/la-fundacio-tic-salut-social-posa-en-practica-un-nou-marc-davaluacio-dapps-i-actius-digitals-de-salut-basat-en-un-estandard-europeu\/#primaryimage\"},\"thumbnailUrl\":\"https:\/\/ticsalutsocial.atoom.space\/wp-content\/uploads\/2025\/07\/184583000004627147_zc_v1_1751291813781_thumbnail_istock_931906832.jpg\",\"datePublished\":\"2025-07-02T10:52:49+00:00\",\"dateModified\":\"2025-07-02T11:09:19+00:00\",\"breadcrumb\":{\"@id\":\"https:\/\/ticsalutsocial.atoom.space\/es\/noticia\/la-fundacio-tic-salut-social-posa-en-practica-un-nou-marc-davaluacio-dapps-i-actius-digitals-de-salut-basat-en-un-estandard-europeu\/#breadcrumb\"},\"inLanguage\":\"es\",\"potentialAction\":[{\"@type\":\"ReadAction\",\"target\":[\"https:\/\/ticsalutsocial.atoom.space\/es\/noticia\/la-fundacio-tic-salut-social-posa-en-practica-un-nou-marc-davaluacio-dapps-i-actius-digitals-de-salut-basat-en-un-estandard-europeu\/\"]}]},{\"@type\":\"ImageObject\",\"inLanguage\":\"es\",\"@id\":\"https:\/\/ticsalutsocial.atoom.space\/es\/noticia\/la-fundacio-tic-salut-social-posa-en-practica-un-nou-marc-davaluacio-dapps-i-actius-digitals-de-salut-basat-en-un-estandard-europeu\/#primaryimage\",\"url\":\"https:\/\/ticsalutsocial.atoom.space\/wp-content\/uploads\/2025\/07\/184583000004627147_zc_v1_1751291813781_thumbnail_istock_931906832.jpg\",\"contentUrl\":\"https:\/\/ticsalutsocial.atoom.space\/wp-content\/uploads\/2025\/07\/184583000004627147_zc_v1_1751291813781_thumbnail_istock_931906832.jpg\",\"width\":1920,\"height\":1281,\"caption\":\"La Fundaci\u00f3 TIC Salut Social posa en pr\u00e0ctica un nou marc d\u2019avaluaci\u00f3 d\u2019apps i actius digitals de salut basat en un est\u00e0ndard europeu\"},{\"@type\":\"BreadcrumbList\",\"@id\":\"https:\/\/ticsalutsocial.atoom.space\/es\/noticia\/la-fundacio-tic-salut-social-posa-en-practica-un-nou-marc-davaluacio-dapps-i-actius-digitals-de-salut-basat-en-un-estandard-europeu\/#breadcrumb\",\"itemListElement\":[{\"@type\":\"ListItem\",\"position\":1,\"name\":\"Inici\",\"item\":\"https:\/\/ticsalutsocial.atoom.space\/es\/\"},{\"@type\":\"ListItem\",\"position\":2,\"name\":\"La Fundaci\u00f3 TIC Salut Social pone en pr\u00e1ctica un nuevo marco de evaluaci\u00f3n de apps y activos digitales de salud basado en un est\u00e1ndar europeo\"}]},{\"@type\":\"WebSite\",\"@id\":\"https:\/\/ticsalutsocial.atoom.space\/es\/#website\",\"url\":\"https:\/\/ticsalutsocial.atoom.space\/es\/\",\"name\":\"Fundaci\u00f3 TIC Salut i Social\",\"description\":\"\",\"potentialAction\":[{\"@type\":\"SearchAction\",\"target\":{\"@type\":\"EntryPoint\",\"urlTemplate\":\"https:\/\/ticsalutsocial.atoom.space\/es\/?s={search_term_string}\"},\"query-input\":{\"@type\":\"PropertyValueSpecification\",\"valueRequired\":true,\"valueName\":\"search_term_string\"}}],\"inLanguage\":\"es\"}]}<\/script>\n<!-- \/ Yoast SEO plugin. -->","yoast_head_json":{"title":"La Fundaci\u00f3 TIC Salut Social pone en pr\u00e1ctica un nuevo marco de evaluaci\u00f3n de apps y activos digitales de salud basado en un est\u00e1ndar europeo - Fundaci\u00f3 TIC Salut i Social","robots":{"index":"index","follow":"follow","max-snippet":"max-snippet:-1","max-image-preview":"max-image-preview:large","max-video-preview":"max-video-preview:-1"},"canonical":"https:\/\/ticsalutsocial.atoom.space\/es\/noticia\/la-fundacio-tic-salut-social-posa-en-practica-un-nou-marc-davaluacio-dapps-i-actius-digitals-de-salut-basat-en-un-estandard-europeu\/","og_locale":"es_ES","og_type":"article","og_title":"La Fundaci\u00f3 TIC Salut Social pone en pr\u00e1ctica un nuevo marco de evaluaci\u00f3n de apps y activos digitales de salud basado en un est\u00e1ndar europeo - Fundaci\u00f3 TIC Salut i Social","og_description":"La Fundaci\u00f3 TIC Salut Social ha integrado el est\u00e1ndar europeo CEN ISO\/TS 82304-2 en su marco de referencia para certificar activos digitales de salud y bienestar social. Las empresas que quieran revisar sus productos con la fundaci\u00f3n obtendr\u00e1n un sello de calidad que garantiza mayor fiabilidad tecnol\u00f3gica y calidad gracias a este nuevo est\u00e1ndar. Esta [&hellip;]","og_url":"https:\/\/ticsalutsocial.atoom.space\/es\/noticia\/la-fundacio-tic-salut-social-posa-en-practica-un-nou-marc-davaluacio-dapps-i-actius-digitals-de-salut-basat-en-un-estandard-europeu\/","og_site_name":"Fundaci\u00f3 TIC Salut i Social","article_modified_time":"2025-07-02T11:09:19+00:00","og_image":[{"width":1920,"height":1281,"url":"https:\/\/ticsalutsocial.atoom.space\/wp-content\/uploads\/2025\/07\/184583000004627147_zc_v1_1751291813781_thumbnail_istock_931906832.jpg","type":"image\/jpeg"}],"twitter_card":"summary_large_image","twitter_misc":{"Tiempo de lectura":"4 minutos"},"schema":{"@context":"https:\/\/schema.org","@graph":[{"@type":"WebPage","@id":"https:\/\/ticsalutsocial.atoom.space\/es\/noticia\/la-fundacio-tic-salut-social-posa-en-practica-un-nou-marc-davaluacio-dapps-i-actius-digitals-de-salut-basat-en-un-estandard-europeu\/","url":"https:\/\/ticsalutsocial.atoom.space\/es\/noticia\/la-fundacio-tic-salut-social-posa-en-practica-un-nou-marc-davaluacio-dapps-i-actius-digitals-de-salut-basat-en-un-estandard-europeu\/","name":"La Fundaci\u00f3 TIC Salut Social pone en pr\u00e1ctica un nuevo marco de evaluaci\u00f3n de apps y activos digitales de salud basado en un est\u00e1ndar europeo - Fundaci\u00f3 TIC Salut i Social","isPartOf":{"@id":"https:\/\/ticsalutsocial.atoom.space\/es\/#website"},"primaryImageOfPage":{"@id":"https:\/\/ticsalutsocial.atoom.space\/es\/noticia\/la-fundacio-tic-salut-social-posa-en-practica-un-nou-marc-davaluacio-dapps-i-actius-digitals-de-salut-basat-en-un-estandard-europeu\/#primaryimage"},"image":{"@id":"https:\/\/ticsalutsocial.atoom.space\/es\/noticia\/la-fundacio-tic-salut-social-posa-en-practica-un-nou-marc-davaluacio-dapps-i-actius-digitals-de-salut-basat-en-un-estandard-europeu\/#primaryimage"},"thumbnailUrl":"https:\/\/ticsalutsocial.atoom.space\/wp-content\/uploads\/2025\/07\/184583000004627147_zc_v1_1751291813781_thumbnail_istock_931906832.jpg","datePublished":"2025-07-02T10:52:49+00:00","dateModified":"2025-07-02T11:09:19+00:00","breadcrumb":{"@id":"https:\/\/ticsalutsocial.atoom.space\/es\/noticia\/la-fundacio-tic-salut-social-posa-en-practica-un-nou-marc-davaluacio-dapps-i-actius-digitals-de-salut-basat-en-un-estandard-europeu\/#breadcrumb"},"inLanguage":"es","potentialAction":[{"@type":"ReadAction","target":["https:\/\/ticsalutsocial.atoom.space\/es\/noticia\/la-fundacio-tic-salut-social-posa-en-practica-un-nou-marc-davaluacio-dapps-i-actius-digitals-de-salut-basat-en-un-estandard-europeu\/"]}]},{"@type":"ImageObject","inLanguage":"es","@id":"https:\/\/ticsalutsocial.atoom.space\/es\/noticia\/la-fundacio-tic-salut-social-posa-en-practica-un-nou-marc-davaluacio-dapps-i-actius-digitals-de-salut-basat-en-un-estandard-europeu\/#primaryimage","url":"https:\/\/ticsalutsocial.atoom.space\/wp-content\/uploads\/2025\/07\/184583000004627147_zc_v1_1751291813781_thumbnail_istock_931906832.jpg","contentUrl":"https:\/\/ticsalutsocial.atoom.space\/wp-content\/uploads\/2025\/07\/184583000004627147_zc_v1_1751291813781_thumbnail_istock_931906832.jpg","width":1920,"height":1281,"caption":"La Fundaci\u00f3 TIC Salut Social posa en pr\u00e0ctica un nou marc d\u2019avaluaci\u00f3 d\u2019apps i actius digitals de salut basat en un est\u00e0ndard europeu"},{"@type":"BreadcrumbList","@id":"https:\/\/ticsalutsocial.atoom.space\/es\/noticia\/la-fundacio-tic-salut-social-posa-en-practica-un-nou-marc-davaluacio-dapps-i-actius-digitals-de-salut-basat-en-un-estandard-europeu\/#breadcrumb","itemListElement":[{"@type":"ListItem","position":1,"name":"Inici","item":"https:\/\/ticsalutsocial.atoom.space\/es\/"},{"@type":"ListItem","position":2,"name":"La Fundaci\u00f3 TIC Salut Social pone en pr\u00e1ctica un nuevo marco de evaluaci\u00f3n de apps y activos digitales de salud basado en un est\u00e1ndar europeo"}]},{"@type":"WebSite","@id":"https:\/\/ticsalutsocial.atoom.space\/es\/#website","url":"https:\/\/ticsalutsocial.atoom.space\/es\/","name":"Fundaci\u00f3 TIC Salut i Social","description":"","potentialAction":[{"@type":"SearchAction","target":{"@type":"EntryPoint","urlTemplate":"https:\/\/ticsalutsocial.atoom.space\/es\/?s={search_term_string}"},"query-input":{"@type":"PropertyValueSpecification","valueRequired":true,"valueName":"search_term_string"}}],"inLanguage":"es"}]}},"_links":{"self":[{"href":"https:\/\/ticsalutsocial.atoom.space\/es\/wp-json\/wp\/v2\/noticia\/33000","targetHints":{"allow":["GET"]}}],"collection":[{"href":"https:\/\/ticsalutsocial.atoom.space\/es\/wp-json\/wp\/v2\/noticia"}],"about":[{"href":"https:\/\/ticsalutsocial.atoom.space\/es\/wp-json\/wp\/v2\/types\/noticia"}],"author":[{"embeddable":true,"href":"https:\/\/ticsalutsocial.atoom.space\/es\/wp-json\/wp\/v2\/users\/3"}],"wp:featuredmedia":[{"embeddable":true,"href":"https:\/\/ticsalutsocial.atoom.space\/es\/wp-json\/wp\/v2\/media\/32994"}],"wp:attachment":[{"href":"https:\/\/ticsalutsocial.atoom.space\/es\/wp-json\/wp\/v2\/media?parent=33000"}],"wp:term":[{"taxonomy":"etiqueta","embeddable":true,"href":"https:\/\/ticsalutsocial.atoom.space\/es\/wp-json\/wp\/v2\/etiqueta?post=33000"},{"taxonomy":"tipus","embeddable":true,"href":"https:\/\/ticsalutsocial.atoom.space\/es\/wp-json\/wp\/v2\/tipus?post=33000"},{"taxonomy":"topic","embeddable":true,"href":"https:\/\/ticsalutsocial.atoom.space\/es\/wp-json\/wp\/v2\/topic?post=33000"}],"curies":[{"name":"wp","href":"https:\/\/api.w.org\/{rel}","templated":true}]}}