
{"id":3309,"date":"2018-04-10T12:50:34","date_gmt":"2018-04-10T10:50:34","guid":{"rendered":"https:\/\/ticsalutsocial.atoom.space\/?post_type=noticia&#038;p=3309"},"modified":"2021-07-21T15:35:39","modified_gmt":"2021-07-21T13:35:39","slug":"la-fundacio-tic-salut-social-publica-un-articulo-sobre-los-vocabularios-controlados-a-la-revista-agora-de-enfermeria","status":"publish","type":"noticia","link":"https:\/\/ticsalutsocial.atoom.space\/es\/noticia\/la-fundacio-tic-salut-social-publica-un-articulo-sobre-los-vocabularios-controlados-a-la-revista-agora-de-enfermeria\/","title":{"rendered":"La Fundaci\u00f3 TIC Salut Social publica un art\u00edculo sobre los vocabularios controlados a la revista \u00c1gora de enfermer\u00eda"},"content":{"rendered":"<p>Desde la Fundaci\u00f3 TIC Salut Social se ha colaborado en la elaboraci\u00f3n de un art\u00edculo sobre el papel de los vocabularios controlados en la reingenier\u00eda del proceso asistencial en el \u00e1mbito de enfermer\u00eda.<\/p>\n<p>El art\u00edculo, que se ha redactado conjuntamente con la Universidad de Andorra y Atenci\u00f3n Primaria del Sistema Andorrano de Atenci\u00f3n Sanitaria, se ha publicado al n\u00famero 85 de la revista \u00c1gora de enfermer\u00eda. En el art\u00edculo se destaca la importancia de contar con un vocabulario com\u00fan y estandarizado que permita intercambiar la informaci\u00f3n de manera coherente entre sistemas de informaci\u00f3n, as\u00ed como proporcionar a los profesionales asistenciales que lo tienen que utilizar, una herramienta de registro, seguimiento y explotaci\u00f3n \u00e1gil y f\u00e1cil de utilizar.<\/p>\n<p>El art\u00edculo original se puede consultar en el siguiente enlace:\u00a0<a href=\"http:\/\/www.agoradenfermeria.eu\/magazine\/articles\/053_coia_es.pdf\" data-cke-saved-href=\"http:\/\/www.agoradenfermeria.eu\/magazine\/articles\/053_coia_es.pdf\">Reingenier\u00eda\u00a0de\u00a0ProcesosAsistenciales\u00a0entorno\u00a0al\u00a0Diccionario\u00a0Cl\u00ednicoDigital:\u00a0Estandarizaci\u00f3n\u00a0de\u00a0procesos\u00a0de\u00a0enfermer\u00eda.<\/a><\/p>\n","protected":false},"author":21,"featured_media":3305,"menu_order":0,"template":"","meta":{"_acf_changed":false,"inline_featured_image":false},"etiqueta":[],"tipus":[84],"topic":[117],"class_list":["post-3309","noticia","type-noticia","status-publish","has-post-thumbnail","hentry","tipus-oficina-interoperabilidad","topic-jornadas"],"acf":{"imatge":3307,"autor":"Ariadna Rius","textos_destacats":[{"texte":"En el art\u00edculo se destaca la importancia de contar con un vocabulario com\u00fan y estandarizado que permita intercambiar la informaci\u00f3n de manera coherente entre sistemas de informaci\u00f3n."}]},"yoast_head":"<!-- This site is optimized with the Yoast SEO plugin v27.1.1 - https:\/\/yoast.com\/product\/yoast-seo-wordpress\/ -->\n<title>La Fundaci\u00f3 TIC Salut Social publica un art\u00edculo sobre los vocabularios controlados a la revista \u00c1gora de enfermer\u00eda - Fundaci\u00f3 TIC Salut i Social<\/title>\n<meta name=\"robots\" content=\"index, follow, max-snippet:-1, max-image-preview:large, max-video-preview:-1\" \/>\n<link rel=\"canonical\" href=\"https:\/\/ticsalutsocial.atoom.space\/es\/noticia\/la-fundacio-tic-salut-social-publica-un-articulo-sobre-los-vocabularios-controlados-a-la-revista-agora-de-enfermeria\/\" \/>\n<meta property=\"og:locale\" content=\"es_ES\" \/>\n<meta property=\"og:type\" content=\"article\" \/>\n<meta property=\"og:title\" content=\"La Fundaci\u00f3 TIC Salut Social publica un art\u00edculo sobre los vocabularios controlados a la revista \u00c1gora de enfermer\u00eda - Fundaci\u00f3 TIC Salut i Social\" \/>\n<meta property=\"og:description\" content=\"Desde la Fundaci\u00f3 TIC Salut Social se ha colaborado en la elaboraci\u00f3n de un art\u00edculo sobre el papel de los vocabularios controlados en la reingenier\u00eda del proceso asistencial en el \u00e1mbito de enfermer\u00eda. El art\u00edculo, que se ha redactado conjuntamente con la Universidad de Andorra y Atenci\u00f3n Primaria del Sistema Andorrano de Atenci\u00f3n Sanitaria, se [&hellip;]\" \/>\n<meta property=\"og:url\" content=\"https:\/\/ticsalutsocial.atoom.space\/es\/noticia\/la-fundacio-tic-salut-social-publica-un-articulo-sobre-los-vocabularios-controlados-a-la-revista-agora-de-enfermeria\/\" \/>\n<meta property=\"og:site_name\" content=\"Fundaci\u00f3 TIC Salut i Social\" \/>\n<meta property=\"article:modified_time\" content=\"2021-07-21T13:35:39+00:00\" \/>\n<meta property=\"og:image\" content=\"https:\/\/ticsalutsocial.atoom.space\/wp-content\/uploads\/2018\/04\/article.png\" \/>\n\t<meta property=\"og:image:width\" content=\"795\" \/>\n\t<meta property=\"og:image:height\" content=\"506\" \/>\n\t<meta property=\"og:image:type\" content=\"image\/png\" \/>\n<meta name=\"twitter:card\" content=\"summary_large_image\" \/>\n<meta name=\"twitter:label1\" content=\"Tiempo de lectura\" \/>\n\t<meta name=\"twitter:data1\" content=\"1 minuto\" \/>\n<script type=\"application\/ld+json\" class=\"yoast-schema-graph\">{\"@context\":\"https:\/\/schema.org\",\"@graph\":[{\"@type\":\"WebPage\",\"@id\":\"https:\/\/ticsalutsocial.atoom.space\/es\/noticia\/la-fundacio-tic-salut-social-publica-un-articulo-sobre-los-vocabularios-controlados-a-la-revista-agora-de-enfermeria\/\",\"url\":\"https:\/\/ticsalutsocial.atoom.space\/es\/noticia\/la-fundacio-tic-salut-social-publica-un-articulo-sobre-los-vocabularios-controlados-a-la-revista-agora-de-enfermeria\/\",\"name\":\"La Fundaci\u00f3 TIC Salut Social publica un art\u00edculo sobre los vocabularios controlados a la revista \u00c1gora de enfermer\u00eda - Fundaci\u00f3 TIC Salut i Social\",\"isPartOf\":{\"@id\":\"https:\/\/ticsalutsocial.atoom.space\/es\/#website\"},\"primaryImageOfPage\":{\"@id\":\"https:\/\/ticsalutsocial.atoom.space\/es\/noticia\/la-fundacio-tic-salut-social-publica-un-articulo-sobre-los-vocabularios-controlados-a-la-revista-agora-de-enfermeria\/#primaryimage\"},\"image\":{\"@id\":\"https:\/\/ticsalutsocial.atoom.space\/es\/noticia\/la-fundacio-tic-salut-social-publica-un-articulo-sobre-los-vocabularios-controlados-a-la-revista-agora-de-enfermeria\/#primaryimage\"},\"thumbnailUrl\":\"https:\/\/ticsalutsocial.atoom.space\/wp-content\/uploads\/2018\/04\/article.png\",\"datePublished\":\"2018-04-10T10:50:34+00:00\",\"dateModified\":\"2021-07-21T13:35:39+00:00\",\"breadcrumb\":{\"@id\":\"https:\/\/ticsalutsocial.atoom.space\/es\/noticia\/la-fundacio-tic-salut-social-publica-un-articulo-sobre-los-vocabularios-controlados-a-la-revista-agora-de-enfermeria\/#breadcrumb\"},\"inLanguage\":\"es\",\"potentialAction\":[{\"@type\":\"ReadAction\",\"target\":[\"https:\/\/ticsalutsocial.atoom.space\/es\/noticia\/la-fundacio-tic-salut-social-publica-un-articulo-sobre-los-vocabularios-controlados-a-la-revista-agora-de-enfermeria\/\"]}]},{\"@type\":\"ImageObject\",\"inLanguage\":\"es\",\"@id\":\"https:\/\/ticsalutsocial.atoom.space\/es\/noticia\/la-fundacio-tic-salut-social-publica-un-articulo-sobre-los-vocabularios-controlados-a-la-revista-agora-de-enfermeria\/#primaryimage\",\"url\":\"https:\/\/ticsalutsocial.atoom.space\/wp-content\/uploads\/2018\/04\/article.png\",\"contentUrl\":\"https:\/\/ticsalutsocial.atoom.space\/wp-content\/uploads\/2018\/04\/article.png\",\"width\":795,\"height\":506},{\"@type\":\"BreadcrumbList\",\"@id\":\"https:\/\/ticsalutsocial.atoom.space\/es\/noticia\/la-fundacio-tic-salut-social-publica-un-articulo-sobre-los-vocabularios-controlados-a-la-revista-agora-de-enfermeria\/#breadcrumb\",\"itemListElement\":[{\"@type\":\"ListItem\",\"position\":1,\"name\":\"Inici\",\"item\":\"https:\/\/ticsalutsocial.atoom.space\/es\/\"},{\"@type\":\"ListItem\",\"position\":2,\"name\":\"La Fundaci\u00f3 TIC Salut Social publica un art\u00edculo sobre los vocabularios controlados a la revista \u00c1gora de enfermer\u00eda\"}]},{\"@type\":\"WebSite\",\"@id\":\"https:\/\/ticsalutsocial.atoom.space\/es\/#website\",\"url\":\"https:\/\/ticsalutsocial.atoom.space\/es\/\",\"name\":\"Fundaci\u00f3 TIC Salut i Social\",\"description\":\"\",\"potentialAction\":[{\"@type\":\"SearchAction\",\"target\":{\"@type\":\"EntryPoint\",\"urlTemplate\":\"https:\/\/ticsalutsocial.atoom.space\/es\/?s={search_term_string}\"},\"query-input\":{\"@type\":\"PropertyValueSpecification\",\"valueRequired\":true,\"valueName\":\"search_term_string\"}}],\"inLanguage\":\"es\"}]}<\/script>\n<!-- \/ Yoast SEO plugin. -->","yoast_head_json":{"title":"La Fundaci\u00f3 TIC Salut Social publica un art\u00edculo sobre los vocabularios controlados a la revista \u00c1gora de enfermer\u00eda - Fundaci\u00f3 TIC Salut i Social","robots":{"index":"index","follow":"follow","max-snippet":"max-snippet:-1","max-image-preview":"max-image-preview:large","max-video-preview":"max-video-preview:-1"},"canonical":"https:\/\/ticsalutsocial.atoom.space\/es\/noticia\/la-fundacio-tic-salut-social-publica-un-articulo-sobre-los-vocabularios-controlados-a-la-revista-agora-de-enfermeria\/","og_locale":"es_ES","og_type":"article","og_title":"La Fundaci\u00f3 TIC Salut Social publica un art\u00edculo sobre los vocabularios controlados a la revista \u00c1gora de enfermer\u00eda - Fundaci\u00f3 TIC Salut i Social","og_description":"Desde la Fundaci\u00f3 TIC Salut Social se ha colaborado en la elaboraci\u00f3n de un art\u00edculo sobre el papel de los vocabularios controlados en la reingenier\u00eda del proceso asistencial en el \u00e1mbito de enfermer\u00eda. El art\u00edculo, que se ha redactado conjuntamente con la Universidad de Andorra y Atenci\u00f3n Primaria del Sistema Andorrano de Atenci\u00f3n Sanitaria, se [&hellip;]","og_url":"https:\/\/ticsalutsocial.atoom.space\/es\/noticia\/la-fundacio-tic-salut-social-publica-un-articulo-sobre-los-vocabularios-controlados-a-la-revista-agora-de-enfermeria\/","og_site_name":"Fundaci\u00f3 TIC Salut i Social","article_modified_time":"2021-07-21T13:35:39+00:00","og_image":[{"width":795,"height":506,"url":"https:\/\/ticsalutsocial.atoom.space\/wp-content\/uploads\/2018\/04\/article.png","type":"image\/png"}],"twitter_card":"summary_large_image","twitter_misc":{"Tiempo de lectura":"1 minuto"},"schema":{"@context":"https:\/\/schema.org","@graph":[{"@type":"WebPage","@id":"https:\/\/ticsalutsocial.atoom.space\/es\/noticia\/la-fundacio-tic-salut-social-publica-un-articulo-sobre-los-vocabularios-controlados-a-la-revista-agora-de-enfermeria\/","url":"https:\/\/ticsalutsocial.atoom.space\/es\/noticia\/la-fundacio-tic-salut-social-publica-un-articulo-sobre-los-vocabularios-controlados-a-la-revista-agora-de-enfermeria\/","name":"La Fundaci\u00f3 TIC Salut Social publica un art\u00edculo sobre los vocabularios controlados a la revista \u00c1gora de enfermer\u00eda - Fundaci\u00f3 TIC Salut i Social","isPartOf":{"@id":"https:\/\/ticsalutsocial.atoom.space\/es\/#website"},"primaryImageOfPage":{"@id":"https:\/\/ticsalutsocial.atoom.space\/es\/noticia\/la-fundacio-tic-salut-social-publica-un-articulo-sobre-los-vocabularios-controlados-a-la-revista-agora-de-enfermeria\/#primaryimage"},"image":{"@id":"https:\/\/ticsalutsocial.atoom.space\/es\/noticia\/la-fundacio-tic-salut-social-publica-un-articulo-sobre-los-vocabularios-controlados-a-la-revista-agora-de-enfermeria\/#primaryimage"},"thumbnailUrl":"https:\/\/ticsalutsocial.atoom.space\/wp-content\/uploads\/2018\/04\/article.png","datePublished":"2018-04-10T10:50:34+00:00","dateModified":"2021-07-21T13:35:39+00:00","breadcrumb":{"@id":"https:\/\/ticsalutsocial.atoom.space\/es\/noticia\/la-fundacio-tic-salut-social-publica-un-articulo-sobre-los-vocabularios-controlados-a-la-revista-agora-de-enfermeria\/#breadcrumb"},"inLanguage":"es","potentialAction":[{"@type":"ReadAction","target":["https:\/\/ticsalutsocial.atoom.space\/es\/noticia\/la-fundacio-tic-salut-social-publica-un-articulo-sobre-los-vocabularios-controlados-a-la-revista-agora-de-enfermeria\/"]}]},{"@type":"ImageObject","inLanguage":"es","@id":"https:\/\/ticsalutsocial.atoom.space\/es\/noticia\/la-fundacio-tic-salut-social-publica-un-articulo-sobre-los-vocabularios-controlados-a-la-revista-agora-de-enfermeria\/#primaryimage","url":"https:\/\/ticsalutsocial.atoom.space\/wp-content\/uploads\/2018\/04\/article.png","contentUrl":"https:\/\/ticsalutsocial.atoom.space\/wp-content\/uploads\/2018\/04\/article.png","width":795,"height":506},{"@type":"BreadcrumbList","@id":"https:\/\/ticsalutsocial.atoom.space\/es\/noticia\/la-fundacio-tic-salut-social-publica-un-articulo-sobre-los-vocabularios-controlados-a-la-revista-agora-de-enfermeria\/#breadcrumb","itemListElement":[{"@type":"ListItem","position":1,"name":"Inici","item":"https:\/\/ticsalutsocial.atoom.space\/es\/"},{"@type":"ListItem","position":2,"name":"La Fundaci\u00f3 TIC Salut Social publica un art\u00edculo sobre los vocabularios controlados a la revista \u00c1gora de enfermer\u00eda"}]},{"@type":"WebSite","@id":"https:\/\/ticsalutsocial.atoom.space\/es\/#website","url":"https:\/\/ticsalutsocial.atoom.space\/es\/","name":"Fundaci\u00f3 TIC Salut i Social","description":"","potentialAction":[{"@type":"SearchAction","target":{"@type":"EntryPoint","urlTemplate":"https:\/\/ticsalutsocial.atoom.space\/es\/?s={search_term_string}"},"query-input":{"@type":"PropertyValueSpecification","valueRequired":true,"valueName":"search_term_string"}}],"inLanguage":"es"}]}},"_links":{"self":[{"href":"https:\/\/ticsalutsocial.atoom.space\/es\/wp-json\/wp\/v2\/noticia\/3309","targetHints":{"allow":["GET"]}}],"collection":[{"href":"https:\/\/ticsalutsocial.atoom.space\/es\/wp-json\/wp\/v2\/noticia"}],"about":[{"href":"https:\/\/ticsalutsocial.atoom.space\/es\/wp-json\/wp\/v2\/types\/noticia"}],"author":[{"embeddable":true,"href":"https:\/\/ticsalutsocial.atoom.space\/es\/wp-json\/wp\/v2\/users\/21"}],"wp:featuredmedia":[{"embeddable":true,"href":"https:\/\/ticsalutsocial.atoom.space\/es\/wp-json\/wp\/v2\/media\/3305"}],"wp:attachment":[{"href":"https:\/\/ticsalutsocial.atoom.space\/es\/wp-json\/wp\/v2\/media?parent=3309"}],"wp:term":[{"taxonomy":"etiqueta","embeddable":true,"href":"https:\/\/ticsalutsocial.atoom.space\/es\/wp-json\/wp\/v2\/etiqueta?post=3309"},{"taxonomy":"tipus","embeddable":true,"href":"https:\/\/ticsalutsocial.atoom.space\/es\/wp-json\/wp\/v2\/tipus?post=3309"},{"taxonomy":"topic","embeddable":true,"href":"https:\/\/ticsalutsocial.atoom.space\/es\/wp-json\/wp\/v2\/topic?post=3309"}],"curies":[{"name":"wp","href":"https:\/\/api.w.org\/{rel}","templated":true}]}}