
{"id":3315,"date":"2018-04-10T12:59:29","date_gmt":"2018-04-10T10:59:29","guid":{"rendered":"https:\/\/ticsalutsocial.atoom.space\/?post_type=noticia&#038;p=3315"},"modified":"2021-07-21T15:35:42","modified_gmt":"2021-07-21T13:35:42","slug":"la-fundacio-tic-salut-social-publica-la-8a-version-de-la-extension-catalana-de-snomed-ct","status":"publish","type":"noticia","link":"https:\/\/ticsalutsocial.atoom.space\/es\/noticia\/la-fundacio-tic-salut-social-publica-la-8a-version-de-la-extension-catalana-de-snomed-ct\/","title":{"rendered":"La Fundaci\u00f3 TIC Salut Social publica la 8a versi\u00f3n de la extensi\u00f3n catalana de SNOMED CT"},"content":{"rendered":"<p>La <strong>Oficina de Est\u00e1ndares e Interoperabilidad (OFSTI)<\/strong>\u00a0de la Fundaci\u00f3 TIC Salut Social acaba de publicar la <strong>8a\u00a0versi\u00f3n de la extensi\u00f3n catalana de\u00a0SNOMED\u00a0CT<\/strong>. Esta versi\u00f3n est\u00e1 disponible en\u00a0RF2, que es el \u00faltimo formato de publicaciones que utiliza la\u00a0IHTSDO\u00a0para publicar la terminolog\u00eda cl\u00ednica\u00a0SNOMED\u00a0CT.<\/p>\n<p>Esta versi\u00f3n incluye la traducci\u00f3n en\u00a0catal\u00e1n de los subconjuntos \u201c<strong>atributos de las prestaciones<\/strong>\u201d e \u201c<strong>intersocial<\/strong>\u201d. Este \u00faltimo contiene la terminolog\u00eda para las problem\u00e1ticas y respuestas del \u00e1mbito de la atenci\u00f3n social.<\/p>\n<p>Por otro lado, se ha creado el subconjunto de variables\u00a0mHealth\u00a0y\u00a0mSocial\u00a0y se han actualizado los siguientes 13 subconjuntos:<\/p>\n<table class=\" cke_show_border\" cellspacing=\"0\" cellpadding=\"0\">\n<tbody>\n<tr>\n<td>\u25cf\u00a0\u00a0\u00a0\u00a0 Alergias<\/p>\n<p>\u25cf\u00a0\u00a0\u00a0\u00a0 Anatom\u00eda patol\u00f3gica<\/p>\n<p>\u25cf\u00a0\u00a0\u00a0\u00a0 Cribaje de c\u00e1ncer<\/p>\n<p>\u25cf\u00a0\u00a0\u00a0\u00a0 Documentos cl\u00ednicos<\/p>\n<p>\u25cf\u00a0\u00a0\u00a0\u00a0 Escalas de valoraci\u00f3n<\/p>\n<p>\u25cf\u00a0\u00a0\u00a0\u00a0 Inmunizaciones<\/p>\n<p>\u25cf\u00a0\u00a0\u00a0\u00a0 Informe de espirometr\u00eda<\/td>\n<td>\u25cf\u00a0\u00a0\u00a0\u00a0 Notificaci\u00f3n de reacciones adversas a inmunizaciones<\/p>\n<p>\u25cf\u00a0\u00a0\u00a0\u00a0 Oftalmolog\u00eda<\/p>\n<p>\u25cf\u00a0\u00a0\u00a0\u00a0 Prestaciones<\/p>\n<p>\u25cf\u00a0\u00a0\u00a0\u00a0 Profesiones sanitarias<\/p>\n<p>\u25cf\u00a0\u00a0\u00a0\u00a0 Variables cl\u00ednicas<\/p>\n<p>\u25cf\u00a0\u00a0\u00a0\u00a0 WiFIS<\/td>\n<\/tr>\n<\/tbody>\n<\/table>\n<p>En esta actualizaci\u00f3n se han a\u00f1adido 88 conceptos a la extensi\u00f3n catalana, el que hace un total de 2831 conceptos. Para agrupar estos conceptos y utilizarlos f\u00e1cilmente dentro de cada \u00e1mbito. La extensi\u00f3n ya consta de 43 subconjuntos.<\/p>\n<p>Desde el 2016, con la colaboraci\u00f3n del Servei de Planificaci\u00f3 Ling\u00fc\u00edstica del Departament\u00a0de Salut\u00a0y el\u00a0TERMCAT, se empez\u00f3 a traducir la extensi\u00f3n al catal\u00e1n. Actualmente ya se han traducido 2384 descripciones.<\/p>\n<p>As\u00ed pues, ya se encuentra disponible la versi\u00f3n beta de la extensi\u00f3n catalana en\u00a0RF2. Este a\u00f1o se han publicado los datos en formato\u00a0RF1\u00a0y\u00a0RF2\u00a0(y un fichero simplificado para las versiones\u00a0INT\u00a0y SE-ARG)\u00a0para facilitar la migraci\u00f3n del formato a los centros de salud catalanes. A\u00fan as\u00ed, a partir del a\u00f1o que viene, la Fundaci\u00f3 TIC Salut Social s\u00f3lo publicar\u00e1 la extensi\u00f3n en\u00a0RF2. De este modo, Catalu\u00f1a se actualizar\u00e1 al \u00faltimo formato de publicaciones (RF2)\u00a0de\u00a0SNOMED\u00a0CT y se pondr\u00e1 en vanguardia de la interoperabilidad junto con los otros pa\u00edses que forman la\u00a0IHTSDO.<\/p>\n","protected":false},"author":21,"featured_media":3311,"menu_order":0,"template":"","meta":{"_acf_changed":false,"inline_featured_image":false},"etiqueta":[],"tipus":[84],"topic":[117],"class_list":["post-3315","noticia","type-noticia","status-publish","has-post-thumbnail","hentry","tipus-oficina-interoperabilidad","topic-jornadas"],"acf":{"imatge":3313,"autor":"Ariadna Rius","textos_destacats":[{"texte":"Esta versi\u00f3n est\u00e1 disponible en RF2, que es el \u00faltimo formato de publicaciones que utiliza la IHTSDO para publicar la terminolog\u00eda cl\u00ednica SNOMED CT."}]},"yoast_head":"<!-- This site is optimized with the Yoast SEO plugin v27.1.1 - https:\/\/yoast.com\/product\/yoast-seo-wordpress\/ -->\n<title>La Fundaci\u00f3 TIC Salut Social publica la 8a versi\u00f3n de la extensi\u00f3n catalana de SNOMED CT - Fundaci\u00f3 TIC Salut i Social<\/title>\n<meta name=\"robots\" content=\"index, follow, max-snippet:-1, max-image-preview:large, max-video-preview:-1\" \/>\n<link rel=\"canonical\" href=\"https:\/\/ticsalutsocial.atoom.space\/es\/noticia\/la-fundacio-tic-salut-social-publica-la-8a-version-de-la-extension-catalana-de-snomed-ct\/\" \/>\n<meta property=\"og:locale\" content=\"es_ES\" \/>\n<meta property=\"og:type\" content=\"article\" \/>\n<meta property=\"og:title\" content=\"La Fundaci\u00f3 TIC Salut Social publica la 8a versi\u00f3n de la extensi\u00f3n catalana de SNOMED CT - Fundaci\u00f3 TIC Salut i Social\" \/>\n<meta property=\"og:description\" content=\"La Oficina de Est\u00e1ndares e Interoperabilidad (OFSTI)\u00a0de la Fundaci\u00f3 TIC Salut Social acaba de publicar la 8a\u00a0versi\u00f3n de la extensi\u00f3n catalana de\u00a0SNOMED\u00a0CT. Esta versi\u00f3n est\u00e1 disponible en\u00a0RF2, que es el \u00faltimo formato de publicaciones que utiliza la\u00a0IHTSDO\u00a0para publicar la terminolog\u00eda cl\u00ednica\u00a0SNOMED\u00a0CT. Esta versi\u00f3n incluye la traducci\u00f3n en\u00a0catal\u00e1n de los subconjuntos \u201catributos de las prestaciones\u201d e [&hellip;]\" \/>\n<meta property=\"og:url\" content=\"https:\/\/ticsalutsocial.atoom.space\/es\/noticia\/la-fundacio-tic-salut-social-publica-la-8a-version-de-la-extension-catalana-de-snomed-ct\/\" \/>\n<meta property=\"og:site_name\" content=\"Fundaci\u00f3 TIC Salut i Social\" \/>\n<meta property=\"article:modified_time\" content=\"2021-07-21T13:35:42+00:00\" \/>\n<meta property=\"og:image\" content=\"https:\/\/ticsalutsocial.atoom.space\/wp-content\/uploads\/2018\/04\/estandards.png\" \/>\n\t<meta property=\"og:image:width\" content=\"844\" \/>\n\t<meta property=\"og:image:height\" content=\"563\" \/>\n\t<meta property=\"og:image:type\" content=\"image\/png\" \/>\n<meta name=\"twitter:card\" content=\"summary_large_image\" \/>\n<meta name=\"twitter:label1\" content=\"Tiempo de lectura\" \/>\n\t<meta name=\"twitter:data1\" content=\"2 minutos\" \/>\n<script type=\"application\/ld+json\" class=\"yoast-schema-graph\">{\"@context\":\"https:\/\/schema.org\",\"@graph\":[{\"@type\":\"WebPage\",\"@id\":\"https:\/\/ticsalutsocial.atoom.space\/es\/noticia\/la-fundacio-tic-salut-social-publica-la-8a-version-de-la-extension-catalana-de-snomed-ct\/\",\"url\":\"https:\/\/ticsalutsocial.atoom.space\/es\/noticia\/la-fundacio-tic-salut-social-publica-la-8a-version-de-la-extension-catalana-de-snomed-ct\/\",\"name\":\"La Fundaci\u00f3 TIC Salut Social publica la 8a versi\u00f3n de la extensi\u00f3n catalana de SNOMED CT - Fundaci\u00f3 TIC Salut i Social\",\"isPartOf\":{\"@id\":\"https:\/\/ticsalutsocial.atoom.space\/es\/#website\"},\"primaryImageOfPage\":{\"@id\":\"https:\/\/ticsalutsocial.atoom.space\/es\/noticia\/la-fundacio-tic-salut-social-publica-la-8a-version-de-la-extension-catalana-de-snomed-ct\/#primaryimage\"},\"image\":{\"@id\":\"https:\/\/ticsalutsocial.atoom.space\/es\/noticia\/la-fundacio-tic-salut-social-publica-la-8a-version-de-la-extension-catalana-de-snomed-ct\/#primaryimage\"},\"thumbnailUrl\":\"https:\/\/ticsalutsocial.atoom.space\/wp-content\/uploads\/2018\/04\/estandards.png\",\"datePublished\":\"2018-04-10T10:59:29+00:00\",\"dateModified\":\"2021-07-21T13:35:42+00:00\",\"breadcrumb\":{\"@id\":\"https:\/\/ticsalutsocial.atoom.space\/es\/noticia\/la-fundacio-tic-salut-social-publica-la-8a-version-de-la-extension-catalana-de-snomed-ct\/#breadcrumb\"},\"inLanguage\":\"es\",\"potentialAction\":[{\"@type\":\"ReadAction\",\"target\":[\"https:\/\/ticsalutsocial.atoom.space\/es\/noticia\/la-fundacio-tic-salut-social-publica-la-8a-version-de-la-extension-catalana-de-snomed-ct\/\"]}]},{\"@type\":\"ImageObject\",\"inLanguage\":\"es\",\"@id\":\"https:\/\/ticsalutsocial.atoom.space\/es\/noticia\/la-fundacio-tic-salut-social-publica-la-8a-version-de-la-extension-catalana-de-snomed-ct\/#primaryimage\",\"url\":\"https:\/\/ticsalutsocial.atoom.space\/wp-content\/uploads\/2018\/04\/estandards.png\",\"contentUrl\":\"https:\/\/ticsalutsocial.atoom.space\/wp-content\/uploads\/2018\/04\/estandards.png\",\"width\":844,\"height\":563},{\"@type\":\"BreadcrumbList\",\"@id\":\"https:\/\/ticsalutsocial.atoom.space\/es\/noticia\/la-fundacio-tic-salut-social-publica-la-8a-version-de-la-extension-catalana-de-snomed-ct\/#breadcrumb\",\"itemListElement\":[{\"@type\":\"ListItem\",\"position\":1,\"name\":\"Inici\",\"item\":\"https:\/\/ticsalutsocial.atoom.space\/es\/\"},{\"@type\":\"ListItem\",\"position\":2,\"name\":\"La Fundaci\u00f3 TIC Salut Social publica la 8a versi\u00f3n de la extensi\u00f3n catalana de SNOMED CT\"}]},{\"@type\":\"WebSite\",\"@id\":\"https:\/\/ticsalutsocial.atoom.space\/es\/#website\",\"url\":\"https:\/\/ticsalutsocial.atoom.space\/es\/\",\"name\":\"Fundaci\u00f3 TIC Salut i Social\",\"description\":\"\",\"potentialAction\":[{\"@type\":\"SearchAction\",\"target\":{\"@type\":\"EntryPoint\",\"urlTemplate\":\"https:\/\/ticsalutsocial.atoom.space\/es\/?s={search_term_string}\"},\"query-input\":{\"@type\":\"PropertyValueSpecification\",\"valueRequired\":true,\"valueName\":\"search_term_string\"}}],\"inLanguage\":\"es\"}]}<\/script>\n<!-- \/ Yoast SEO plugin. -->","yoast_head_json":{"title":"La Fundaci\u00f3 TIC Salut Social publica la 8a versi\u00f3n de la extensi\u00f3n catalana de SNOMED CT - Fundaci\u00f3 TIC Salut i Social","robots":{"index":"index","follow":"follow","max-snippet":"max-snippet:-1","max-image-preview":"max-image-preview:large","max-video-preview":"max-video-preview:-1"},"canonical":"https:\/\/ticsalutsocial.atoom.space\/es\/noticia\/la-fundacio-tic-salut-social-publica-la-8a-version-de-la-extension-catalana-de-snomed-ct\/","og_locale":"es_ES","og_type":"article","og_title":"La Fundaci\u00f3 TIC Salut Social publica la 8a versi\u00f3n de la extensi\u00f3n catalana de SNOMED CT - Fundaci\u00f3 TIC Salut i Social","og_description":"La Oficina de Est\u00e1ndares e Interoperabilidad (OFSTI)\u00a0de la Fundaci\u00f3 TIC Salut Social acaba de publicar la 8a\u00a0versi\u00f3n de la extensi\u00f3n catalana de\u00a0SNOMED\u00a0CT. Esta versi\u00f3n est\u00e1 disponible en\u00a0RF2, que es el \u00faltimo formato de publicaciones que utiliza la\u00a0IHTSDO\u00a0para publicar la terminolog\u00eda cl\u00ednica\u00a0SNOMED\u00a0CT. Esta versi\u00f3n incluye la traducci\u00f3n en\u00a0catal\u00e1n de los subconjuntos \u201catributos de las prestaciones\u201d e [&hellip;]","og_url":"https:\/\/ticsalutsocial.atoom.space\/es\/noticia\/la-fundacio-tic-salut-social-publica-la-8a-version-de-la-extension-catalana-de-snomed-ct\/","og_site_name":"Fundaci\u00f3 TIC Salut i Social","article_modified_time":"2021-07-21T13:35:42+00:00","og_image":[{"width":844,"height":563,"url":"https:\/\/ticsalutsocial.atoom.space\/wp-content\/uploads\/2018\/04\/estandards.png","type":"image\/png"}],"twitter_card":"summary_large_image","twitter_misc":{"Tiempo de lectura":"2 minutos"},"schema":{"@context":"https:\/\/schema.org","@graph":[{"@type":"WebPage","@id":"https:\/\/ticsalutsocial.atoom.space\/es\/noticia\/la-fundacio-tic-salut-social-publica-la-8a-version-de-la-extension-catalana-de-snomed-ct\/","url":"https:\/\/ticsalutsocial.atoom.space\/es\/noticia\/la-fundacio-tic-salut-social-publica-la-8a-version-de-la-extension-catalana-de-snomed-ct\/","name":"La Fundaci\u00f3 TIC Salut Social publica la 8a versi\u00f3n de la extensi\u00f3n catalana de SNOMED CT - Fundaci\u00f3 TIC Salut i Social","isPartOf":{"@id":"https:\/\/ticsalutsocial.atoom.space\/es\/#website"},"primaryImageOfPage":{"@id":"https:\/\/ticsalutsocial.atoom.space\/es\/noticia\/la-fundacio-tic-salut-social-publica-la-8a-version-de-la-extension-catalana-de-snomed-ct\/#primaryimage"},"image":{"@id":"https:\/\/ticsalutsocial.atoom.space\/es\/noticia\/la-fundacio-tic-salut-social-publica-la-8a-version-de-la-extension-catalana-de-snomed-ct\/#primaryimage"},"thumbnailUrl":"https:\/\/ticsalutsocial.atoom.space\/wp-content\/uploads\/2018\/04\/estandards.png","datePublished":"2018-04-10T10:59:29+00:00","dateModified":"2021-07-21T13:35:42+00:00","breadcrumb":{"@id":"https:\/\/ticsalutsocial.atoom.space\/es\/noticia\/la-fundacio-tic-salut-social-publica-la-8a-version-de-la-extension-catalana-de-snomed-ct\/#breadcrumb"},"inLanguage":"es","potentialAction":[{"@type":"ReadAction","target":["https:\/\/ticsalutsocial.atoom.space\/es\/noticia\/la-fundacio-tic-salut-social-publica-la-8a-version-de-la-extension-catalana-de-snomed-ct\/"]}]},{"@type":"ImageObject","inLanguage":"es","@id":"https:\/\/ticsalutsocial.atoom.space\/es\/noticia\/la-fundacio-tic-salut-social-publica-la-8a-version-de-la-extension-catalana-de-snomed-ct\/#primaryimage","url":"https:\/\/ticsalutsocial.atoom.space\/wp-content\/uploads\/2018\/04\/estandards.png","contentUrl":"https:\/\/ticsalutsocial.atoom.space\/wp-content\/uploads\/2018\/04\/estandards.png","width":844,"height":563},{"@type":"BreadcrumbList","@id":"https:\/\/ticsalutsocial.atoom.space\/es\/noticia\/la-fundacio-tic-salut-social-publica-la-8a-version-de-la-extension-catalana-de-snomed-ct\/#breadcrumb","itemListElement":[{"@type":"ListItem","position":1,"name":"Inici","item":"https:\/\/ticsalutsocial.atoom.space\/es\/"},{"@type":"ListItem","position":2,"name":"La Fundaci\u00f3 TIC Salut Social publica la 8a versi\u00f3n de la extensi\u00f3n catalana de SNOMED CT"}]},{"@type":"WebSite","@id":"https:\/\/ticsalutsocial.atoom.space\/es\/#website","url":"https:\/\/ticsalutsocial.atoom.space\/es\/","name":"Fundaci\u00f3 TIC Salut i Social","description":"","potentialAction":[{"@type":"SearchAction","target":{"@type":"EntryPoint","urlTemplate":"https:\/\/ticsalutsocial.atoom.space\/es\/?s={search_term_string}"},"query-input":{"@type":"PropertyValueSpecification","valueRequired":true,"valueName":"search_term_string"}}],"inLanguage":"es"}]}},"_links":{"self":[{"href":"https:\/\/ticsalutsocial.atoom.space\/es\/wp-json\/wp\/v2\/noticia\/3315","targetHints":{"allow":["GET"]}}],"collection":[{"href":"https:\/\/ticsalutsocial.atoom.space\/es\/wp-json\/wp\/v2\/noticia"}],"about":[{"href":"https:\/\/ticsalutsocial.atoom.space\/es\/wp-json\/wp\/v2\/types\/noticia"}],"author":[{"embeddable":true,"href":"https:\/\/ticsalutsocial.atoom.space\/es\/wp-json\/wp\/v2\/users\/21"}],"wp:featuredmedia":[{"embeddable":true,"href":"https:\/\/ticsalutsocial.atoom.space\/es\/wp-json\/wp\/v2\/media\/3311"}],"wp:attachment":[{"href":"https:\/\/ticsalutsocial.atoom.space\/es\/wp-json\/wp\/v2\/media?parent=3315"}],"wp:term":[{"taxonomy":"etiqueta","embeddable":true,"href":"https:\/\/ticsalutsocial.atoom.space\/es\/wp-json\/wp\/v2\/etiqueta?post=3315"},{"taxonomy":"tipus","embeddable":true,"href":"https:\/\/ticsalutsocial.atoom.space\/es\/wp-json\/wp\/v2\/tipus?post=3315"},{"taxonomy":"topic","embeddable":true,"href":"https:\/\/ticsalutsocial.atoom.space\/es\/wp-json\/wp\/v2\/topic?post=3315"}],"curies":[{"name":"wp","href":"https:\/\/api.w.org\/{rel}","templated":true}]}}