
{"id":3321,"date":"2018-06-10T13:02:32","date_gmt":"2018-06-10T11:02:32","guid":{"rendered":"https:\/\/ticsalutsocial.atoom.space\/?post_type=noticia&#038;p=3321"},"modified":"2021-07-21T15:35:45","modified_gmt":"2021-07-21T13:35:45","slug":"ens-trobem-en-un-canvi-de-paradigma-que-accelerara-lautogestio-de-la-informacio-i-millorara-el-contacte-metge-pacient","status":"publish","type":"noticia","link":"https:\/\/ticsalutsocial.atoom.space\/es\/noticia\/ens-trobem-en-un-canvi-de-paradigma-que-accelerara-lautogestio-de-la-informacio-i-millorara-el-contacte-metge-pacient\/","title":{"rendered":"\u00abEns trobem en un canvi de paradigma que accelerar\u00e0 l\u2019autogesti\u00f3 de la informaci\u00f3 i millorar\u00e0 el contacte metge-pacient\u00bb"},"content":{"rendered":"<p>A finals de febrer, la ciutat de Barcelona va acollir la 13a edici\u00f3 del Mobile World Congress, la primera amb Carlos Grau al capdavant de la Fundaci\u00f3 Mobile World Capital Barcelona. Hem volgut conversar amb ell per con\u00e8ixer quin ser\u00e0 l&#8217;impacte que s&#8217;albira amb la irrupci\u00f3 de tecnologies com el 5G i quins s\u00f3n els reptes que hauran d&#8217;afrontar els sectors salut i\u00a0social per aterrar-los.<\/p>\n<ul>\n<li><strong>Del 26 de febrer a l\u20191 de mar\u00e7, Barcelona va acollir la 13a edici\u00f3 del Mobile World Congress, la primera amb Carlos Grau al capdavant de la Fundaci\u00f3 Mobile World Capital Barcelona. Quin ha estat el balan\u00e7 d\u2019aquests 4 dies?<\/strong><\/li>\n<\/ul>\n<p>En fem un balan\u00e7 m\u00e9s que positiu. En aquesta edici\u00f3 hem comptat amb 107.000 congressistes, dels quals 7.700 han estat CEOs i presidents de grans corporacions, cosa que suposa un 25% m\u00e9s d\u2019alts c\u00e0rrecs que l\u2019any anterior. A m\u00e9s, el congr\u00e9s ha generat una activitat econ\u00f2mica de 471 milions d\u2019euros i 13.000 llocs de treball temporals.<\/p>\n<p>En aquest balan\u00e7 per\u00f2, no nom\u00e9s hi comptabilitzem els quatre dies de congr\u00e9s. Iniciatives com Mobile Week Barcelona, que aquest any ha batut records arribant a m\u00e9s de 19.000 persones, plantegen una reflexi\u00f3 al voltant de la transformaci\u00f3 digital per a tots els p\u00fablics i estenen la petjada del congr\u00e9s a la ciutadania.<\/p>\n<ul>\n<li><strong>5G, autom\u00f2bil, internet de les coses, blockchain&#8230; conceptes protagonistes d\u2019aquesta edici\u00f3. Amb qu\u00e8 s\u2019ha diferenciat m\u00e9s respecte l\u2019anterior?<\/strong><\/li>\n<\/ul>\n<p>Al MWC d\u2019enguany hem vist com, m\u00e9s enll\u00e0 dels dispositius, hi ha tota una generaci\u00f3 de serveis al voltant dels m\u00f2bils que obren noves possibilitats de connectivitat i de relaci\u00f3 entre els usuaris i el seu entorn. Aquest canvi de tend\u00e8ncia \u00e9s la veritable novetat i el que permetr\u00e0 que a curt termini puguem veure, per exemple, com es materialitzen noves vies de contacte amb l\u2019administraci\u00f3, gr\u00e0cies a la implantaci\u00f3 de nous canals d\u2019autenticaci\u00f3 dels individus a trav\u00e9s del m\u00f2bil; com els cotxes es converteixen en plataformes digitals plenament integrades dins les ciutats intel\u00b7ligents o com amb l\u2019arribada del 5G redu\u00efm dr\u00e0sticament la lat\u00e8ncia i puguem fer <em>mentoring<\/em> entre un cirurgi\u00e0 especialista que a temps real assessori un cirurgi\u00e0 que estigui operant en un quir\u00f2fan de qualsevol altre hospital del m\u00f3n.<\/p>\n<ul>\n<li><strong>Quines han estat les novetats m\u00e9s destacades? Alguna amb aplicaci\u00f3 directe per la salut?<\/strong><\/li>\n<\/ul>\n<p>Aquest any hem pogut veure com el sector de la salut ha tingut un pes espec\u00edfic en les novetats del congr\u00e9s. En el marc de 5GBarcelona, s\u2019ha presentat un projecte pilot que permetr\u00e0 en un futur proper tele assistir operacions quir\u00fargiques a dist\u00e0ncia i en temps real mitjan\u00e7ant la tecnologia 5G. Aquest acord, impulsat per Mobile World Capital, Hospital Cl\u00ednic i AIS Channel, permetr\u00e0 maximitzar l\u2019impacte del quir\u00f2fan m\u00e9s avan\u00e7at del m\u00f3n que actualment \u00e9s a l\u2019Hospital Cl\u00ednic i que ara ja incorpora tecnologies com el big data. Amb les proves sobre xarxa 5G es podr\u00e0, per exemple,\u00a0 enregistrar tot el que passa a la sala i enviar en temps real aquesta informaci\u00f3 a l\u2019exterior perqu\u00e8 un cirurgi\u00e0 pugui guiar l\u2019operaci\u00f3 sense ser-hi f\u00edsicament present.<\/p>\n<p>A banda de l\u2019activitat del consorci 5GBarcelona, des de Mobile World Capital Barcelona tamb\u00e9 hem donar veu a dos projectes guanyadors dels reptes que llen\u00e7a d-LAB i que ens han perm\u00e8s veure com tecnologia t\u00e9 una capacitat transformadora molt gran en l\u2019\u00e0mbit de la salut. En concret, al nostre estand vam tenir les propostes de MJN, un dispositiu capa\u00e7 de llegir l\u2019activitat cerebral i prevenir atacs d\u2019epil\u00e8psia afavorint una millor qualitat de vida dels pacients amb aquesta malaltia, i la soluci\u00f3 d\u2019Irisbond, un sistema digital que facilita la comunicaci\u00f3 de les persones amb par\u00e0lisi total i que els permet comunicar-se, per exemple, a trav\u00e9s de xarxes socials com Twitter.<\/p>\n<ul>\n<li><strong>Per qui no conegui la Fundaci\u00f3 Mobile World Capital, com definiries, en dues l\u00ednies, els objectius i projectes en els quals esteu immersos? Per exemple, D-LAB.<\/strong><\/li>\n<\/ul>\n<p>La Fundaci\u00f3 Mobile World Capital Barcelona\u00a0 impulsa la transformaci\u00f3 digital i m\u00f2bil de la societat amb l\u2019objectiu de millorar la vida de les persones a escala global. Amb aquest objectiu, treballem en tres grans \u00e0rees, com s\u00f3n \u00a0la innovaci\u00f3 i l\u2019emprenedoria, on comptem amb un programa punter en transfer\u00e8ncia tecnol\u00f2gica, The Collider; la capacitaci\u00f3 digital amb el programa mSchools; i la transformaci\u00f3 digital, \u00e0rea d\u2019on penja d-LAB-. Aquest programa ens permet plantejar grans reptes internacionals per millorar la qualitat de vida dels ciutadans i buscar solucions innovadores a nivell tecnol\u00f2gic que puguin generar un impacte positiu en la societat.<\/p>\n<ul>\n<li><strong>Des de fa m\u00e9s de 5 anys, i arrel Pla Mestre de Mobilitat en Salut i Social (2014), la Fundaci\u00f3 TIC Salut Social i la MWC han anat de la m\u00e0 a l\u2019hora d\u2019observar quines s\u00f3n les apps en salut m\u00e9s destacades del nostre entorn. L\u2019observatori d\u2019apps recull m\u00e9s de 250 aplicacions. Com visualitzes el futur de les apps en salut en un entorn que comen\u00e7ar\u00e0 a introduir el 5G, seguirem parlant d\u2019apps?<\/strong><\/li>\n<\/ul>\n<p>Ens trobem immersos en un canvi de paradigma que situar\u00e0 el ciutad\u00e0 en el centre de la revoluci\u00f3 tecnol\u00f2gica i, per tant, far\u00e0 que replantegem la funcionalitat de les solucions TIC en el sector de la salut. Des de les apps a la gesti\u00f3 de les dades personals de salut, tot aquest ventall de solucions de les que parlem darrerament faran un salt qualitatiu important que ens permetr\u00e0 accelerar l\u2019autogesti\u00f3 de la informaci\u00f3 (per part dels usuaris) i millorar el contacte metge-pacient, amb una major monitoritzaci\u00f3 dels individus que permetr\u00e0 un seguiment m\u00e9s exhaustiu dels pacients i una millor prevenci\u00f3 de la salut.<\/p>\n<ul>\n<li><strong>Finalment, ens agradaria con\u00e8ixer com veus la Fundaci\u00f3 TIC Salut Social i si tindries alguna recomanaci\u00f3 per afrontar aquest entorn de canvis i evoluci\u00f3 tecnol\u00f2gica.<\/strong><\/li>\n<\/ul>\n<p>Les dues entitats tenim clar que tecnologia i salut han d\u2019anar de la m\u00e0 i per aix\u00f2 \u00e9s necess\u00e0ria la capacitaci\u00f3 de les persones per tal de treure el m\u00e0xim rendiment a les solucions que han d\u2019arribar en un futur pr\u00f2xim.<\/p>\n<p>Per tant, ens cal treballar amb el col\u00b7lectiu m\u00e8dic, per\u00f2 tamb\u00e9 amb pacients, empreses i institucions. Aquest nou escenari a nivell tecnol\u00f2gic ens ha de permetre evolucionar l\u2019ecosistema de salut i aix\u00f2 nom\u00e9s ho podrem fer si tots els agents som conscients del potencial de la tecnologia en aquest camp i hi treballem conjuntament.<\/p>\n","protected":false},"author":21,"featured_media":3317,"menu_order":0,"template":"","meta":{"_acf_changed":false,"inline_featured_image":false},"etiqueta":[],"tipus":[],"topic":[],"class_list":["post-3321","noticia","type-noticia","status-publish","has-post-thumbnail","hentry"],"acf":{"imatge":3319,"autor":"Adri\u00e0 G.Font","textos_destacats":[{"texte":"Entrevistem a Carlos Grau, director del Mobile World Capital Barcelona"}]},"yoast_head":"<!-- This site is optimized with the Yoast SEO plugin v27.1.1 - https:\/\/yoast.com\/product\/yoast-seo-wordpress\/ -->\n<title>&quot;Ens trobem en un canvi de paradigma que accelerar\u00e0 l\u2019autogesti\u00f3 de la informaci\u00f3 i millorar\u00e0 el contacte metge-pacient&quot; - Fundaci\u00f3 TIC Salut i Social<\/title>\n<meta name=\"robots\" content=\"index, follow, max-snippet:-1, max-image-preview:large, max-video-preview:-1\" \/>\n<link rel=\"canonical\" href=\"https:\/\/ticsalutsocial.atoom.space\/es\/noticia\/ens-trobem-en-un-canvi-de-paradigma-que-accelerara-lautogestio-de-la-informacio-i-millorara-el-contacte-metge-pacient\/\" \/>\n<meta property=\"og:locale\" content=\"es_ES\" \/>\n<meta property=\"og:type\" content=\"article\" \/>\n<meta property=\"og:title\" content=\"&quot;Ens trobem en un canvi de paradigma que accelerar\u00e0 l\u2019autogesti\u00f3 de la informaci\u00f3 i millorar\u00e0 el contacte metge-pacient&quot; - Fundaci\u00f3 TIC Salut i Social\" \/>\n<meta property=\"og:description\" content=\"A finals de febrer, la ciutat de Barcelona va acollir la 13a edici\u00f3 del Mobile World Congress, la primera amb Carlos Grau al capdavant de la Fundaci\u00f3 Mobile World Capital Barcelona. Hem volgut conversar amb ell per con\u00e8ixer quin ser\u00e0 l&#8217;impacte que s&#8217;albira amb la irrupci\u00f3 de tecnologies com el 5G i quins s\u00f3n els [&hellip;]\" \/>\n<meta property=\"og:url\" content=\"https:\/\/ticsalutsocial.atoom.space\/es\/noticia\/ens-trobem-en-un-canvi-de-paradigma-que-accelerara-lautogestio-de-la-informacio-i-millorara-el-contacte-metge-pacient\/\" \/>\n<meta property=\"og:site_name\" content=\"Fundaci\u00f3 TIC Salut i Social\" \/>\n<meta property=\"article:modified_time\" content=\"2021-07-21T13:35:45+00:00\" \/>\n<meta property=\"og:image\" content=\"https:\/\/ticsalutsocial.atoom.space\/wp-content\/uploads\/2018\/06\/entrevista_mwc.jpg\" \/>\n\t<meta property=\"og:image:width\" content=\"1024\" \/>\n\t<meta property=\"og:image:height\" content=\"683\" \/>\n\t<meta property=\"og:image:type\" content=\"image\/jpeg\" \/>\n<meta name=\"twitter:card\" content=\"summary_large_image\" \/>\n<meta name=\"twitter:label1\" content=\"Tiempo de lectura\" \/>\n\t<meta name=\"twitter:data1\" content=\"6 minutos\" \/>\n<script type=\"application\/ld+json\" class=\"yoast-schema-graph\">{\"@context\":\"https:\/\/schema.org\",\"@graph\":[{\"@type\":\"WebPage\",\"@id\":\"https:\/\/ticsalutsocial.atoom.space\/es\/noticia\/ens-trobem-en-un-canvi-de-paradigma-que-accelerara-lautogestio-de-la-informacio-i-millorara-el-contacte-metge-pacient\/\",\"url\":\"https:\/\/ticsalutsocial.atoom.space\/es\/noticia\/ens-trobem-en-un-canvi-de-paradigma-que-accelerara-lautogestio-de-la-informacio-i-millorara-el-contacte-metge-pacient\/\",\"name\":\"\\\"Ens trobem en un canvi de paradigma que accelerar\u00e0 l\u2019autogesti\u00f3 de la informaci\u00f3 i millorar\u00e0 el contacte metge-pacient\\\" - Fundaci\u00f3 TIC Salut i Social\",\"isPartOf\":{\"@id\":\"https:\/\/ticsalutsocial.atoom.space\/es\/#website\"},\"primaryImageOfPage\":{\"@id\":\"https:\/\/ticsalutsocial.atoom.space\/es\/noticia\/ens-trobem-en-un-canvi-de-paradigma-que-accelerara-lautogestio-de-la-informacio-i-millorara-el-contacte-metge-pacient\/#primaryimage\"},\"image\":{\"@id\":\"https:\/\/ticsalutsocial.atoom.space\/es\/noticia\/ens-trobem-en-un-canvi-de-paradigma-que-accelerara-lautogestio-de-la-informacio-i-millorara-el-contacte-metge-pacient\/#primaryimage\"},\"thumbnailUrl\":\"https:\/\/ticsalutsocial.atoom.space\/wp-content\/uploads\/2018\/06\/entrevista_mwc.jpg\",\"datePublished\":\"2018-06-10T11:02:32+00:00\",\"dateModified\":\"2021-07-21T13:35:45+00:00\",\"breadcrumb\":{\"@id\":\"https:\/\/ticsalutsocial.atoom.space\/es\/noticia\/ens-trobem-en-un-canvi-de-paradigma-que-accelerara-lautogestio-de-la-informacio-i-millorara-el-contacte-metge-pacient\/#breadcrumb\"},\"inLanguage\":\"es\",\"potentialAction\":[{\"@type\":\"ReadAction\",\"target\":[\"https:\/\/ticsalutsocial.atoom.space\/es\/noticia\/ens-trobem-en-un-canvi-de-paradigma-que-accelerara-lautogestio-de-la-informacio-i-millorara-el-contacte-metge-pacient\/\"]}]},{\"@type\":\"ImageObject\",\"inLanguage\":\"es\",\"@id\":\"https:\/\/ticsalutsocial.atoom.space\/es\/noticia\/ens-trobem-en-un-canvi-de-paradigma-que-accelerara-lautogestio-de-la-informacio-i-millorara-el-contacte-metge-pacient\/#primaryimage\",\"url\":\"https:\/\/ticsalutsocial.atoom.space\/wp-content\/uploads\/2018\/06\/entrevista_mwc.jpg\",\"contentUrl\":\"https:\/\/ticsalutsocial.atoom.space\/wp-content\/uploads\/2018\/06\/entrevista_mwc.jpg\",\"width\":1024,\"height\":683},{\"@type\":\"BreadcrumbList\",\"@id\":\"https:\/\/ticsalutsocial.atoom.space\/es\/noticia\/ens-trobem-en-un-canvi-de-paradigma-que-accelerara-lautogestio-de-la-informacio-i-millorara-el-contacte-metge-pacient\/#breadcrumb\",\"itemListElement\":[{\"@type\":\"ListItem\",\"position\":1,\"name\":\"Inici\",\"item\":\"https:\/\/ticsalutsocial.atoom.space\/es\/\"},{\"@type\":\"ListItem\",\"position\":2,\"name\":\"&#8220;Ens trobem en un canvi de paradigma que accelerar\u00e0 l\u2019autogesti\u00f3 de la informaci\u00f3 i millorar\u00e0 el contacte metge-pacient&#8221;\"}]},{\"@type\":\"WebSite\",\"@id\":\"https:\/\/ticsalutsocial.atoom.space\/es\/#website\",\"url\":\"https:\/\/ticsalutsocial.atoom.space\/es\/\",\"name\":\"Fundaci\u00f3 TIC Salut i Social\",\"description\":\"\",\"potentialAction\":[{\"@type\":\"SearchAction\",\"target\":{\"@type\":\"EntryPoint\",\"urlTemplate\":\"https:\/\/ticsalutsocial.atoom.space\/es\/?s={search_term_string}\"},\"query-input\":{\"@type\":\"PropertyValueSpecification\",\"valueRequired\":true,\"valueName\":\"search_term_string\"}}],\"inLanguage\":\"es\"}]}<\/script>\n<!-- \/ Yoast SEO plugin. -->","yoast_head_json":{"title":"\"Ens trobem en un canvi de paradigma que accelerar\u00e0 l\u2019autogesti\u00f3 de la informaci\u00f3 i millorar\u00e0 el contacte metge-pacient\" - Fundaci\u00f3 TIC Salut i Social","robots":{"index":"index","follow":"follow","max-snippet":"max-snippet:-1","max-image-preview":"max-image-preview:large","max-video-preview":"max-video-preview:-1"},"canonical":"https:\/\/ticsalutsocial.atoom.space\/es\/noticia\/ens-trobem-en-un-canvi-de-paradigma-que-accelerara-lautogestio-de-la-informacio-i-millorara-el-contacte-metge-pacient\/","og_locale":"es_ES","og_type":"article","og_title":"\"Ens trobem en un canvi de paradigma que accelerar\u00e0 l\u2019autogesti\u00f3 de la informaci\u00f3 i millorar\u00e0 el contacte metge-pacient\" - Fundaci\u00f3 TIC Salut i Social","og_description":"A finals de febrer, la ciutat de Barcelona va acollir la 13a edici\u00f3 del Mobile World Congress, la primera amb Carlos Grau al capdavant de la Fundaci\u00f3 Mobile World Capital Barcelona. Hem volgut conversar amb ell per con\u00e8ixer quin ser\u00e0 l&#8217;impacte que s&#8217;albira amb la irrupci\u00f3 de tecnologies com el 5G i quins s\u00f3n els [&hellip;]","og_url":"https:\/\/ticsalutsocial.atoom.space\/es\/noticia\/ens-trobem-en-un-canvi-de-paradigma-que-accelerara-lautogestio-de-la-informacio-i-millorara-el-contacte-metge-pacient\/","og_site_name":"Fundaci\u00f3 TIC Salut i Social","article_modified_time":"2021-07-21T13:35:45+00:00","og_image":[{"width":1024,"height":683,"url":"https:\/\/ticsalutsocial.atoom.space\/wp-content\/uploads\/2018\/06\/entrevista_mwc.jpg","type":"image\/jpeg"}],"twitter_card":"summary_large_image","twitter_misc":{"Tiempo de lectura":"6 minutos"},"schema":{"@context":"https:\/\/schema.org","@graph":[{"@type":"WebPage","@id":"https:\/\/ticsalutsocial.atoom.space\/es\/noticia\/ens-trobem-en-un-canvi-de-paradigma-que-accelerara-lautogestio-de-la-informacio-i-millorara-el-contacte-metge-pacient\/","url":"https:\/\/ticsalutsocial.atoom.space\/es\/noticia\/ens-trobem-en-un-canvi-de-paradigma-que-accelerara-lautogestio-de-la-informacio-i-millorara-el-contacte-metge-pacient\/","name":"\"Ens trobem en un canvi de paradigma que accelerar\u00e0 l\u2019autogesti\u00f3 de la informaci\u00f3 i millorar\u00e0 el contacte metge-pacient\" - Fundaci\u00f3 TIC Salut i Social","isPartOf":{"@id":"https:\/\/ticsalutsocial.atoom.space\/es\/#website"},"primaryImageOfPage":{"@id":"https:\/\/ticsalutsocial.atoom.space\/es\/noticia\/ens-trobem-en-un-canvi-de-paradigma-que-accelerara-lautogestio-de-la-informacio-i-millorara-el-contacte-metge-pacient\/#primaryimage"},"image":{"@id":"https:\/\/ticsalutsocial.atoom.space\/es\/noticia\/ens-trobem-en-un-canvi-de-paradigma-que-accelerara-lautogestio-de-la-informacio-i-millorara-el-contacte-metge-pacient\/#primaryimage"},"thumbnailUrl":"https:\/\/ticsalutsocial.atoom.space\/wp-content\/uploads\/2018\/06\/entrevista_mwc.jpg","datePublished":"2018-06-10T11:02:32+00:00","dateModified":"2021-07-21T13:35:45+00:00","breadcrumb":{"@id":"https:\/\/ticsalutsocial.atoom.space\/es\/noticia\/ens-trobem-en-un-canvi-de-paradigma-que-accelerara-lautogestio-de-la-informacio-i-millorara-el-contacte-metge-pacient\/#breadcrumb"},"inLanguage":"es","potentialAction":[{"@type":"ReadAction","target":["https:\/\/ticsalutsocial.atoom.space\/es\/noticia\/ens-trobem-en-un-canvi-de-paradigma-que-accelerara-lautogestio-de-la-informacio-i-millorara-el-contacte-metge-pacient\/"]}]},{"@type":"ImageObject","inLanguage":"es","@id":"https:\/\/ticsalutsocial.atoom.space\/es\/noticia\/ens-trobem-en-un-canvi-de-paradigma-que-accelerara-lautogestio-de-la-informacio-i-millorara-el-contacte-metge-pacient\/#primaryimage","url":"https:\/\/ticsalutsocial.atoom.space\/wp-content\/uploads\/2018\/06\/entrevista_mwc.jpg","contentUrl":"https:\/\/ticsalutsocial.atoom.space\/wp-content\/uploads\/2018\/06\/entrevista_mwc.jpg","width":1024,"height":683},{"@type":"BreadcrumbList","@id":"https:\/\/ticsalutsocial.atoom.space\/es\/noticia\/ens-trobem-en-un-canvi-de-paradigma-que-accelerara-lautogestio-de-la-informacio-i-millorara-el-contacte-metge-pacient\/#breadcrumb","itemListElement":[{"@type":"ListItem","position":1,"name":"Inici","item":"https:\/\/ticsalutsocial.atoom.space\/es\/"},{"@type":"ListItem","position":2,"name":"&#8220;Ens trobem en un canvi de paradigma que accelerar\u00e0 l\u2019autogesti\u00f3 de la informaci\u00f3 i millorar\u00e0 el contacte metge-pacient&#8221;"}]},{"@type":"WebSite","@id":"https:\/\/ticsalutsocial.atoom.space\/es\/#website","url":"https:\/\/ticsalutsocial.atoom.space\/es\/","name":"Fundaci\u00f3 TIC Salut i Social","description":"","potentialAction":[{"@type":"SearchAction","target":{"@type":"EntryPoint","urlTemplate":"https:\/\/ticsalutsocial.atoom.space\/es\/?s={search_term_string}"},"query-input":{"@type":"PropertyValueSpecification","valueRequired":true,"valueName":"search_term_string"}}],"inLanguage":"es"}]}},"_links":{"self":[{"href":"https:\/\/ticsalutsocial.atoom.space\/es\/wp-json\/wp\/v2\/noticia\/3321","targetHints":{"allow":["GET"]}}],"collection":[{"href":"https:\/\/ticsalutsocial.atoom.space\/es\/wp-json\/wp\/v2\/noticia"}],"about":[{"href":"https:\/\/ticsalutsocial.atoom.space\/es\/wp-json\/wp\/v2\/types\/noticia"}],"author":[{"embeddable":true,"href":"https:\/\/ticsalutsocial.atoom.space\/es\/wp-json\/wp\/v2\/users\/21"}],"wp:featuredmedia":[{"embeddable":true,"href":"https:\/\/ticsalutsocial.atoom.space\/es\/wp-json\/wp\/v2\/media\/3317"}],"wp:attachment":[{"href":"https:\/\/ticsalutsocial.atoom.space\/es\/wp-json\/wp\/v2\/media?parent=3321"}],"wp:term":[{"taxonomy":"etiqueta","embeddable":true,"href":"https:\/\/ticsalutsocial.atoom.space\/es\/wp-json\/wp\/v2\/etiqueta?post=3321"},{"taxonomy":"tipus","embeddable":true,"href":"https:\/\/ticsalutsocial.atoom.space\/es\/wp-json\/wp\/v2\/tipus?post=3321"},{"taxonomy":"topic","embeddable":true,"href":"https:\/\/ticsalutsocial.atoom.space\/es\/wp-json\/wp\/v2\/topic?post=3321"}],"curies":[{"name":"wp","href":"https:\/\/api.w.org\/{rel}","templated":true}]}}