
{"id":33248,"date":"2025-07-25T12:08:47","date_gmt":"2025-07-25T10:08:47","guid":{"rendered":"https:\/\/ticsalutsocial.atoom.space\/noticia\/professionals-dels-serveis-socials-i-de-salut-comparteixen-coneixement-sobre-eines-tecnologiques-que-afavoreixen-la-coordinacio-en-latencio-integrada\/"},"modified":"2025-07-25T12:31:36","modified_gmt":"2025-07-25T10:31:36","slug":"professionals-dels-serveis-socials-i-de-salut-comparteixen-coneixement-sobre-eines-tecnologiques-que-afavoreixen-la-coordinacio-en-latencio-integrada","status":"publish","type":"noticia","link":"https:\/\/ticsalutsocial.atoom.space\/es\/noticia\/professionals-dels-serveis-socials-i-de-salut-comparteixen-coneixement-sobre-eines-tecnologiques-que-afavoreixen-la-coordinacio-en-latencio-integrada\/","title":{"rendered":"Profesionales de los servicios sociales y de salud comparten conocimiento sobre herramientas tecnol\u00f3gicas que favorecen la coordinaci\u00f3n en la atenci\u00f3n integrada"},"content":{"rendered":"<p data-start=\"0\" data-end=\"493\">El 22 de julio tuvo lugar en el Cibernarium de MediaTIC de Barcelona la jornada <em data-start=\"87\" data-end=\"144\">Tecnolog\u00eda para impulsar la atenci\u00f3n social y sanitaria<\/em>, organizada conjuntamente por el Equipo Motor de Atenci\u00f3n Social y Sanitaria de la Generalitat de Catalunya y la Fundaci\u00f3n TIC Salut Social. El evento reuni\u00f3 a 134 profesionales referentes en atenci\u00f3n integrada de los \u00e1mbitos social y sanitario de todo el territorio: trabajadoras sociales, terapeutas ocupacionales, enfermeras, m\u00e9dicas y tecn\u00f3logas.<\/p>\n<p data-start=\"495\" data-end=\"967\" data-is-last-node=\"\" data-is-only-node=\"\">Se celebr\u00f3 en el marco del despliegue progresivo en todo el territorio catal\u00e1n de la atenci\u00f3n integrada que est\u00e1 llevando a cabo el Gobierno de Catalu\u00f1a. Un despliegue que prev\u00e9 alcanzar 18 territorios antes de finalizar el a\u00f1o 2025. Actualmente existen ocho experiencias en funcionamiento. Siete de atenci\u00f3n domiciliaria (Amposta, El Prat de Llobregat, Osona, Manresa, Garrotxa, Ripoll\u00e8s y la ciudad de Barcelona) y una espec\u00edfica en salud mental comunitaria en Girona. <a href=\"https:\/\/govern.cat\/salapremsa\/notes-premsa\/729242\/govern-impulsa-sis-noves-proves-pilot-salut-serveis-socials-atendre-persones-necessitats-complexes-al-domicili?v=\" target=\"_blank\" rel=\"noopener\">A \u00e9stas se le suman seis experiencias nuevas que se llevaran a cabo en Santa Coloma de Gramanet, Alt Empord\u00e0, Hospitalet de Llobregat, Matar\u00f3, Sant Andreu de la Barca y Sant Boi de Llobregat<\/a>.<\/p>\n<p data-start=\"0\" data-end=\"457\">En este sentido, la jornada del pasado 22 de julio, con una mirada tecnol\u00f3gica, tuvo un doble objetivo. Por un lado, ofrecer una muestra de cuatro herramientas que ya se est\u00e1n empezando a utilizar en diferentes territorios de Catalu\u00f1a para integrar informaci\u00f3n de ambos \u00e1mbitos. Por otro, compartir conocimiento y lecciones aprendidas con el resto de territorios que a\u00fan no han iniciado procesos de atenci\u00f3n integrada, y favorecer su acompa\u00f1amiento inicial.<\/p>\n<p data-start=\"459\" data-end=\"1027\">Las cuatro plataformas presentadas representaban iniciativas actualmente en curso en Catalu\u00f1a Central (Manresa), Vall d\u2019Aran, Regi\u00f3n Metropolitana Norte (Sabadell) y ciudad de Barcelona, Osona y Garrotxa. Se analizaron desde el punto de vista funcional e interprofesional, con especial atenci\u00f3n a las necesidades de las personas atendidas y de los profesionales que las utilizan como usuarios finales. Los debates t\u00e9cnicos se centraron en aspectos como las funcionalidades, la usabilidad, la comunicaci\u00f3n entre profesionales y el uso pr\u00e1ctico de los datos disponibles.<\/p>\n<h3 data-start=\"1029\" data-end=\"1070\"><strong data-start=\"1029\" data-end=\"1070\">Gobernanza de datos, un aspecto clave<\/strong><\/h3>\n<p data-start=\"1072\" data-end=\"1482\">Una de las l\u00edneas estrat\u00e9gicas para el despliegue efectivo de la atenci\u00f3n integrada en todo el territorio es el marco legal y la gobernanza de los datos. Esta cuesti\u00f3n, abordada con especial atenci\u00f3n, implica un trabajo muy estrecho con comit\u00e9s de \u00e9tica y bio\u00e9tica, para garantizar que los datos incorporados a los sistemas de informaci\u00f3n sean interoperables y se utilicen de forma segura, \u00e9tica y responsable.<\/p>\n<p data-start=\"1484\" data-end=\"2156\">En este sentido, se est\u00e1 trabajando para disponer de un marco legal que regule el acceso a los sistemas de informaci\u00f3n por parte de perfiles profesionales concretos, vele por los usos espec\u00edficos permitidos seg\u00fan el caso, y defina cu\u00e1l debe ser la trazabilidad del tratamiento de los datos. Como destac\u00f3 Concepci\u00f3 Barbeta, responsable de Atenci\u00f3n Integrada del Departamento de Derechos Sociales e Inclusi\u00f3n y directora del Equipo Motor de AISS, \u201cla ley que habilita a profesionales de los servicios sociales y de salud a compartir informaci\u00f3n con fines asistenciales fue un primer paso. El reto actual es facilitar que estos datos se transmitan y compartan correctamente\u201d.<\/p>\n<p data-start=\"2158\" data-end=\"2460\">Por este motivo, se est\u00e1n definiendo protocolos de actuaci\u00f3n que aseguren no solo el cumplimiento de los requisitos legales y \u00e9ticos, sino tambi\u00e9n la interoperabilidad de datos entre las entidades de la Red de Atenci\u00f3n P\u00fablica de Servicios Sociales de Catalu\u00f1a y las entidades pertenecientes al SISCAT.<\/p>\n<p data-start=\"2462\" data-end=\"3186\">Con una mirada tecnol\u00f3gica, Joan Carles Contel, miembro del Equipo Motor de Atenci\u00f3n Integrada y Cronicidad del Departamento de Salud, complet\u00f3 las valoraciones exponiendo que, actualmente, algunos conjuntos de datos ya est\u00e1n disponibles a trav\u00e9s de servidores web que permiten emitir valoraciones integrales y dise\u00f1ar Planes Individualizados de Atenci\u00f3n. Aun as\u00ed, subray\u00f3 que \u201ctodav\u00eda son limitados\u201d y que el reto es poder incorporar otras fuentes de informaci\u00f3n que ofrezcan una visi\u00f3n m\u00e1s completa de la persona. Esto debe permitir el retorno a los sistemas de informaci\u00f3n centrales de los Servicios Sociales y de Salud, y la generaci\u00f3n de intervenciones proactivas desde estos \u00e1mbitos y con visi\u00f3n de atenci\u00f3n integrada.<\/p>\n<p data-start=\"3188\" data-end=\"3417\">\u201cA medida que se vayan agregando m\u00e1s conjuntos de datos, ser\u00e1 posible crear cuadros de mando e indicadores compartidos, \u00fatiles para orientar mejor la toma de decisiones y las estrategias de atenci\u00f3n\u201d, concluy\u00f3 Joan Carles Contel.<\/p>\n<p data-start=\"3419\" data-end=\"3660\" data-is-last-node=\"\" data-is-only-node=\"\">La jornada finaliz\u00f3 con una invitaci\u00f3n abierta a todos los territorios a sumarse a este proceso colaborativo y a seguir trabajando de forma coordinada a nivel operativo y de gesti\u00f3n, manteniendo siempre a la persona en el centro del sistema.<\/p>\n","protected":false},"author":3,"featured_media":33246,"menu_order":0,"template":"","meta":{"_acf_changed":false,"inline_featured_image":false},"etiqueta":[],"tipus":[94],"topic":[117],"class_list":["post-33248","noticia","type-noticia","status-publish","has-post-thumbnail","hentry","tipus-integracion-social-y-sanitaria","topic-jornadas"],"acf":{"finalitzat":false,"tipus_plantilla":"objectius","template_objectius":{"cont_principal":"","imatge":false,"cont_seguent":{"titol":"","contingut":""},"seccio_llistat":{"titol":"","llistat":false},"objectius":{"titol":"","objectius":false},"documents":false},"autor":"","imatge":false,"textos_destacats":[{"texte":"Una muestra de cuatro herramientas que se est\u00e1n empezando a utilizar en distintos territorios de Catalu\u00f1a ofrece diferentes visiones pr\u00e1cticas sobre la integraci\u00f3n social y sanitaria."}],"documents":false},"yoast_head":"<!-- This site is optimized with the Yoast SEO plugin v27.1.1 - https:\/\/yoast.com\/product\/yoast-seo-wordpress\/ -->\n<title>Profesionales de los servicios sociales y de salud comparten conocimiento sobre herramientas tecnol\u00f3gicas que favorecen la coordinaci\u00f3n en la atenci\u00f3n integrada - Fundaci\u00f3 TIC Salut i Social<\/title>\n<meta name=\"robots\" content=\"index, follow, max-snippet:-1, max-image-preview:large, max-video-preview:-1\" \/>\n<link rel=\"canonical\" href=\"https:\/\/ticsalutsocial.atoom.space\/es\/noticia\/professionals-dels-serveis-socials-i-de-salut-comparteixen-coneixement-sobre-eines-tecnologiques-que-afavoreixen-la-coordinacio-en-latencio-integrada\/\" \/>\n<meta property=\"og:locale\" content=\"es_ES\" \/>\n<meta property=\"og:type\" content=\"article\" \/>\n<meta property=\"og:title\" content=\"Profesionales de los servicios sociales y de salud comparten conocimiento sobre herramientas tecnol\u00f3gicas que favorecen la coordinaci\u00f3n en la atenci\u00f3n integrada - Fundaci\u00f3 TIC Salut i Social\" \/>\n<meta property=\"og:description\" content=\"El 22 de julio tuvo lugar en el Cibernarium de MediaTIC de Barcelona la jornada Tecnolog\u00eda para impulsar la atenci\u00f3n social y sanitaria, organizada conjuntamente por el Equipo Motor de Atenci\u00f3n Social y Sanitaria de la Generalitat de Catalunya y la Fundaci\u00f3n TIC Salut Social. El evento reuni\u00f3 a 134 profesionales referentes en atenci\u00f3n integrada [&hellip;]\" \/>\n<meta property=\"og:url\" content=\"https:\/\/ticsalutsocial.atoom.space\/es\/noticia\/professionals-dels-serveis-socials-i-de-salut-comparteixen-coneixement-sobre-eines-tecnologiques-que-afavoreixen-la-coordinacio-en-latencio-integrada\/\" \/>\n<meta property=\"og:site_name\" content=\"Fundaci\u00f3 TIC Salut i Social\" \/>\n<meta property=\"article:modified_time\" content=\"2025-07-25T10:31:36+00:00\" \/>\n<meta property=\"og:image\" content=\"https:\/\/ticsalutsocial.atoom.space\/wp-content\/uploads\/2025\/07\/Captura-de-pantalla-2025-07-25-a-les-12.07.24-scaled.png\" \/>\n\t<meta property=\"og:image:width\" content=\"2560\" \/>\n\t<meta property=\"og:image:height\" content=\"1092\" \/>\n\t<meta property=\"og:image:type\" content=\"image\/png\" \/>\n<meta name=\"twitter:card\" content=\"summary_large_image\" \/>\n<meta name=\"twitter:label1\" content=\"Tiempo de lectura\" \/>\n\t<meta name=\"twitter:data1\" content=\"5 minutos\" \/>\n<script type=\"application\/ld+json\" class=\"yoast-schema-graph\">{\"@context\":\"https:\/\/schema.org\",\"@graph\":[{\"@type\":\"WebPage\",\"@id\":\"https:\/\/ticsalutsocial.atoom.space\/es\/noticia\/professionals-dels-serveis-socials-i-de-salut-comparteixen-coneixement-sobre-eines-tecnologiques-que-afavoreixen-la-coordinacio-en-latencio-integrada\/\",\"url\":\"https:\/\/ticsalutsocial.atoom.space\/es\/noticia\/professionals-dels-serveis-socials-i-de-salut-comparteixen-coneixement-sobre-eines-tecnologiques-que-afavoreixen-la-coordinacio-en-latencio-integrada\/\",\"name\":\"Profesionales de los servicios sociales y de salud comparten conocimiento sobre herramientas tecnol\u00f3gicas que favorecen la coordinaci\u00f3n en la atenci\u00f3n integrada - Fundaci\u00f3 TIC Salut i Social\",\"isPartOf\":{\"@id\":\"https:\/\/ticsalutsocial.atoom.space\/es\/#website\"},\"primaryImageOfPage\":{\"@id\":\"https:\/\/ticsalutsocial.atoom.space\/es\/noticia\/professionals-dels-serveis-socials-i-de-salut-comparteixen-coneixement-sobre-eines-tecnologiques-que-afavoreixen-la-coordinacio-en-latencio-integrada\/#primaryimage\"},\"image\":{\"@id\":\"https:\/\/ticsalutsocial.atoom.space\/es\/noticia\/professionals-dels-serveis-socials-i-de-salut-comparteixen-coneixement-sobre-eines-tecnologiques-que-afavoreixen-la-coordinacio-en-latencio-integrada\/#primaryimage\"},\"thumbnailUrl\":\"https:\/\/ticsalutsocial.atoom.space\/wp-content\/uploads\/2025\/07\/Captura-de-pantalla-2025-07-25-a-les-12.07.24-scaled.png\",\"datePublished\":\"2025-07-25T10:08:47+00:00\",\"dateModified\":\"2025-07-25T10:31:36+00:00\",\"breadcrumb\":{\"@id\":\"https:\/\/ticsalutsocial.atoom.space\/es\/noticia\/professionals-dels-serveis-socials-i-de-salut-comparteixen-coneixement-sobre-eines-tecnologiques-que-afavoreixen-la-coordinacio-en-latencio-integrada\/#breadcrumb\"},\"inLanguage\":\"es\",\"potentialAction\":[{\"@type\":\"ReadAction\",\"target\":[\"https:\/\/ticsalutsocial.atoom.space\/es\/noticia\/professionals-dels-serveis-socials-i-de-salut-comparteixen-coneixement-sobre-eines-tecnologiques-que-afavoreixen-la-coordinacio-en-latencio-integrada\/\"]}]},{\"@type\":\"ImageObject\",\"inLanguage\":\"es\",\"@id\":\"https:\/\/ticsalutsocial.atoom.space\/es\/noticia\/professionals-dels-serveis-socials-i-de-salut-comparteixen-coneixement-sobre-eines-tecnologiques-que-afavoreixen-la-coordinacio-en-latencio-integrada\/#primaryimage\",\"url\":\"https:\/\/ticsalutsocial.atoom.space\/wp-content\/uploads\/2025\/07\/Captura-de-pantalla-2025-07-25-a-les-12.07.24-scaled.png\",\"contentUrl\":\"https:\/\/ticsalutsocial.atoom.space\/wp-content\/uploads\/2025\/07\/Captura-de-pantalla-2025-07-25-a-les-12.07.24-scaled.png\",\"width\":2560,\"height\":1092},{\"@type\":\"BreadcrumbList\",\"@id\":\"https:\/\/ticsalutsocial.atoom.space\/es\/noticia\/professionals-dels-serveis-socials-i-de-salut-comparteixen-coneixement-sobre-eines-tecnologiques-que-afavoreixen-la-coordinacio-en-latencio-integrada\/#breadcrumb\",\"itemListElement\":[{\"@type\":\"ListItem\",\"position\":1,\"name\":\"Inici\",\"item\":\"https:\/\/ticsalutsocial.atoom.space\/es\/\"},{\"@type\":\"ListItem\",\"position\":2,\"name\":\"Profesionales de los servicios sociales y de salud comparten conocimiento sobre herramientas tecnol\u00f3gicas que favorecen la coordinaci\u00f3n en la atenci\u00f3n integrada\"}]},{\"@type\":\"WebSite\",\"@id\":\"https:\/\/ticsalutsocial.atoom.space\/es\/#website\",\"url\":\"https:\/\/ticsalutsocial.atoom.space\/es\/\",\"name\":\"Fundaci\u00f3 TIC Salut i Social\",\"description\":\"\",\"potentialAction\":[{\"@type\":\"SearchAction\",\"target\":{\"@type\":\"EntryPoint\",\"urlTemplate\":\"https:\/\/ticsalutsocial.atoom.space\/es\/?s={search_term_string}\"},\"query-input\":{\"@type\":\"PropertyValueSpecification\",\"valueRequired\":true,\"valueName\":\"search_term_string\"}}],\"inLanguage\":\"es\"}]}<\/script>\n<!-- \/ Yoast SEO plugin. -->","yoast_head_json":{"title":"Profesionales de los servicios sociales y de salud comparten conocimiento sobre herramientas tecnol\u00f3gicas que favorecen la coordinaci\u00f3n en la atenci\u00f3n integrada - Fundaci\u00f3 TIC Salut i Social","robots":{"index":"index","follow":"follow","max-snippet":"max-snippet:-1","max-image-preview":"max-image-preview:large","max-video-preview":"max-video-preview:-1"},"canonical":"https:\/\/ticsalutsocial.atoom.space\/es\/noticia\/professionals-dels-serveis-socials-i-de-salut-comparteixen-coneixement-sobre-eines-tecnologiques-que-afavoreixen-la-coordinacio-en-latencio-integrada\/","og_locale":"es_ES","og_type":"article","og_title":"Profesionales de los servicios sociales y de salud comparten conocimiento sobre herramientas tecnol\u00f3gicas que favorecen la coordinaci\u00f3n en la atenci\u00f3n integrada - Fundaci\u00f3 TIC Salut i Social","og_description":"El 22 de julio tuvo lugar en el Cibernarium de MediaTIC de Barcelona la jornada Tecnolog\u00eda para impulsar la atenci\u00f3n social y sanitaria, organizada conjuntamente por el Equipo Motor de Atenci\u00f3n Social y Sanitaria de la Generalitat de Catalunya y la Fundaci\u00f3n TIC Salut Social. El evento reuni\u00f3 a 134 profesionales referentes en atenci\u00f3n integrada [&hellip;]","og_url":"https:\/\/ticsalutsocial.atoom.space\/es\/noticia\/professionals-dels-serveis-socials-i-de-salut-comparteixen-coneixement-sobre-eines-tecnologiques-que-afavoreixen-la-coordinacio-en-latencio-integrada\/","og_site_name":"Fundaci\u00f3 TIC Salut i Social","article_modified_time":"2025-07-25T10:31:36+00:00","og_image":[{"width":2560,"height":1092,"url":"https:\/\/ticsalutsocial.atoom.space\/wp-content\/uploads\/2025\/07\/Captura-de-pantalla-2025-07-25-a-les-12.07.24-scaled.png","type":"image\/png"}],"twitter_card":"summary_large_image","twitter_misc":{"Tiempo de lectura":"5 minutos"},"schema":{"@context":"https:\/\/schema.org","@graph":[{"@type":"WebPage","@id":"https:\/\/ticsalutsocial.atoom.space\/es\/noticia\/professionals-dels-serveis-socials-i-de-salut-comparteixen-coneixement-sobre-eines-tecnologiques-que-afavoreixen-la-coordinacio-en-latencio-integrada\/","url":"https:\/\/ticsalutsocial.atoom.space\/es\/noticia\/professionals-dels-serveis-socials-i-de-salut-comparteixen-coneixement-sobre-eines-tecnologiques-que-afavoreixen-la-coordinacio-en-latencio-integrada\/","name":"Profesionales de los servicios sociales y de salud comparten conocimiento sobre herramientas tecnol\u00f3gicas que favorecen la coordinaci\u00f3n en la atenci\u00f3n integrada - Fundaci\u00f3 TIC Salut i Social","isPartOf":{"@id":"https:\/\/ticsalutsocial.atoom.space\/es\/#website"},"primaryImageOfPage":{"@id":"https:\/\/ticsalutsocial.atoom.space\/es\/noticia\/professionals-dels-serveis-socials-i-de-salut-comparteixen-coneixement-sobre-eines-tecnologiques-que-afavoreixen-la-coordinacio-en-latencio-integrada\/#primaryimage"},"image":{"@id":"https:\/\/ticsalutsocial.atoom.space\/es\/noticia\/professionals-dels-serveis-socials-i-de-salut-comparteixen-coneixement-sobre-eines-tecnologiques-que-afavoreixen-la-coordinacio-en-latencio-integrada\/#primaryimage"},"thumbnailUrl":"https:\/\/ticsalutsocial.atoom.space\/wp-content\/uploads\/2025\/07\/Captura-de-pantalla-2025-07-25-a-les-12.07.24-scaled.png","datePublished":"2025-07-25T10:08:47+00:00","dateModified":"2025-07-25T10:31:36+00:00","breadcrumb":{"@id":"https:\/\/ticsalutsocial.atoom.space\/es\/noticia\/professionals-dels-serveis-socials-i-de-salut-comparteixen-coneixement-sobre-eines-tecnologiques-que-afavoreixen-la-coordinacio-en-latencio-integrada\/#breadcrumb"},"inLanguage":"es","potentialAction":[{"@type":"ReadAction","target":["https:\/\/ticsalutsocial.atoom.space\/es\/noticia\/professionals-dels-serveis-socials-i-de-salut-comparteixen-coneixement-sobre-eines-tecnologiques-que-afavoreixen-la-coordinacio-en-latencio-integrada\/"]}]},{"@type":"ImageObject","inLanguage":"es","@id":"https:\/\/ticsalutsocial.atoom.space\/es\/noticia\/professionals-dels-serveis-socials-i-de-salut-comparteixen-coneixement-sobre-eines-tecnologiques-que-afavoreixen-la-coordinacio-en-latencio-integrada\/#primaryimage","url":"https:\/\/ticsalutsocial.atoom.space\/wp-content\/uploads\/2025\/07\/Captura-de-pantalla-2025-07-25-a-les-12.07.24-scaled.png","contentUrl":"https:\/\/ticsalutsocial.atoom.space\/wp-content\/uploads\/2025\/07\/Captura-de-pantalla-2025-07-25-a-les-12.07.24-scaled.png","width":2560,"height":1092},{"@type":"BreadcrumbList","@id":"https:\/\/ticsalutsocial.atoom.space\/es\/noticia\/professionals-dels-serveis-socials-i-de-salut-comparteixen-coneixement-sobre-eines-tecnologiques-que-afavoreixen-la-coordinacio-en-latencio-integrada\/#breadcrumb","itemListElement":[{"@type":"ListItem","position":1,"name":"Inici","item":"https:\/\/ticsalutsocial.atoom.space\/es\/"},{"@type":"ListItem","position":2,"name":"Profesionales de los servicios sociales y de salud comparten conocimiento sobre herramientas tecnol\u00f3gicas que favorecen la coordinaci\u00f3n en la atenci\u00f3n integrada"}]},{"@type":"WebSite","@id":"https:\/\/ticsalutsocial.atoom.space\/es\/#website","url":"https:\/\/ticsalutsocial.atoom.space\/es\/","name":"Fundaci\u00f3 TIC Salut i Social","description":"","potentialAction":[{"@type":"SearchAction","target":{"@type":"EntryPoint","urlTemplate":"https:\/\/ticsalutsocial.atoom.space\/es\/?s={search_term_string}"},"query-input":{"@type":"PropertyValueSpecification","valueRequired":true,"valueName":"search_term_string"}}],"inLanguage":"es"}]}},"_links":{"self":[{"href":"https:\/\/ticsalutsocial.atoom.space\/es\/wp-json\/wp\/v2\/noticia\/33248","targetHints":{"allow":["GET"]}}],"collection":[{"href":"https:\/\/ticsalutsocial.atoom.space\/es\/wp-json\/wp\/v2\/noticia"}],"about":[{"href":"https:\/\/ticsalutsocial.atoom.space\/es\/wp-json\/wp\/v2\/types\/noticia"}],"author":[{"embeddable":true,"href":"https:\/\/ticsalutsocial.atoom.space\/es\/wp-json\/wp\/v2\/users\/3"}],"wp:featuredmedia":[{"embeddable":true,"href":"https:\/\/ticsalutsocial.atoom.space\/es\/wp-json\/wp\/v2\/media\/33246"}],"wp:attachment":[{"href":"https:\/\/ticsalutsocial.atoom.space\/es\/wp-json\/wp\/v2\/media?parent=33248"}],"wp:term":[{"taxonomy":"etiqueta","embeddable":true,"href":"https:\/\/ticsalutsocial.atoom.space\/es\/wp-json\/wp\/v2\/etiqueta?post=33248"},{"taxonomy":"tipus","embeddable":true,"href":"https:\/\/ticsalutsocial.atoom.space\/es\/wp-json\/wp\/v2\/tipus?post=33248"},{"taxonomy":"topic","embeddable":true,"href":"https:\/\/ticsalutsocial.atoom.space\/es\/wp-json\/wp\/v2\/topic?post=33248"}],"curies":[{"name":"wp","href":"https:\/\/api.w.org\/{rel}","templated":true}]}}