
{"id":3326,"date":"2018-03-10T10:05:27","date_gmt":"2018-03-10T08:05:27","guid":{"rendered":"https:\/\/ticsalutsocial.atoom.space\/?post_type=noticia&#038;p=3326"},"modified":"2021-07-21T15:35:47","modified_gmt":"2021-07-21T13:35:47","slug":"1a-sesion-indeep-diagnostico-para-la-imagen-digital-a-cataluna","status":"publish","type":"noticia","link":"https:\/\/ticsalutsocial.atoom.space\/es\/noticia\/1a-sesion-indeep-diagnostico-para-la-imagen-digital-a-cataluna\/","title":{"rendered":"1a Sesi\u00f3n InDeeP: Diagn\u00f3stico para la imagen digital a Catalu\u00f1a"},"content":{"rendered":"<p>Las Sesiones InDeeP (Innovaci\u00f3n, Divulgaci\u00f3n y Participaci\u00f3n) consisten en debates abiertos para la diseminaci\u00f3n de la innovaci\u00f3n en el \u00e1mbito sanitario y social, mediante la participaci\u00f3n de actores relevantes del sector. Esta primera sesi\u00f3n se enmarca en el Observatorio del Diagn\u00f3stico para la Imagen Digital, creado por la Fundaci\u00f3n bajo encargo de la Coordinaci\u00f3n General de las TIC del Departament de Salut.<\/p>\n<p>Esta primera Sesi\u00f3n\u00a0InDeeP\u00a0tendr\u00e1 lugar el d\u00eda 21 de Marzo, de 9.00h a 14.00h, en la Sala\u00a0Burriac del\u00a0TecnoCampus\u00a0(Matar\u00f3) en la que se tratar\u00e1n diferentes bloques tem\u00e1ticos sobre Innovaci\u00f3n en Imagen Digital, Inteligencia Artificial y Diagn\u00f3stico Predictivo, nuevos modelos y servicios de tratamiento de la imagen y nuevas herramientas de formaci\u00f3n continua para profesionales. El conocimiento generado sobre estado de uso, casos de \u00e9xito y recomendaciones, revertir\u00e1 en el propio sector y actores relevantes, mejorando la prestaci\u00f3n de servicios del\u00a0SISCAT\u00a0y fortaleciendo el tejido empresarial y de innovaci\u00f3n del sector.<\/p>\n<p>En caso de querer asistir, la persona de contacto es <a href=\"mailto:jberdun@ticsalutsocial.cat?subject=1a%20Sessi%C3%B3%20InDeeP\" data-cke-saved-href=\"mailto:jberdun@ticsalutsocial.cat?subject=1a%20Sessi%C3%B3%20InDeeP\">Jesus Berd\u00fan<\/a>,\u00a0Project\u00a0Manager\u00a0de la Fundaci\u00f3n.<\/p>\n<p>Las plazas son limitadas.<\/p>\n","protected":false},"author":21,"featured_media":3323,"menu_order":0,"template":"","meta":{"_acf_changed":false,"inline_featured_image":false},"etiqueta":[],"tipus":[],"topic":[123],"class_list":["post-3326","noticia","type-noticia","status-publish","has-post-thumbnail","hentry","topic-actualidad"],"acf":{"imatge":3325,"autor":"Adri\u00e0 G.Font","textos_destacats":[{"texte":"Las Sesiones InDeeP (Innovaci\u00f3n, Divulgaci\u00f3n y Participaci\u00f3n) consisten en debates abiertos para la diseminaci\u00f3n de la innovaci\u00f3n en el \u00e1mbito sanitario y social, mediante la participaci\u00f3n de actores relevantes del sector."}]},"yoast_head":"<!-- This site is optimized with the Yoast SEO plugin v27.1.1 - https:\/\/yoast.com\/product\/yoast-seo-wordpress\/ -->\n<title>1a Sesi\u00f3n InDeeP: Diagn\u00f3stico para la imagen digital a Catalu\u00f1a - Fundaci\u00f3 TIC Salut i Social<\/title>\n<meta name=\"robots\" content=\"index, follow, max-snippet:-1, max-image-preview:large, max-video-preview:-1\" \/>\n<link rel=\"canonical\" href=\"https:\/\/ticsalutsocial.atoom.space\/es\/noticia\/1a-sesion-indeep-diagnostico-para-la-imagen-digital-a-cataluna\/\" \/>\n<meta property=\"og:locale\" content=\"es_ES\" \/>\n<meta property=\"og:type\" content=\"article\" \/>\n<meta property=\"og:title\" content=\"1a Sesi\u00f3n InDeeP: Diagn\u00f3stico para la imagen digital a Catalu\u00f1a - Fundaci\u00f3 TIC Salut i Social\" \/>\n<meta property=\"og:description\" content=\"Las Sesiones InDeeP (Innovaci\u00f3n, Divulgaci\u00f3n y Participaci\u00f3n) consisten en debates abiertos para la diseminaci\u00f3n de la innovaci\u00f3n en el \u00e1mbito sanitario y social, mediante la participaci\u00f3n de actores relevantes del sector. Esta primera sesi\u00f3n se enmarca en el Observatorio del Diagn\u00f3stico para la Imagen Digital, creado por la Fundaci\u00f3n bajo encargo de la Coordinaci\u00f3n General [&hellip;]\" \/>\n<meta property=\"og:url\" content=\"https:\/\/ticsalutsocial.atoom.space\/es\/noticia\/1a-sesion-indeep-diagnostico-para-la-imagen-digital-a-cataluna\/\" \/>\n<meta property=\"og:site_name\" content=\"Fundaci\u00f3 TIC Salut i Social\" \/>\n<meta property=\"article:modified_time\" content=\"2021-07-21T13:35:47+00:00\" \/>\n<meta property=\"og:image\" content=\"https:\/\/ticsalutsocial.atoom.space\/wp-content\/uploads\/2018\/03\/bannersavethedatecentre79584600.png\" \/>\n\t<meta property=\"og:image:width\" content=\"600\" \/>\n\t<meta property=\"og:image:height\" content=\"426\" \/>\n\t<meta property=\"og:image:type\" content=\"image\/png\" \/>\n<meta name=\"twitter:card\" content=\"summary_large_image\" \/>\n<meta name=\"twitter:label1\" content=\"Tiempo de lectura\" \/>\n\t<meta name=\"twitter:data1\" content=\"1 minuto\" \/>\n<script type=\"application\/ld+json\" class=\"yoast-schema-graph\">{\"@context\":\"https:\/\/schema.org\",\"@graph\":[{\"@type\":\"WebPage\",\"@id\":\"https:\/\/ticsalutsocial.atoom.space\/es\/noticia\/1a-sesion-indeep-diagnostico-para-la-imagen-digital-a-cataluna\/\",\"url\":\"https:\/\/ticsalutsocial.atoom.space\/es\/noticia\/1a-sesion-indeep-diagnostico-para-la-imagen-digital-a-cataluna\/\",\"name\":\"1a Sesi\u00f3n InDeeP: Diagn\u00f3stico para la imagen digital a Catalu\u00f1a - Fundaci\u00f3 TIC Salut i Social\",\"isPartOf\":{\"@id\":\"https:\/\/ticsalutsocial.atoom.space\/es\/#website\"},\"primaryImageOfPage\":{\"@id\":\"https:\/\/ticsalutsocial.atoom.space\/es\/noticia\/1a-sesion-indeep-diagnostico-para-la-imagen-digital-a-cataluna\/#primaryimage\"},\"image\":{\"@id\":\"https:\/\/ticsalutsocial.atoom.space\/es\/noticia\/1a-sesion-indeep-diagnostico-para-la-imagen-digital-a-cataluna\/#primaryimage\"},\"thumbnailUrl\":\"https:\/\/ticsalutsocial.atoom.space\/wp-content\/uploads\/2018\/03\/bannersavethedatecentre79584600.png\",\"datePublished\":\"2018-03-10T08:05:27+00:00\",\"dateModified\":\"2021-07-21T13:35:47+00:00\",\"breadcrumb\":{\"@id\":\"https:\/\/ticsalutsocial.atoom.space\/es\/noticia\/1a-sesion-indeep-diagnostico-para-la-imagen-digital-a-cataluna\/#breadcrumb\"},\"inLanguage\":\"es\",\"potentialAction\":[{\"@type\":\"ReadAction\",\"target\":[\"https:\/\/ticsalutsocial.atoom.space\/es\/noticia\/1a-sesion-indeep-diagnostico-para-la-imagen-digital-a-cataluna\/\"]}]},{\"@type\":\"ImageObject\",\"inLanguage\":\"es\",\"@id\":\"https:\/\/ticsalutsocial.atoom.space\/es\/noticia\/1a-sesion-indeep-diagnostico-para-la-imagen-digital-a-cataluna\/#primaryimage\",\"url\":\"https:\/\/ticsalutsocial.atoom.space\/wp-content\/uploads\/2018\/03\/bannersavethedatecentre79584600.png\",\"contentUrl\":\"https:\/\/ticsalutsocial.atoom.space\/wp-content\/uploads\/2018\/03\/bannersavethedatecentre79584600.png\",\"width\":600,\"height\":426},{\"@type\":\"BreadcrumbList\",\"@id\":\"https:\/\/ticsalutsocial.atoom.space\/es\/noticia\/1a-sesion-indeep-diagnostico-para-la-imagen-digital-a-cataluna\/#breadcrumb\",\"itemListElement\":[{\"@type\":\"ListItem\",\"position\":1,\"name\":\"Inici\",\"item\":\"https:\/\/ticsalutsocial.atoom.space\/es\/\"},{\"@type\":\"ListItem\",\"position\":2,\"name\":\"1a Sesi\u00f3n InDeeP: Diagn\u00f3stico para la imagen digital a Catalu\u00f1a\"}]},{\"@type\":\"WebSite\",\"@id\":\"https:\/\/ticsalutsocial.atoom.space\/es\/#website\",\"url\":\"https:\/\/ticsalutsocial.atoom.space\/es\/\",\"name\":\"Fundaci\u00f3 TIC Salut i Social\",\"description\":\"\",\"potentialAction\":[{\"@type\":\"SearchAction\",\"target\":{\"@type\":\"EntryPoint\",\"urlTemplate\":\"https:\/\/ticsalutsocial.atoom.space\/es\/?s={search_term_string}\"},\"query-input\":{\"@type\":\"PropertyValueSpecification\",\"valueRequired\":true,\"valueName\":\"search_term_string\"}}],\"inLanguage\":\"es\"}]}<\/script>\n<!-- \/ Yoast SEO plugin. -->","yoast_head_json":{"title":"1a Sesi\u00f3n InDeeP: Diagn\u00f3stico para la imagen digital a Catalu\u00f1a - Fundaci\u00f3 TIC Salut i Social","robots":{"index":"index","follow":"follow","max-snippet":"max-snippet:-1","max-image-preview":"max-image-preview:large","max-video-preview":"max-video-preview:-1"},"canonical":"https:\/\/ticsalutsocial.atoom.space\/es\/noticia\/1a-sesion-indeep-diagnostico-para-la-imagen-digital-a-cataluna\/","og_locale":"es_ES","og_type":"article","og_title":"1a Sesi\u00f3n InDeeP: Diagn\u00f3stico para la imagen digital a Catalu\u00f1a - Fundaci\u00f3 TIC Salut i Social","og_description":"Las Sesiones InDeeP (Innovaci\u00f3n, Divulgaci\u00f3n y Participaci\u00f3n) consisten en debates abiertos para la diseminaci\u00f3n de la innovaci\u00f3n en el \u00e1mbito sanitario y social, mediante la participaci\u00f3n de actores relevantes del sector. Esta primera sesi\u00f3n se enmarca en el Observatorio del Diagn\u00f3stico para la Imagen Digital, creado por la Fundaci\u00f3n bajo encargo de la Coordinaci\u00f3n General [&hellip;]","og_url":"https:\/\/ticsalutsocial.atoom.space\/es\/noticia\/1a-sesion-indeep-diagnostico-para-la-imagen-digital-a-cataluna\/","og_site_name":"Fundaci\u00f3 TIC Salut i Social","article_modified_time":"2021-07-21T13:35:47+00:00","og_image":[{"width":600,"height":426,"url":"https:\/\/ticsalutsocial.atoom.space\/wp-content\/uploads\/2018\/03\/bannersavethedatecentre79584600.png","type":"image\/png"}],"twitter_card":"summary_large_image","twitter_misc":{"Tiempo de lectura":"1 minuto"},"schema":{"@context":"https:\/\/schema.org","@graph":[{"@type":"WebPage","@id":"https:\/\/ticsalutsocial.atoom.space\/es\/noticia\/1a-sesion-indeep-diagnostico-para-la-imagen-digital-a-cataluna\/","url":"https:\/\/ticsalutsocial.atoom.space\/es\/noticia\/1a-sesion-indeep-diagnostico-para-la-imagen-digital-a-cataluna\/","name":"1a Sesi\u00f3n InDeeP: Diagn\u00f3stico para la imagen digital a Catalu\u00f1a - Fundaci\u00f3 TIC Salut i Social","isPartOf":{"@id":"https:\/\/ticsalutsocial.atoom.space\/es\/#website"},"primaryImageOfPage":{"@id":"https:\/\/ticsalutsocial.atoom.space\/es\/noticia\/1a-sesion-indeep-diagnostico-para-la-imagen-digital-a-cataluna\/#primaryimage"},"image":{"@id":"https:\/\/ticsalutsocial.atoom.space\/es\/noticia\/1a-sesion-indeep-diagnostico-para-la-imagen-digital-a-cataluna\/#primaryimage"},"thumbnailUrl":"https:\/\/ticsalutsocial.atoom.space\/wp-content\/uploads\/2018\/03\/bannersavethedatecentre79584600.png","datePublished":"2018-03-10T08:05:27+00:00","dateModified":"2021-07-21T13:35:47+00:00","breadcrumb":{"@id":"https:\/\/ticsalutsocial.atoom.space\/es\/noticia\/1a-sesion-indeep-diagnostico-para-la-imagen-digital-a-cataluna\/#breadcrumb"},"inLanguage":"es","potentialAction":[{"@type":"ReadAction","target":["https:\/\/ticsalutsocial.atoom.space\/es\/noticia\/1a-sesion-indeep-diagnostico-para-la-imagen-digital-a-cataluna\/"]}]},{"@type":"ImageObject","inLanguage":"es","@id":"https:\/\/ticsalutsocial.atoom.space\/es\/noticia\/1a-sesion-indeep-diagnostico-para-la-imagen-digital-a-cataluna\/#primaryimage","url":"https:\/\/ticsalutsocial.atoom.space\/wp-content\/uploads\/2018\/03\/bannersavethedatecentre79584600.png","contentUrl":"https:\/\/ticsalutsocial.atoom.space\/wp-content\/uploads\/2018\/03\/bannersavethedatecentre79584600.png","width":600,"height":426},{"@type":"BreadcrumbList","@id":"https:\/\/ticsalutsocial.atoom.space\/es\/noticia\/1a-sesion-indeep-diagnostico-para-la-imagen-digital-a-cataluna\/#breadcrumb","itemListElement":[{"@type":"ListItem","position":1,"name":"Inici","item":"https:\/\/ticsalutsocial.atoom.space\/es\/"},{"@type":"ListItem","position":2,"name":"1a Sesi\u00f3n InDeeP: Diagn\u00f3stico para la imagen digital a Catalu\u00f1a"}]},{"@type":"WebSite","@id":"https:\/\/ticsalutsocial.atoom.space\/es\/#website","url":"https:\/\/ticsalutsocial.atoom.space\/es\/","name":"Fundaci\u00f3 TIC Salut i Social","description":"","potentialAction":[{"@type":"SearchAction","target":{"@type":"EntryPoint","urlTemplate":"https:\/\/ticsalutsocial.atoom.space\/es\/?s={search_term_string}"},"query-input":{"@type":"PropertyValueSpecification","valueRequired":true,"valueName":"search_term_string"}}],"inLanguage":"es"}]}},"_links":{"self":[{"href":"https:\/\/ticsalutsocial.atoom.space\/es\/wp-json\/wp\/v2\/noticia\/3326","targetHints":{"allow":["GET"]}}],"collection":[{"href":"https:\/\/ticsalutsocial.atoom.space\/es\/wp-json\/wp\/v2\/noticia"}],"about":[{"href":"https:\/\/ticsalutsocial.atoom.space\/es\/wp-json\/wp\/v2\/types\/noticia"}],"author":[{"embeddable":true,"href":"https:\/\/ticsalutsocial.atoom.space\/es\/wp-json\/wp\/v2\/users\/21"}],"wp:featuredmedia":[{"embeddable":true,"href":"https:\/\/ticsalutsocial.atoom.space\/es\/wp-json\/wp\/v2\/media\/3323"}],"wp:attachment":[{"href":"https:\/\/ticsalutsocial.atoom.space\/es\/wp-json\/wp\/v2\/media?parent=3326"}],"wp:term":[{"taxonomy":"etiqueta","embeddable":true,"href":"https:\/\/ticsalutsocial.atoom.space\/es\/wp-json\/wp\/v2\/etiqueta?post=3326"},{"taxonomy":"tipus","embeddable":true,"href":"https:\/\/ticsalutsocial.atoom.space\/es\/wp-json\/wp\/v2\/tipus?post=3326"},{"taxonomy":"topic","embeddable":true,"href":"https:\/\/ticsalutsocial.atoom.space\/es\/wp-json\/wp\/v2\/topic?post=3326"}],"curies":[{"name":"wp","href":"https:\/\/api.w.org\/{rel}","templated":true}]}}