
{"id":33305,"date":"2025-08-26T12:24:25","date_gmt":"2025-08-26T10:24:25","guid":{"rendered":"https:\/\/ticsalutsocial.atoom.space\/?post_type=noticia&#038;p=33305"},"modified":"2025-08-27T13:58:39","modified_gmt":"2025-08-27T11:58:39","slug":"salud-y-derechos-sociales-compartiran-informacion-de-los-pacientes-para-mejorar-la-atencion-integrada-domiciliaria","status":"publish","type":"noticia","link":"https:\/\/ticsalutsocial.atoom.space\/es\/noticia\/salud-y-derechos-sociales-compartiran-informacion-de-los-pacientes-para-mejorar-la-atencion-integrada-domiciliaria\/","title":{"rendered":"Salud y Derechos Sociales compartir\u00e1n informaci\u00f3n de los pacientes para mejorar la atenci\u00f3n integrada domiciliaria"},"content":{"rendered":"\n<p>Los departamentos de&nbsp;<strong>Salud<\/strong>&nbsp;y de&nbsp;<strong>Derechos Sociales e Inclusi\u00f3n<\/strong>&nbsp;han puesto en marcha un nuevo&nbsp;<strong>Protocolo de actuaci\u00f3n para la comunicaci\u00f3n de datos<\/strong>&nbsp;entre el sistema sanitario p\u00fablico y la red de servicios sociales. El objetivo es fortalecer la colaboraci\u00f3n entre profesionales de ambos \u00e1mbitos y ofrecer una&nbsp;<strong>atenci\u00f3n domiciliaria m\u00e1s coordinada, integral y centrada en la persona<\/strong>.<\/p>\n\n\n\n<h3 class=\"wp-block-heading\">Una atenci\u00f3n integrada y personalizada<\/h3>\n\n\n\n<p>Tal y como avanz\u00f3\u00a0<strong>Conxita Barbeta<\/strong>, responsable de Atenci\u00f3n Integrada Social y Sanitaria del Departamento de Derechos Sociales e Inclusi\u00f3n, durante el acto de clausura de la jornada\u00a0<em><a href=\"https:\/\/ticsalutsocial.atoom.space\/noticia\/professionals-dels-serveis-socials-i-de-salut-comparteixen-coneixement-sobre-eines-tecnologiques-que-afavoreixen-la-coordinacio-en-latencio-integrada\/\">Tecnolog\u00eda para impulsar la atenci\u00f3n social y sanitaria<\/a><\/em>\u00a0del pasado 22 de julio, la aprobaci\u00f3n de este protocolo es importante para compartir conocimiento y datos siguiendo procedimientos de seguridad y robustez tecnol\u00f3gica que favorezcan la coordinaci\u00f3n entre departamentos.<\/p>\n\n\n\n<p>El protocolo permite que los equipos sanitarios y sociales compartan informaci\u00f3n relevante de cada persona para realizar una&nbsp;<strong>valoraci\u00f3n multidimensional<\/strong>&nbsp;y establecer un&nbsp;<strong>plan de atenci\u00f3n \u00fanico<\/strong>, que integre todos los recursos necesarios. Esto evita que sea la ciudadan\u00eda quien deba gestionar los tr\u00e1mites y garantiza que est\u00e9&nbsp;<strong>en el centro del proceso de atenci\u00f3n<\/strong>.<\/p>\n\n\n\n<p>Esta mejora repercutir\u00e1 especialmente en la atenci\u00f3n a personas con&nbsp;<strong>complejidad sanitaria y social<\/strong>, ya que facilita la coordinaci\u00f3n de cuidados y servicios, tanto durante la atenci\u00f3n domiciliaria como despu\u00e9s de un ingreso hospitalario.<\/p>\n\n\n\n<h3 class=\"wp-block-heading\">El papel clave de las TIC<\/h3>\n\n\n\n<p>La tecnolog\u00eda es un elemento clave en este proceso. Las&nbsp;<strong>plataformas digitales<\/strong>&nbsp;permiten intercambiar informaci\u00f3n cl\u00ednica y social entre profesionales y entidades del territorio de manera segura y \u00e1gil.<\/p>\n\n\n\n<p>Gracias a este entorno compartido, se pueden mejorar:<\/p>\n\n\n\n<ul class=\"wp-block-list\">\n<li>La comunicaci\u00f3n entre profesionales.<\/li>\n\n\n\n<li>La eficiencia en la planificaci\u00f3n de cuidados y recursos.<\/li>\n\n\n\n<li>La toma de decisiones informada y conjunta.<\/li>\n<\/ul>\n\n\n\n<p>En definitiva, la inclusi\u00f3n de datos sociales y sanitarios en un mismo entorno tecnol\u00f3gico contribuye a&nbsp;<strong>mejorar los resultados en salud y bienestar, optimizar los recursos p\u00fablicos y avanzar hacia un sistema sanitario y social m\u00e1s sostenible e integrado<\/strong>.<\/p>\n","protected":false},"author":21,"featured_media":33304,"menu_order":0,"template":"","meta":{"_acf_changed":true,"inline_featured_image":false},"etiqueta":[],"tipus":[],"topic":[],"class_list":["post-33305","noticia","type-noticia","status-publish","has-post-thumbnail","hentry"],"acf":{"autor":"","imatge":false,"textos_destacats":[{"texte":"La inclusi\u00f3n de datos sociales y sanitarios en un mismo entorno tecnol\u00f3gico contribuye a mejorar los resultados en salud y bienestar, optimizando recursos p\u00fablicos"}],"documents":false,"finalitzat":false,"tipus_plantilla":"objectius","template_objectius":{"cont_principal":"","imatge":false,"cont_seguent":{"titol":"","contingut":""},"seccio_llistat":{"titol":"","llistat":false},"objectius":{"titol":"","objectius":false},"documents":false}},"yoast_head":"<!-- This site is optimized with the Yoast SEO plugin v27.1.1 - https:\/\/yoast.com\/product\/yoast-seo-wordpress\/ -->\n<title>Salud y Derechos Sociales compartir\u00e1n informaci\u00f3n de los pacientes para mejorar la atenci\u00f3n integrada domiciliaria - Fundaci\u00f3 TIC Salut i Social<\/title>\n<meta name=\"robots\" content=\"index, follow, max-snippet:-1, max-image-preview:large, max-video-preview:-1\" \/>\n<link rel=\"canonical\" href=\"https:\/\/ticsalutsocial.atoom.space\/es\/noticia\/salud-y-derechos-sociales-compartiran-informacion-de-los-pacientes-para-mejorar-la-atencion-integrada-domiciliaria\/\" \/>\n<meta property=\"og:locale\" content=\"es_ES\" \/>\n<meta property=\"og:type\" content=\"article\" \/>\n<meta property=\"og:title\" content=\"Salud y Derechos Sociales compartir\u00e1n informaci\u00f3n de los pacientes para mejorar la atenci\u00f3n integrada domiciliaria - Fundaci\u00f3 TIC Salut i Social\" \/>\n<meta property=\"og:description\" content=\"Los departamentos de&nbsp;Salud&nbsp;y de&nbsp;Derechos Sociales e Inclusi\u00f3n&nbsp;han puesto en marcha un nuevo&nbsp;Protocolo de actuaci\u00f3n para la comunicaci\u00f3n de datos&nbsp;entre el sistema sanitario p\u00fablico y la red de servicios sociales. El objetivo es fortalecer la colaboraci\u00f3n entre profesionales de ambos \u00e1mbitos y ofrecer una&nbsp;atenci\u00f3n domiciliaria m\u00e1s coordinada, integral y centrada en la persona. Una atenci\u00f3n integrada [&hellip;]\" \/>\n<meta property=\"og:url\" content=\"https:\/\/ticsalutsocial.atoom.space\/es\/noticia\/salud-y-derechos-sociales-compartiran-informacion-de-los-pacientes-para-mejorar-la-atencion-integrada-domiciliaria\/\" \/>\n<meta property=\"og:site_name\" content=\"Fundaci\u00f3 TIC Salut i Social\" \/>\n<meta property=\"article:modified_time\" content=\"2025-08-27T11:58:39+00:00\" \/>\n<meta property=\"og:image\" content=\"https:\/\/ticsalutsocial.atoom.space\/wp-content\/uploads\/2025\/08\/iStock-2163551642.jpg\" \/>\n\t<meta property=\"og:image:width\" content=\"1024\" \/>\n\t<meta property=\"og:image:height\" content=\"1024\" \/>\n\t<meta property=\"og:image:type\" content=\"image\/jpeg\" \/>\n<meta name=\"twitter:card\" content=\"summary_large_image\" \/>\n<meta name=\"twitter:label1\" content=\"Tiempo de lectura\" \/>\n\t<meta name=\"twitter:data1\" content=\"2 minutos\" \/>\n<script type=\"application\/ld+json\" class=\"yoast-schema-graph\">{\"@context\":\"https:\/\/schema.org\",\"@graph\":[{\"@type\":\"WebPage\",\"@id\":\"https:\/\/ticsalutsocial.atoom.space\/es\/noticia\/salud-y-derechos-sociales-compartiran-informacion-de-los-pacientes-para-mejorar-la-atencion-integrada-domiciliaria\/\",\"url\":\"https:\/\/ticsalutsocial.atoom.space\/es\/noticia\/salud-y-derechos-sociales-compartiran-informacion-de-los-pacientes-para-mejorar-la-atencion-integrada-domiciliaria\/\",\"name\":\"Salud y Derechos Sociales compartir\u00e1n informaci\u00f3n de los pacientes para mejorar la atenci\u00f3n integrada domiciliaria - Fundaci\u00f3 TIC Salut i Social\",\"isPartOf\":{\"@id\":\"https:\/\/ticsalutsocial.atoom.space\/es\/#website\"},\"primaryImageOfPage\":{\"@id\":\"https:\/\/ticsalutsocial.atoom.space\/es\/noticia\/salud-y-derechos-sociales-compartiran-informacion-de-los-pacientes-para-mejorar-la-atencion-integrada-domiciliaria\/#primaryimage\"},\"image\":{\"@id\":\"https:\/\/ticsalutsocial.atoom.space\/es\/noticia\/salud-y-derechos-sociales-compartiran-informacion-de-los-pacientes-para-mejorar-la-atencion-integrada-domiciliaria\/#primaryimage\"},\"thumbnailUrl\":\"https:\/\/ticsalutsocial.atoom.space\/wp-content\/uploads\/2025\/08\/iStock-2163551642.jpg\",\"datePublished\":\"2025-08-26T10:24:25+00:00\",\"dateModified\":\"2025-08-27T11:58:39+00:00\",\"breadcrumb\":{\"@id\":\"https:\/\/ticsalutsocial.atoom.space\/es\/noticia\/salud-y-derechos-sociales-compartiran-informacion-de-los-pacientes-para-mejorar-la-atencion-integrada-domiciliaria\/#breadcrumb\"},\"inLanguage\":\"es\",\"potentialAction\":[{\"@type\":\"ReadAction\",\"target\":[\"https:\/\/ticsalutsocial.atoom.space\/es\/noticia\/salud-y-derechos-sociales-compartiran-informacion-de-los-pacientes-para-mejorar-la-atencion-integrada-domiciliaria\/\"]}]},{\"@type\":\"ImageObject\",\"inLanguage\":\"es\",\"@id\":\"https:\/\/ticsalutsocial.atoom.space\/es\/noticia\/salud-y-derechos-sociales-compartiran-informacion-de-los-pacientes-para-mejorar-la-atencion-integrada-domiciliaria\/#primaryimage\",\"url\":\"https:\/\/ticsalutsocial.atoom.space\/wp-content\/uploads\/2025\/08\/iStock-2163551642.jpg\",\"contentUrl\":\"https:\/\/ticsalutsocial.atoom.space\/wp-content\/uploads\/2025\/08\/iStock-2163551642.jpg\",\"width\":1024,\"height\":1024,\"caption\":\"Three hands holding each other in a triangle. The image is about unity and teamwork. The blue background adds a sense of calmness and stability to the scene\"},{\"@type\":\"BreadcrumbList\",\"@id\":\"https:\/\/ticsalutsocial.atoom.space\/es\/noticia\/salud-y-derechos-sociales-compartiran-informacion-de-los-pacientes-para-mejorar-la-atencion-integrada-domiciliaria\/#breadcrumb\",\"itemListElement\":[{\"@type\":\"ListItem\",\"position\":1,\"name\":\"Inici\",\"item\":\"https:\/\/ticsalutsocial.atoom.space\/es\/\"},{\"@type\":\"ListItem\",\"position\":2,\"name\":\"Salud y Derechos Sociales compartir\u00e1n informaci\u00f3n de los pacientes para mejorar la atenci\u00f3n integrada domiciliaria\"}]},{\"@type\":\"WebSite\",\"@id\":\"https:\/\/ticsalutsocial.atoom.space\/es\/#website\",\"url\":\"https:\/\/ticsalutsocial.atoom.space\/es\/\",\"name\":\"Fundaci\u00f3 TIC Salut i Social\",\"description\":\"\",\"potentialAction\":[{\"@type\":\"SearchAction\",\"target\":{\"@type\":\"EntryPoint\",\"urlTemplate\":\"https:\/\/ticsalutsocial.atoom.space\/es\/?s={search_term_string}\"},\"query-input\":{\"@type\":\"PropertyValueSpecification\",\"valueRequired\":true,\"valueName\":\"search_term_string\"}}],\"inLanguage\":\"es\"}]}<\/script>\n<!-- \/ Yoast SEO plugin. -->","yoast_head_json":{"title":"Salud y Derechos Sociales compartir\u00e1n informaci\u00f3n de los pacientes para mejorar la atenci\u00f3n integrada domiciliaria - Fundaci\u00f3 TIC Salut i Social","robots":{"index":"index","follow":"follow","max-snippet":"max-snippet:-1","max-image-preview":"max-image-preview:large","max-video-preview":"max-video-preview:-1"},"canonical":"https:\/\/ticsalutsocial.atoom.space\/es\/noticia\/salud-y-derechos-sociales-compartiran-informacion-de-los-pacientes-para-mejorar-la-atencion-integrada-domiciliaria\/","og_locale":"es_ES","og_type":"article","og_title":"Salud y Derechos Sociales compartir\u00e1n informaci\u00f3n de los pacientes para mejorar la atenci\u00f3n integrada domiciliaria - Fundaci\u00f3 TIC Salut i Social","og_description":"Los departamentos de&nbsp;Salud&nbsp;y de&nbsp;Derechos Sociales e Inclusi\u00f3n&nbsp;han puesto en marcha un nuevo&nbsp;Protocolo de actuaci\u00f3n para la comunicaci\u00f3n de datos&nbsp;entre el sistema sanitario p\u00fablico y la red de servicios sociales. El objetivo es fortalecer la colaboraci\u00f3n entre profesionales de ambos \u00e1mbitos y ofrecer una&nbsp;atenci\u00f3n domiciliaria m\u00e1s coordinada, integral y centrada en la persona. Una atenci\u00f3n integrada [&hellip;]","og_url":"https:\/\/ticsalutsocial.atoom.space\/es\/noticia\/salud-y-derechos-sociales-compartiran-informacion-de-los-pacientes-para-mejorar-la-atencion-integrada-domiciliaria\/","og_site_name":"Fundaci\u00f3 TIC Salut i Social","article_modified_time":"2025-08-27T11:58:39+00:00","og_image":[{"width":1024,"height":1024,"url":"https:\/\/ticsalutsocial.atoom.space\/wp-content\/uploads\/2025\/08\/iStock-2163551642.jpg","type":"image\/jpeg"}],"twitter_card":"summary_large_image","twitter_misc":{"Tiempo de lectura":"2 minutos"},"schema":{"@context":"https:\/\/schema.org","@graph":[{"@type":"WebPage","@id":"https:\/\/ticsalutsocial.atoom.space\/es\/noticia\/salud-y-derechos-sociales-compartiran-informacion-de-los-pacientes-para-mejorar-la-atencion-integrada-domiciliaria\/","url":"https:\/\/ticsalutsocial.atoom.space\/es\/noticia\/salud-y-derechos-sociales-compartiran-informacion-de-los-pacientes-para-mejorar-la-atencion-integrada-domiciliaria\/","name":"Salud y Derechos Sociales compartir\u00e1n informaci\u00f3n de los pacientes para mejorar la atenci\u00f3n integrada domiciliaria - Fundaci\u00f3 TIC Salut i Social","isPartOf":{"@id":"https:\/\/ticsalutsocial.atoom.space\/es\/#website"},"primaryImageOfPage":{"@id":"https:\/\/ticsalutsocial.atoom.space\/es\/noticia\/salud-y-derechos-sociales-compartiran-informacion-de-los-pacientes-para-mejorar-la-atencion-integrada-domiciliaria\/#primaryimage"},"image":{"@id":"https:\/\/ticsalutsocial.atoom.space\/es\/noticia\/salud-y-derechos-sociales-compartiran-informacion-de-los-pacientes-para-mejorar-la-atencion-integrada-domiciliaria\/#primaryimage"},"thumbnailUrl":"https:\/\/ticsalutsocial.atoom.space\/wp-content\/uploads\/2025\/08\/iStock-2163551642.jpg","datePublished":"2025-08-26T10:24:25+00:00","dateModified":"2025-08-27T11:58:39+00:00","breadcrumb":{"@id":"https:\/\/ticsalutsocial.atoom.space\/es\/noticia\/salud-y-derechos-sociales-compartiran-informacion-de-los-pacientes-para-mejorar-la-atencion-integrada-domiciliaria\/#breadcrumb"},"inLanguage":"es","potentialAction":[{"@type":"ReadAction","target":["https:\/\/ticsalutsocial.atoom.space\/es\/noticia\/salud-y-derechos-sociales-compartiran-informacion-de-los-pacientes-para-mejorar-la-atencion-integrada-domiciliaria\/"]}]},{"@type":"ImageObject","inLanguage":"es","@id":"https:\/\/ticsalutsocial.atoom.space\/es\/noticia\/salud-y-derechos-sociales-compartiran-informacion-de-los-pacientes-para-mejorar-la-atencion-integrada-domiciliaria\/#primaryimage","url":"https:\/\/ticsalutsocial.atoom.space\/wp-content\/uploads\/2025\/08\/iStock-2163551642.jpg","contentUrl":"https:\/\/ticsalutsocial.atoom.space\/wp-content\/uploads\/2025\/08\/iStock-2163551642.jpg","width":1024,"height":1024,"caption":"Three hands holding each other in a triangle. The image is about unity and teamwork. The blue background adds a sense of calmness and stability to the scene"},{"@type":"BreadcrumbList","@id":"https:\/\/ticsalutsocial.atoom.space\/es\/noticia\/salud-y-derechos-sociales-compartiran-informacion-de-los-pacientes-para-mejorar-la-atencion-integrada-domiciliaria\/#breadcrumb","itemListElement":[{"@type":"ListItem","position":1,"name":"Inici","item":"https:\/\/ticsalutsocial.atoom.space\/es\/"},{"@type":"ListItem","position":2,"name":"Salud y Derechos Sociales compartir\u00e1n informaci\u00f3n de los pacientes para mejorar la atenci\u00f3n integrada domiciliaria"}]},{"@type":"WebSite","@id":"https:\/\/ticsalutsocial.atoom.space\/es\/#website","url":"https:\/\/ticsalutsocial.atoom.space\/es\/","name":"Fundaci\u00f3 TIC Salut i Social","description":"","potentialAction":[{"@type":"SearchAction","target":{"@type":"EntryPoint","urlTemplate":"https:\/\/ticsalutsocial.atoom.space\/es\/?s={search_term_string}"},"query-input":{"@type":"PropertyValueSpecification","valueRequired":true,"valueName":"search_term_string"}}],"inLanguage":"es"}]}},"_links":{"self":[{"href":"https:\/\/ticsalutsocial.atoom.space\/es\/wp-json\/wp\/v2\/noticia\/33305","targetHints":{"allow":["GET"]}}],"collection":[{"href":"https:\/\/ticsalutsocial.atoom.space\/es\/wp-json\/wp\/v2\/noticia"}],"about":[{"href":"https:\/\/ticsalutsocial.atoom.space\/es\/wp-json\/wp\/v2\/types\/noticia"}],"author":[{"embeddable":true,"href":"https:\/\/ticsalutsocial.atoom.space\/es\/wp-json\/wp\/v2\/users\/21"}],"wp:featuredmedia":[{"embeddable":true,"href":"https:\/\/ticsalutsocial.atoom.space\/es\/wp-json\/wp\/v2\/media\/33304"}],"wp:attachment":[{"href":"https:\/\/ticsalutsocial.atoom.space\/es\/wp-json\/wp\/v2\/media?parent=33305"}],"wp:term":[{"taxonomy":"etiqueta","embeddable":true,"href":"https:\/\/ticsalutsocial.atoom.space\/es\/wp-json\/wp\/v2\/etiqueta?post=33305"},{"taxonomy":"tipus","embeddable":true,"href":"https:\/\/ticsalutsocial.atoom.space\/es\/wp-json\/wp\/v2\/tipus?post=33305"},{"taxonomy":"topic","embeddable":true,"href":"https:\/\/ticsalutsocial.atoom.space\/es\/wp-json\/wp\/v2\/topic?post=33305"}],"curies":[{"name":"wp","href":"https:\/\/api.w.org\/{rel}","templated":true}]}}