
{"id":3332,"date":"2018-05-21T10:47:25","date_gmt":"2018-05-21T08:47:25","guid":{"rendered":"https:\/\/ticsalutsocial.atoom.space\/?post_type=noticia&#038;p=3332"},"modified":"2021-07-21T15:35:50","modified_gmt":"2021-07-21T13:35:50","slug":"la-fundacio-tic-salut-social-participa-en-las-jornadas-mobilitzat-apptivitat-fisica-organizadas-por-el-coplefc","status":"publish","type":"noticia","link":"https:\/\/ticsalutsocial.atoom.space\/es\/noticia\/la-fundacio-tic-salut-social-participa-en-las-jornadas-mobilitzat-apptivitat-fisica-organizadas-por-el-coplefc\/","title":{"rendered":"La Fundaci\u00f3 TIC Salut Social participa en las Jornadas Mobilitza\u2019t Apptivitat F\u00edsica organizadas por el COPLEFC"},"content":{"rendered":"<p>La Fundaci\u00f3n TIC Salut Social particip\u00f3 presentando la necesidad de concienciar en la utilizaci\u00f3n de estas herramientas de movilidad y presentando el trabajo que se est\u00e1 llevando a cabo desde la Oficina mHealth de la Fundaci\u00f3n, donde la acreditaci\u00f3n de aplicaciones representa un trabajo activo y necesario tambi\u00e9n para este colectivo.<\/p>\n<p>El Col\u00b7legi de Professionals de l\u2019Activitat F\u00edsica i de l\u2019Esport de\u00a0Catalunya (COPLEFC) organiz\u00f3 el pasado d\u00eda 22 de febrero en el Espacio Josep Bota de la F\u00e1brica de Creaci\u00f3n Fabra y\u00a0Coats\u00a0la Jornada\u00a0Movilitza\u2019t,\u00a0Apptivitat\u00a0F\u00edsica. El objetivo de la jornada fue tratar h\u00e1bitos de vida saludable en entornos m\u00f3viles, un tema muy cotidiano que afecta a las vidas de los ciudadanos: como el tel\u00e9fono m\u00f3vil nos puede hacer m\u00e1s activos. La jornada arranc\u00f3 de la mano del presidente del colegio, el Sr. Pere Manel, que agradeci\u00f3 la colaboraci\u00f3n reciente con la Fundaci\u00f3n TIC Salut Social en cuanto al actual reto de\u00a0discernir\u00a0la calidad de las aplicaciones de bienestar que se est\u00e1n utilizando en este \u00e1mbito.<\/p>\n<p>Durante la jornada se trataron temas diversos que propiciaban un debate general sobre el futuro cotidiano en que la ciudadan\u00eda y los profesionales de la actividad f\u00edsica fueron\u00a0part\u00edcipes. Muchas profesionales est\u00e1n trabajando en soluciones tecnol\u00f3gicas destinadas a promocionar h\u00e1bitos activos o de entrenamiento a cualquier nivel de competencia.<\/p>\n<p>La Fundaci\u00f3n TIC Salut Social particip\u00f3 presentando la necesidad de establecer concienciaci\u00f3 en el utilizaci\u00f3n de estas herramientas de movilidad y presentando el trabajo que se est\u00e1 llevando a cabo desde la Oficina\u00a0mHealth\u00a0de la Fundaci\u00f3n, donde la acreditaci\u00f3n de aplicaciones representa un trabajo activo y necesario tambi\u00e9n por este\u00a0colectivo.<\/p>\n<p>Algunas aspectos a destacar fueron la necesidad de andar al menos m\u00e1s de 10.000 pasos al d\u00eda para poder garantizar una vida activa y saludable, un dato que nos proporciona la Organizaci\u00f3n Mundial de la Salud (OMS) y el hecho que el ser humano no evoluciona tan r\u00e1pido como lo hace la tecnolog\u00eda y por lo tanto, la necesidad de equilibrar nuestro cerebro y el cuerpo al uso de los m\u00f3viles es una tarea presente a solucionar en nuestras vidas.<\/p>\n<p>La segunda parte de la jornada se centr\u00f3 en una mesa de debate con participantes de diferentes \u00e1mbitos que presentaban\u00a0apps relacionadas con la actividad f\u00edsica y el deporte. Algunas de ellas destacaron que uno de los aspectos clave, es encontrar mecanismos que motiven al usuario a mantenerse activo de manera continuada, como por ejemplo la\u00a0App mHunters\u00a0que indica que el usuario se mantiene constante en la pr\u00e1ctica despu\u00e9s de superar las cinco primeras sesiones de entrenamiento, cosa que garantiza la adherencia a la continuidad en la pr\u00e1ctica del deporte. Uno de los colectivos que m\u00e1s se tiene que incentivar, son los j\u00f3venes, puesto que las cifras indican que este colectivo experimenta una sedentarizaci\u00f3n debido\u00a0al uso excesivo de dispositivos m\u00f3viles o videojuegos, un aspecto que durante la jornada el profesor Llu\u00eds Capdevila indic\u00f3 que en muchos casos estos tipos de comportamientos siguen patrones similares a las conocidas adicciones.<\/p>\n<p>Algunas de las aplicaciones que se presentaron fueron la\u00a0<a href=\"http:\/\/www.catedradots.udl.cat\/\" data-cke-saved-href=\"http:\/\/www.catedradots.udl.cat\/\"><em>App 010K \u2013 Objeciu 10.000<\/em><\/a>, para promocionar el logro de los 10.000 pasos diarios, o la\u00a0<a href=\"https:\/\/mhunters.com\/es\/\" data-cke-saved-href=\"https:\/\/mhunters.com\/es\/\"><em>App mHunters<\/em><\/a>\u00a0que ofrece pautas de entrenamientos para fomentar h\u00e1bitos activos y conseguir el objetivo una vida saludable.<\/p>\n","protected":false},"author":21,"featured_media":3328,"menu_order":0,"template":"","meta":{"_acf_changed":false,"inline_featured_image":false},"etiqueta":[],"tipus":[654],"topic":[125],"class_list":["post-3332","noticia","type-noticia","status-publish","has-post-thumbnail","hentry","tipus-activos-digitales","topic-hub-es"],"acf":{"imatge":3330,"autor":"Adri\u00e0 G.Font","textos_destacats":[{"texte":"El objetivo de la jornada fue tratar h\u00e1bitos de vida saludable en entornos m\u00f3viles, un tema muy cotidiano que afecta a las vidas de los ciudadanos: como el tel\u00e9fono m\u00f3vil nos puede hacer m\u00e1s activos."}]},"yoast_head":"<!-- This site is optimized with the Yoast SEO plugin v27.1.1 - https:\/\/yoast.com\/product\/yoast-seo-wordpress\/ -->\n<title>La Fundaci\u00f3 TIC Salut Social participa en las Jornadas Mobilitza\u2019t Apptivitat F\u00edsica organizadas por el COPLEFC - Fundaci\u00f3 TIC Salut i Social<\/title>\n<meta name=\"robots\" content=\"index, follow, max-snippet:-1, max-image-preview:large, max-video-preview:-1\" \/>\n<link rel=\"canonical\" href=\"https:\/\/ticsalutsocial.atoom.space\/es\/noticia\/la-fundacio-tic-salut-social-participa-en-las-jornadas-mobilitzat-apptivitat-fisica-organizadas-por-el-coplefc\/\" \/>\n<meta property=\"og:locale\" content=\"es_ES\" \/>\n<meta property=\"og:type\" content=\"article\" \/>\n<meta property=\"og:title\" content=\"La Fundaci\u00f3 TIC Salut Social participa en las Jornadas Mobilitza\u2019t Apptivitat F\u00edsica organizadas por el COPLEFC - Fundaci\u00f3 TIC Salut i Social\" \/>\n<meta property=\"og:description\" content=\"La Fundaci\u00f3n TIC Salut Social particip\u00f3 presentando la necesidad de concienciar en la utilizaci\u00f3n de estas herramientas de movilidad y presentando el trabajo que se est\u00e1 llevando a cabo desde la Oficina mHealth de la Fundaci\u00f3n, donde la acreditaci\u00f3n de aplicaciones representa un trabajo activo y necesario tambi\u00e9n para este colectivo. El Col\u00b7legi de Professionals [&hellip;]\" \/>\n<meta property=\"og:url\" content=\"https:\/\/ticsalutsocial.atoom.space\/es\/noticia\/la-fundacio-tic-salut-social-participa-en-las-jornadas-mobilitzat-apptivitat-fisica-organizadas-por-el-coplefc\/\" \/>\n<meta property=\"og:site_name\" content=\"Fundaci\u00f3 TIC Salut i Social\" \/>\n<meta property=\"article:modified_time\" content=\"2021-07-21T13:35:50+00:00\" \/>\n<meta property=\"og:image\" content=\"https:\/\/ticsalutsocial.atoom.space\/wp-content\/uploads\/2018\/05\/mhealth_carme.png\" \/>\n\t<meta property=\"og:image:width\" content=\"446\" \/>\n\t<meta property=\"og:image:height\" content=\"240\" \/>\n\t<meta property=\"og:image:type\" content=\"image\/png\" \/>\n<meta name=\"twitter:card\" content=\"summary_large_image\" \/>\n<meta name=\"twitter:label1\" content=\"Tiempo de lectura\" \/>\n\t<meta name=\"twitter:data1\" content=\"3 minutos\" \/>\n<script type=\"application\/ld+json\" class=\"yoast-schema-graph\">{\"@context\":\"https:\/\/schema.org\",\"@graph\":[{\"@type\":\"WebPage\",\"@id\":\"https:\/\/ticsalutsocial.atoom.space\/es\/noticia\/la-fundacio-tic-salut-social-participa-en-las-jornadas-mobilitzat-apptivitat-fisica-organizadas-por-el-coplefc\/\",\"url\":\"https:\/\/ticsalutsocial.atoom.space\/es\/noticia\/la-fundacio-tic-salut-social-participa-en-las-jornadas-mobilitzat-apptivitat-fisica-organizadas-por-el-coplefc\/\",\"name\":\"La Fundaci\u00f3 TIC Salut Social participa en las Jornadas Mobilitza\u2019t Apptivitat F\u00edsica organizadas por el COPLEFC - Fundaci\u00f3 TIC Salut i Social\",\"isPartOf\":{\"@id\":\"https:\/\/ticsalutsocial.atoom.space\/es\/#website\"},\"primaryImageOfPage\":{\"@id\":\"https:\/\/ticsalutsocial.atoom.space\/es\/noticia\/la-fundacio-tic-salut-social-participa-en-las-jornadas-mobilitzat-apptivitat-fisica-organizadas-por-el-coplefc\/#primaryimage\"},\"image\":{\"@id\":\"https:\/\/ticsalutsocial.atoom.space\/es\/noticia\/la-fundacio-tic-salut-social-participa-en-las-jornadas-mobilitzat-apptivitat-fisica-organizadas-por-el-coplefc\/#primaryimage\"},\"thumbnailUrl\":\"https:\/\/ticsalutsocial.atoom.space\/wp-content\/uploads\/2018\/05\/mhealth_carme.png\",\"datePublished\":\"2018-05-21T08:47:25+00:00\",\"dateModified\":\"2021-07-21T13:35:50+00:00\",\"breadcrumb\":{\"@id\":\"https:\/\/ticsalutsocial.atoom.space\/es\/noticia\/la-fundacio-tic-salut-social-participa-en-las-jornadas-mobilitzat-apptivitat-fisica-organizadas-por-el-coplefc\/#breadcrumb\"},\"inLanguage\":\"es\",\"potentialAction\":[{\"@type\":\"ReadAction\",\"target\":[\"https:\/\/ticsalutsocial.atoom.space\/es\/noticia\/la-fundacio-tic-salut-social-participa-en-las-jornadas-mobilitzat-apptivitat-fisica-organizadas-por-el-coplefc\/\"]}]},{\"@type\":\"ImageObject\",\"inLanguage\":\"es\",\"@id\":\"https:\/\/ticsalutsocial.atoom.space\/es\/noticia\/la-fundacio-tic-salut-social-participa-en-las-jornadas-mobilitzat-apptivitat-fisica-organizadas-por-el-coplefc\/#primaryimage\",\"url\":\"https:\/\/ticsalutsocial.atoom.space\/wp-content\/uploads\/2018\/05\/mhealth_carme.png\",\"contentUrl\":\"https:\/\/ticsalutsocial.atoom.space\/wp-content\/uploads\/2018\/05\/mhealth_carme.png\",\"width\":446,\"height\":240},{\"@type\":\"BreadcrumbList\",\"@id\":\"https:\/\/ticsalutsocial.atoom.space\/es\/noticia\/la-fundacio-tic-salut-social-participa-en-las-jornadas-mobilitzat-apptivitat-fisica-organizadas-por-el-coplefc\/#breadcrumb\",\"itemListElement\":[{\"@type\":\"ListItem\",\"position\":1,\"name\":\"Inici\",\"item\":\"https:\/\/ticsalutsocial.atoom.space\/es\/\"},{\"@type\":\"ListItem\",\"position\":2,\"name\":\"La Fundaci\u00f3 TIC Salut Social participa en las Jornadas Mobilitza\u2019t Apptivitat F\u00edsica organizadas por el COPLEFC\"}]},{\"@type\":\"WebSite\",\"@id\":\"https:\/\/ticsalutsocial.atoom.space\/es\/#website\",\"url\":\"https:\/\/ticsalutsocial.atoom.space\/es\/\",\"name\":\"Fundaci\u00f3 TIC Salut i Social\",\"description\":\"\",\"potentialAction\":[{\"@type\":\"SearchAction\",\"target\":{\"@type\":\"EntryPoint\",\"urlTemplate\":\"https:\/\/ticsalutsocial.atoom.space\/es\/?s={search_term_string}\"},\"query-input\":{\"@type\":\"PropertyValueSpecification\",\"valueRequired\":true,\"valueName\":\"search_term_string\"}}],\"inLanguage\":\"es\"}]}<\/script>\n<!-- \/ Yoast SEO plugin. -->","yoast_head_json":{"title":"La Fundaci\u00f3 TIC Salut Social participa en las Jornadas Mobilitza\u2019t Apptivitat F\u00edsica organizadas por el COPLEFC - Fundaci\u00f3 TIC Salut i Social","robots":{"index":"index","follow":"follow","max-snippet":"max-snippet:-1","max-image-preview":"max-image-preview:large","max-video-preview":"max-video-preview:-1"},"canonical":"https:\/\/ticsalutsocial.atoom.space\/es\/noticia\/la-fundacio-tic-salut-social-participa-en-las-jornadas-mobilitzat-apptivitat-fisica-organizadas-por-el-coplefc\/","og_locale":"es_ES","og_type":"article","og_title":"La Fundaci\u00f3 TIC Salut Social participa en las Jornadas Mobilitza\u2019t Apptivitat F\u00edsica organizadas por el COPLEFC - Fundaci\u00f3 TIC Salut i Social","og_description":"La Fundaci\u00f3n TIC Salut Social particip\u00f3 presentando la necesidad de concienciar en la utilizaci\u00f3n de estas herramientas de movilidad y presentando el trabajo que se est\u00e1 llevando a cabo desde la Oficina mHealth de la Fundaci\u00f3n, donde la acreditaci\u00f3n de aplicaciones representa un trabajo activo y necesario tambi\u00e9n para este colectivo. El Col\u00b7legi de Professionals [&hellip;]","og_url":"https:\/\/ticsalutsocial.atoom.space\/es\/noticia\/la-fundacio-tic-salut-social-participa-en-las-jornadas-mobilitzat-apptivitat-fisica-organizadas-por-el-coplefc\/","og_site_name":"Fundaci\u00f3 TIC Salut i Social","article_modified_time":"2021-07-21T13:35:50+00:00","og_image":[{"width":446,"height":240,"url":"https:\/\/ticsalutsocial.atoom.space\/wp-content\/uploads\/2018\/05\/mhealth_carme.png","type":"image\/png"}],"twitter_card":"summary_large_image","twitter_misc":{"Tiempo de lectura":"3 minutos"},"schema":{"@context":"https:\/\/schema.org","@graph":[{"@type":"WebPage","@id":"https:\/\/ticsalutsocial.atoom.space\/es\/noticia\/la-fundacio-tic-salut-social-participa-en-las-jornadas-mobilitzat-apptivitat-fisica-organizadas-por-el-coplefc\/","url":"https:\/\/ticsalutsocial.atoom.space\/es\/noticia\/la-fundacio-tic-salut-social-participa-en-las-jornadas-mobilitzat-apptivitat-fisica-organizadas-por-el-coplefc\/","name":"La Fundaci\u00f3 TIC Salut Social participa en las Jornadas Mobilitza\u2019t Apptivitat F\u00edsica organizadas por el COPLEFC - Fundaci\u00f3 TIC Salut i Social","isPartOf":{"@id":"https:\/\/ticsalutsocial.atoom.space\/es\/#website"},"primaryImageOfPage":{"@id":"https:\/\/ticsalutsocial.atoom.space\/es\/noticia\/la-fundacio-tic-salut-social-participa-en-las-jornadas-mobilitzat-apptivitat-fisica-organizadas-por-el-coplefc\/#primaryimage"},"image":{"@id":"https:\/\/ticsalutsocial.atoom.space\/es\/noticia\/la-fundacio-tic-salut-social-participa-en-las-jornadas-mobilitzat-apptivitat-fisica-organizadas-por-el-coplefc\/#primaryimage"},"thumbnailUrl":"https:\/\/ticsalutsocial.atoom.space\/wp-content\/uploads\/2018\/05\/mhealth_carme.png","datePublished":"2018-05-21T08:47:25+00:00","dateModified":"2021-07-21T13:35:50+00:00","breadcrumb":{"@id":"https:\/\/ticsalutsocial.atoom.space\/es\/noticia\/la-fundacio-tic-salut-social-participa-en-las-jornadas-mobilitzat-apptivitat-fisica-organizadas-por-el-coplefc\/#breadcrumb"},"inLanguage":"es","potentialAction":[{"@type":"ReadAction","target":["https:\/\/ticsalutsocial.atoom.space\/es\/noticia\/la-fundacio-tic-salut-social-participa-en-las-jornadas-mobilitzat-apptivitat-fisica-organizadas-por-el-coplefc\/"]}]},{"@type":"ImageObject","inLanguage":"es","@id":"https:\/\/ticsalutsocial.atoom.space\/es\/noticia\/la-fundacio-tic-salut-social-participa-en-las-jornadas-mobilitzat-apptivitat-fisica-organizadas-por-el-coplefc\/#primaryimage","url":"https:\/\/ticsalutsocial.atoom.space\/wp-content\/uploads\/2018\/05\/mhealth_carme.png","contentUrl":"https:\/\/ticsalutsocial.atoom.space\/wp-content\/uploads\/2018\/05\/mhealth_carme.png","width":446,"height":240},{"@type":"BreadcrumbList","@id":"https:\/\/ticsalutsocial.atoom.space\/es\/noticia\/la-fundacio-tic-salut-social-participa-en-las-jornadas-mobilitzat-apptivitat-fisica-organizadas-por-el-coplefc\/#breadcrumb","itemListElement":[{"@type":"ListItem","position":1,"name":"Inici","item":"https:\/\/ticsalutsocial.atoom.space\/es\/"},{"@type":"ListItem","position":2,"name":"La Fundaci\u00f3 TIC Salut Social participa en las Jornadas Mobilitza\u2019t Apptivitat F\u00edsica organizadas por el COPLEFC"}]},{"@type":"WebSite","@id":"https:\/\/ticsalutsocial.atoom.space\/es\/#website","url":"https:\/\/ticsalutsocial.atoom.space\/es\/","name":"Fundaci\u00f3 TIC Salut i Social","description":"","potentialAction":[{"@type":"SearchAction","target":{"@type":"EntryPoint","urlTemplate":"https:\/\/ticsalutsocial.atoom.space\/es\/?s={search_term_string}"},"query-input":{"@type":"PropertyValueSpecification","valueRequired":true,"valueName":"search_term_string"}}],"inLanguage":"es"}]}},"_links":{"self":[{"href":"https:\/\/ticsalutsocial.atoom.space\/es\/wp-json\/wp\/v2\/noticia\/3332","targetHints":{"allow":["GET"]}}],"collection":[{"href":"https:\/\/ticsalutsocial.atoom.space\/es\/wp-json\/wp\/v2\/noticia"}],"about":[{"href":"https:\/\/ticsalutsocial.atoom.space\/es\/wp-json\/wp\/v2\/types\/noticia"}],"author":[{"embeddable":true,"href":"https:\/\/ticsalutsocial.atoom.space\/es\/wp-json\/wp\/v2\/users\/21"}],"wp:featuredmedia":[{"embeddable":true,"href":"https:\/\/ticsalutsocial.atoom.space\/es\/wp-json\/wp\/v2\/media\/3328"}],"wp:attachment":[{"href":"https:\/\/ticsalutsocial.atoom.space\/es\/wp-json\/wp\/v2\/media?parent=3332"}],"wp:term":[{"taxonomy":"etiqueta","embeddable":true,"href":"https:\/\/ticsalutsocial.atoom.space\/es\/wp-json\/wp\/v2\/etiqueta?post=3332"},{"taxonomy":"tipus","embeddable":true,"href":"https:\/\/ticsalutsocial.atoom.space\/es\/wp-json\/wp\/v2\/tipus?post=3332"},{"taxonomy":"topic","embeddable":true,"href":"https:\/\/ticsalutsocial.atoom.space\/es\/wp-json\/wp\/v2\/topic?post=3332"}],"curies":[{"name":"wp","href":"https:\/\/api.w.org\/{rel}","templated":true}]}}