
{"id":33353,"date":"2025-09-08T13:16:08","date_gmt":"2025-09-08T11:16:08","guid":{"rendered":"https:\/\/ticsalutsocial.atoom.space\/noticia\/una-nova-edicio-del-wemind-international-forum-torna-el-proper-25-i-26-de-novembre\/"},"modified":"2025-09-08T13:25:09","modified_gmt":"2025-09-08T11:25:09","slug":"una-nova-edicio-del-wemind-international-forum-torna-el-proper-25-i-26-de-novembre","status":"publish","type":"noticia","link":"https:\/\/ticsalutsocial.atoom.space\/es\/noticia\/una-nova-edicio-del-wemind-international-forum-torna-el-proper-25-i-26-de-novembre\/","title":{"rendered":"Una nueva edici\u00f3n del WeMind International Forum vuelve los pr\u00f3ximos 25 y 26 de noviembre"},"content":{"rendered":"<p data-start=\"86\" data-end=\"589\">Del 25 al 26 de noviembre de 2025, el World Trade Center de Barcelona acoger\u00e1 la segunda edici\u00f3n del <strong data-start=\"187\" data-end=\"217\">WeMind International Forum<\/strong>, punto de encuentro y referencia que re\u00fane a profesionales, empresas, organizaciones, centros tecnol\u00f3gicos y de investigaci\u00f3n, administraciones y entidades del tercer sector que impulsan la innovaci\u00f3n en autonom\u00eda personal, salud mental, neurociencias y longevidad. Un espacio pensado para abordar los grandes retos y oportunidades de un sector en plena transformaci\u00f3n.<\/p>\n<h3 data-start=\"591\" data-end=\"665\">Seis ejes tem\u00e1ticos en un espacio \u00fanico de innovaci\u00f3n y colaboraci\u00f3n<\/h3>\n<p data-start=\"667\" data-end=\"1054\">Este espacio de debate y di\u00e1logo internacional est\u00e1 concebido como un entorno abierto y participativo donde las personas expertas en salud mental y longevidad puedan intercambiar conocimiento y generar nuevas colaboraciones con el fin de impulsar soluciones sostenibles e innovadoras que mejoren la calidad de vida y la autonom\u00eda de las personas a lo largo de todas las etapas vitales.<\/p>\n<p data-start=\"1056\" data-end=\"1569\">Organizado por <strong data-start=\"1071\" data-end=\"1089\">WeMind Cluster<\/strong>, y como miembros de su junta directiva, desde la Fundaci\u00f3n participamos en la mesa redonda del 26 de noviembre, previa a la clausura, <em data-start=\"1224\" data-end=\"1277\">\u00abEspacios de datos sectoriales: autonom\u00eda personal\u00bb<\/em>, donde <strong data-start=\"1285\" data-end=\"1302\">Anna Benavent<\/strong>, directora de estrategia digital y datos (Corporaci\u00f3 Sanit\u00e0ria Parc Taul\u00ed) y consultora de datos de salud de la <strong data-start=\"1415\" data-end=\"1445\">Fundaci\u00f3n TIC Salut Social<\/strong>, aportar\u00e1 una visi\u00f3n sobre el uso de datos de salud en el actual contexto establecido en el <strong data-start=\"1538\" data-end=\"1566\">Espacio Europeo de Datos<\/strong>.<\/p>\n<p data-start=\"1571\" data-end=\"1986\">Esta segunda edici\u00f3n vuelve a girar en torno a las seis grandes \u00e1reas que reflejan los principales retos y oportunidades del sector: longevidad, nuevos modelos de vivienda, desarrollo de negocio, transformaci\u00f3n digital, atenci\u00f3n y cuidados, y retos sociales. A trav\u00e9s de estos ejes se presentar\u00e1n casos de \u00e9xito, nuevas tecnolog\u00edas, pol\u00edticas innovadoras y modelos de atenci\u00f3n que ponen a la persona en el centro.<\/p>\n<p data-start=\"1988\" data-end=\"2157\">El programa contar\u00e1 con ponencias magistrales a cargo de profesionales de referencia internacional que aportar\u00e1n una visi\u00f3n estrat\u00e9gica sobre los temas clave del foro:<\/p>\n<ul data-start=\"2159\" data-end=\"2726\">\n<li data-start=\"2159\" data-end=\"2303\">\n<p data-start=\"2161\" data-end=\"2303\"><strong data-start=\"2161\" data-end=\"2182\">Kaisa Hartikainen<\/strong>, asesora de pol\u00edticas de salud digital en la OMS y experta en innovaci\u00f3n centrada en las personas (<em data-start=\"2282\" data-end=\"2299\">Opening Keynote<\/em>).<\/p>\n<\/li>\n<li data-start=\"2304\" data-end=\"2428\">\n<p data-start=\"2306\" data-end=\"2428\"><strong data-start=\"2306\" data-end=\"2323\">Eloy Van Haal<\/strong>, director de innovaci\u00f3n en el instituto holand\u00e9s para el envejecimiento saludable Vilans (Longevidad).<\/p>\n<\/li>\n<li data-start=\"2429\" data-end=\"2565\">\n<p data-start=\"2431\" data-end=\"2565\"><strong data-start=\"2431\" data-end=\"2465\">Ra\u00fal S\u00e1nchez Fern\u00e1ndez-Beltr\u00e1n<\/strong>, coordinador de la Red Europea de Lucha contra la Pobreza y la Exclusi\u00f3n Social (Retos sociales).<\/p>\n<\/li>\n<li data-start=\"2566\" data-end=\"2726\">\n<p data-start=\"2568\" data-end=\"2726\"><strong data-start=\"2568\" data-end=\"2586\">Cleo Valentine<\/strong>, fundadora de Keyhole, una iniciativa de <em data-start=\"2628\" data-end=\"2639\">co-living<\/em> intergeneracional con impacto social en el Reino Unido (Nuevos modelos de vivienda).<\/p>\n<\/li>\n<\/ul>\n<h3 data-start=\"2728\" data-end=\"2794\">Los <strong data-start=\"2736\" data-end=\"2753\">WeMind Awards<\/strong>, celebrando el talento y la innovaci\u00f3n<\/h3>\n<p data-start=\"2796\" data-end=\"3324\">Tras su lanzamiento en 2024, los <strong data-start=\"2829\" data-end=\"2846\">WeMind Awards<\/strong> celebran su segunda edici\u00f3n reconociendo proyectos innovadores y con impacto en los \u00e1mbitos de la autonom\u00eda personal, las neurociencias, la salud mental y la longevidad. Las categor\u00edas est\u00e1n pensadas para la participaci\u00f3n de <em data-start=\"3072\" data-end=\"3082\">startups<\/em>, proyectos colaborativos de entidades del tercer sector y administraciones p\u00fablicas. Los galardones de los proyectos ganadores ayudan a visibilizar iniciativas transformadoras y se entregar\u00e1n en el marco del <strong data-start=\"3291\" data-end=\"3321\">WeMind International Forum<\/strong>.<\/p>\n<p data-start=\"3326\" data-end=\"3430\">Para inscribirse en el congreso es necesario rellenar el formulario disponible en el <a href=\"https:\/\/event.meetmaps.com\/wemindinternationalforum2025\/es\/registration\" target=\"_blank\" rel=\"noopener\">siguiente enlace<\/a>.<\/p>\n<p data-start=\"3432\" data-end=\"3469\">Consulta el <a href=\"https:\/\/www.wemindforum.com\/programa\/\" target=\"_blank\" rel=\"noopener\">programa completo aqu\u00ed.<\/a><\/p>\n","protected":false},"author":3,"featured_media":33351,"menu_order":0,"template":"","meta":{"_acf_changed":false,"inline_featured_image":false},"etiqueta":[],"tipus":[1170],"topic":[117],"class_list":["post-33353","noticia","type-noticia","status-publish","has-post-thumbnail","hentry","tipus-actualitat-es","topic-jornadas"],"acf":{"finalitzat":false,"tipus_plantilla":"objectius","template_objectius":{"cont_principal":"","imatge":false,"cont_seguent":{"titol":"","contingut":""},"seccio_llistat":{"titol":"","llistat":false},"objectius":{"titol":"","objectius":false},"documents":false},"autor":"","imatge":false,"textos_destacats":[{"texte":"Organizado por WeMind Cluster y como miembros de la junta directiva, desde la Fundaci\u00f3n participamos en la mesa redonda \"Espacios de datos sectoriales: autonom\u00eda personal\""}],"documents":false},"yoast_head":"<!-- This site is optimized with the Yoast SEO plugin v27.1.1 - https:\/\/yoast.com\/product\/yoast-seo-wordpress\/ -->\n<title>Una nueva edici\u00f3n del WeMind International Forum vuelve los pr\u00f3ximos 25 y 26 de noviembre - Fundaci\u00f3 TIC Salut i Social<\/title>\n<meta name=\"robots\" content=\"index, follow, max-snippet:-1, max-image-preview:large, max-video-preview:-1\" \/>\n<link rel=\"canonical\" href=\"https:\/\/ticsalutsocial.atoom.space\/es\/noticia\/una-nova-edicio-del-wemind-international-forum-torna-el-proper-25-i-26-de-novembre\/\" \/>\n<meta property=\"og:locale\" content=\"es_ES\" \/>\n<meta property=\"og:type\" content=\"article\" \/>\n<meta property=\"og:title\" content=\"Una nueva edici\u00f3n del WeMind International Forum vuelve los pr\u00f3ximos 25 y 26 de noviembre - Fundaci\u00f3 TIC Salut i Social\" \/>\n<meta property=\"og:description\" content=\"Del 25 al 26 de noviembre de 2025, el World Trade Center de Barcelona acoger\u00e1 la segunda edici\u00f3n del WeMind International Forum, punto de encuentro y referencia que re\u00fane a profesionales, empresas, organizaciones, centros tecnol\u00f3gicos y de investigaci\u00f3n, administraciones y entidades del tercer sector que impulsan la innovaci\u00f3n en autonom\u00eda personal, salud mental, neurociencias y [&hellip;]\" \/>\n<meta property=\"og:url\" content=\"https:\/\/ticsalutsocial.atoom.space\/es\/noticia\/una-nova-edicio-del-wemind-international-forum-torna-el-proper-25-i-26-de-novembre\/\" \/>\n<meta property=\"og:site_name\" content=\"Fundaci\u00f3 TIC Salut i Social\" \/>\n<meta property=\"article:modified_time\" content=\"2025-09-08T11:25:09+00:00\" \/>\n<meta property=\"og:image\" content=\"https:\/\/ticsalutsocial.atoom.space\/wp-content\/uploads\/2025\/09\/post-wemind-forum_hz_v2.jpg\" \/>\n\t<meta property=\"og:image:width\" content=\"1600\" \/>\n\t<meta property=\"og:image:height\" content=\"900\" \/>\n\t<meta property=\"og:image:type\" content=\"image\/jpeg\" \/>\n<meta name=\"twitter:card\" content=\"summary_large_image\" \/>\n<meta name=\"twitter:label1\" content=\"Tiempo de lectura\" \/>\n\t<meta name=\"twitter:data1\" content=\"3 minutos\" \/>\n<script type=\"application\/ld+json\" class=\"yoast-schema-graph\">{\"@context\":\"https:\/\/schema.org\",\"@graph\":[{\"@type\":\"WebPage\",\"@id\":\"https:\/\/ticsalutsocial.atoom.space\/es\/noticia\/una-nova-edicio-del-wemind-international-forum-torna-el-proper-25-i-26-de-novembre\/\",\"url\":\"https:\/\/ticsalutsocial.atoom.space\/es\/noticia\/una-nova-edicio-del-wemind-international-forum-torna-el-proper-25-i-26-de-novembre\/\",\"name\":\"Una nueva edici\u00f3n del WeMind International Forum vuelve los pr\u00f3ximos 25 y 26 de noviembre - Fundaci\u00f3 TIC Salut i Social\",\"isPartOf\":{\"@id\":\"https:\/\/ticsalutsocial.atoom.space\/es\/#website\"},\"primaryImageOfPage\":{\"@id\":\"https:\/\/ticsalutsocial.atoom.space\/es\/noticia\/una-nova-edicio-del-wemind-international-forum-torna-el-proper-25-i-26-de-novembre\/#primaryimage\"},\"image\":{\"@id\":\"https:\/\/ticsalutsocial.atoom.space\/es\/noticia\/una-nova-edicio-del-wemind-international-forum-torna-el-proper-25-i-26-de-novembre\/#primaryimage\"},\"thumbnailUrl\":\"https:\/\/ticsalutsocial.atoom.space\/wp-content\/uploads\/2025\/09\/post-wemind-forum_hz_v2.jpg\",\"datePublished\":\"2025-09-08T11:16:08+00:00\",\"dateModified\":\"2025-09-08T11:25:09+00:00\",\"breadcrumb\":{\"@id\":\"https:\/\/ticsalutsocial.atoom.space\/es\/noticia\/una-nova-edicio-del-wemind-international-forum-torna-el-proper-25-i-26-de-novembre\/#breadcrumb\"},\"inLanguage\":\"es\",\"potentialAction\":[{\"@type\":\"ReadAction\",\"target\":[\"https:\/\/ticsalutsocial.atoom.space\/es\/noticia\/una-nova-edicio-del-wemind-international-forum-torna-el-proper-25-i-26-de-novembre\/\"]}]},{\"@type\":\"ImageObject\",\"inLanguage\":\"es\",\"@id\":\"https:\/\/ticsalutsocial.atoom.space\/es\/noticia\/una-nova-edicio-del-wemind-international-forum-torna-el-proper-25-i-26-de-novembre\/#primaryimage\",\"url\":\"https:\/\/ticsalutsocial.atoom.space\/wp-content\/uploads\/2025\/09\/post-wemind-forum_hz_v2.jpg\",\"contentUrl\":\"https:\/\/ticsalutsocial.atoom.space\/wp-content\/uploads\/2025\/09\/post-wemind-forum_hz_v2.jpg\",\"width\":1600,\"height\":900},{\"@type\":\"BreadcrumbList\",\"@id\":\"https:\/\/ticsalutsocial.atoom.space\/es\/noticia\/una-nova-edicio-del-wemind-international-forum-torna-el-proper-25-i-26-de-novembre\/#breadcrumb\",\"itemListElement\":[{\"@type\":\"ListItem\",\"position\":1,\"name\":\"Inici\",\"item\":\"https:\/\/ticsalutsocial.atoom.space\/es\/\"},{\"@type\":\"ListItem\",\"position\":2,\"name\":\"Una nueva edici\u00f3n del WeMind International Forum vuelve los pr\u00f3ximos 25 y 26 de noviembre\"}]},{\"@type\":\"WebSite\",\"@id\":\"https:\/\/ticsalutsocial.atoom.space\/es\/#website\",\"url\":\"https:\/\/ticsalutsocial.atoom.space\/es\/\",\"name\":\"Fundaci\u00f3 TIC Salut i Social\",\"description\":\"\",\"potentialAction\":[{\"@type\":\"SearchAction\",\"target\":{\"@type\":\"EntryPoint\",\"urlTemplate\":\"https:\/\/ticsalutsocial.atoom.space\/es\/?s={search_term_string}\"},\"query-input\":{\"@type\":\"PropertyValueSpecification\",\"valueRequired\":true,\"valueName\":\"search_term_string\"}}],\"inLanguage\":\"es\"}]}<\/script>\n<!-- \/ Yoast SEO plugin. -->","yoast_head_json":{"title":"Una nueva edici\u00f3n del WeMind International Forum vuelve los pr\u00f3ximos 25 y 26 de noviembre - Fundaci\u00f3 TIC Salut i Social","robots":{"index":"index","follow":"follow","max-snippet":"max-snippet:-1","max-image-preview":"max-image-preview:large","max-video-preview":"max-video-preview:-1"},"canonical":"https:\/\/ticsalutsocial.atoom.space\/es\/noticia\/una-nova-edicio-del-wemind-international-forum-torna-el-proper-25-i-26-de-novembre\/","og_locale":"es_ES","og_type":"article","og_title":"Una nueva edici\u00f3n del WeMind International Forum vuelve los pr\u00f3ximos 25 y 26 de noviembre - Fundaci\u00f3 TIC Salut i Social","og_description":"Del 25 al 26 de noviembre de 2025, el World Trade Center de Barcelona acoger\u00e1 la segunda edici\u00f3n del WeMind International Forum, punto de encuentro y referencia que re\u00fane a profesionales, empresas, organizaciones, centros tecnol\u00f3gicos y de investigaci\u00f3n, administraciones y entidades del tercer sector que impulsan la innovaci\u00f3n en autonom\u00eda personal, salud mental, neurociencias y [&hellip;]","og_url":"https:\/\/ticsalutsocial.atoom.space\/es\/noticia\/una-nova-edicio-del-wemind-international-forum-torna-el-proper-25-i-26-de-novembre\/","og_site_name":"Fundaci\u00f3 TIC Salut i Social","article_modified_time":"2025-09-08T11:25:09+00:00","og_image":[{"width":1600,"height":900,"url":"https:\/\/ticsalutsocial.atoom.space\/wp-content\/uploads\/2025\/09\/post-wemind-forum_hz_v2.jpg","type":"image\/jpeg"}],"twitter_card":"summary_large_image","twitter_misc":{"Tiempo de lectura":"3 minutos"},"schema":{"@context":"https:\/\/schema.org","@graph":[{"@type":"WebPage","@id":"https:\/\/ticsalutsocial.atoom.space\/es\/noticia\/una-nova-edicio-del-wemind-international-forum-torna-el-proper-25-i-26-de-novembre\/","url":"https:\/\/ticsalutsocial.atoom.space\/es\/noticia\/una-nova-edicio-del-wemind-international-forum-torna-el-proper-25-i-26-de-novembre\/","name":"Una nueva edici\u00f3n del WeMind International Forum vuelve los pr\u00f3ximos 25 y 26 de noviembre - Fundaci\u00f3 TIC Salut i Social","isPartOf":{"@id":"https:\/\/ticsalutsocial.atoom.space\/es\/#website"},"primaryImageOfPage":{"@id":"https:\/\/ticsalutsocial.atoom.space\/es\/noticia\/una-nova-edicio-del-wemind-international-forum-torna-el-proper-25-i-26-de-novembre\/#primaryimage"},"image":{"@id":"https:\/\/ticsalutsocial.atoom.space\/es\/noticia\/una-nova-edicio-del-wemind-international-forum-torna-el-proper-25-i-26-de-novembre\/#primaryimage"},"thumbnailUrl":"https:\/\/ticsalutsocial.atoom.space\/wp-content\/uploads\/2025\/09\/post-wemind-forum_hz_v2.jpg","datePublished":"2025-09-08T11:16:08+00:00","dateModified":"2025-09-08T11:25:09+00:00","breadcrumb":{"@id":"https:\/\/ticsalutsocial.atoom.space\/es\/noticia\/una-nova-edicio-del-wemind-international-forum-torna-el-proper-25-i-26-de-novembre\/#breadcrumb"},"inLanguage":"es","potentialAction":[{"@type":"ReadAction","target":["https:\/\/ticsalutsocial.atoom.space\/es\/noticia\/una-nova-edicio-del-wemind-international-forum-torna-el-proper-25-i-26-de-novembre\/"]}]},{"@type":"ImageObject","inLanguage":"es","@id":"https:\/\/ticsalutsocial.atoom.space\/es\/noticia\/una-nova-edicio-del-wemind-international-forum-torna-el-proper-25-i-26-de-novembre\/#primaryimage","url":"https:\/\/ticsalutsocial.atoom.space\/wp-content\/uploads\/2025\/09\/post-wemind-forum_hz_v2.jpg","contentUrl":"https:\/\/ticsalutsocial.atoom.space\/wp-content\/uploads\/2025\/09\/post-wemind-forum_hz_v2.jpg","width":1600,"height":900},{"@type":"BreadcrumbList","@id":"https:\/\/ticsalutsocial.atoom.space\/es\/noticia\/una-nova-edicio-del-wemind-international-forum-torna-el-proper-25-i-26-de-novembre\/#breadcrumb","itemListElement":[{"@type":"ListItem","position":1,"name":"Inici","item":"https:\/\/ticsalutsocial.atoom.space\/es\/"},{"@type":"ListItem","position":2,"name":"Una nueva edici\u00f3n del WeMind International Forum vuelve los pr\u00f3ximos 25 y 26 de noviembre"}]},{"@type":"WebSite","@id":"https:\/\/ticsalutsocial.atoom.space\/es\/#website","url":"https:\/\/ticsalutsocial.atoom.space\/es\/","name":"Fundaci\u00f3 TIC Salut i Social","description":"","potentialAction":[{"@type":"SearchAction","target":{"@type":"EntryPoint","urlTemplate":"https:\/\/ticsalutsocial.atoom.space\/es\/?s={search_term_string}"},"query-input":{"@type":"PropertyValueSpecification","valueRequired":true,"valueName":"search_term_string"}}],"inLanguage":"es"}]}},"_links":{"self":[{"href":"https:\/\/ticsalutsocial.atoom.space\/es\/wp-json\/wp\/v2\/noticia\/33353","targetHints":{"allow":["GET"]}}],"collection":[{"href":"https:\/\/ticsalutsocial.atoom.space\/es\/wp-json\/wp\/v2\/noticia"}],"about":[{"href":"https:\/\/ticsalutsocial.atoom.space\/es\/wp-json\/wp\/v2\/types\/noticia"}],"author":[{"embeddable":true,"href":"https:\/\/ticsalutsocial.atoom.space\/es\/wp-json\/wp\/v2\/users\/3"}],"wp:featuredmedia":[{"embeddable":true,"href":"https:\/\/ticsalutsocial.atoom.space\/es\/wp-json\/wp\/v2\/media\/33351"}],"wp:attachment":[{"href":"https:\/\/ticsalutsocial.atoom.space\/es\/wp-json\/wp\/v2\/media?parent=33353"}],"wp:term":[{"taxonomy":"etiqueta","embeddable":true,"href":"https:\/\/ticsalutsocial.atoom.space\/es\/wp-json\/wp\/v2\/etiqueta?post=33353"},{"taxonomy":"tipus","embeddable":true,"href":"https:\/\/ticsalutsocial.atoom.space\/es\/wp-json\/wp\/v2\/tipus?post=33353"},{"taxonomy":"topic","embeddable":true,"href":"https:\/\/ticsalutsocial.atoom.space\/es\/wp-json\/wp\/v2\/topic?post=33353"}],"curies":[{"name":"wp","href":"https:\/\/api.w.org\/{rel}","templated":true}]}}