
{"id":33367,"date":"2025-09-12T09:00:43","date_gmt":"2025-09-12T07:00:43","guid":{"rendered":"https:\/\/ticsalutsocial.atoom.space\/?post_type=noticia&#038;p=33367"},"modified":"2025-09-08T16:26:30","modified_gmt":"2025-09-08T14:26:30","slug":"tardor-digital-el-cicle-dactivitats-sobre-innovacio-digital-en-lambit-social","status":"publish","type":"noticia","link":"https:\/\/ticsalutsocial.atoom.space\/es\/noticia\/tardor-digital-el-cicle-dactivitats-sobre-innovacio-digital-en-lambit-social\/","title":{"rendered":"Oto\u00f1o digital, el ciclo de actividades sobre innovaci\u00f3n digital en el \u00e1mbito social"},"content":{"rendered":"<p>m4Social prepara una serie de actividades vinculadas a la innovaci\u00f3n digital previstas para finales de este a\u00f1o. Bajo el t\u00edtulo de <strong>\u2018Oto\u00f1o digital\u2019<\/strong>, el ciclo se alargar\u00e1 durante varias semanas con acciones impulsadas por la <strong><em>Taula d\u2019entitats del Tercer Sector Social de Catalunya<\/em><\/strong>\u00a0y tambi\u00e9n con la participaci\u00f3n en eventos externos clave. El pistoletazo de salida ser\u00e1 una jornada en el <strong data-start=\"284\" data-end=\"300\">Palau Macaya<\/strong> el 8 de octubre, y el punto final lo marcar\u00e1 una jornada de cierre del <strong data-start=\"372\" data-end=\"394\">proyecto Simbi\u00f2TIC<\/strong>, prevista para el 11 de noviembre en el <strong data-start=\"435\" data-end=\"449\">Hub Social<\/strong>.<\/p>\n<h3 data-start=\"454\" data-end=\"543\">\u2018Conecta y transforma: cambios sociales desde la innovaci\u00f3n digital\u2019 \u2013 8 de octubre<\/h3>\n<p data-start=\"545\" data-end=\"1023\">Tras el \u00e9xito de la jornada <strong data-start=\"573\" data-end=\"636\">\u2018Innovaci\u00f3n digital para una mejor atenci\u00f3n a las personas\u2019<\/strong>, m4Social convoca de nuevo a federaciones, alianzas y administraciones con las que trabaja habitualmente para avanzar en las principales l\u00edneas de trabajo del proyecto: la lucha contra la brecha digital, el uso de los datos en las entidades sociales y c\u00f3mo la inteligencia artificial puede facilitar los procesos internos y la atenci\u00f3n a los colectivos en situaci\u00f3n de vulnerabilidad.<\/p>\n<p data-start=\"1025\" data-end=\"1430\">En una jornada prevista para todo el d\u00eda, por la ma\u00f1ana se quiere poner en valor las alianzas con las que trabajan las entidades y la misma Mesa, aportaciones de calidad y mejora de los proyectos y concretar las prioridades de cara a 2026. Por la tarde, se llevar\u00e1n a cabo grupos de trabajo que permitir\u00e1n profundizar gracias a la experiencia de personas y agentes referentes en las l\u00edneas prioritarias.<\/p>\n<h3 data-start=\"1432\" data-end=\"1486\">Balance del proyecto Simbi\u00f2TIC \u2013 11 de noviembre<\/h3>\n<p data-start=\"1488\" data-end=\"1857\">El ciclo <strong data-start=\"1497\" data-end=\"1516\">\u2018Oto\u00f1o digital\u2019<\/strong> terminar\u00e1 el 11 de noviembre con un acto de clausura del <strong data-start=\"1574\" data-end=\"1596\">proyecto Simbi\u00f2TIC<\/strong>. La iniciativa, compartida con la <strong data-start=\"1631\" data-end=\"1657\">Asociaci\u00f3n SinergiaTIC<\/strong> y con la financiaci\u00f3n de los fondos europeos <strong data-start=\"1703\" data-end=\"1722\">Next Generation<\/strong>, tiene por objetivo avanzar hacia la gesti\u00f3n de los datos dentro de las entidades del tercer sector social gracias al uso de un CRM.<\/p>\n<p data-start=\"1859\" data-end=\"2110\">Tras dos a\u00f1os y medio de trayectoria para su implementaci\u00f3n, la herramienta <strong data-start=\"1935\" data-end=\"1950\">SinergiaCRM<\/strong> habr\u00e1 llegado a 40 nuevas entidades, y 40 m\u00e1s habr\u00e1n aportado mejoras para hacer de esta herramienta un <em data-start=\"2055\" data-end=\"2065\">software<\/em> \u00fatil al servicio del tercer sector social.<\/p>\n<h3 data-start=\"2112\" data-end=\"2169\">Tejiendo alianzas con el ecosistema digital catal\u00e1n<\/h3>\n<p data-start=\"2171\" data-end=\"2366\">Durante las semanas del ciclo <strong data-start=\"2201\" data-end=\"2220\">\u2018Oto\u00f1o digital\u2019<\/strong>, m4Social participar\u00e1 en diversas actividades organizadas por otros agentes del ecosistema digital catal\u00e1n y del tercer sector social del pa\u00eds:<\/p>\n<ul data-start=\"2368\" data-end=\"2816\">\n<li data-start=\"2368\" data-end=\"2498\">\n<p data-start=\"2370\" data-end=\"2498\"><strong data-start=\"2370\" data-end=\"2386\">2 de octubre<\/strong>: evento anual del <strong data-start=\"2405\" data-end=\"2450\">Project Management Institute de Barcelona<\/strong>, con reflexiones sobre el proyecto Simbi\u00f2TIC.<\/p>\n<\/li>\n<li data-start=\"2499\" data-end=\"2681\">\n<p data-start=\"2501\" data-end=\"2681\"><strong data-start=\"2501\" data-end=\"2518\">28 de octubre<\/strong>: jornada <strong data-start=\"2528\" data-end=\"2583\">4D: Derechos digitales y digitalizaci\u00f3n democr\u00e1tica<\/strong>, organizada por <strong data-start=\"2600\" data-end=\"2608\">xNet<\/strong> y <em><strong data-start=\"2611\" data-end=\"2627\">Accent Obert<\/strong><\/em>, con aportaciones sobre interoperabilidad de datos.<\/p>\n<\/li>\n<li data-start=\"2682\" data-end=\"2757\">\n<p data-start=\"2684\" data-end=\"2757\"><strong data-start=\"2684\" data-end=\"2708\">19 y 20 de noviembre<\/strong>: jornadas <strong data-start=\"2719\" data-end=\"2727\">Beta<\/strong>, organizadas por Techbloc4.<\/p>\n<\/li>\n<li data-start=\"2758\" data-end=\"2816\">\n<p data-start=\"2760\" data-end=\"2816\"><strong data-start=\"2760\" data-end=\"2787\">Del 4 al 6 de noviembre<\/strong>: <strong data-start=\"2789\" data-end=\"2813\">Smart City Expo 2025<\/strong>.<\/p>\n<\/li>\n<\/ul>\n<h3 data-start=\"2818\" data-end=\"2848\">Una mirada internacional<\/h3>\n<p data-start=\"2850\" data-end=\"3177\">Como socia del consorcio europeo <strong data-start=\"2883\" data-end=\"2896\">DO Impact<\/strong>, la Mesa (a trav\u00e9s de m4Social) participar\u00e1 en un nuevo evento transnacional del proyecto. En esta ocasi\u00f3n ser\u00e1 presencialmente en <strong data-start=\"3028\" data-end=\"3036\">Riga<\/strong> los d\u00edas <strong data-start=\"3046\" data-end=\"3068\">6 y 7 de noviembre<\/strong> y bajo el t\u00edtulo <em data-start=\"3086\" data-end=\"3174\">\u2018\u00c9tica de los datos y accesibilidad: garantizando un enfoque centrado en las personas\u2019<\/em>.<\/p>\n<p data-start=\"3179\" data-end=\"3397\">Adem\u00e1s, durante el mes de octubre, una misi\u00f3n en Portugal se encargar\u00e1 de exponer la situaci\u00f3n sobre la digitalizaci\u00f3n del tercer sector social ante diferentes administraciones, entidades y universidades portuguesas.<\/p>\n","protected":false},"author":3,"featured_media":33382,"menu_order":0,"template":"","meta":{"_acf_changed":false,"inline_featured_image":false},"etiqueta":[],"tipus":[],"topic":[117],"class_list":["post-33367","noticia","type-noticia","status-publish","has-post-thumbnail","hentry","topic-jornadas"],"acf":{"finalitzat":false,"tipus_plantilla":"objectius","template_objectius":{"cont_principal":"","imatge":false,"cont_seguent":{"titol":"","contingut":""},"seccio_llistat":{"titol":"","llistat":false},"objectius":{"titol":"","objectius":false},"documents":false},"autor":"","imatge":false,"textos_destacats":[{"texte":"Durante las semanas del ciclo \u2018Oto\u00f1o digital\u2019, m4Social participar\u00e1 en diversas actividades organizadas por otros agentes del ecosistema digital catal\u00e1n y del tercer sector social del pa\u00eds"}],"documents":false},"yoast_head":"<!-- This site is optimized with the Yoast SEO plugin v27.1.1 - https:\/\/yoast.com\/product\/yoast-seo-wordpress\/ -->\n<title>Oto\u00f1o digital, el ciclo de actividades sobre innovaci\u00f3n digital en el \u00e1mbito social - Fundaci\u00f3 TIC Salut i Social<\/title>\n<meta name=\"robots\" content=\"index, follow, max-snippet:-1, max-image-preview:large, max-video-preview:-1\" \/>\n<link rel=\"canonical\" href=\"https:\/\/ticsalutsocial.atoom.space\/es\/noticia\/tardor-digital-el-cicle-dactivitats-sobre-innovacio-digital-en-lambit-social\/\" \/>\n<meta property=\"og:locale\" content=\"es_ES\" \/>\n<meta property=\"og:type\" content=\"article\" \/>\n<meta property=\"og:title\" content=\"Oto\u00f1o digital, el ciclo de actividades sobre innovaci\u00f3n digital en el \u00e1mbito social - Fundaci\u00f3 TIC Salut i Social\" \/>\n<meta property=\"og:description\" content=\"m4Social prepara una serie de actividades vinculadas a la innovaci\u00f3n digital previstas para finales de este a\u00f1o. Bajo el t\u00edtulo de \u2018Oto\u00f1o digital\u2019, el ciclo se alargar\u00e1 durante varias semanas con acciones impulsadas por la Taula d\u2019entitats del Tercer Sector Social de Catalunya\u00a0y tambi\u00e9n con la participaci\u00f3n en eventos externos clave. El pistoletazo de salida [&hellip;]\" \/>\n<meta property=\"og:url\" content=\"https:\/\/ticsalutsocial.atoom.space\/es\/noticia\/tardor-digital-el-cicle-dactivitats-sobre-innovacio-digital-en-lambit-social\/\" \/>\n<meta property=\"og:site_name\" content=\"Fundaci\u00f3 TIC Salut i Social\" \/>\n<meta name=\"twitter:card\" content=\"summary_large_image\" \/>\n<meta name=\"twitter:label1\" content=\"Tiempo de lectura\" \/>\n\t<meta name=\"twitter:data1\" content=\"3 minutos\" \/>\n<script type=\"application\/ld+json\" class=\"yoast-schema-graph\">{\"@context\":\"https:\/\/schema.org\",\"@graph\":[{\"@type\":\"WebPage\",\"@id\":\"https:\/\/ticsalutsocial.atoom.space\/es\/noticia\/tardor-digital-el-cicle-dactivitats-sobre-innovacio-digital-en-lambit-social\/\",\"url\":\"https:\/\/ticsalutsocial.atoom.space\/es\/noticia\/tardor-digital-el-cicle-dactivitats-sobre-innovacio-digital-en-lambit-social\/\",\"name\":\"Oto\u00f1o digital, el ciclo de actividades sobre innovaci\u00f3n digital en el \u00e1mbito social - Fundaci\u00f3 TIC Salut i Social\",\"isPartOf\":{\"@id\":\"https:\/\/ticsalutsocial.atoom.space\/es\/#website\"},\"primaryImageOfPage\":{\"@id\":\"https:\/\/ticsalutsocial.atoom.space\/es\/noticia\/tardor-digital-el-cicle-dactivitats-sobre-innovacio-digital-en-lambit-social\/#primaryimage\"},\"image\":{\"@id\":\"https:\/\/ticsalutsocial.atoom.space\/es\/noticia\/tardor-digital-el-cicle-dactivitats-sobre-innovacio-digital-en-lambit-social\/#primaryimage\"},\"thumbnailUrl\":\"https:\/\/ticsalutsocial.atoom.space\/wp-content\/uploads\/2025\/09\/iStock-863215286.jpg\",\"datePublished\":\"2025-09-12T07:00:43+00:00\",\"breadcrumb\":{\"@id\":\"https:\/\/ticsalutsocial.atoom.space\/es\/noticia\/tardor-digital-el-cicle-dactivitats-sobre-innovacio-digital-en-lambit-social\/#breadcrumb\"},\"inLanguage\":\"es\",\"potentialAction\":[{\"@type\":\"ReadAction\",\"target\":[\"https:\/\/ticsalutsocial.atoom.space\/es\/noticia\/tardor-digital-el-cicle-dactivitats-sobre-innovacio-digital-en-lambit-social\/\"]}]},{\"@type\":\"ImageObject\",\"inLanguage\":\"es\",\"@id\":\"https:\/\/ticsalutsocial.atoom.space\/es\/noticia\/tardor-digital-el-cicle-dactivitats-sobre-innovacio-digital-en-lambit-social\/#primaryimage\",\"url\":\"https:\/\/ticsalutsocial.atoom.space\/wp-content\/uploads\/2025\/09\/iStock-863215286.jpg\",\"contentUrl\":\"https:\/\/ticsalutsocial.atoom.space\/wp-content\/uploads\/2025\/09\/iStock-863215286.jpg\",\"width\":1254,\"height\":837,\"caption\":\"Desktop with laptop, fallen leaves on grey wooden background. Flat lay, top view. Woman hands typing\"},{\"@type\":\"BreadcrumbList\",\"@id\":\"https:\/\/ticsalutsocial.atoom.space\/es\/noticia\/tardor-digital-el-cicle-dactivitats-sobre-innovacio-digital-en-lambit-social\/#breadcrumb\",\"itemListElement\":[{\"@type\":\"ListItem\",\"position\":1,\"name\":\"Inici\",\"item\":\"https:\/\/ticsalutsocial.atoom.space\/es\/\"},{\"@type\":\"ListItem\",\"position\":2,\"name\":\"Oto\u00f1o digital, el ciclo de actividades sobre innovaci\u00f3n digital en el \u00e1mbito social\"}]},{\"@type\":\"WebSite\",\"@id\":\"https:\/\/ticsalutsocial.atoom.space\/es\/#website\",\"url\":\"https:\/\/ticsalutsocial.atoom.space\/es\/\",\"name\":\"Fundaci\u00f3 TIC Salut i Social\",\"description\":\"\",\"potentialAction\":[{\"@type\":\"SearchAction\",\"target\":{\"@type\":\"EntryPoint\",\"urlTemplate\":\"https:\/\/ticsalutsocial.atoom.space\/es\/?s={search_term_string}\"},\"query-input\":{\"@type\":\"PropertyValueSpecification\",\"valueRequired\":true,\"valueName\":\"search_term_string\"}}],\"inLanguage\":\"es\"}]}<\/script>\n<!-- \/ Yoast SEO plugin. -->","yoast_head_json":{"title":"Oto\u00f1o digital, el ciclo de actividades sobre innovaci\u00f3n digital en el \u00e1mbito social - Fundaci\u00f3 TIC Salut i Social","robots":{"index":"index","follow":"follow","max-snippet":"max-snippet:-1","max-image-preview":"max-image-preview:large","max-video-preview":"max-video-preview:-1"},"canonical":"https:\/\/ticsalutsocial.atoom.space\/es\/noticia\/tardor-digital-el-cicle-dactivitats-sobre-innovacio-digital-en-lambit-social\/","og_locale":"es_ES","og_type":"article","og_title":"Oto\u00f1o digital, el ciclo de actividades sobre innovaci\u00f3n digital en el \u00e1mbito social - Fundaci\u00f3 TIC Salut i Social","og_description":"m4Social prepara una serie de actividades vinculadas a la innovaci\u00f3n digital previstas para finales de este a\u00f1o. Bajo el t\u00edtulo de \u2018Oto\u00f1o digital\u2019, el ciclo se alargar\u00e1 durante varias semanas con acciones impulsadas por la Taula d\u2019entitats del Tercer Sector Social de Catalunya\u00a0y tambi\u00e9n con la participaci\u00f3n en eventos externos clave. El pistoletazo de salida [&hellip;]","og_url":"https:\/\/ticsalutsocial.atoom.space\/es\/noticia\/tardor-digital-el-cicle-dactivitats-sobre-innovacio-digital-en-lambit-social\/","og_site_name":"Fundaci\u00f3 TIC Salut i Social","twitter_card":"summary_large_image","twitter_misc":{"Tiempo de lectura":"3 minutos"},"schema":{"@context":"https:\/\/schema.org","@graph":[{"@type":"WebPage","@id":"https:\/\/ticsalutsocial.atoom.space\/es\/noticia\/tardor-digital-el-cicle-dactivitats-sobre-innovacio-digital-en-lambit-social\/","url":"https:\/\/ticsalutsocial.atoom.space\/es\/noticia\/tardor-digital-el-cicle-dactivitats-sobre-innovacio-digital-en-lambit-social\/","name":"Oto\u00f1o digital, el ciclo de actividades sobre innovaci\u00f3n digital en el \u00e1mbito social - Fundaci\u00f3 TIC Salut i Social","isPartOf":{"@id":"https:\/\/ticsalutsocial.atoom.space\/es\/#website"},"primaryImageOfPage":{"@id":"https:\/\/ticsalutsocial.atoom.space\/es\/noticia\/tardor-digital-el-cicle-dactivitats-sobre-innovacio-digital-en-lambit-social\/#primaryimage"},"image":{"@id":"https:\/\/ticsalutsocial.atoom.space\/es\/noticia\/tardor-digital-el-cicle-dactivitats-sobre-innovacio-digital-en-lambit-social\/#primaryimage"},"thumbnailUrl":"https:\/\/ticsalutsocial.atoom.space\/wp-content\/uploads\/2025\/09\/iStock-863215286.jpg","datePublished":"2025-09-12T07:00:43+00:00","breadcrumb":{"@id":"https:\/\/ticsalutsocial.atoom.space\/es\/noticia\/tardor-digital-el-cicle-dactivitats-sobre-innovacio-digital-en-lambit-social\/#breadcrumb"},"inLanguage":"es","potentialAction":[{"@type":"ReadAction","target":["https:\/\/ticsalutsocial.atoom.space\/es\/noticia\/tardor-digital-el-cicle-dactivitats-sobre-innovacio-digital-en-lambit-social\/"]}]},{"@type":"ImageObject","inLanguage":"es","@id":"https:\/\/ticsalutsocial.atoom.space\/es\/noticia\/tardor-digital-el-cicle-dactivitats-sobre-innovacio-digital-en-lambit-social\/#primaryimage","url":"https:\/\/ticsalutsocial.atoom.space\/wp-content\/uploads\/2025\/09\/iStock-863215286.jpg","contentUrl":"https:\/\/ticsalutsocial.atoom.space\/wp-content\/uploads\/2025\/09\/iStock-863215286.jpg","width":1254,"height":837,"caption":"Desktop with laptop, fallen leaves on grey wooden background. Flat lay, top view. Woman hands typing"},{"@type":"BreadcrumbList","@id":"https:\/\/ticsalutsocial.atoom.space\/es\/noticia\/tardor-digital-el-cicle-dactivitats-sobre-innovacio-digital-en-lambit-social\/#breadcrumb","itemListElement":[{"@type":"ListItem","position":1,"name":"Inici","item":"https:\/\/ticsalutsocial.atoom.space\/es\/"},{"@type":"ListItem","position":2,"name":"Oto\u00f1o digital, el ciclo de actividades sobre innovaci\u00f3n digital en el \u00e1mbito social"}]},{"@type":"WebSite","@id":"https:\/\/ticsalutsocial.atoom.space\/es\/#website","url":"https:\/\/ticsalutsocial.atoom.space\/es\/","name":"Fundaci\u00f3 TIC Salut i Social","description":"","potentialAction":[{"@type":"SearchAction","target":{"@type":"EntryPoint","urlTemplate":"https:\/\/ticsalutsocial.atoom.space\/es\/?s={search_term_string}"},"query-input":{"@type":"PropertyValueSpecification","valueRequired":true,"valueName":"search_term_string"}}],"inLanguage":"es"}]}},"_links":{"self":[{"href":"https:\/\/ticsalutsocial.atoom.space\/es\/wp-json\/wp\/v2\/noticia\/33367","targetHints":{"allow":["GET"]}}],"collection":[{"href":"https:\/\/ticsalutsocial.atoom.space\/es\/wp-json\/wp\/v2\/noticia"}],"about":[{"href":"https:\/\/ticsalutsocial.atoom.space\/es\/wp-json\/wp\/v2\/types\/noticia"}],"author":[{"embeddable":true,"href":"https:\/\/ticsalutsocial.atoom.space\/es\/wp-json\/wp\/v2\/users\/3"}],"wp:featuredmedia":[{"embeddable":true,"href":"https:\/\/ticsalutsocial.atoom.space\/es\/wp-json\/wp\/v2\/media\/33382"}],"wp:attachment":[{"href":"https:\/\/ticsalutsocial.atoom.space\/es\/wp-json\/wp\/v2\/media?parent=33367"}],"wp:term":[{"taxonomy":"etiqueta","embeddable":true,"href":"https:\/\/ticsalutsocial.atoom.space\/es\/wp-json\/wp\/v2\/etiqueta?post=33367"},{"taxonomy":"tipus","embeddable":true,"href":"https:\/\/ticsalutsocial.atoom.space\/es\/wp-json\/wp\/v2\/tipus?post=33367"},{"taxonomy":"topic","embeddable":true,"href":"https:\/\/ticsalutsocial.atoom.space\/es\/wp-json\/wp\/v2\/topic?post=33367"}],"curies":[{"name":"wp","href":"https:\/\/api.w.org\/{rel}","templated":true}]}}