
{"id":3338,"date":"2018-03-10T10:55:48","date_gmt":"2018-03-10T08:55:48","guid":{"rendered":"https:\/\/ticsalutsocial.atoom.space\/?post_type=noticia&#038;p=3338"},"modified":"2021-07-21T15:35:53","modified_gmt":"2021-07-21T13:35:53","slug":"mapa-de-tendencias-2017-revision-y-estado-del-arte-de-los-servicios-de-diagnostico-para-la-imagen","status":"publish","type":"noticia","link":"https:\/\/ticsalutsocial.atoom.space\/es\/noticia\/mapa-de-tendencias-2017-revision-y-estado-del-arte-de-los-servicios-de-diagnostico-para-la-imagen\/","title":{"rendered":"Mapa de Tendencias 2017: revisi\u00f3n y estado del arte de los Servicios de diagn\u00f3stico para la imagen"},"content":{"rendered":"<p>Tal y como sucedi\u00f3 durante la introducci\u00f3n de las TIC en el \u00e1mbito de la salud, los servicios de diagn\u00f3stico para la imagen est\u00e1n relativamente aventajados: a d\u00eda de hoy, los procesos de transformaci\u00f3n digital divisan la incorporaci\u00f3n de los sistemas cloud, el desarrollo de nuevos servicios con la imagen como fuente principal de informaci\u00f3n, el abordaje de nuevos proyectos basados en inteligencia artificial, as\u00ed como nuevas formas de compartir la informaci\u00f3n y trabajar en nuevos modelos de gesti\u00f3n del servicio de diagn\u00f3stico para la imagen. Este art\u00edculo ha contado con la colaboraci\u00f3n del Sr. Carlos Gallego, Responsable del Sistema de Imagen M\u00e9dica del Departament de Salut.<\/p>\n<p>El diagn\u00f3stico para la imagen se complementa cada vez m\u00e1s con herramientas de diagn\u00f3stico basadas en elementos biof\u00edsicos, como el uso combinado de diferentes t\u00e9cnicas de imagen, el\u00a0preprocesado en el tratamiento de im\u00e1genes (atlas, segmentaci\u00f3n, etc.), la detecci\u00f3n y el an\u00e1lisis de diferentes tipos de se\u00f1ales as\u00ed como el uso de modelos\u00a0computerizados, morfol\u00f3gicos y funcionales, derivados del modelado de \u00f3rganos y tejidos. A d\u00eda de hoy, la combinaci\u00f3n de todos estos procesos permite un diagn\u00f3stico m\u00e1s eficiente, completo y riguroso de ciertas enfermedades.<\/p>\n<p>La evidencia internacional indica tambi\u00e9n que la tecnolog\u00eda evoluciona hacia los modelos en\u00a0cloud: en el marco de esta tendencia, los \u00faltimos resultados del Mapa exploran cu\u00e1l es la intenci\u00f3n de las Entidades Proveedoras del\u00a0SISCAT\u00a0de trabajar con este modelo. Los datos muestran que el 73% de las instituciones que disponen de departamento de diagn\u00f3stico para la imagen indican su inter\u00e9s para trabajar en\u00a0cloud, representando un incremento del 5% respecto al 2016. As\u00ed mismo, la gran mayor\u00eda de las entidades tienen la capacidad de acceder a la imagen m\u00e9dica digital que ellas mismas generan desde ubicaciones exteriores, indicando que han avanzado en la disponibilidad de la informaci\u00f3n de imagen m\u00e9dica digital para hacer\u00a0telediagn\u00f3stico u otros servicios remotos.<\/p>\n<p>En relaci\u00f3n a las modalidades que tienen integradas dentro del PACS, el sector evoluciona hacia un\u00a0Vendor\u00a0Neutral\u00a0Archive(estandarizaci\u00f3n de formatos e interfaces) donde se puede guardar y gestionar la informaci\u00f3n m\u00e9dica que genera la entidad. Esto permite tratar los \u201cobjetos m\u00e9dicos\u201d -no tan s\u00f3lo los que provienen de diagn\u00f3stico para la imagen, sino tambi\u00e9n otras especialidades como la dermatolog\u00eda. Adem\u00e1s, las entidades declaran que disponen otros como la Imagen\u00a0JPEG\u00a0dicomizada\u00a0(unidad de heridas complejas), endoscopia digestiva,\u00a0angiograf\u00eda, imagen producida en los quir\u00f3fanos integrados,\u00a0CUMS, cardiolog\u00eda, enfermedades infecciosas,\u00a0espirometr\u00edas,\u00a0densitometr\u00edas, endoscopias digestivas,\u00a0campimetr\u00edas, protecci\u00f3n radiol\u00f3gica,\u00a0ecograf\u00edas,\u00a0densitometr\u00edas, pruebas de esfuerzo e\u00a0incluso\u00a0cualquier imagen\u00a0DICOM\u00a0que aporte el paciente.<\/p>\n<p>Hay que remarcar que en este 2018 la aplicaci\u00f3n de la directiva europea\u00a0EURATOM obligar\u00e1 a todas las instituciones a informar sobre la dosis de radiaci\u00f3n que recibe el paciente a una prueba de diagn\u00f3stico para la imagen, requeriendo que los sistemas de los PACS est\u00e9n dotados de esta funcionalidad. Seg\u00fan los resultados de la encuesta de este a\u00f1o, un 26% declara no disponer todav\u00eda de esta funcionalidad pero tenerlo previsto de cara al 2018, sugeriendo un obligado incremento en la cifra de entidades que lo tendr\u00e1n disponible en su sistema, a pesar de un 36% de entidades que todav\u00eda no tienen esta funcionalidad tampoco lo tienen previsto por el momento.<\/p>\n<p>En resumen, tal y como sucedi\u00f3 durante la introducci\u00f3n de las TIC en el \u00e1mbito de la salud, los servicios de diagn\u00f3stico para la imagen est\u00e1n relativamente aventajados: a d\u00eda de hoy, los procesos de transformaci\u00f3n digital divisan la incorporaci\u00f3n de los sistemas\u00a0cloud, el desarrollo de nuevos servicios con la imagen como fuente principal de informaci\u00f3n, el abordaje de nuevos proyectos basados en\u00a0inteligencia\u00a0artificial as\u00ed como nuevas formas de compartir la informaci\u00f3n y trabajar en nuevos modelos de gesti\u00f3n del servicio de diagn\u00f3stico para la imagen.<\/p>\n<p>M\u00e1s informaci\u00f3n sobre el estado\u00a0del arte de la imagen digital en el siguiente\u00a0<a href=\"http:\/\/www.cbinsights.com\/blog\/active-arvr-investors-infographic\" data-cke-saved-href=\"http:\/\/www.cbinsights.com\/blog\/active-arvr-investors-infographic\">documento<\/a><\/p>\n","protected":false},"author":21,"featured_media":3334,"menu_order":0,"template":"","meta":{"_acf_changed":false,"inline_featured_image":false},"etiqueta":[],"tipus":[],"topic":[123],"class_list":["post-3338","noticia","type-noticia","status-publish","has-post-thumbnail","hentry","topic-actualidad"],"acf":{"imatge":3336,"autor":"Adri\u00e0 G.Font","textos_destacats":[{"texte":"Los procesos de transformaci\u00f3n digital divisan la incorporaci\u00f3n de los sistemas cloud, el desarrollo de nuevos servicios con la imagen como fuente principal de informaci\u00f3n"}]},"yoast_head":"<!-- This site is optimized with the Yoast SEO plugin v27.1.1 - https:\/\/yoast.com\/product\/yoast-seo-wordpress\/ -->\n<title>Mapa de Tendencias 2017: revisi\u00f3n y estado del arte de los Servicios de diagn\u00f3stico para la imagen - Fundaci\u00f3 TIC Salut i Social<\/title>\n<meta name=\"robots\" content=\"index, follow, max-snippet:-1, max-image-preview:large, max-video-preview:-1\" \/>\n<link rel=\"canonical\" href=\"https:\/\/ticsalutsocial.atoom.space\/es\/noticia\/mapa-de-tendencias-2017-revision-y-estado-del-arte-de-los-servicios-de-diagnostico-para-la-imagen\/\" \/>\n<meta property=\"og:locale\" content=\"es_ES\" \/>\n<meta property=\"og:type\" content=\"article\" \/>\n<meta property=\"og:title\" content=\"Mapa de Tendencias 2017: revisi\u00f3n y estado del arte de los Servicios de diagn\u00f3stico para la imagen - Fundaci\u00f3 TIC Salut i Social\" \/>\n<meta property=\"og:description\" content=\"Tal y como sucedi\u00f3 durante la introducci\u00f3n de las TIC en el \u00e1mbito de la salud, los servicios de diagn\u00f3stico para la imagen est\u00e1n relativamente aventajados: a d\u00eda de hoy, los procesos de transformaci\u00f3n digital divisan la incorporaci\u00f3n de los sistemas cloud, el desarrollo de nuevos servicios con la imagen como fuente principal de informaci\u00f3n, [&hellip;]\" \/>\n<meta property=\"og:url\" content=\"https:\/\/ticsalutsocial.atoom.space\/es\/noticia\/mapa-de-tendencias-2017-revision-y-estado-del-arte-de-los-servicios-de-diagnostico-para-la-imagen\/\" \/>\n<meta property=\"og:site_name\" content=\"Fundaci\u00f3 TIC Salut i Social\" \/>\n<meta property=\"article:modified_time\" content=\"2021-07-21T13:35:53+00:00\" \/>\n<meta property=\"og:image\" content=\"https:\/\/ticsalutsocial.atoom.space\/wp-content\/uploads\/2018\/03\/grafic_imatge.jpg\" \/>\n\t<meta property=\"og:image:width\" content=\"436\" \/>\n\t<meta property=\"og:image:height\" content=\"154\" \/>\n\t<meta property=\"og:image:type\" content=\"image\/jpeg\" \/>\n<meta name=\"twitter:card\" content=\"summary_large_image\" \/>\n<meta name=\"twitter:label1\" content=\"Tiempo de lectura\" \/>\n\t<meta name=\"twitter:data1\" content=\"4 minutos\" \/>\n<script type=\"application\/ld+json\" class=\"yoast-schema-graph\">{\"@context\":\"https:\/\/schema.org\",\"@graph\":[{\"@type\":\"WebPage\",\"@id\":\"https:\/\/ticsalutsocial.atoom.space\/es\/noticia\/mapa-de-tendencias-2017-revision-y-estado-del-arte-de-los-servicios-de-diagnostico-para-la-imagen\/\",\"url\":\"https:\/\/ticsalutsocial.atoom.space\/es\/noticia\/mapa-de-tendencias-2017-revision-y-estado-del-arte-de-los-servicios-de-diagnostico-para-la-imagen\/\",\"name\":\"Mapa de Tendencias 2017: revisi\u00f3n y estado del arte de los Servicios de diagn\u00f3stico para la imagen - Fundaci\u00f3 TIC Salut i Social\",\"isPartOf\":{\"@id\":\"https:\/\/ticsalutsocial.atoom.space\/es\/#website\"},\"primaryImageOfPage\":{\"@id\":\"https:\/\/ticsalutsocial.atoom.space\/es\/noticia\/mapa-de-tendencias-2017-revision-y-estado-del-arte-de-los-servicios-de-diagnostico-para-la-imagen\/#primaryimage\"},\"image\":{\"@id\":\"https:\/\/ticsalutsocial.atoom.space\/es\/noticia\/mapa-de-tendencias-2017-revision-y-estado-del-arte-de-los-servicios-de-diagnostico-para-la-imagen\/#primaryimage\"},\"thumbnailUrl\":\"https:\/\/ticsalutsocial.atoom.space\/wp-content\/uploads\/2018\/03\/grafic_imatge.jpg\",\"datePublished\":\"2018-03-10T08:55:48+00:00\",\"dateModified\":\"2021-07-21T13:35:53+00:00\",\"breadcrumb\":{\"@id\":\"https:\/\/ticsalutsocial.atoom.space\/es\/noticia\/mapa-de-tendencias-2017-revision-y-estado-del-arte-de-los-servicios-de-diagnostico-para-la-imagen\/#breadcrumb\"},\"inLanguage\":\"es\",\"potentialAction\":[{\"@type\":\"ReadAction\",\"target\":[\"https:\/\/ticsalutsocial.atoom.space\/es\/noticia\/mapa-de-tendencias-2017-revision-y-estado-del-arte-de-los-servicios-de-diagnostico-para-la-imagen\/\"]}]},{\"@type\":\"ImageObject\",\"inLanguage\":\"es\",\"@id\":\"https:\/\/ticsalutsocial.atoom.space\/es\/noticia\/mapa-de-tendencias-2017-revision-y-estado-del-arte-de-los-servicios-de-diagnostico-para-la-imagen\/#primaryimage\",\"url\":\"https:\/\/ticsalutsocial.atoom.space\/wp-content\/uploads\/2018\/03\/grafic_imatge.jpg\",\"contentUrl\":\"https:\/\/ticsalutsocial.atoom.space\/wp-content\/uploads\/2018\/03\/grafic_imatge.jpg\",\"width\":436,\"height\":154},{\"@type\":\"BreadcrumbList\",\"@id\":\"https:\/\/ticsalutsocial.atoom.space\/es\/noticia\/mapa-de-tendencias-2017-revision-y-estado-del-arte-de-los-servicios-de-diagnostico-para-la-imagen\/#breadcrumb\",\"itemListElement\":[{\"@type\":\"ListItem\",\"position\":1,\"name\":\"Inici\",\"item\":\"https:\/\/ticsalutsocial.atoom.space\/es\/\"},{\"@type\":\"ListItem\",\"position\":2,\"name\":\"Mapa de Tendencias 2017: revisi\u00f3n y estado del arte de los Servicios de diagn\u00f3stico para la imagen\"}]},{\"@type\":\"WebSite\",\"@id\":\"https:\/\/ticsalutsocial.atoom.space\/es\/#website\",\"url\":\"https:\/\/ticsalutsocial.atoom.space\/es\/\",\"name\":\"Fundaci\u00f3 TIC Salut i Social\",\"description\":\"\",\"potentialAction\":[{\"@type\":\"SearchAction\",\"target\":{\"@type\":\"EntryPoint\",\"urlTemplate\":\"https:\/\/ticsalutsocial.atoom.space\/es\/?s={search_term_string}\"},\"query-input\":{\"@type\":\"PropertyValueSpecification\",\"valueRequired\":true,\"valueName\":\"search_term_string\"}}],\"inLanguage\":\"es\"}]}<\/script>\n<!-- \/ Yoast SEO plugin. -->","yoast_head_json":{"title":"Mapa de Tendencias 2017: revisi\u00f3n y estado del arte de los Servicios de diagn\u00f3stico para la imagen - Fundaci\u00f3 TIC Salut i Social","robots":{"index":"index","follow":"follow","max-snippet":"max-snippet:-1","max-image-preview":"max-image-preview:large","max-video-preview":"max-video-preview:-1"},"canonical":"https:\/\/ticsalutsocial.atoom.space\/es\/noticia\/mapa-de-tendencias-2017-revision-y-estado-del-arte-de-los-servicios-de-diagnostico-para-la-imagen\/","og_locale":"es_ES","og_type":"article","og_title":"Mapa de Tendencias 2017: revisi\u00f3n y estado del arte de los Servicios de diagn\u00f3stico para la imagen - Fundaci\u00f3 TIC Salut i Social","og_description":"Tal y como sucedi\u00f3 durante la introducci\u00f3n de las TIC en el \u00e1mbito de la salud, los servicios de diagn\u00f3stico para la imagen est\u00e1n relativamente aventajados: a d\u00eda de hoy, los procesos de transformaci\u00f3n digital divisan la incorporaci\u00f3n de los sistemas cloud, el desarrollo de nuevos servicios con la imagen como fuente principal de informaci\u00f3n, [&hellip;]","og_url":"https:\/\/ticsalutsocial.atoom.space\/es\/noticia\/mapa-de-tendencias-2017-revision-y-estado-del-arte-de-los-servicios-de-diagnostico-para-la-imagen\/","og_site_name":"Fundaci\u00f3 TIC Salut i Social","article_modified_time":"2021-07-21T13:35:53+00:00","og_image":[{"width":436,"height":154,"url":"https:\/\/ticsalutsocial.atoom.space\/wp-content\/uploads\/2018\/03\/grafic_imatge.jpg","type":"image\/jpeg"}],"twitter_card":"summary_large_image","twitter_misc":{"Tiempo de lectura":"4 minutos"},"schema":{"@context":"https:\/\/schema.org","@graph":[{"@type":"WebPage","@id":"https:\/\/ticsalutsocial.atoom.space\/es\/noticia\/mapa-de-tendencias-2017-revision-y-estado-del-arte-de-los-servicios-de-diagnostico-para-la-imagen\/","url":"https:\/\/ticsalutsocial.atoom.space\/es\/noticia\/mapa-de-tendencias-2017-revision-y-estado-del-arte-de-los-servicios-de-diagnostico-para-la-imagen\/","name":"Mapa de Tendencias 2017: revisi\u00f3n y estado del arte de los Servicios de diagn\u00f3stico para la imagen - Fundaci\u00f3 TIC Salut i Social","isPartOf":{"@id":"https:\/\/ticsalutsocial.atoom.space\/es\/#website"},"primaryImageOfPage":{"@id":"https:\/\/ticsalutsocial.atoom.space\/es\/noticia\/mapa-de-tendencias-2017-revision-y-estado-del-arte-de-los-servicios-de-diagnostico-para-la-imagen\/#primaryimage"},"image":{"@id":"https:\/\/ticsalutsocial.atoom.space\/es\/noticia\/mapa-de-tendencias-2017-revision-y-estado-del-arte-de-los-servicios-de-diagnostico-para-la-imagen\/#primaryimage"},"thumbnailUrl":"https:\/\/ticsalutsocial.atoom.space\/wp-content\/uploads\/2018\/03\/grafic_imatge.jpg","datePublished":"2018-03-10T08:55:48+00:00","dateModified":"2021-07-21T13:35:53+00:00","breadcrumb":{"@id":"https:\/\/ticsalutsocial.atoom.space\/es\/noticia\/mapa-de-tendencias-2017-revision-y-estado-del-arte-de-los-servicios-de-diagnostico-para-la-imagen\/#breadcrumb"},"inLanguage":"es","potentialAction":[{"@type":"ReadAction","target":["https:\/\/ticsalutsocial.atoom.space\/es\/noticia\/mapa-de-tendencias-2017-revision-y-estado-del-arte-de-los-servicios-de-diagnostico-para-la-imagen\/"]}]},{"@type":"ImageObject","inLanguage":"es","@id":"https:\/\/ticsalutsocial.atoom.space\/es\/noticia\/mapa-de-tendencias-2017-revision-y-estado-del-arte-de-los-servicios-de-diagnostico-para-la-imagen\/#primaryimage","url":"https:\/\/ticsalutsocial.atoom.space\/wp-content\/uploads\/2018\/03\/grafic_imatge.jpg","contentUrl":"https:\/\/ticsalutsocial.atoom.space\/wp-content\/uploads\/2018\/03\/grafic_imatge.jpg","width":436,"height":154},{"@type":"BreadcrumbList","@id":"https:\/\/ticsalutsocial.atoom.space\/es\/noticia\/mapa-de-tendencias-2017-revision-y-estado-del-arte-de-los-servicios-de-diagnostico-para-la-imagen\/#breadcrumb","itemListElement":[{"@type":"ListItem","position":1,"name":"Inici","item":"https:\/\/ticsalutsocial.atoom.space\/es\/"},{"@type":"ListItem","position":2,"name":"Mapa de Tendencias 2017: revisi\u00f3n y estado del arte de los Servicios de diagn\u00f3stico para la imagen"}]},{"@type":"WebSite","@id":"https:\/\/ticsalutsocial.atoom.space\/es\/#website","url":"https:\/\/ticsalutsocial.atoom.space\/es\/","name":"Fundaci\u00f3 TIC Salut i Social","description":"","potentialAction":[{"@type":"SearchAction","target":{"@type":"EntryPoint","urlTemplate":"https:\/\/ticsalutsocial.atoom.space\/es\/?s={search_term_string}"},"query-input":{"@type":"PropertyValueSpecification","valueRequired":true,"valueName":"search_term_string"}}],"inLanguage":"es"}]}},"_links":{"self":[{"href":"https:\/\/ticsalutsocial.atoom.space\/es\/wp-json\/wp\/v2\/noticia\/3338","targetHints":{"allow":["GET"]}}],"collection":[{"href":"https:\/\/ticsalutsocial.atoom.space\/es\/wp-json\/wp\/v2\/noticia"}],"about":[{"href":"https:\/\/ticsalutsocial.atoom.space\/es\/wp-json\/wp\/v2\/types\/noticia"}],"author":[{"embeddable":true,"href":"https:\/\/ticsalutsocial.atoom.space\/es\/wp-json\/wp\/v2\/users\/21"}],"wp:featuredmedia":[{"embeddable":true,"href":"https:\/\/ticsalutsocial.atoom.space\/es\/wp-json\/wp\/v2\/media\/3334"}],"wp:attachment":[{"href":"https:\/\/ticsalutsocial.atoom.space\/es\/wp-json\/wp\/v2\/media?parent=3338"}],"wp:term":[{"taxonomy":"etiqueta","embeddable":true,"href":"https:\/\/ticsalutsocial.atoom.space\/es\/wp-json\/wp\/v2\/etiqueta?post=3338"},{"taxonomy":"tipus","embeddable":true,"href":"https:\/\/ticsalutsocial.atoom.space\/es\/wp-json\/wp\/v2\/tipus?post=3338"},{"taxonomy":"topic","embeddable":true,"href":"https:\/\/ticsalutsocial.atoom.space\/es\/wp-json\/wp\/v2\/topic?post=3338"}],"curies":[{"name":"wp","href":"https:\/\/api.w.org\/{rel}","templated":true}]}}