
{"id":33403,"date":"2025-09-15T12:08:46","date_gmt":"2025-09-15T10:08:46","guid":{"rendered":"https:\/\/ticsalutsocial.atoom.space\/noticia\/els-vic-i-days-2025-plantegen-reptes-de-desenvolupament-tecnologic-contra-el-cancer-de-mama\/"},"modified":"2025-09-18T10:34:25","modified_gmt":"2025-09-18T08:34:25","slug":"els-vic-i-days-2025-plantegen-reptes-de-desenvolupament-tecnologic-contra-el-cancer-de-mama","status":"publish","type":"noticia","link":"https:\/\/ticsalutsocial.atoom.space\/es\/noticia\/els-vic-i-days-2025-plantegen-reptes-de-desenvolupament-tecnologic-contra-el-cancer-de-mama\/","title":{"rendered":"La competici\u00f3n de innovaci\u00f3n Vic i-Days 2025 plantear\u00e1 retos para mejorar el tratamiento y acompa\u00f1amiento de pacientes con c\u00e1ncer de mama"},"content":{"rendered":"<p data-start=\"612\" data-end=\"1261\">La Facultad de Medicina de la Universitat de Vic \u2013 Universitat Central de Catalunya (UVic-UCC) acoger\u00e1, los pr\u00f3ximos 6 y 7 de noviembre, un <em data-start=\"752\" data-end=\"763\">hackathon<\/em> que en esta cuarta edici\u00f3n se ha fijado como objetivo mejorar los tratamientos actuales o desarrollar elementos que permitan un mejor acompa\u00f1amiento a los pacientes con c\u00e1ncer de mama. El <em data-start=\"952\" data-end=\"962\">bootcamp<\/em>, organizado conjuntamente por la UVic-UCC y el Hospital Germans Trias i Pujol (Institut Catal\u00e0 de la Salut), con la colaboraci\u00f3n de la Fundaci\u00f3 TIC Salut Social y Eurecat, es una competici\u00f3n dirigida a estudiantes de grado, m\u00e1ster y posgrado de la universidad de cualquier \u00e1mbito de conocimiento.<\/p>\n<p data-start=\"1263\" data-end=\"1701\">Esta iniciativa est\u00e1 promocionada por <strong data-start=\"1301\" data-end=\"1315\">EIT Health<\/strong>, una comunidad europea que promueve el conocimiento y la innovaci\u00f3n relacionados con el envejecimiento activo y saludable. Para participar, los alumnos pueden inscribirse de manera individual o bien formando equipos de entre cuatro y cinco personas. El d\u00eda 6 de noviembre, la competici\u00f3n se llevar\u00e1 a cabo entre las 9 h y las 19 h, y el d\u00eda 7 de noviembre, entre las 10 h y las 14 h.<\/p>\n<h3 data-start=\"1703\" data-end=\"1727\">Fases del concurso<\/h3>\n<p data-start=\"1728\" data-end=\"2217\">El primer d\u00eda, los participantes deber\u00e1n proponer sus soluciones. Para trabajarlas y desarrollarlas, tendr\u00e1n la oportunidad de asistir a talleres para profundizar en las necesidades existentes sobre la prevenci\u00f3n de enfermedades, tratamientos actuales y el seguimiento de pacientes. Tambi\u00e9n contar\u00e1n con el asesoramiento de expertos vinculados a la innovaci\u00f3n, la investigaci\u00f3n y la experiencia del paciente para acabar de conceptualizar su idea y concretarla en una soluci\u00f3n espec\u00edfica.<\/p>\n<p data-start=\"2219\" data-end=\"2740\">Durante el segundo d\u00eda, los equipos deber\u00e1n presentar su propuesta ante un jurado, que decidir\u00e1 cu\u00e1les son las tres mejores soluciones. Este concurso est\u00e1 dotado con premios en met\u00e1lico. Los ganadores recibir\u00e1n una dotaci\u00f3n de 500 \u20ac y los gastos cubiertos para participar en el <strong data-start=\"2497\" data-end=\"2532\">EIT Health Career Path en Par\u00eds<\/strong>, el evento europeo donde competir\u00e1n con las soluciones ganadoras procedentes de otras regiones del continente. El segundo y tercer premio tienen unas dotaciones econ\u00f3micas de 200 \u20ac y 100 \u20ac respectivamente.<\/p>\n<h3 data-start=\"2742\" data-end=\"2776\">Procedimiento de inscripci\u00f3n<\/h3>\n<p data-start=\"2777\" data-end=\"3184\">Para acceder al formulario de inscripciones hay que hacer clic en el siguiente enlace, que da acceso a la plataforma de aplicaciones de EIT Health, y registrarse como \u00abestudiante individual\u00bb. Una vez activada la cuenta, es necesario confirmar el registro a trav\u00e9s de un correo recibido desde EIT Health. A continuaci\u00f3n, hay que hacer clic en \u00abEventos i-Days\u00bb y en \u00abSolicita ahora\u00bb en la ciudad i-Days Vic.<\/p>\n<p data-start=\"3186\" data-end=\"3411\">En caso de duda, se puede contactar con el responsable de los Vic i-Days de la UVic-UCC, <strong data-start=\"3275\" data-end=\"3296\">Manel Vidal-Ribas<\/strong>, o con el gestor de proyectos de la Unidad de Innovaci\u00f3n del Hospital Germans Trias i Pujol, <strong data-start=\"3390\" data-end=\"3408\">Gerard Albreda<\/strong>.<\/p>\n<ul data-start=\"3413\" data-end=\"3649\">\n<li data-start=\"3413\" data-end=\"3527\">\n<p data-start=\"3415\" data-end=\"3527\">Manel Vidal-Ribas, \u00c1rea Social Centro de Estudios Sanitarios y Sociales, UVic-UCC (<a class=\"decorated-link cursor-pointer\" rel=\"noopener\" data-start=\"3498\" data-end=\"3524\">manuel.vidalribas@uvic.cat<\/a>)<\/p>\n<\/li>\n<li data-start=\"3528\" data-end=\"3649\">\n<p data-start=\"3530\" data-end=\"3649\">Gerard Albreda, gestor de proyectos de Innovaci\u00f3n, Hospital Germans Trias i Pujol (<a class=\"decorated-link cursor-pointer\" rel=\"noopener\" data-start=\"3613\" data-end=\"3646\">galbredag.germanstrias@gencat.cat<\/a>)<\/p>\n<\/li>\n<\/ul>\n","protected":false},"author":3,"featured_media":33500,"menu_order":0,"template":"","meta":{"_acf_changed":false,"inline_featured_image":false},"etiqueta":[],"tipus":[],"topic":[117],"class_list":["post-33403","noticia","type-noticia","status-publish","has-post-thumbnail","hentry","topic-jornadas"],"acf":{"finalitzat":false,"tipus_plantilla":"objectius","template_objectius":{"cont_principal":"","imatge":false,"cont_seguent":{"titol":"","contingut":""},"seccio_llistat":{"titol":"","llistat":false},"objectius":{"titol":"","objectius":false},"documents":false},"autor":"","imatge":false,"textos_destacats":[{"texte":"El bootcamp, organizado conjuntamente con la Fundaci\u00f3 TIC Salut Social, el Hospital Germans Trias i Pujol y Eurecat, es una competici\u00f3n dirigida a estudiantes de grado, m\u00e1ster y posgrado de la universidad y de cualquier \u00e1mbito de conocimiento. Este a\u00f1o celebra su cuarta edici\u00f3n"}],"documents":false},"yoast_head":"<!-- This site is optimized with the Yoast SEO plugin v27.1.1 - https:\/\/yoast.com\/product\/yoast-seo-wordpress\/ -->\n<title>La competici\u00f3n de innovaci\u00f3n Vic i-Days 2025 plantear\u00e1 retos para mejorar el tratamiento y acompa\u00f1amiento de pacientes con c\u00e1ncer de mama - Fundaci\u00f3 TIC Salut i Social<\/title>\n<meta name=\"robots\" content=\"index, follow, max-snippet:-1, max-image-preview:large, max-video-preview:-1\" \/>\n<link rel=\"canonical\" href=\"https:\/\/ticsalutsocial.atoom.space\/es\/noticia\/els-vic-i-days-2025-plantegen-reptes-de-desenvolupament-tecnologic-contra-el-cancer-de-mama\/\" \/>\n<meta property=\"og:locale\" content=\"es_ES\" \/>\n<meta property=\"og:type\" content=\"article\" \/>\n<meta property=\"og:title\" content=\"La competici\u00f3n de innovaci\u00f3n Vic i-Days 2025 plantear\u00e1 retos para mejorar el tratamiento y acompa\u00f1amiento de pacientes con c\u00e1ncer de mama - Fundaci\u00f3 TIC Salut i Social\" \/>\n<meta property=\"og:description\" content=\"La Facultad de Medicina de la Universitat de Vic \u2013 Universitat Central de Catalunya (UVic-UCC) acoger\u00e1, los pr\u00f3ximos 6 y 7 de noviembre, un hackathon que en esta cuarta edici\u00f3n se ha fijado como objetivo mejorar los tratamientos actuales o desarrollar elementos que permitan un mejor acompa\u00f1amiento a los pacientes con c\u00e1ncer de mama. El [&hellip;]\" \/>\n<meta property=\"og:url\" content=\"https:\/\/ticsalutsocial.atoom.space\/es\/noticia\/els-vic-i-days-2025-plantegen-reptes-de-desenvolupament-tecnologic-contra-el-cancer-de-mama\/\" \/>\n<meta property=\"og:site_name\" content=\"Fundaci\u00f3 TIC Salut i Social\" \/>\n<meta property=\"article:modified_time\" content=\"2025-09-18T08:34:25+00:00\" \/>\n<meta property=\"og:image\" content=\"https:\/\/ticsalutsocial.atoom.space\/wp-content\/uploads\/2025\/09\/LINKEDIN_2025-2.png\" \/>\n\t<meta property=\"og:image:width\" content=\"1920\" \/>\n\t<meta property=\"og:image:height\" content=\"1080\" \/>\n\t<meta property=\"og:image:type\" content=\"image\/png\" \/>\n<meta name=\"twitter:card\" content=\"summary_large_image\" \/>\n<meta name=\"twitter:label1\" content=\"Tiempo de lectura\" \/>\n\t<meta name=\"twitter:data1\" content=\"3 minutos\" \/>\n<script type=\"application\/ld+json\" class=\"yoast-schema-graph\">{\"@context\":\"https:\/\/schema.org\",\"@graph\":[{\"@type\":\"WebPage\",\"@id\":\"https:\/\/ticsalutsocial.atoom.space\/es\/noticia\/els-vic-i-days-2025-plantegen-reptes-de-desenvolupament-tecnologic-contra-el-cancer-de-mama\/\",\"url\":\"https:\/\/ticsalutsocial.atoom.space\/es\/noticia\/els-vic-i-days-2025-plantegen-reptes-de-desenvolupament-tecnologic-contra-el-cancer-de-mama\/\",\"name\":\"La competici\u00f3n de innovaci\u00f3n Vic i-Days 2025 plantear\u00e1 retos para mejorar el tratamiento y acompa\u00f1amiento de pacientes con c\u00e1ncer de mama - Fundaci\u00f3 TIC Salut i Social\",\"isPartOf\":{\"@id\":\"https:\/\/ticsalutsocial.atoom.space\/es\/#website\"},\"primaryImageOfPage\":{\"@id\":\"https:\/\/ticsalutsocial.atoom.space\/es\/noticia\/els-vic-i-days-2025-plantegen-reptes-de-desenvolupament-tecnologic-contra-el-cancer-de-mama\/#primaryimage\"},\"image\":{\"@id\":\"https:\/\/ticsalutsocial.atoom.space\/es\/noticia\/els-vic-i-days-2025-plantegen-reptes-de-desenvolupament-tecnologic-contra-el-cancer-de-mama\/#primaryimage\"},\"thumbnailUrl\":\"https:\/\/ticsalutsocial.atoom.space\/wp-content\/uploads\/2025\/09\/LINKEDIN_2025-2.png\",\"datePublished\":\"2025-09-15T10:08:46+00:00\",\"dateModified\":\"2025-09-18T08:34:25+00:00\",\"breadcrumb\":{\"@id\":\"https:\/\/ticsalutsocial.atoom.space\/es\/noticia\/els-vic-i-days-2025-plantegen-reptes-de-desenvolupament-tecnologic-contra-el-cancer-de-mama\/#breadcrumb\"},\"inLanguage\":\"es\",\"potentialAction\":[{\"@type\":\"ReadAction\",\"target\":[\"https:\/\/ticsalutsocial.atoom.space\/es\/noticia\/els-vic-i-days-2025-plantegen-reptes-de-desenvolupament-tecnologic-contra-el-cancer-de-mama\/\"]}]},{\"@type\":\"ImageObject\",\"inLanguage\":\"es\",\"@id\":\"https:\/\/ticsalutsocial.atoom.space\/es\/noticia\/els-vic-i-days-2025-plantegen-reptes-de-desenvolupament-tecnologic-contra-el-cancer-de-mama\/#primaryimage\",\"url\":\"https:\/\/ticsalutsocial.atoom.space\/wp-content\/uploads\/2025\/09\/LINKEDIN_2025-2.png\",\"contentUrl\":\"https:\/\/ticsalutsocial.atoom.space\/wp-content\/uploads\/2025\/09\/LINKEDIN_2025-2.png\",\"width\":1920,\"height\":1080,\"caption\":\"Vic iDays 2025\"},{\"@type\":\"BreadcrumbList\",\"@id\":\"https:\/\/ticsalutsocial.atoom.space\/es\/noticia\/els-vic-i-days-2025-plantegen-reptes-de-desenvolupament-tecnologic-contra-el-cancer-de-mama\/#breadcrumb\",\"itemListElement\":[{\"@type\":\"ListItem\",\"position\":1,\"name\":\"Inici\",\"item\":\"https:\/\/ticsalutsocial.atoom.space\/es\/\"},{\"@type\":\"ListItem\",\"position\":2,\"name\":\"La competici\u00f3n de innovaci\u00f3n Vic i-Days 2025 plantear\u00e1 retos para mejorar el tratamiento y acompa\u00f1amiento de pacientes con c\u00e1ncer de mama\"}]},{\"@type\":\"WebSite\",\"@id\":\"https:\/\/ticsalutsocial.atoom.space\/es\/#website\",\"url\":\"https:\/\/ticsalutsocial.atoom.space\/es\/\",\"name\":\"Fundaci\u00f3 TIC Salut i Social\",\"description\":\"\",\"potentialAction\":[{\"@type\":\"SearchAction\",\"target\":{\"@type\":\"EntryPoint\",\"urlTemplate\":\"https:\/\/ticsalutsocial.atoom.space\/es\/?s={search_term_string}\"},\"query-input\":{\"@type\":\"PropertyValueSpecification\",\"valueRequired\":true,\"valueName\":\"search_term_string\"}}],\"inLanguage\":\"es\"}]}<\/script>\n<!-- \/ Yoast SEO plugin. -->","yoast_head_json":{"title":"La competici\u00f3n de innovaci\u00f3n Vic i-Days 2025 plantear\u00e1 retos para mejorar el tratamiento y acompa\u00f1amiento de pacientes con c\u00e1ncer de mama - Fundaci\u00f3 TIC Salut i Social","robots":{"index":"index","follow":"follow","max-snippet":"max-snippet:-1","max-image-preview":"max-image-preview:large","max-video-preview":"max-video-preview:-1"},"canonical":"https:\/\/ticsalutsocial.atoom.space\/es\/noticia\/els-vic-i-days-2025-plantegen-reptes-de-desenvolupament-tecnologic-contra-el-cancer-de-mama\/","og_locale":"es_ES","og_type":"article","og_title":"La competici\u00f3n de innovaci\u00f3n Vic i-Days 2025 plantear\u00e1 retos para mejorar el tratamiento y acompa\u00f1amiento de pacientes con c\u00e1ncer de mama - Fundaci\u00f3 TIC Salut i Social","og_description":"La Facultad de Medicina de la Universitat de Vic \u2013 Universitat Central de Catalunya (UVic-UCC) acoger\u00e1, los pr\u00f3ximos 6 y 7 de noviembre, un hackathon que en esta cuarta edici\u00f3n se ha fijado como objetivo mejorar los tratamientos actuales o desarrollar elementos que permitan un mejor acompa\u00f1amiento a los pacientes con c\u00e1ncer de mama. El [&hellip;]","og_url":"https:\/\/ticsalutsocial.atoom.space\/es\/noticia\/els-vic-i-days-2025-plantegen-reptes-de-desenvolupament-tecnologic-contra-el-cancer-de-mama\/","og_site_name":"Fundaci\u00f3 TIC Salut i Social","article_modified_time":"2025-09-18T08:34:25+00:00","og_image":[{"width":1920,"height":1080,"url":"https:\/\/ticsalutsocial.atoom.space\/wp-content\/uploads\/2025\/09\/LINKEDIN_2025-2.png","type":"image\/png"}],"twitter_card":"summary_large_image","twitter_misc":{"Tiempo de lectura":"3 minutos"},"schema":{"@context":"https:\/\/schema.org","@graph":[{"@type":"WebPage","@id":"https:\/\/ticsalutsocial.atoom.space\/es\/noticia\/els-vic-i-days-2025-plantegen-reptes-de-desenvolupament-tecnologic-contra-el-cancer-de-mama\/","url":"https:\/\/ticsalutsocial.atoom.space\/es\/noticia\/els-vic-i-days-2025-plantegen-reptes-de-desenvolupament-tecnologic-contra-el-cancer-de-mama\/","name":"La competici\u00f3n de innovaci\u00f3n Vic i-Days 2025 plantear\u00e1 retos para mejorar el tratamiento y acompa\u00f1amiento de pacientes con c\u00e1ncer de mama - Fundaci\u00f3 TIC Salut i Social","isPartOf":{"@id":"https:\/\/ticsalutsocial.atoom.space\/es\/#website"},"primaryImageOfPage":{"@id":"https:\/\/ticsalutsocial.atoom.space\/es\/noticia\/els-vic-i-days-2025-plantegen-reptes-de-desenvolupament-tecnologic-contra-el-cancer-de-mama\/#primaryimage"},"image":{"@id":"https:\/\/ticsalutsocial.atoom.space\/es\/noticia\/els-vic-i-days-2025-plantegen-reptes-de-desenvolupament-tecnologic-contra-el-cancer-de-mama\/#primaryimage"},"thumbnailUrl":"https:\/\/ticsalutsocial.atoom.space\/wp-content\/uploads\/2025\/09\/LINKEDIN_2025-2.png","datePublished":"2025-09-15T10:08:46+00:00","dateModified":"2025-09-18T08:34:25+00:00","breadcrumb":{"@id":"https:\/\/ticsalutsocial.atoom.space\/es\/noticia\/els-vic-i-days-2025-plantegen-reptes-de-desenvolupament-tecnologic-contra-el-cancer-de-mama\/#breadcrumb"},"inLanguage":"es","potentialAction":[{"@type":"ReadAction","target":["https:\/\/ticsalutsocial.atoom.space\/es\/noticia\/els-vic-i-days-2025-plantegen-reptes-de-desenvolupament-tecnologic-contra-el-cancer-de-mama\/"]}]},{"@type":"ImageObject","inLanguage":"es","@id":"https:\/\/ticsalutsocial.atoom.space\/es\/noticia\/els-vic-i-days-2025-plantegen-reptes-de-desenvolupament-tecnologic-contra-el-cancer-de-mama\/#primaryimage","url":"https:\/\/ticsalutsocial.atoom.space\/wp-content\/uploads\/2025\/09\/LINKEDIN_2025-2.png","contentUrl":"https:\/\/ticsalutsocial.atoom.space\/wp-content\/uploads\/2025\/09\/LINKEDIN_2025-2.png","width":1920,"height":1080,"caption":"Vic iDays 2025"},{"@type":"BreadcrumbList","@id":"https:\/\/ticsalutsocial.atoom.space\/es\/noticia\/els-vic-i-days-2025-plantegen-reptes-de-desenvolupament-tecnologic-contra-el-cancer-de-mama\/#breadcrumb","itemListElement":[{"@type":"ListItem","position":1,"name":"Inici","item":"https:\/\/ticsalutsocial.atoom.space\/es\/"},{"@type":"ListItem","position":2,"name":"La competici\u00f3n de innovaci\u00f3n Vic i-Days 2025 plantear\u00e1 retos para mejorar el tratamiento y acompa\u00f1amiento de pacientes con c\u00e1ncer de mama"}]},{"@type":"WebSite","@id":"https:\/\/ticsalutsocial.atoom.space\/es\/#website","url":"https:\/\/ticsalutsocial.atoom.space\/es\/","name":"Fundaci\u00f3 TIC Salut i Social","description":"","potentialAction":[{"@type":"SearchAction","target":{"@type":"EntryPoint","urlTemplate":"https:\/\/ticsalutsocial.atoom.space\/es\/?s={search_term_string}"},"query-input":{"@type":"PropertyValueSpecification","valueRequired":true,"valueName":"search_term_string"}}],"inLanguage":"es"}]}},"_links":{"self":[{"href":"https:\/\/ticsalutsocial.atoom.space\/es\/wp-json\/wp\/v2\/noticia\/33403","targetHints":{"allow":["GET"]}}],"collection":[{"href":"https:\/\/ticsalutsocial.atoom.space\/es\/wp-json\/wp\/v2\/noticia"}],"about":[{"href":"https:\/\/ticsalutsocial.atoom.space\/es\/wp-json\/wp\/v2\/types\/noticia"}],"author":[{"embeddable":true,"href":"https:\/\/ticsalutsocial.atoom.space\/es\/wp-json\/wp\/v2\/users\/3"}],"wp:featuredmedia":[{"embeddable":true,"href":"https:\/\/ticsalutsocial.atoom.space\/es\/wp-json\/wp\/v2\/media\/33500"}],"wp:attachment":[{"href":"https:\/\/ticsalutsocial.atoom.space\/es\/wp-json\/wp\/v2\/media?parent=33403"}],"wp:term":[{"taxonomy":"etiqueta","embeddable":true,"href":"https:\/\/ticsalutsocial.atoom.space\/es\/wp-json\/wp\/v2\/etiqueta?post=33403"},{"taxonomy":"tipus","embeddable":true,"href":"https:\/\/ticsalutsocial.atoom.space\/es\/wp-json\/wp\/v2\/tipus?post=33403"},{"taxonomy":"topic","embeddable":true,"href":"https:\/\/ticsalutsocial.atoom.space\/es\/wp-json\/wp\/v2\/topic?post=33403"}],"curies":[{"name":"wp","href":"https:\/\/api.w.org\/{rel}","templated":true}]}}