
{"id":3341,"date":"2018-03-10T11:01:11","date_gmt":"2018-03-10T09:01:11","guid":{"rendered":"https:\/\/ticsalutsocial.atoom.space\/?post_type=noticia&#038;p=3341"},"modified":"2021-07-21T15:35:56","modified_gmt":"2021-07-21T13:35:56","slug":"el-enfermero-marc-fortes-de-infermera-virtual-analiza-el-estado-actual-del-sector-y-la-evolucion-de-las-apps-de-salud","status":"publish","type":"noticia","link":"https:\/\/ticsalutsocial.atoom.space\/es\/noticia\/el-enfermero-marc-fortes-de-infermera-virtual-analiza-el-estado-actual-del-sector-y-la-evolucion-de-las-apps-de-salud\/","title":{"rendered":"El enfermero Marc Fortes, de Infermera virtual, analiza el estado actual del sector y la evoluci\u00f3n de las apps de salud"},"content":{"rendered":"<p>En la edici\u00f3n de febrero del Flash TICSS inform\u00e1bamos que <a href=\"http:\/\/www.ticsalut.cat\/actualitat\/flashticsalut\/article\/569\/infermera-virtual-la-primera-app-que-supera-amb-exit-el-proces-dacreditacio-del-portal-appsalut\" data-cke-saved-href=\"http:\/\/www.ticsalut.cat\/actualitat\/flashticsalut\/article\/569\/infermera-virtual-la-primera-app-que-supera-amb-exit-el-proces-dacreditacio-del-portal-appsalut\">Infermera virtual era la primera app que superaba con \u00e9xito el proceso de acreditaci\u00f3n del Portal AppSalut<\/a>. En este n\u00famero hemos querido entrevistar a Marc Fortes, director de Infermera virtual, la plataforma de promoci\u00f3n y educaci\u00f3n para la salud del Col\u00b7legi Oficial d&#8217;Infermeres i Infermers de Barcelona (COIB). Enfermero y M\u00e1ster en Educaci\u00f3n para la salud, est\u00e1 al frente de este proyecto para la salud desde hace tres a\u00f1os. Fortes es parte activa en el asesoramiento del proceso de acreditaci\u00f3n del Portal AppSalut que se impulsa desde la Fundaci\u00f3n.<\/p>\n<ul>\n<li>\n<ul>\n<li><strong>Cu\u00e1l es el uso actual de las tecnolog\u00edas de movilidad en el sector salud en general?<\/strong><\/li>\n<\/ul>\n<p>En el sector de la Salud como en el resto de sectores existe un uso transversal de las\u00a0Apps\u00a0que corresponde a una extensi\u00f3n de las que ya utilizamos en nuestro d\u00eda a d\u00eda. En este sentido el comportamiento como usuarios y como profesionales no es tan diferente y estamos sujetos a los desarrollos que se est\u00e1n produciendo en nuestro \u00e1mbito. S\u00f3lo hay que observar que en el\u00a0Mobile\u00a0Word\u00a0Congress\u00a0que acabamos de vivir, las aplicaciones de salud han sido muy protagonistas y de las empresas catalanas expositoras un 18% eran del \u00e1mbito de la salud.<\/p>\n<p>Es la tormenta perfecto puesto que tenemos el inter\u00e9s de los usuarios, la capacidad innovadora,\u00a0el bienestar y la salud como una realidad irrenunciable para la sociedad. Hace falta, adem\u00e1s tener una visi\u00f3n bastante amplia del que aporta el uso de algunas\u00a0apps\u00a0al \u00e1mbito de la salud a pesar de que, aparentemente, no lo parezca. Es decir, hacer uso de una\u00a0app\u00a0de compra online cuando tienes dificultades para desplazarte, este uso te aporta autonom\u00eda. Esto tambi\u00e9n es salud.<\/p>\n<p>Se trata\u00a0de un sector todav\u00eda con temas importantes por resolver, como la protecci\u00f3n de datos y las regulaciones que en ocasiones frenan el uso de las\u00a0Apps\u00a0por parte del ciudadano\u00a0y la prescripci\u00f3n por parte de los profesionales de la salud.<\/p>\n<ul>\n<li><strong>Y sobre el punto de vista de\u00a0enfermer\u00eda?<\/strong><\/li>\n<\/ul>\n<p>En el caso de las enfermeras y enfermeros no nos diferenciamos mucho del uso que otros profesionales de la salud puedan estar haciendo de las diferentes herramientas TIC de las que disponemos para contactar, compartir informaci\u00f3n o dudas o, incluso, gestionar turnos de trabajo. Las posibilidades son muchas y tenemos un importante n\u00famero de profesionales en nuestra disciplina dispuestos a crear, probar y prescribir\u00a0apps\u00a0en este sentido.<\/p>\n<ul>\n<li><strong>Qu\u00e9 ventajas cre\u00e9is que tiene disponer de aplicaciones acreditadas por el sistema sanitario catal\u00e1n? Y por los ciudadanos y profesionales?<\/strong><\/li>\n<\/ul>\n<p>En primer lugar la confianza. A todos los niveles disponer de un sistema de acreditaci\u00f3n permite cierta tranquilidad tanto a los usuarios como a los\u00a0prescriptores\u00a0de\u00a0Apps\u00a0de Salud. El\u00a0cumplir una serie de requerimientos de forma obligatoria para obtener una certificaci\u00f3n, hace que todas las partes, usuarios y profesionales, cuenten con un terreno de juego m\u00e1s seguro.<\/p>\n<p>En segundo lugar nos permite disponer de un cat\u00e1logo de\u00a0Apps\u00a0certificadas donde poder acceder para elegir las que m\u00e1s nos convengan.<\/p>\n<p>Finalmente el Sistema Sanitario Catal\u00e1n se posiciona con ventaja respeto otros sistemas de salud. Adem\u00e1s de la ventaja que supone la confianza se tiene que a\u00f1adir la posibilidad de que algunas de las\u00a0Apps\u00a0acreditadas aporten datos de salud directamente a la Historia Cl\u00ednica de las personas. Este hecho permitir\u00e1 que los profesionales de referencia del ciudadano puedan consultar y validar estos datos que sin duda a\u00f1adir\u00e1n valor al conjunto.<\/p>\n<p>Uno de los valores a\u00f1adidos del portal\u00a0AppSalut\u00a0es que los profesionales puedan recomendar o prescribir estas aplicaciones a sus pacientes. Por lo tanto, en este sentido, los profesionales son un punto clave para que esto pueda resultar en \u00e9xito.<\/p>\n<ul>\n<li><strong>Cu\u00e1l cre\u00e9is que ser\u00e1 el grado de aceptaci\u00f3n por parte de los profesionales sobre la recomendaci\u00f3n de aplicaciones a las personas que atienen?\u00a0<\/strong><\/li>\n<\/ul>\n<p>Los profesionales de la salud ser\u00e1n un punto clave en el \u00e9xito del proyecto. Pensamos que la aceptaci\u00f3n de los profesionales pasar\u00e1 por que consideren de utilidad las\u00a0Apps\u00a0que se hayan acreditado. C\u00f3mo en la mayor parte del ecosistemas creados alrededor de la tecnolog\u00eda m\u00f3vil, los servicios que se ofrecen y su utilidad suelen ser la clave, y no tanto la propia tecnolog\u00eda. Para poner un ejemplo gr\u00e1fico, no creo que nadie comprara un\u00a0Smartphone\u00a0si no dispones de unas aplicaciones y unos servicios que\u00a0resulten de utilidad.<\/p>\n<ul>\n<li><strong>Qu\u00e9 barreras cre\u00e9is que puede haber? Y en el caso de que est\u00e9n c\u00f3mo se podr\u00edan superar?<\/strong><\/li>\n<\/ul>\n<p>En en cuanto a la barreras que pueden haber, es una cuesti\u00f3n probablemente ligada a la capacidad que tengan los profesionales de incorporar las TIC en el abanico de herramientas que pueden ofrecer y prescribir en su d\u00eda a d\u00eda a las personas que atienen. Estas barreras, se pueden acabar transformando en rendijas, entre los profesionales que utilicen estas herramientas y los que no las utilicen. Para minimizarlas pienso que hay dos aspectos claves: la formaci\u00f3n y el compromiso por parte de las direcciones para incentivar y facilitar el uso.<\/p>\n<ul>\n<li><strong>C\u00f3mo ha sido vuestra experiencia en la acreditaci\u00f3n de aplicaciones? Os parece\u00a0complejo \/ f\u00e1cil?<\/strong><\/li>\n<\/ul>\n<p>Mi experiencia ligada a la parte de contenidos del proceso de acreditaci\u00f3n ha sido sobre todo enriquecedora. A pesar de que hemos objetivado el proceso al m\u00e1ximo posible, acabas conectando con los desarrolladores, generando finalmente un proceso de mejora continuada y no tanto un control que se aprueba o se suspende. A\u00fan as\u00ed es un proceso laborioso, que te obliga a bucear por todos los rincones de la Aplicaci\u00f3n, para encontrar aquellos aspectos de forma pero tambi\u00e9n de fondo que garanticen que el contenido que all\u00e1 se muestra sea adecuado.<\/p>\n<ul>\n<li><strong>\u00daltimamente Infermera Virtual es noticia. Primera aplicaci\u00f3n que supera el proceso de acreditaci\u00f3n del Portal\u00a0AppSalut\u00a0y, adem\u00e1s, hab\u00e9is estrenado recientemente nueva imagen. Expl\u00edcanos en qu\u00e9 punto se encuentra el proyecto y qu\u00e9 retos visualiz\u00e1is en un futuro.<\/strong><\/li>\n<\/ul>\n<p>La acreditaci\u00f3n de la Aplicaci\u00f3n de Infermera virtual ha sido un proceso largo, pero en ning\u00fan caso dif\u00edcil. Justo es decir que la acreditaci\u00f3n que hemos realizado ha sido\u00a0sin la integraci\u00f3n de datos puesto que el\u00a0App\u00a0de Infermera Virtual no lo requer\u00eda. El equipo de TIC Salut Social nos ha ayudado durante todo el proceso y mediante los comentarios de los\u00a0acreditadores\u00a0ha sido sencillo hacer las modificaciones necesarias para acabar el proceso de forma satisfactoria.<\/p>\n<p>El equipo de Infermera Virtual, yo mismo,\u00a0Montserrat Sebasti\u00e0 y Salom\u00e9\u00a0Ci\u00f3rraga, estamos muy satisfechos del trabajo que hemos llevado a cabo estos\u00a0dos \u00faltimos a\u00f1os. Nos hemos propuesto una serie de objetivos y, poco a poco, los vamos logrando y consolidando. Pretendemos seguir contando con la confianza tanto de usuarios como de profesionales de la salud. Estamos entre las 20 mejores\u00a0apps\u00a0de salud seg\u00fan el ranking de la Fundaci\u00f3n\u00a0iSYS, publicado recientemente.<\/p>\n<p>Dentro del concepto general de facilitar el acceso a ciudadanos y profesionales de la salud, el contenido es una de nuestras obsesiones. En este sentido la nueva propuesta de dise\u00f1o de la plataforma, es un paso m\u00e1s en este prop\u00f3sito y pone el foco en un acceso al contenido m\u00e1s guiado a trav\u00e9s del buscador y en un futuro inmediato a trav\u00e9s de chatbots, unos asistentes virtuales que te gu\u00edan tu proceso de busca de Informaci\u00f3n.<\/p>\n<p>Enfermera virtual, tiene la mirada fijada en\u00a02019. En mayo del pr\u00f3ximo a\u00f1o apenas har\u00e1 10 a\u00f1os de la puesta en l\u00ednea de los primeros contenidos de Infermera Virtual y estamos preparando una gran fiesta de la salud donde acercaremos la salud digital a las personas.<\/li>\n<\/ul>\n","protected":false},"author":21,"featured_media":1094,"menu_order":0,"template":"","meta":{"_acf_changed":false,"inline_featured_image":false},"etiqueta":[],"tipus":[654],"topic":[125],"class_list":["post-3341","noticia","type-noticia","status-publish","has-post-thumbnail","hentry","tipus-activos-digitales","topic-hub-es"],"acf":{"imatge":1096,"autor":"Adri\u00e0 G.Font","textos_destacats":[{"texte":" El Sistema Sanitario Catal\u00e1n se posiciona con ventaja respeto otros sistemas de salud con la posibilidad de que algunas de las Apps acreditadas aporten datos de salud directamente a la Historia Cl\u00ednica Compartida"}]},"yoast_head":"<!-- This site is optimized with the Yoast SEO plugin v27.1.1 - https:\/\/yoast.com\/product\/yoast-seo-wordpress\/ -->\n<title>El enfermero Marc Fortes, de Infermera virtual, analiza el estado actual del sector y la evoluci\u00f3n de las apps de salud - Fundaci\u00f3 TIC Salut i Social<\/title>\n<meta name=\"robots\" content=\"index, follow, max-snippet:-1, max-image-preview:large, max-video-preview:-1\" \/>\n<link rel=\"canonical\" href=\"https:\/\/ticsalutsocial.atoom.space\/es\/noticia\/el-enfermero-marc-fortes-de-infermera-virtual-analiza-el-estado-actual-del-sector-y-la-evolucion-de-las-apps-de-salud\/\" \/>\n<meta property=\"og:locale\" content=\"es_ES\" \/>\n<meta property=\"og:type\" content=\"article\" \/>\n<meta property=\"og:title\" content=\"El enfermero Marc Fortes, de Infermera virtual, analiza el estado actual del sector y la evoluci\u00f3n de las apps de salud - Fundaci\u00f3 TIC Salut i Social\" \/>\n<meta property=\"og:description\" content=\"En la edici\u00f3n de febrero del Flash TICSS inform\u00e1bamos que Infermera virtual era la primera app que superaba con \u00e9xito el proceso de acreditaci\u00f3n del Portal AppSalut. En este n\u00famero hemos querido entrevistar a Marc Fortes, director de Infermera virtual, la plataforma de promoci\u00f3n y educaci\u00f3n para la salud del Col\u00b7legi Oficial d&#8217;Infermeres i Infermers [&hellip;]\" \/>\n<meta property=\"og:url\" content=\"https:\/\/ticsalutsocial.atoom.space\/es\/noticia\/el-enfermero-marc-fortes-de-infermera-virtual-analiza-el-estado-actual-del-sector-y-la-evolucion-de-las-apps-de-salud\/\" \/>\n<meta property=\"og:site_name\" content=\"Fundaci\u00f3 TIC Salut i Social\" \/>\n<meta property=\"article:modified_time\" content=\"2021-07-21T13:35:56+00:00\" \/>\n<meta property=\"og:image\" content=\"https:\/\/ticsalutsocial.atoom.space\/wp-content\/uploads\/2018\/03\/marc_fortes.png\" \/>\n\t<meta property=\"og:image:width\" content=\"659\" \/>\n\t<meta property=\"og:image:height\" content=\"424\" \/>\n\t<meta property=\"og:image:type\" content=\"image\/png\" \/>\n<meta name=\"twitter:card\" content=\"summary_large_image\" \/>\n<meta name=\"twitter:label1\" content=\"Tiempo de lectura\" \/>\n\t<meta name=\"twitter:data1\" content=\"7 minutos\" \/>\n<script type=\"application\/ld+json\" class=\"yoast-schema-graph\">{\"@context\":\"https:\/\/schema.org\",\"@graph\":[{\"@type\":\"WebPage\",\"@id\":\"https:\/\/ticsalutsocial.atoom.space\/es\/noticia\/el-enfermero-marc-fortes-de-infermera-virtual-analiza-el-estado-actual-del-sector-y-la-evolucion-de-las-apps-de-salud\/\",\"url\":\"https:\/\/ticsalutsocial.atoom.space\/es\/noticia\/el-enfermero-marc-fortes-de-infermera-virtual-analiza-el-estado-actual-del-sector-y-la-evolucion-de-las-apps-de-salud\/\",\"name\":\"El enfermero Marc Fortes, de Infermera virtual, analiza el estado actual del sector y la evoluci\u00f3n de las apps de salud - Fundaci\u00f3 TIC Salut i Social\",\"isPartOf\":{\"@id\":\"https:\/\/ticsalutsocial.atoom.space\/es\/#website\"},\"primaryImageOfPage\":{\"@id\":\"https:\/\/ticsalutsocial.atoom.space\/es\/noticia\/el-enfermero-marc-fortes-de-infermera-virtual-analiza-el-estado-actual-del-sector-y-la-evolucion-de-las-apps-de-salud\/#primaryimage\"},\"image\":{\"@id\":\"https:\/\/ticsalutsocial.atoom.space\/es\/noticia\/el-enfermero-marc-fortes-de-infermera-virtual-analiza-el-estado-actual-del-sector-y-la-evolucion-de-las-apps-de-salud\/#primaryimage\"},\"thumbnailUrl\":\"https:\/\/ticsalutsocial.atoom.space\/wp-content\/uploads\/2018\/03\/marc_fortes.png\",\"datePublished\":\"2018-03-10T09:01:11+00:00\",\"dateModified\":\"2021-07-21T13:35:56+00:00\",\"breadcrumb\":{\"@id\":\"https:\/\/ticsalutsocial.atoom.space\/es\/noticia\/el-enfermero-marc-fortes-de-infermera-virtual-analiza-el-estado-actual-del-sector-y-la-evolucion-de-las-apps-de-salud\/#breadcrumb\"},\"inLanguage\":\"es\",\"potentialAction\":[{\"@type\":\"ReadAction\",\"target\":[\"https:\/\/ticsalutsocial.atoom.space\/es\/noticia\/el-enfermero-marc-fortes-de-infermera-virtual-analiza-el-estado-actual-del-sector-y-la-evolucion-de-las-apps-de-salud\/\"]}]},{\"@type\":\"ImageObject\",\"inLanguage\":\"es\",\"@id\":\"https:\/\/ticsalutsocial.atoom.space\/es\/noticia\/el-enfermero-marc-fortes-de-infermera-virtual-analiza-el-estado-actual-del-sector-y-la-evolucion-de-las-apps-de-salud\/#primaryimage\",\"url\":\"https:\/\/ticsalutsocial.atoom.space\/wp-content\/uploads\/2018\/03\/marc_fortes.png\",\"contentUrl\":\"https:\/\/ticsalutsocial.atoom.space\/wp-content\/uploads\/2018\/03\/marc_fortes.png\",\"width\":659,\"height\":424},{\"@type\":\"BreadcrumbList\",\"@id\":\"https:\/\/ticsalutsocial.atoom.space\/es\/noticia\/el-enfermero-marc-fortes-de-infermera-virtual-analiza-el-estado-actual-del-sector-y-la-evolucion-de-las-apps-de-salud\/#breadcrumb\",\"itemListElement\":[{\"@type\":\"ListItem\",\"position\":1,\"name\":\"Inici\",\"item\":\"https:\/\/ticsalutsocial.atoom.space\/es\/\"},{\"@type\":\"ListItem\",\"position\":2,\"name\":\"El enfermero Marc Fortes, de Infermera virtual, analiza el estado actual del sector y la evoluci\u00f3n de las apps de salud\"}]},{\"@type\":\"WebSite\",\"@id\":\"https:\/\/ticsalutsocial.atoom.space\/es\/#website\",\"url\":\"https:\/\/ticsalutsocial.atoom.space\/es\/\",\"name\":\"Fundaci\u00f3 TIC Salut i Social\",\"description\":\"\",\"potentialAction\":[{\"@type\":\"SearchAction\",\"target\":{\"@type\":\"EntryPoint\",\"urlTemplate\":\"https:\/\/ticsalutsocial.atoom.space\/es\/?s={search_term_string}\"},\"query-input\":{\"@type\":\"PropertyValueSpecification\",\"valueRequired\":true,\"valueName\":\"search_term_string\"}}],\"inLanguage\":\"es\"}]}<\/script>\n<!-- \/ Yoast SEO plugin. -->","yoast_head_json":{"title":"El enfermero Marc Fortes, de Infermera virtual, analiza el estado actual del sector y la evoluci\u00f3n de las apps de salud - Fundaci\u00f3 TIC Salut i Social","robots":{"index":"index","follow":"follow","max-snippet":"max-snippet:-1","max-image-preview":"max-image-preview:large","max-video-preview":"max-video-preview:-1"},"canonical":"https:\/\/ticsalutsocial.atoom.space\/es\/noticia\/el-enfermero-marc-fortes-de-infermera-virtual-analiza-el-estado-actual-del-sector-y-la-evolucion-de-las-apps-de-salud\/","og_locale":"es_ES","og_type":"article","og_title":"El enfermero Marc Fortes, de Infermera virtual, analiza el estado actual del sector y la evoluci\u00f3n de las apps de salud - Fundaci\u00f3 TIC Salut i Social","og_description":"En la edici\u00f3n de febrero del Flash TICSS inform\u00e1bamos que Infermera virtual era la primera app que superaba con \u00e9xito el proceso de acreditaci\u00f3n del Portal AppSalut. En este n\u00famero hemos querido entrevistar a Marc Fortes, director de Infermera virtual, la plataforma de promoci\u00f3n y educaci\u00f3n para la salud del Col\u00b7legi Oficial d&#8217;Infermeres i Infermers [&hellip;]","og_url":"https:\/\/ticsalutsocial.atoom.space\/es\/noticia\/el-enfermero-marc-fortes-de-infermera-virtual-analiza-el-estado-actual-del-sector-y-la-evolucion-de-las-apps-de-salud\/","og_site_name":"Fundaci\u00f3 TIC Salut i Social","article_modified_time":"2021-07-21T13:35:56+00:00","og_image":[{"width":659,"height":424,"url":"https:\/\/ticsalutsocial.atoom.space\/wp-content\/uploads\/2018\/03\/marc_fortes.png","type":"image\/png"}],"twitter_card":"summary_large_image","twitter_misc":{"Tiempo de lectura":"7 minutos"},"schema":{"@context":"https:\/\/schema.org","@graph":[{"@type":"WebPage","@id":"https:\/\/ticsalutsocial.atoom.space\/es\/noticia\/el-enfermero-marc-fortes-de-infermera-virtual-analiza-el-estado-actual-del-sector-y-la-evolucion-de-las-apps-de-salud\/","url":"https:\/\/ticsalutsocial.atoom.space\/es\/noticia\/el-enfermero-marc-fortes-de-infermera-virtual-analiza-el-estado-actual-del-sector-y-la-evolucion-de-las-apps-de-salud\/","name":"El enfermero Marc Fortes, de Infermera virtual, analiza el estado actual del sector y la evoluci\u00f3n de las apps de salud - Fundaci\u00f3 TIC Salut i Social","isPartOf":{"@id":"https:\/\/ticsalutsocial.atoom.space\/es\/#website"},"primaryImageOfPage":{"@id":"https:\/\/ticsalutsocial.atoom.space\/es\/noticia\/el-enfermero-marc-fortes-de-infermera-virtual-analiza-el-estado-actual-del-sector-y-la-evolucion-de-las-apps-de-salud\/#primaryimage"},"image":{"@id":"https:\/\/ticsalutsocial.atoom.space\/es\/noticia\/el-enfermero-marc-fortes-de-infermera-virtual-analiza-el-estado-actual-del-sector-y-la-evolucion-de-las-apps-de-salud\/#primaryimage"},"thumbnailUrl":"https:\/\/ticsalutsocial.atoom.space\/wp-content\/uploads\/2018\/03\/marc_fortes.png","datePublished":"2018-03-10T09:01:11+00:00","dateModified":"2021-07-21T13:35:56+00:00","breadcrumb":{"@id":"https:\/\/ticsalutsocial.atoom.space\/es\/noticia\/el-enfermero-marc-fortes-de-infermera-virtual-analiza-el-estado-actual-del-sector-y-la-evolucion-de-las-apps-de-salud\/#breadcrumb"},"inLanguage":"es","potentialAction":[{"@type":"ReadAction","target":["https:\/\/ticsalutsocial.atoom.space\/es\/noticia\/el-enfermero-marc-fortes-de-infermera-virtual-analiza-el-estado-actual-del-sector-y-la-evolucion-de-las-apps-de-salud\/"]}]},{"@type":"ImageObject","inLanguage":"es","@id":"https:\/\/ticsalutsocial.atoom.space\/es\/noticia\/el-enfermero-marc-fortes-de-infermera-virtual-analiza-el-estado-actual-del-sector-y-la-evolucion-de-las-apps-de-salud\/#primaryimage","url":"https:\/\/ticsalutsocial.atoom.space\/wp-content\/uploads\/2018\/03\/marc_fortes.png","contentUrl":"https:\/\/ticsalutsocial.atoom.space\/wp-content\/uploads\/2018\/03\/marc_fortes.png","width":659,"height":424},{"@type":"BreadcrumbList","@id":"https:\/\/ticsalutsocial.atoom.space\/es\/noticia\/el-enfermero-marc-fortes-de-infermera-virtual-analiza-el-estado-actual-del-sector-y-la-evolucion-de-las-apps-de-salud\/#breadcrumb","itemListElement":[{"@type":"ListItem","position":1,"name":"Inici","item":"https:\/\/ticsalutsocial.atoom.space\/es\/"},{"@type":"ListItem","position":2,"name":"El enfermero Marc Fortes, de Infermera virtual, analiza el estado actual del sector y la evoluci\u00f3n de las apps de salud"}]},{"@type":"WebSite","@id":"https:\/\/ticsalutsocial.atoom.space\/es\/#website","url":"https:\/\/ticsalutsocial.atoom.space\/es\/","name":"Fundaci\u00f3 TIC Salut i Social","description":"","potentialAction":[{"@type":"SearchAction","target":{"@type":"EntryPoint","urlTemplate":"https:\/\/ticsalutsocial.atoom.space\/es\/?s={search_term_string}"},"query-input":{"@type":"PropertyValueSpecification","valueRequired":true,"valueName":"search_term_string"}}],"inLanguage":"es"}]}},"_links":{"self":[{"href":"https:\/\/ticsalutsocial.atoom.space\/es\/wp-json\/wp\/v2\/noticia\/3341","targetHints":{"allow":["GET"]}}],"collection":[{"href":"https:\/\/ticsalutsocial.atoom.space\/es\/wp-json\/wp\/v2\/noticia"}],"about":[{"href":"https:\/\/ticsalutsocial.atoom.space\/es\/wp-json\/wp\/v2\/types\/noticia"}],"author":[{"embeddable":true,"href":"https:\/\/ticsalutsocial.atoom.space\/es\/wp-json\/wp\/v2\/users\/21"}],"wp:featuredmedia":[{"embeddable":true,"href":"https:\/\/ticsalutsocial.atoom.space\/es\/wp-json\/wp\/v2\/media\/1094"}],"wp:attachment":[{"href":"https:\/\/ticsalutsocial.atoom.space\/es\/wp-json\/wp\/v2\/media?parent=3341"}],"wp:term":[{"taxonomy":"etiqueta","embeddable":true,"href":"https:\/\/ticsalutsocial.atoom.space\/es\/wp-json\/wp\/v2\/etiqueta?post=3341"},{"taxonomy":"tipus","embeddable":true,"href":"https:\/\/ticsalutsocial.atoom.space\/es\/wp-json\/wp\/v2\/tipus?post=3341"},{"taxonomy":"topic","embeddable":true,"href":"https:\/\/ticsalutsocial.atoom.space\/es\/wp-json\/wp\/v2\/topic?post=3341"}],"curies":[{"name":"wp","href":"https:\/\/api.w.org\/{rel}","templated":true}]}}