
{"id":33465,"date":"2025-09-16T15:21:50","date_gmt":"2025-09-16T13:21:50","guid":{"rendered":"https:\/\/ticsalutsocial.atoom.space\/noticia\/althaia-ofereix-noves-formacions-dins-el-cicle-de-seminaris-dinnovacio-de-la-catedra-tic-salut-social\/"},"modified":"2025-09-16T15:51:47","modified_gmt":"2025-09-16T13:51:47","slug":"althaia-ofereix-noves-formacions-dins-el-cicle-de-seminaris-dinnovacio-de-la-catedra-tic-salut-social","status":"publish","type":"noticia","link":"https:\/\/ticsalutsocial.atoom.space\/es\/noticia\/althaia-ofereix-noves-formacions-dins-el-cicle-de-seminaris-dinnovacio-de-la-catedra-tic-salut-social\/","title":{"rendered":"Althaia ofrece nuevas formaciones dentro del ciclo de seminarios de innovaci\u00f3n de la C\u00e1tedra TIC Salut Social"},"content":{"rendered":"<p data-start=\"97\" data-end=\"809\">Durante el \u00faltimo trimestre de 2025, <strong data-start=\"134\" data-end=\"145\">Althaia<\/strong> ofrece dos nuevas formaciones incluidas en la programaci\u00f3n de los seminarios de innovaci\u00f3n de la <strong data-start=\"243\" data-end=\"271\">C\u00e1tedra TIC Salud Social<\/strong>. Con el objetivo de ofrecer un espacio de formaci\u00f3n y debate orientado a impulsar la transformaci\u00f3n digital y la atenci\u00f3n integrada entre los profesionales del sector salud y social, este ciclo de seminarios tiene una regularidad mensual estructurada en una primera parte de conocimientos te\u00f3ricos y una segunda parte pr\u00e1ctica. Cada parte tiene una duraci\u00f3n de hora y media y dos horas respectivamente. De esta manera, los profesionales que participan obtienen una visi\u00f3n de 360 grados aplicable de forma directa en su entorno laboral.<\/p>\n<p data-start=\"811\" data-end=\"1357\">Los seminarios los impulsa la <strong data-start=\"841\" data-end=\"862\">Fundaci\u00f3n Althaia<\/strong> y se realizan en el <strong data-start=\"883\" data-end=\"923\">Hospital Sant Joan de D\u00e9u de Manresa<\/strong>, en el \u00e1rea de innovaci\u00f3n social y sanitaria, planta -4. Est\u00e1n organizados conjuntamente por la <strong data-start=\"1020\" data-end=\"1049\">Fundaci\u00f3 TIC Salut Social<\/strong> y la <strong data-start=\"1055\" data-end=\"1112\">Universitat de Vic \u2013 Universitat Central de Catalunya<\/strong>. La <strong data-start=\"1117\" data-end=\"1145\">C\u00e1tedra TIC Salud Social<\/strong> es la herramienta para vehicular la transferencia de conocimiento generado por el uso de la tecnolog\u00eda aplicada a la mejora de los servicios sociales y de salud, y trasladar los resultados a los profesionales.<\/p>\n<h2 data-start=\"1359\" data-end=\"1410\">Pr\u00f3ximos seminarios de innovaci\u00f3n tecnol\u00f3gica<\/h2>\n<p data-start=\"1412\" data-end=\"1603\">Para asistir gratuitamente a los seminarios es necesario inscribirse a trav\u00e9s del formulario. A continuaci\u00f3n se describen los detalles de las sesiones para los meses de octubre y noviembre.<\/p>\n<h2 data-start=\"1605\" data-end=\"1925\"><em><strong data-start=\"1605\" data-end=\"1670\">Design thinking: innovaci\u00f3n y emprendimiento en salud digital<\/strong><\/em><\/h2>\n<p data-start=\"1605\" data-end=\"1925\">El 30 de octubre a partir de las 9:00, a cargo de <strong data-start=\"1723\" data-end=\"1740\">Daniel Moreno<\/strong>, jefe de innovaci\u00f3n en el Hospital Universitario Germans Trias i Pujol. Veremos c\u00f3mo se promueve el emprendimiento desde los hospitales a trav\u00e9s de ideas estructuradas en innovaci\u00f3n.<\/p>\n<p><img loading=\"lazy\" decoding=\"async\" class=\"alignleft wp-image-33458 size-full\" src=\"https:\/\/ticsalutsocial.atoom.space\/wp-content\/uploads\/2025\/09\/Dani-Moreno-octubre-LK.png\" alt=\"\" width=\"1600\" height=\"900\" srcset=\"https:\/\/ticsalutsocial.atoom.space\/wp-content\/uploads\/2025\/09\/Dani-Moreno-octubre-LK.png 1600w, https:\/\/ticsalutsocial.atoom.space\/wp-content\/uploads\/2025\/09\/Dani-Moreno-octubre-LK-300x169.png 300w, https:\/\/ticsalutsocial.atoom.space\/wp-content\/uploads\/2025\/09\/Dani-Moreno-octubre-LK-1024x576.png 1024w, https:\/\/ticsalutsocial.atoom.space\/wp-content\/uploads\/2025\/09\/Dani-Moreno-octubre-LK-768x432.png 768w, https:\/\/ticsalutsocial.atoom.space\/wp-content\/uploads\/2025\/09\/Dani-Moreno-octubre-LK-1536x864.png 1536w\" sizes=\"auto, (max-width: 1600px) 100vw, 1600px\" \/><\/p>\n<p>&nbsp;<\/p>\n<h3 data-start=\"69\" data-end=\"125\"><em><strong data-start=\"69\" data-end=\"123\">Profesionales de los cuidados y nuevas tecnolog\u00edas<\/strong><\/em><\/h3>\n<p data-start=\"127\" data-end=\"488\">El 18 de noviembre a partir de las 9:30 podremos reflexionar con <strong data-start=\"192\" data-end=\"207\">Marc Fortes<\/strong>, enfermero y director de la Escuela de Salud del Hospital Sant Joan de D\u00e9u de Barcelona, sobre el papel de la tecnolog\u00eda desde la mirada de los profesionales de los cuidados. Una propuesta para mejorar la atenci\u00f3n a partir del uso de herramientas que fomenten la automatizaci\u00f3n.<\/p>\n<p><img loading=\"lazy\" decoding=\"async\" class=\"alignleft wp-image-33455 size-full\" src=\"https:\/\/ticsalutsocial.atoom.space\/wp-content\/uploads\/2025\/09\/Marc-Fortes-novembre-LK.png\" alt=\"\" width=\"1600\" height=\"900\" srcset=\"https:\/\/ticsalutsocial.atoom.space\/wp-content\/uploads\/2025\/09\/Marc-Fortes-novembre-LK.png 1600w, https:\/\/ticsalutsocial.atoom.space\/wp-content\/uploads\/2025\/09\/Marc-Fortes-novembre-LK-300x169.png 300w, https:\/\/ticsalutsocial.atoom.space\/wp-content\/uploads\/2025\/09\/Marc-Fortes-novembre-LK-1024x576.png 1024w, https:\/\/ticsalutsocial.atoom.space\/wp-content\/uploads\/2025\/09\/Marc-Fortes-novembre-LK-768x432.png 768w, https:\/\/ticsalutsocial.atoom.space\/wp-content\/uploads\/2025\/09\/Marc-Fortes-novembre-LK-1536x864.png 1536w\" sizes=\"auto, (max-width: 1600px) 100vw, 1600px\" \/><\/p>\n<h2><strong>Inscripciones<\/strong><\/h2>\n<p>Si eres profesional de los servicios sociales o de la salud y te interesa ampliar conocimientos para integrar tecnolog\u00edas innovadoras en tu pr\u00e1ctica diaria, reg\u00edstrate ahora y reserva tu plaza: <a href=\"https:\/\/www.althaia.cat\/formacio\/inscripcions\/inscripcionsobertes.aspx\" target=\"_blank\" rel=\"noopener\">INSCRIPCIONES<\/a><\/p>\n","protected":false},"author":3,"featured_media":33470,"menu_order":0,"template":"","meta":{"_acf_changed":false,"inline_featured_image":false},"etiqueta":[],"tipus":[],"topic":[119,123],"class_list":["post-33465","noticia","type-noticia","status-publish","has-post-thumbnail","hentry","topic-innovacion","topic-actualidad"],"acf":{"finalitzat":false,"tipus_plantilla":"objectius","frase_intro":"<p>&nbsp;<\/p>\n<p>&nbsp;<\/p>\n","template_objectius":{"cont_principal":"","imatge":false,"cont_seguent":{"titol":"","contingut":""},"seccio_llistat":{"titol":"","llistat":false},"objectius":{"titol":"","objectius":false},"documents":false},"autor":"","imatge":false,"textos_destacats":[{"texte":"Para asistir a los seminarios de manera gratuita es necesario inscribirse a trav\u00e9s del formulario"}],"documents":false},"yoast_head":"<!-- This site is optimized with the Yoast SEO plugin v27.1.1 - https:\/\/yoast.com\/product\/yoast-seo-wordpress\/ -->\n<title>Althaia ofrece nuevas formaciones dentro del ciclo de seminarios de innovaci\u00f3n de la C\u00e1tedra TIC Salut Social - Fundaci\u00f3 TIC Salut i Social<\/title>\n<meta name=\"robots\" content=\"index, follow, max-snippet:-1, max-image-preview:large, max-video-preview:-1\" \/>\n<link rel=\"canonical\" href=\"https:\/\/ticsalutsocial.atoom.space\/es\/noticia\/althaia-ofereix-noves-formacions-dins-el-cicle-de-seminaris-dinnovacio-de-la-catedra-tic-salut-social\/\" \/>\n<meta property=\"og:locale\" content=\"es_ES\" \/>\n<meta property=\"og:type\" content=\"article\" \/>\n<meta property=\"og:title\" content=\"Althaia ofrece nuevas formaciones dentro del ciclo de seminarios de innovaci\u00f3n de la C\u00e1tedra TIC Salut Social - Fundaci\u00f3 TIC Salut i Social\" \/>\n<meta property=\"og:description\" content=\"Durante el \u00faltimo trimestre de 2025, Althaia ofrece dos nuevas formaciones incluidas en la programaci\u00f3n de los seminarios de innovaci\u00f3n de la C\u00e1tedra TIC Salud Social. Con el objetivo de ofrecer un espacio de formaci\u00f3n y debate orientado a impulsar la transformaci\u00f3n digital y la atenci\u00f3n integrada entre los profesionales del sector salud y social, [&hellip;]\" \/>\n<meta property=\"og:url\" content=\"https:\/\/ticsalutsocial.atoom.space\/es\/noticia\/althaia-ofereix-noves-formacions-dins-el-cicle-de-seminaris-dinnovacio-de-la-catedra-tic-salut-social\/\" \/>\n<meta property=\"og:site_name\" content=\"Fundaci\u00f3 TIC Salut i Social\" \/>\n<meta property=\"article:modified_time\" content=\"2025-09-16T13:51:47+00:00\" \/>\n<meta property=\"og:image\" content=\"https:\/\/ticsalutsocial.atoom.space\/wp-content\/uploads\/2025\/09\/iStock-1287662343.jpg\" \/>\n\t<meta property=\"og:image:width\" content=\"1254\" \/>\n\t<meta property=\"og:image:height\" content=\"836\" \/>\n\t<meta property=\"og:image:type\" content=\"image\/jpeg\" \/>\n<meta name=\"twitter:card\" content=\"summary_large_image\" \/>\n<meta name=\"twitter:label1\" content=\"Tiempo de lectura\" \/>\n\t<meta name=\"twitter:data1\" content=\"3 minutos\" \/>\n<script type=\"application\/ld+json\" class=\"yoast-schema-graph\">{\"@context\":\"https:\/\/schema.org\",\"@graph\":[{\"@type\":\"WebPage\",\"@id\":\"https:\/\/ticsalutsocial.atoom.space\/es\/noticia\/althaia-ofereix-noves-formacions-dins-el-cicle-de-seminaris-dinnovacio-de-la-catedra-tic-salut-social\/\",\"url\":\"https:\/\/ticsalutsocial.atoom.space\/es\/noticia\/althaia-ofereix-noves-formacions-dins-el-cicle-de-seminaris-dinnovacio-de-la-catedra-tic-salut-social\/\",\"name\":\"Althaia ofrece nuevas formaciones dentro del ciclo de seminarios de innovaci\u00f3n de la C\u00e1tedra TIC Salut Social - Fundaci\u00f3 TIC Salut i Social\",\"isPartOf\":{\"@id\":\"https:\/\/ticsalutsocial.atoom.space\/es\/#website\"},\"primaryImageOfPage\":{\"@id\":\"https:\/\/ticsalutsocial.atoom.space\/es\/noticia\/althaia-ofereix-noves-formacions-dins-el-cicle-de-seminaris-dinnovacio-de-la-catedra-tic-salut-social\/#primaryimage\"},\"image\":{\"@id\":\"https:\/\/ticsalutsocial.atoom.space\/es\/noticia\/althaia-ofereix-noves-formacions-dins-el-cicle-de-seminaris-dinnovacio-de-la-catedra-tic-salut-social\/#primaryimage\"},\"thumbnailUrl\":\"https:\/\/ticsalutsocial.atoom.space\/wp-content\/uploads\/2025\/09\/iStock-1287662343.jpg\",\"datePublished\":\"2025-09-16T13:21:50+00:00\",\"dateModified\":\"2025-09-16T13:51:47+00:00\",\"breadcrumb\":{\"@id\":\"https:\/\/ticsalutsocial.atoom.space\/es\/noticia\/althaia-ofereix-noves-formacions-dins-el-cicle-de-seminaris-dinnovacio-de-la-catedra-tic-salut-social\/#breadcrumb\"},\"inLanguage\":\"es\",\"potentialAction\":[{\"@type\":\"ReadAction\",\"target\":[\"https:\/\/ticsalutsocial.atoom.space\/es\/noticia\/althaia-ofereix-noves-formacions-dins-el-cicle-de-seminaris-dinnovacio-de-la-catedra-tic-salut-social\/\"]}]},{\"@type\":\"ImageObject\",\"inLanguage\":\"es\",\"@id\":\"https:\/\/ticsalutsocial.atoom.space\/es\/noticia\/althaia-ofereix-noves-formacions-dins-el-cicle-de-seminaris-dinnovacio-de-la-catedra-tic-salut-social\/#primaryimage\",\"url\":\"https:\/\/ticsalutsocial.atoom.space\/wp-content\/uploads\/2025\/09\/iStock-1287662343.jpg\",\"contentUrl\":\"https:\/\/ticsalutsocial.atoom.space\/wp-content\/uploads\/2025\/09\/iStock-1287662343.jpg\",\"width\":1254,\"height\":836,\"caption\":\"Double exposure of people icons hologram and hands typing on laptop on background. Online insurance service concept\"},{\"@type\":\"BreadcrumbList\",\"@id\":\"https:\/\/ticsalutsocial.atoom.space\/es\/noticia\/althaia-ofereix-noves-formacions-dins-el-cicle-de-seminaris-dinnovacio-de-la-catedra-tic-salut-social\/#breadcrumb\",\"itemListElement\":[{\"@type\":\"ListItem\",\"position\":1,\"name\":\"Inici\",\"item\":\"https:\/\/ticsalutsocial.atoom.space\/es\/\"},{\"@type\":\"ListItem\",\"position\":2,\"name\":\"Althaia ofrece nuevas formaciones dentro del ciclo de seminarios de innovaci\u00f3n de la C\u00e1tedra TIC Salut Social\"}]},{\"@type\":\"WebSite\",\"@id\":\"https:\/\/ticsalutsocial.atoom.space\/es\/#website\",\"url\":\"https:\/\/ticsalutsocial.atoom.space\/es\/\",\"name\":\"Fundaci\u00f3 TIC Salut i Social\",\"description\":\"\",\"potentialAction\":[{\"@type\":\"SearchAction\",\"target\":{\"@type\":\"EntryPoint\",\"urlTemplate\":\"https:\/\/ticsalutsocial.atoom.space\/es\/?s={search_term_string}\"},\"query-input\":{\"@type\":\"PropertyValueSpecification\",\"valueRequired\":true,\"valueName\":\"search_term_string\"}}],\"inLanguage\":\"es\"}]}<\/script>\n<!-- \/ Yoast SEO plugin. -->","yoast_head_json":{"title":"Althaia ofrece nuevas formaciones dentro del ciclo de seminarios de innovaci\u00f3n de la C\u00e1tedra TIC Salut Social - Fundaci\u00f3 TIC Salut i Social","robots":{"index":"index","follow":"follow","max-snippet":"max-snippet:-1","max-image-preview":"max-image-preview:large","max-video-preview":"max-video-preview:-1"},"canonical":"https:\/\/ticsalutsocial.atoom.space\/es\/noticia\/althaia-ofereix-noves-formacions-dins-el-cicle-de-seminaris-dinnovacio-de-la-catedra-tic-salut-social\/","og_locale":"es_ES","og_type":"article","og_title":"Althaia ofrece nuevas formaciones dentro del ciclo de seminarios de innovaci\u00f3n de la C\u00e1tedra TIC Salut Social - Fundaci\u00f3 TIC Salut i Social","og_description":"Durante el \u00faltimo trimestre de 2025, Althaia ofrece dos nuevas formaciones incluidas en la programaci\u00f3n de los seminarios de innovaci\u00f3n de la C\u00e1tedra TIC Salud Social. Con el objetivo de ofrecer un espacio de formaci\u00f3n y debate orientado a impulsar la transformaci\u00f3n digital y la atenci\u00f3n integrada entre los profesionales del sector salud y social, [&hellip;]","og_url":"https:\/\/ticsalutsocial.atoom.space\/es\/noticia\/althaia-ofereix-noves-formacions-dins-el-cicle-de-seminaris-dinnovacio-de-la-catedra-tic-salut-social\/","og_site_name":"Fundaci\u00f3 TIC Salut i Social","article_modified_time":"2025-09-16T13:51:47+00:00","og_image":[{"width":1254,"height":836,"url":"https:\/\/ticsalutsocial.atoom.space\/wp-content\/uploads\/2025\/09\/iStock-1287662343.jpg","type":"image\/jpeg"}],"twitter_card":"summary_large_image","twitter_misc":{"Tiempo de lectura":"3 minutos"},"schema":{"@context":"https:\/\/schema.org","@graph":[{"@type":"WebPage","@id":"https:\/\/ticsalutsocial.atoom.space\/es\/noticia\/althaia-ofereix-noves-formacions-dins-el-cicle-de-seminaris-dinnovacio-de-la-catedra-tic-salut-social\/","url":"https:\/\/ticsalutsocial.atoom.space\/es\/noticia\/althaia-ofereix-noves-formacions-dins-el-cicle-de-seminaris-dinnovacio-de-la-catedra-tic-salut-social\/","name":"Althaia ofrece nuevas formaciones dentro del ciclo de seminarios de innovaci\u00f3n de la C\u00e1tedra TIC Salut Social - Fundaci\u00f3 TIC Salut i Social","isPartOf":{"@id":"https:\/\/ticsalutsocial.atoom.space\/es\/#website"},"primaryImageOfPage":{"@id":"https:\/\/ticsalutsocial.atoom.space\/es\/noticia\/althaia-ofereix-noves-formacions-dins-el-cicle-de-seminaris-dinnovacio-de-la-catedra-tic-salut-social\/#primaryimage"},"image":{"@id":"https:\/\/ticsalutsocial.atoom.space\/es\/noticia\/althaia-ofereix-noves-formacions-dins-el-cicle-de-seminaris-dinnovacio-de-la-catedra-tic-salut-social\/#primaryimage"},"thumbnailUrl":"https:\/\/ticsalutsocial.atoom.space\/wp-content\/uploads\/2025\/09\/iStock-1287662343.jpg","datePublished":"2025-09-16T13:21:50+00:00","dateModified":"2025-09-16T13:51:47+00:00","breadcrumb":{"@id":"https:\/\/ticsalutsocial.atoom.space\/es\/noticia\/althaia-ofereix-noves-formacions-dins-el-cicle-de-seminaris-dinnovacio-de-la-catedra-tic-salut-social\/#breadcrumb"},"inLanguage":"es","potentialAction":[{"@type":"ReadAction","target":["https:\/\/ticsalutsocial.atoom.space\/es\/noticia\/althaia-ofereix-noves-formacions-dins-el-cicle-de-seminaris-dinnovacio-de-la-catedra-tic-salut-social\/"]}]},{"@type":"ImageObject","inLanguage":"es","@id":"https:\/\/ticsalutsocial.atoom.space\/es\/noticia\/althaia-ofereix-noves-formacions-dins-el-cicle-de-seminaris-dinnovacio-de-la-catedra-tic-salut-social\/#primaryimage","url":"https:\/\/ticsalutsocial.atoom.space\/wp-content\/uploads\/2025\/09\/iStock-1287662343.jpg","contentUrl":"https:\/\/ticsalutsocial.atoom.space\/wp-content\/uploads\/2025\/09\/iStock-1287662343.jpg","width":1254,"height":836,"caption":"Double exposure of people icons hologram and hands typing on laptop on background. Online insurance service concept"},{"@type":"BreadcrumbList","@id":"https:\/\/ticsalutsocial.atoom.space\/es\/noticia\/althaia-ofereix-noves-formacions-dins-el-cicle-de-seminaris-dinnovacio-de-la-catedra-tic-salut-social\/#breadcrumb","itemListElement":[{"@type":"ListItem","position":1,"name":"Inici","item":"https:\/\/ticsalutsocial.atoom.space\/es\/"},{"@type":"ListItem","position":2,"name":"Althaia ofrece nuevas formaciones dentro del ciclo de seminarios de innovaci\u00f3n de la C\u00e1tedra TIC Salut Social"}]},{"@type":"WebSite","@id":"https:\/\/ticsalutsocial.atoom.space\/es\/#website","url":"https:\/\/ticsalutsocial.atoom.space\/es\/","name":"Fundaci\u00f3 TIC Salut i Social","description":"","potentialAction":[{"@type":"SearchAction","target":{"@type":"EntryPoint","urlTemplate":"https:\/\/ticsalutsocial.atoom.space\/es\/?s={search_term_string}"},"query-input":{"@type":"PropertyValueSpecification","valueRequired":true,"valueName":"search_term_string"}}],"inLanguage":"es"}]}},"_links":{"self":[{"href":"https:\/\/ticsalutsocial.atoom.space\/es\/wp-json\/wp\/v2\/noticia\/33465","targetHints":{"allow":["GET"]}}],"collection":[{"href":"https:\/\/ticsalutsocial.atoom.space\/es\/wp-json\/wp\/v2\/noticia"}],"about":[{"href":"https:\/\/ticsalutsocial.atoom.space\/es\/wp-json\/wp\/v2\/types\/noticia"}],"author":[{"embeddable":true,"href":"https:\/\/ticsalutsocial.atoom.space\/es\/wp-json\/wp\/v2\/users\/3"}],"wp:featuredmedia":[{"embeddable":true,"href":"https:\/\/ticsalutsocial.atoom.space\/es\/wp-json\/wp\/v2\/media\/33470"}],"wp:attachment":[{"href":"https:\/\/ticsalutsocial.atoom.space\/es\/wp-json\/wp\/v2\/media?parent=33465"}],"wp:term":[{"taxonomy":"etiqueta","embeddable":true,"href":"https:\/\/ticsalutsocial.atoom.space\/es\/wp-json\/wp\/v2\/etiqueta?post=33465"},{"taxonomy":"tipus","embeddable":true,"href":"https:\/\/ticsalutsocial.atoom.space\/es\/wp-json\/wp\/v2\/tipus?post=33465"},{"taxonomy":"topic","embeddable":true,"href":"https:\/\/ticsalutsocial.atoom.space\/es\/wp-json\/wp\/v2\/topic?post=33465"}],"curies":[{"name":"wp","href":"https:\/\/api.w.org\/{rel}","templated":true}]}}