
{"id":3349,"date":"2018-03-10T11:16:25","date_gmt":"2018-03-10T09:16:25","guid":{"rendered":"https:\/\/ticsalutsocial.atoom.space\/?post_type=noticia&#038;p=3349"},"modified":"2021-07-21T15:36:02","modified_gmt":"2021-07-21T13:36:02","slug":"la-buena-comunicacion-e-interoperabilidad-entre-los-diferentes-sistemas-asistenciales-evita-desplazamientos-innecesarios-y-una-mejor-satisfaccion-con-el-sistema","status":"publish","type":"noticia","link":"https:\/\/ticsalutsocial.atoom.space\/es\/noticia\/la-buena-comunicacion-e-interoperabilidad-entre-los-diferentes-sistemas-asistenciales-evita-desplazamientos-innecesarios-y-una-mejor-satisfaccion-con-el-sistema\/","title":{"rendered":"\u00abLa buena comunicaci\u00f3n e interoperabilidad entre los diferentes sistemas asistenciales evita desplazamientos innecesarios y una mejor satisfacci\u00f3n con el sistema\u00bb"},"content":{"rendered":"<p>Aprovechando la celebraci\u00f3n de la jornada de trabajo durante el pasado 15 de febrero, bajo el marco del Proyecto\u00a0ECAP-ERGO, un encargo del Departament\u00a0de Salut\u00a0a la Fundaci\u00f3 TIC Salut\u00a0Social para realizar el an\u00e1lisis y evaluaci\u00f3n del eCAP, identificando posibles \u00e1reas de mejora en cuanto a su\u00a0usabilidad\u00a0y aceptabilidad por parte de los profesionales del sector salud, quisimos entrevistar a uno de los profesionales invitados, el m\u00e9dico \u00d2scar\u00a0Pablos. M\u00e9dico de Familia del CAP Sant Quirze\u00a0de Vall\u00e8s y Secretario de Sector Primaria del Sindicato de M\u00e9dicos de Catalu\u00f1a.<\/p>\n<p>Durante la entrevista con \u00d2scar\u00a0Pablos conversamos sobre las caracter\u00edsticas de una jornada de trabajo como esta, pero tambi\u00e9n sobre el impacto de las nuevas tecnolog\u00edas en una poblaci\u00f3n cada vez m\u00e1s envejecida y como las herramientas digitales pueden mejorar la calidad de vida de estos pacientes, a corto y medio plazo.<\/p>\n<ul>\n<li><strong>Como m\u00e9dico de familia, \u00bfqu\u00e9 impacto observas que tienen las nuevas tecnolog\u00edas sobre tus pacientes de la consulta?<\/strong><\/li>\n<\/ul>\n<p>Cuando hablamos del impacto de la tecnolog\u00eda sobre el ciudadano, es primordial conocer el perfil de usuario o paciente a quien te diriges. Un perfil de paciente de m\u00e1s de 75 a\u00f1os, un perfil en aumento debido al envejecimiento de la poblaci\u00f3n, no s\u00e9 hasta qu\u00e9 punto le puede interesar recibir informaci\u00f3n v\u00eda mail o v\u00eda\u00a0whatsapp. Le\u00a0interesa que cuando\u00a0pida hora, est\u00e9 su m\u00e9dico y lo mire. En cambio, una persona joven, de menos de 35 a\u00f1os, puede no entender el porque es necesario que se desplace hasta la consulta para explicarle que el an\u00e1lisis que te ha pedido es correcto. Por lo tanto, tenemos que tener claros los perfiles y adaptarnos a las necesidades de cada cual para no generar ineficiencias.<\/p>\n<ul>\n<li><strong>\u00bfQu\u00e9 incidencia tiene el envejecimiento significativo de la poblaci\u00f3n en esta ecuaci\u00f3n?<\/strong><\/li>\n<\/ul>\n<p>Vivimos en un cambio demogr\u00e1fico, marcado por la cronicidad. La gente cada vez vive m\u00e1s a\u00f1os y estos a\u00f1os son vividos con un estado de salud mejor que en d\u00e9cadas anteriores, pero a la vez, este paciente grande, con diferentes enfermedades, y con diferentes medicaciones necesita, por norma general, del apoyo en mayor o menor grado del entorno familiar y\/o social . Este familiar, puede ser m\u00e1s joven y con \u00e9l puedo comunicarme v\u00eda telem\u00e1tica, no presencial. Y aqu\u00ed nos surge un problema. Tiene que haber una confidencialidad necesaria del paciente, con derecho a tomar sus propias decisiones, y al mismo tiempo, la agilidad de transmitir la informaci\u00f3n.<\/p>\n<ul>\n<li><strong>Lo mismo ocurre con los adolescentes&#8230;<\/strong><\/li>\n<\/ul>\n<p>Exacto. Catalu\u00f1a es pionera en la aplicaci\u00f3n de la ley conocida como \u201cel menor maduro\u201d. A partir de los 16, estos menores tienen una autonom\u00eda casi total para decidir qu\u00e9 informaci\u00f3n sobre su salud autorizan a que sea compartida por los profesionales. Por lo tanto, son un perfil id\u00f3neo de pacientes dispuestos a recibir informaci\u00f3n v\u00eda correo electr\u00f3nico, pero con la sensibilidad suficiente para no vulnerar sus derechos.<\/p>\n<ul>\n<li><strong>\u00bfC\u00f3mo puede ayudar la tecnolog\u00eda a mejorar la experiencia que tienen los pacientes en su relaci\u00f3n con el entorno sanitario?<\/strong><\/li>\n<\/ul>\n<p>Si recuperamos el perfil de edad de gente mayor, aqu\u00ed es b\u00e1sico la buena comunicaci\u00f3n e interoperabilidad entre los diferentes sistemas asistenciales. Tiene que existir una comunicaci\u00f3n directa , \u00e1gil y real entre el servicio de urgencias hospitalarias de referencia para el paciente, el centro de urgencias de atenci\u00f3n primaria y su Centro de Atenci\u00f3n Primaria (CAP). De este modo, si se comparte informaci\u00f3n en un entorno digital seguro, el profesional tiene acceso directo a toda la informaci\u00f3n recopilada del enfermo y, este, no necesita ir a los diferentes centros con su archivo\u00a0y la bolsa de medicamentos, como hac\u00eda hace 10-15 a\u00f1os. Cuanto menos desplazamientos innecesarios tenga que hacer, mejor satisfacci\u00f3n con el sistema.<\/p>\n<ul>\n<li><strong>Y esto se consigue&#8230;<\/strong><\/li>\n<\/ul>\n<p>Se necesitan recursos. No s\u00f3lo las herramientas digitales, que est\u00e1n, sino tambi\u00e9n recursos humanos. En los pr\u00f3ximos 10 a\u00f1os se jubila aproximadamente un 30% de colectivo de m\u00e9dicos. Por un tema generacional, los nuevos profesionales que se incorporen al sistema ser\u00e1n expertos en el uso de estas aplicaciones, hecho que se traducir\u00e1 con un uso m\u00e1s c\u00f3modo y eficiente de los servicios de salud. Pero si no les garantizamos el tiempo necesario y una carga de trabajo adecuada para explotar todo el potencial de las mismas, pueden acabar por\u00a0infrautilitzar-las.<\/p>\n<ul>\n<li><strong>Finalmente, \u00bfc\u00f3mo valoras un perfil de jornada como esta que se ha celebrado a la Fundaci\u00f3 TIC Salut Social?<\/strong><\/li>\n<\/ul>\n<p>La jornada me parece magn\u00edfica. El hecho que puedas exponer personalmente tu visi\u00f3n de trabajador \u201cde trinchera\u201d pero tambi\u00e9n la de otros compa\u00f1eros de los cuales hemos recogido sus opiniones para exponerlas, y hacerlo directamente con responsables inform\u00e1ticos, incrementa el sentimiento de participar con la empresa. Un hecho que se tiene que cuidar, pues a veces se toman decisiones sobre herramientas sin tener en cuenta al trabajador que las utilizar\u00e1. Soy consciente que no siempre es sencillo, y m\u00e1s en una empresa p\u00fablica de m\u00e1s de 30.000 trabajadores, por eso, jornadas como estas, en las cuales diferentes profesionales exponemos, con criterio constructivo, puntos de mejora, acabamos teniendo la sensaci\u00f3n de que la herramienta que utilizaremos nos la han adaptado al profesional que la acabar\u00e1 utilizando.<\/p>\n","protected":false},"author":21,"featured_media":1087,"menu_order":0,"template":"","meta":{"_acf_changed":false,"inline_featured_image":false},"etiqueta":[],"tipus":[84],"topic":[117],"class_list":["post-3349","noticia","type-noticia","status-publish","has-post-thumbnail","hentry","tipus-oficina-interoperabilidad","topic-jornadas"],"acf":{"imatge":1089,"autor":"Ariadna Rius","textos_destacats":[{"texte":"Entrevistamos a \u00d2scar Pablos, m\u00e9dico de Familia en el CAP Sant Quirze del Vall\u00e8s y Secretario de Sector Primaria del Sindicato de M\u00e9dicos de Catalu\u00f1a."}]},"yoast_head":"<!-- This site is optimized with the Yoast SEO plugin v27.1.1 - https:\/\/yoast.com\/product\/yoast-seo-wordpress\/ -->\n<title>&quot;La buena comunicaci\u00f3n e interoperabilidad entre los diferentes sistemas asistenciales evita desplazamientos innecesarios y una mejor satisfacci\u00f3n con el sistema&quot; - Fundaci\u00f3 TIC Salut i Social<\/title>\n<meta name=\"robots\" content=\"index, follow, max-snippet:-1, max-image-preview:large, max-video-preview:-1\" \/>\n<link rel=\"canonical\" href=\"https:\/\/ticsalutsocial.atoom.space\/es\/noticia\/la-buena-comunicacion-e-interoperabilidad-entre-los-diferentes-sistemas-asistenciales-evita-desplazamientos-innecesarios-y-una-mejor-satisfaccion-con-el-sistema\/\" \/>\n<meta property=\"og:locale\" content=\"es_ES\" \/>\n<meta property=\"og:type\" content=\"article\" \/>\n<meta property=\"og:title\" content=\"&quot;La buena comunicaci\u00f3n e interoperabilidad entre los diferentes sistemas asistenciales evita desplazamientos innecesarios y una mejor satisfacci\u00f3n con el sistema&quot; - Fundaci\u00f3 TIC Salut i Social\" \/>\n<meta property=\"og:description\" content=\"Aprovechando la celebraci\u00f3n de la jornada de trabajo durante el pasado 15 de febrero, bajo el marco del Proyecto\u00a0ECAP-ERGO, un encargo del Departament\u00a0de Salut\u00a0a la Fundaci\u00f3 TIC Salut\u00a0Social para realizar el an\u00e1lisis y evaluaci\u00f3n del eCAP, identificando posibles \u00e1reas de mejora en cuanto a su\u00a0usabilidad\u00a0y aceptabilidad por parte de los profesionales del sector salud, quisimos [&hellip;]\" \/>\n<meta property=\"og:url\" content=\"https:\/\/ticsalutsocial.atoom.space\/es\/noticia\/la-buena-comunicacion-e-interoperabilidad-entre-los-diferentes-sistemas-asistenciales-evita-desplazamientos-innecesarios-y-una-mejor-satisfaccion-con-el-sistema\/\" \/>\n<meta property=\"og:site_name\" content=\"Fundaci\u00f3 TIC Salut i Social\" \/>\n<meta property=\"article:modified_time\" content=\"2021-07-21T13:36:02+00:00\" \/>\n<meta property=\"og:image\" content=\"https:\/\/ticsalutsocial.atoom.space\/wp-content\/uploads\/2018\/03\/oscar_pablos.png\" \/>\n\t<meta property=\"og:image:width\" content=\"746\" \/>\n\t<meta property=\"og:image:height\" content=\"742\" \/>\n\t<meta property=\"og:image:type\" content=\"image\/png\" \/>\n<meta name=\"twitter:card\" content=\"summary_large_image\" \/>\n<meta name=\"twitter:label1\" content=\"Tiempo de lectura\" \/>\n\t<meta name=\"twitter:data1\" content=\"5 minutos\" \/>\n<script type=\"application\/ld+json\" class=\"yoast-schema-graph\">{\"@context\":\"https:\/\/schema.org\",\"@graph\":[{\"@type\":\"WebPage\",\"@id\":\"https:\/\/ticsalutsocial.atoom.space\/es\/noticia\/la-buena-comunicacion-e-interoperabilidad-entre-los-diferentes-sistemas-asistenciales-evita-desplazamientos-innecesarios-y-una-mejor-satisfaccion-con-el-sistema\/\",\"url\":\"https:\/\/ticsalutsocial.atoom.space\/es\/noticia\/la-buena-comunicacion-e-interoperabilidad-entre-los-diferentes-sistemas-asistenciales-evita-desplazamientos-innecesarios-y-una-mejor-satisfaccion-con-el-sistema\/\",\"name\":\"\\\"La buena comunicaci\u00f3n e interoperabilidad entre los diferentes sistemas asistenciales evita desplazamientos innecesarios y una mejor satisfacci\u00f3n con el sistema\\\" - Fundaci\u00f3 TIC Salut i Social\",\"isPartOf\":{\"@id\":\"https:\/\/ticsalutsocial.atoom.space\/es\/#website\"},\"primaryImageOfPage\":{\"@id\":\"https:\/\/ticsalutsocial.atoom.space\/es\/noticia\/la-buena-comunicacion-e-interoperabilidad-entre-los-diferentes-sistemas-asistenciales-evita-desplazamientos-innecesarios-y-una-mejor-satisfaccion-con-el-sistema\/#primaryimage\"},\"image\":{\"@id\":\"https:\/\/ticsalutsocial.atoom.space\/es\/noticia\/la-buena-comunicacion-e-interoperabilidad-entre-los-diferentes-sistemas-asistenciales-evita-desplazamientos-innecesarios-y-una-mejor-satisfaccion-con-el-sistema\/#primaryimage\"},\"thumbnailUrl\":\"https:\/\/ticsalutsocial.atoom.space\/wp-content\/uploads\/2018\/03\/oscar_pablos.png\",\"datePublished\":\"2018-03-10T09:16:25+00:00\",\"dateModified\":\"2021-07-21T13:36:02+00:00\",\"breadcrumb\":{\"@id\":\"https:\/\/ticsalutsocial.atoom.space\/es\/noticia\/la-buena-comunicacion-e-interoperabilidad-entre-los-diferentes-sistemas-asistenciales-evita-desplazamientos-innecesarios-y-una-mejor-satisfaccion-con-el-sistema\/#breadcrumb\"},\"inLanguage\":\"es\",\"potentialAction\":[{\"@type\":\"ReadAction\",\"target\":[\"https:\/\/ticsalutsocial.atoom.space\/es\/noticia\/la-buena-comunicacion-e-interoperabilidad-entre-los-diferentes-sistemas-asistenciales-evita-desplazamientos-innecesarios-y-una-mejor-satisfaccion-con-el-sistema\/\"]}]},{\"@type\":\"ImageObject\",\"inLanguage\":\"es\",\"@id\":\"https:\/\/ticsalutsocial.atoom.space\/es\/noticia\/la-buena-comunicacion-e-interoperabilidad-entre-los-diferentes-sistemas-asistenciales-evita-desplazamientos-innecesarios-y-una-mejor-satisfaccion-con-el-sistema\/#primaryimage\",\"url\":\"https:\/\/ticsalutsocial.atoom.space\/wp-content\/uploads\/2018\/03\/oscar_pablos.png\",\"contentUrl\":\"https:\/\/ticsalutsocial.atoom.space\/wp-content\/uploads\/2018\/03\/oscar_pablos.png\",\"width\":746,\"height\":742},{\"@type\":\"BreadcrumbList\",\"@id\":\"https:\/\/ticsalutsocial.atoom.space\/es\/noticia\/la-buena-comunicacion-e-interoperabilidad-entre-los-diferentes-sistemas-asistenciales-evita-desplazamientos-innecesarios-y-una-mejor-satisfaccion-con-el-sistema\/#breadcrumb\",\"itemListElement\":[{\"@type\":\"ListItem\",\"position\":1,\"name\":\"Inici\",\"item\":\"https:\/\/ticsalutsocial.atoom.space\/es\/\"},{\"@type\":\"ListItem\",\"position\":2,\"name\":\"&#8220;La buena comunicaci\u00f3n e interoperabilidad entre los diferentes sistemas asistenciales evita desplazamientos innecesarios y una mejor satisfacci\u00f3n con el sistema&#8221;\"}]},{\"@type\":\"WebSite\",\"@id\":\"https:\/\/ticsalutsocial.atoom.space\/es\/#website\",\"url\":\"https:\/\/ticsalutsocial.atoom.space\/es\/\",\"name\":\"Fundaci\u00f3 TIC Salut i Social\",\"description\":\"\",\"potentialAction\":[{\"@type\":\"SearchAction\",\"target\":{\"@type\":\"EntryPoint\",\"urlTemplate\":\"https:\/\/ticsalutsocial.atoom.space\/es\/?s={search_term_string}\"},\"query-input\":{\"@type\":\"PropertyValueSpecification\",\"valueRequired\":true,\"valueName\":\"search_term_string\"}}],\"inLanguage\":\"es\"}]}<\/script>\n<!-- \/ Yoast SEO plugin. -->","yoast_head_json":{"title":"\"La buena comunicaci\u00f3n e interoperabilidad entre los diferentes sistemas asistenciales evita desplazamientos innecesarios y una mejor satisfacci\u00f3n con el sistema\" - Fundaci\u00f3 TIC Salut i Social","robots":{"index":"index","follow":"follow","max-snippet":"max-snippet:-1","max-image-preview":"max-image-preview:large","max-video-preview":"max-video-preview:-1"},"canonical":"https:\/\/ticsalutsocial.atoom.space\/es\/noticia\/la-buena-comunicacion-e-interoperabilidad-entre-los-diferentes-sistemas-asistenciales-evita-desplazamientos-innecesarios-y-una-mejor-satisfaccion-con-el-sistema\/","og_locale":"es_ES","og_type":"article","og_title":"\"La buena comunicaci\u00f3n e interoperabilidad entre los diferentes sistemas asistenciales evita desplazamientos innecesarios y una mejor satisfacci\u00f3n con el sistema\" - Fundaci\u00f3 TIC Salut i Social","og_description":"Aprovechando la celebraci\u00f3n de la jornada de trabajo durante el pasado 15 de febrero, bajo el marco del Proyecto\u00a0ECAP-ERGO, un encargo del Departament\u00a0de Salut\u00a0a la Fundaci\u00f3 TIC Salut\u00a0Social para realizar el an\u00e1lisis y evaluaci\u00f3n del eCAP, identificando posibles \u00e1reas de mejora en cuanto a su\u00a0usabilidad\u00a0y aceptabilidad por parte de los profesionales del sector salud, quisimos [&hellip;]","og_url":"https:\/\/ticsalutsocial.atoom.space\/es\/noticia\/la-buena-comunicacion-e-interoperabilidad-entre-los-diferentes-sistemas-asistenciales-evita-desplazamientos-innecesarios-y-una-mejor-satisfaccion-con-el-sistema\/","og_site_name":"Fundaci\u00f3 TIC Salut i Social","article_modified_time":"2021-07-21T13:36:02+00:00","og_image":[{"width":746,"height":742,"url":"https:\/\/ticsalutsocial.atoom.space\/wp-content\/uploads\/2018\/03\/oscar_pablos.png","type":"image\/png"}],"twitter_card":"summary_large_image","twitter_misc":{"Tiempo de lectura":"5 minutos"},"schema":{"@context":"https:\/\/schema.org","@graph":[{"@type":"WebPage","@id":"https:\/\/ticsalutsocial.atoom.space\/es\/noticia\/la-buena-comunicacion-e-interoperabilidad-entre-los-diferentes-sistemas-asistenciales-evita-desplazamientos-innecesarios-y-una-mejor-satisfaccion-con-el-sistema\/","url":"https:\/\/ticsalutsocial.atoom.space\/es\/noticia\/la-buena-comunicacion-e-interoperabilidad-entre-los-diferentes-sistemas-asistenciales-evita-desplazamientos-innecesarios-y-una-mejor-satisfaccion-con-el-sistema\/","name":"\"La buena comunicaci\u00f3n e interoperabilidad entre los diferentes sistemas asistenciales evita desplazamientos innecesarios y una mejor satisfacci\u00f3n con el sistema\" - Fundaci\u00f3 TIC Salut i Social","isPartOf":{"@id":"https:\/\/ticsalutsocial.atoom.space\/es\/#website"},"primaryImageOfPage":{"@id":"https:\/\/ticsalutsocial.atoom.space\/es\/noticia\/la-buena-comunicacion-e-interoperabilidad-entre-los-diferentes-sistemas-asistenciales-evita-desplazamientos-innecesarios-y-una-mejor-satisfaccion-con-el-sistema\/#primaryimage"},"image":{"@id":"https:\/\/ticsalutsocial.atoom.space\/es\/noticia\/la-buena-comunicacion-e-interoperabilidad-entre-los-diferentes-sistemas-asistenciales-evita-desplazamientos-innecesarios-y-una-mejor-satisfaccion-con-el-sistema\/#primaryimage"},"thumbnailUrl":"https:\/\/ticsalutsocial.atoom.space\/wp-content\/uploads\/2018\/03\/oscar_pablos.png","datePublished":"2018-03-10T09:16:25+00:00","dateModified":"2021-07-21T13:36:02+00:00","breadcrumb":{"@id":"https:\/\/ticsalutsocial.atoom.space\/es\/noticia\/la-buena-comunicacion-e-interoperabilidad-entre-los-diferentes-sistemas-asistenciales-evita-desplazamientos-innecesarios-y-una-mejor-satisfaccion-con-el-sistema\/#breadcrumb"},"inLanguage":"es","potentialAction":[{"@type":"ReadAction","target":["https:\/\/ticsalutsocial.atoom.space\/es\/noticia\/la-buena-comunicacion-e-interoperabilidad-entre-los-diferentes-sistemas-asistenciales-evita-desplazamientos-innecesarios-y-una-mejor-satisfaccion-con-el-sistema\/"]}]},{"@type":"ImageObject","inLanguage":"es","@id":"https:\/\/ticsalutsocial.atoom.space\/es\/noticia\/la-buena-comunicacion-e-interoperabilidad-entre-los-diferentes-sistemas-asistenciales-evita-desplazamientos-innecesarios-y-una-mejor-satisfaccion-con-el-sistema\/#primaryimage","url":"https:\/\/ticsalutsocial.atoom.space\/wp-content\/uploads\/2018\/03\/oscar_pablos.png","contentUrl":"https:\/\/ticsalutsocial.atoom.space\/wp-content\/uploads\/2018\/03\/oscar_pablos.png","width":746,"height":742},{"@type":"BreadcrumbList","@id":"https:\/\/ticsalutsocial.atoom.space\/es\/noticia\/la-buena-comunicacion-e-interoperabilidad-entre-los-diferentes-sistemas-asistenciales-evita-desplazamientos-innecesarios-y-una-mejor-satisfaccion-con-el-sistema\/#breadcrumb","itemListElement":[{"@type":"ListItem","position":1,"name":"Inici","item":"https:\/\/ticsalutsocial.atoom.space\/es\/"},{"@type":"ListItem","position":2,"name":"&#8220;La buena comunicaci\u00f3n e interoperabilidad entre los diferentes sistemas asistenciales evita desplazamientos innecesarios y una mejor satisfacci\u00f3n con el sistema&#8221;"}]},{"@type":"WebSite","@id":"https:\/\/ticsalutsocial.atoom.space\/es\/#website","url":"https:\/\/ticsalutsocial.atoom.space\/es\/","name":"Fundaci\u00f3 TIC Salut i Social","description":"","potentialAction":[{"@type":"SearchAction","target":{"@type":"EntryPoint","urlTemplate":"https:\/\/ticsalutsocial.atoom.space\/es\/?s={search_term_string}"},"query-input":{"@type":"PropertyValueSpecification","valueRequired":true,"valueName":"search_term_string"}}],"inLanguage":"es"}]}},"_links":{"self":[{"href":"https:\/\/ticsalutsocial.atoom.space\/es\/wp-json\/wp\/v2\/noticia\/3349","targetHints":{"allow":["GET"]}}],"collection":[{"href":"https:\/\/ticsalutsocial.atoom.space\/es\/wp-json\/wp\/v2\/noticia"}],"about":[{"href":"https:\/\/ticsalutsocial.atoom.space\/es\/wp-json\/wp\/v2\/types\/noticia"}],"author":[{"embeddable":true,"href":"https:\/\/ticsalutsocial.atoom.space\/es\/wp-json\/wp\/v2\/users\/21"}],"wp:featuredmedia":[{"embeddable":true,"href":"https:\/\/ticsalutsocial.atoom.space\/es\/wp-json\/wp\/v2\/media\/1087"}],"wp:attachment":[{"href":"https:\/\/ticsalutsocial.atoom.space\/es\/wp-json\/wp\/v2\/media?parent=3349"}],"wp:term":[{"taxonomy":"etiqueta","embeddable":true,"href":"https:\/\/ticsalutsocial.atoom.space\/es\/wp-json\/wp\/v2\/etiqueta?post=3349"},{"taxonomy":"tipus","embeddable":true,"href":"https:\/\/ticsalutsocial.atoom.space\/es\/wp-json\/wp\/v2\/tipus?post=3349"},{"taxonomy":"topic","embeddable":true,"href":"https:\/\/ticsalutsocial.atoom.space\/es\/wp-json\/wp\/v2\/topic?post=3349"}],"curies":[{"name":"wp","href":"https:\/\/api.w.org\/{rel}","templated":true}]}}