
{"id":33689,"date":"2025-09-29T12:02:12","date_gmt":"2025-09-29T10:02:12","guid":{"rendered":"https:\/\/ticsalutsocial.atoom.space\/noticia\/exposa-la-teva-startup-al-4yfn-2026\/"},"modified":"2025-09-29T12:27:00","modified_gmt":"2025-09-29T10:27:00","slug":"exposa-la-teva-startup-al-4yfn-2026","status":"publish","type":"noticia","link":"https:\/\/ticsalutsocial.atoom.space\/es\/noticia\/exposa-la-teva-startup-al-4yfn-2026\/","title":{"rendered":"Exp\u00f3n tu startup en el 4YFN 2026"},"content":{"rendered":"\n<p>\u00bfTienes una startup tecnol\u00f3gica? \u00bfTe gustar\u00eda exponer tu empresa en el escenario m\u00e1s global? El congreso 4YFN 2026, en el marco del Mobile World Congress Barcelona, es el epicentro del ecosistema m\u00e1s innovador y la cita imprescindible para conectar tu empresa con inversores y emprendedores de todo el mundo.<\/p>\n\n\n\n<p>Si tu startup es del sector tecnol\u00f3gico o digital en \u00e1mbitos como la inteligencia artificial, las climate tech, la ciberseguridad, las fintech, el blockchain, la realidad virtual o el IoT, entre otros, ahora tienes la oportunidad de darla a conocer y ganar <strong>visibilidad internacional<\/strong> a trav\u00e9s de un espacio propio dentro del <strong>Pabell\u00f3n Catalonia<\/strong> del 4YFN.<\/p>\n\n\n\n<p>Adem\u00e1s, si tu startup trabaja en el \u00e1mbito de la salud digital tendr\u00e1 un protagonismo especial: podr\u00e1s exponer tus soluciones en el <strong>Catalonia Health Innovation Pavilion<\/strong>, un espacio exclusivo coordinado por <strong>ACCI\u00d3, Biocat y la Fundaci\u00f3 TIC Salut i Social<\/strong>.<\/p>\n\n\n\n<p>Aprovecha la oportunidad de crecer en el espacio m\u00e1s din\u00e1mico del Mobile World Congress. La convocatoria est\u00e1 abierta hasta el <strong>14 de octubre<\/strong>, \u00a1date prisa! <a href=\"https:\/\/formularis.accio.gencat.cat\/web\/formularis\/inscripcions\/-\/inscripcio\/2025\/09\/04\/AWyowx26_DA9nz_z85jUAA\/sollicitud-de-participacio-al-4yfn\/?lang=ca_ES&amp;portal=accio\" target=\"_blank\" rel=\"noreferrer noopener\">Rellena el formulario, describe tu startup y solicita tu booth en el 4YFN 2026.<\/a><\/p>\n\n\n\n<p>\u00bfQuieres saber m\u00e1s? <a href=\"https:\/\/www.accio.gencat.cat\/ca\/serveis\/banc-coneixement\/cercador\/BancConeixement\/ctg-cataleg-empreses-catalanes-pavello-catalonia-4yfn-2025\" target=\"_blank\" rel=\"noreferrer noopener\">Descubre las startups catalanas que participaron en el 4YFN en la edici\u00f3n 2025<\/a>.<\/p>\n\n\n\n<p><em>[Noticia publicada en ACCI\u00d3]<\/em><\/p>\n\n\n\n<p><\/p>\n","protected":false},"author":12,"featured_media":33684,"menu_order":0,"template":"","meta":{"_acf_changed":true,"inline_featured_image":false},"etiqueta":[],"tipus":[1170],"topic":[117],"class_list":["post-33689","noticia","type-noticia","status-publish","has-post-thumbnail","hentry","tipus-actualitat-es","topic-jornadas"],"acf":{"finalitzat":false,"tipus_plantilla":"objectius","template_objectius":{"cont_principal":"","imatge":false,"cont_seguent":{"titol":"","contingut":""},"seccio_llistat":{"titol":"","llistat":false},"objectius":{"titol":"","objectius":false},"documents":false},"autor":"","imatge":33684,"textos_destacats":[{"texte":"Gana visibilidad internacional en el 4YFN 2026, en el Catalonia Health Innovation Pavilion que coordinamos desde la Fundaci\u00f3 TIC Salut i Social y Biocat."}],"documents":false},"yoast_head":"<!-- This site is optimized with the Yoast SEO plugin v27.1.1 - https:\/\/yoast.com\/product\/yoast-seo-wordpress\/ -->\n<title>Exp\u00f3n tu startup en el 4YFN 2026 - Fundaci\u00f3 TIC Salut i Social<\/title>\n<meta name=\"description\" content=\"El congr\u00e9s 4YFN 2026, en el marc del Mobile World Congress Barcelona, \u00e9s l\u2019epicentre de l\u2019ecosistema m\u00e9s innovador\" \/>\n<meta name=\"robots\" content=\"index, follow, max-snippet:-1, max-image-preview:large, max-video-preview:-1\" \/>\n<link rel=\"canonical\" href=\"https:\/\/ticsalutsocial.atoom.space\/es\/noticia\/exposa-la-teva-startup-al-4yfn-2026\/\" \/>\n<meta property=\"og:locale\" content=\"es_ES\" \/>\n<meta property=\"og:type\" content=\"article\" \/>\n<meta property=\"og:title\" content=\"Exp\u00f3n tu startup en el 4YFN 2026 - Fundaci\u00f3 TIC Salut i Social\" \/>\n<meta property=\"og:description\" content=\"El congr\u00e9s 4YFN 2026, en el marc del Mobile World Congress Barcelona, \u00e9s l\u2019epicentre de l\u2019ecosistema m\u00e9s innovador\" \/>\n<meta property=\"og:url\" content=\"https:\/\/ticsalutsocial.atoom.space\/es\/noticia\/exposa-la-teva-startup-al-4yfn-2026\/\" \/>\n<meta property=\"og:site_name\" content=\"Fundaci\u00f3 TIC Salut i Social\" \/>\n<meta property=\"article:modified_time\" content=\"2025-09-29T10:27:00+00:00\" \/>\n<meta property=\"og:image\" content=\"https:\/\/ticsalutsocial.atoom.space\/wp-content\/uploads\/2025\/09\/4YFN-STARTUPS.png\" \/>\n\t<meta property=\"og:image:width\" content=\"1200\" \/>\n\t<meta property=\"og:image:height\" content=\"800\" \/>\n\t<meta property=\"og:image:type\" content=\"image\/png\" \/>\n<meta name=\"twitter:card\" content=\"summary_large_image\" \/>\n<meta name=\"twitter:label1\" content=\"Tiempo de lectura\" \/>\n\t<meta name=\"twitter:data1\" content=\"2 minutos\" \/>\n<script type=\"application\/ld+json\" class=\"yoast-schema-graph\">{\"@context\":\"https:\/\/schema.org\",\"@graph\":[{\"@type\":\"WebPage\",\"@id\":\"https:\/\/ticsalutsocial.atoom.space\/es\/noticia\/exposa-la-teva-startup-al-4yfn-2026\/\",\"url\":\"https:\/\/ticsalutsocial.atoom.space\/es\/noticia\/exposa-la-teva-startup-al-4yfn-2026\/\",\"name\":\"Exp\u00f3n tu startup en el 4YFN 2026 - Fundaci\u00f3 TIC Salut i Social\",\"isPartOf\":{\"@id\":\"https:\/\/ticsalutsocial.atoom.space\/es\/#website\"},\"primaryImageOfPage\":{\"@id\":\"https:\/\/ticsalutsocial.atoom.space\/es\/noticia\/exposa-la-teva-startup-al-4yfn-2026\/#primaryimage\"},\"image\":{\"@id\":\"https:\/\/ticsalutsocial.atoom.space\/es\/noticia\/exposa-la-teva-startup-al-4yfn-2026\/#primaryimage\"},\"thumbnailUrl\":\"https:\/\/ticsalutsocial.atoom.space\/wp-content\/uploads\/2025\/09\/4YFN-STARTUPS.png\",\"datePublished\":\"2025-09-29T10:02:12+00:00\",\"dateModified\":\"2025-09-29T10:27:00+00:00\",\"description\":\"El congr\u00e9s 4YFN 2026, en el marc del Mobile World Congress Barcelona, \u00e9s l\u2019epicentre de l\u2019ecosistema m\u00e9s innovador\",\"breadcrumb\":{\"@id\":\"https:\/\/ticsalutsocial.atoom.space\/es\/noticia\/exposa-la-teva-startup-al-4yfn-2026\/#breadcrumb\"},\"inLanguage\":\"es\",\"potentialAction\":[{\"@type\":\"ReadAction\",\"target\":[\"https:\/\/ticsalutsocial.atoom.space\/es\/noticia\/exposa-la-teva-startup-al-4yfn-2026\/\"]}]},{\"@type\":\"ImageObject\",\"inLanguage\":\"es\",\"@id\":\"https:\/\/ticsalutsocial.atoom.space\/es\/noticia\/exposa-la-teva-startup-al-4yfn-2026\/#primaryimage\",\"url\":\"https:\/\/ticsalutsocial.atoom.space\/wp-content\/uploads\/2025\/09\/4YFN-STARTUPS.png\",\"contentUrl\":\"https:\/\/ticsalutsocial.atoom.space\/wp-content\/uploads\/2025\/09\/4YFN-STARTUPS.png\",\"width\":1200,\"height\":800,\"caption\":\"Startups durant el 4YFN 2026\"},{\"@type\":\"BreadcrumbList\",\"@id\":\"https:\/\/ticsalutsocial.atoom.space\/es\/noticia\/exposa-la-teva-startup-al-4yfn-2026\/#breadcrumb\",\"itemListElement\":[{\"@type\":\"ListItem\",\"position\":1,\"name\":\"Inici\",\"item\":\"https:\/\/ticsalutsocial.atoom.space\/es\/\"},{\"@type\":\"ListItem\",\"position\":2,\"name\":\"Exp\u00f3n tu startup en el 4YFN 2026\"}]},{\"@type\":\"WebSite\",\"@id\":\"https:\/\/ticsalutsocial.atoom.space\/es\/#website\",\"url\":\"https:\/\/ticsalutsocial.atoom.space\/es\/\",\"name\":\"Fundaci\u00f3 TIC Salut i Social\",\"description\":\"\",\"potentialAction\":[{\"@type\":\"SearchAction\",\"target\":{\"@type\":\"EntryPoint\",\"urlTemplate\":\"https:\/\/ticsalutsocial.atoom.space\/es\/?s={search_term_string}\"},\"query-input\":{\"@type\":\"PropertyValueSpecification\",\"valueRequired\":true,\"valueName\":\"search_term_string\"}}],\"inLanguage\":\"es\"}]}<\/script>\n<!-- \/ Yoast SEO plugin. -->","yoast_head_json":{"title":"Exp\u00f3n tu startup en el 4YFN 2026 - Fundaci\u00f3 TIC Salut i Social","description":"El congr\u00e9s 4YFN 2026, en el marc del Mobile World Congress Barcelona, \u00e9s l\u2019epicentre de l\u2019ecosistema m\u00e9s innovador","robots":{"index":"index","follow":"follow","max-snippet":"max-snippet:-1","max-image-preview":"max-image-preview:large","max-video-preview":"max-video-preview:-1"},"canonical":"https:\/\/ticsalutsocial.atoom.space\/es\/noticia\/exposa-la-teva-startup-al-4yfn-2026\/","og_locale":"es_ES","og_type":"article","og_title":"Exp\u00f3n tu startup en el 4YFN 2026 - Fundaci\u00f3 TIC Salut i Social","og_description":"El congr\u00e9s 4YFN 2026, en el marc del Mobile World Congress Barcelona, \u00e9s l\u2019epicentre de l\u2019ecosistema m\u00e9s innovador","og_url":"https:\/\/ticsalutsocial.atoom.space\/es\/noticia\/exposa-la-teva-startup-al-4yfn-2026\/","og_site_name":"Fundaci\u00f3 TIC Salut i Social","article_modified_time":"2025-09-29T10:27:00+00:00","og_image":[{"width":1200,"height":800,"url":"https:\/\/ticsalutsocial.atoom.space\/wp-content\/uploads\/2025\/09\/4YFN-STARTUPS.png","type":"image\/png"}],"twitter_card":"summary_large_image","twitter_misc":{"Tiempo de lectura":"2 minutos"},"schema":{"@context":"https:\/\/schema.org","@graph":[{"@type":"WebPage","@id":"https:\/\/ticsalutsocial.atoom.space\/es\/noticia\/exposa-la-teva-startup-al-4yfn-2026\/","url":"https:\/\/ticsalutsocial.atoom.space\/es\/noticia\/exposa-la-teva-startup-al-4yfn-2026\/","name":"Exp\u00f3n tu startup en el 4YFN 2026 - Fundaci\u00f3 TIC Salut i Social","isPartOf":{"@id":"https:\/\/ticsalutsocial.atoom.space\/es\/#website"},"primaryImageOfPage":{"@id":"https:\/\/ticsalutsocial.atoom.space\/es\/noticia\/exposa-la-teva-startup-al-4yfn-2026\/#primaryimage"},"image":{"@id":"https:\/\/ticsalutsocial.atoom.space\/es\/noticia\/exposa-la-teva-startup-al-4yfn-2026\/#primaryimage"},"thumbnailUrl":"https:\/\/ticsalutsocial.atoom.space\/wp-content\/uploads\/2025\/09\/4YFN-STARTUPS.png","datePublished":"2025-09-29T10:02:12+00:00","dateModified":"2025-09-29T10:27:00+00:00","description":"El congr\u00e9s 4YFN 2026, en el marc del Mobile World Congress Barcelona, \u00e9s l\u2019epicentre de l\u2019ecosistema m\u00e9s innovador","breadcrumb":{"@id":"https:\/\/ticsalutsocial.atoom.space\/es\/noticia\/exposa-la-teva-startup-al-4yfn-2026\/#breadcrumb"},"inLanguage":"es","potentialAction":[{"@type":"ReadAction","target":["https:\/\/ticsalutsocial.atoom.space\/es\/noticia\/exposa-la-teva-startup-al-4yfn-2026\/"]}]},{"@type":"ImageObject","inLanguage":"es","@id":"https:\/\/ticsalutsocial.atoom.space\/es\/noticia\/exposa-la-teva-startup-al-4yfn-2026\/#primaryimage","url":"https:\/\/ticsalutsocial.atoom.space\/wp-content\/uploads\/2025\/09\/4YFN-STARTUPS.png","contentUrl":"https:\/\/ticsalutsocial.atoom.space\/wp-content\/uploads\/2025\/09\/4YFN-STARTUPS.png","width":1200,"height":800,"caption":"Startups durant el 4YFN 2026"},{"@type":"BreadcrumbList","@id":"https:\/\/ticsalutsocial.atoom.space\/es\/noticia\/exposa-la-teva-startup-al-4yfn-2026\/#breadcrumb","itemListElement":[{"@type":"ListItem","position":1,"name":"Inici","item":"https:\/\/ticsalutsocial.atoom.space\/es\/"},{"@type":"ListItem","position":2,"name":"Exp\u00f3n tu startup en el 4YFN 2026"}]},{"@type":"WebSite","@id":"https:\/\/ticsalutsocial.atoom.space\/es\/#website","url":"https:\/\/ticsalutsocial.atoom.space\/es\/","name":"Fundaci\u00f3 TIC Salut i Social","description":"","potentialAction":[{"@type":"SearchAction","target":{"@type":"EntryPoint","urlTemplate":"https:\/\/ticsalutsocial.atoom.space\/es\/?s={search_term_string}"},"query-input":{"@type":"PropertyValueSpecification","valueRequired":true,"valueName":"search_term_string"}}],"inLanguage":"es"}]}},"_links":{"self":[{"href":"https:\/\/ticsalutsocial.atoom.space\/es\/wp-json\/wp\/v2\/noticia\/33689","targetHints":{"allow":["GET"]}}],"collection":[{"href":"https:\/\/ticsalutsocial.atoom.space\/es\/wp-json\/wp\/v2\/noticia"}],"about":[{"href":"https:\/\/ticsalutsocial.atoom.space\/es\/wp-json\/wp\/v2\/types\/noticia"}],"author":[{"embeddable":true,"href":"https:\/\/ticsalutsocial.atoom.space\/es\/wp-json\/wp\/v2\/users\/12"}],"wp:featuredmedia":[{"embeddable":true,"href":"https:\/\/ticsalutsocial.atoom.space\/es\/wp-json\/wp\/v2\/media\/33684"}],"wp:attachment":[{"href":"https:\/\/ticsalutsocial.atoom.space\/es\/wp-json\/wp\/v2\/media?parent=33689"}],"wp:term":[{"taxonomy":"etiqueta","embeddable":true,"href":"https:\/\/ticsalutsocial.atoom.space\/es\/wp-json\/wp\/v2\/etiqueta?post=33689"},{"taxonomy":"tipus","embeddable":true,"href":"https:\/\/ticsalutsocial.atoom.space\/es\/wp-json\/wp\/v2\/tipus?post=33689"},{"taxonomy":"topic","embeddable":true,"href":"https:\/\/ticsalutsocial.atoom.space\/es\/wp-json\/wp\/v2\/topic?post=33689"}],"curies":[{"name":"wp","href":"https:\/\/api.w.org\/{rel}","templated":true}]}}