
{"id":3370,"date":"2018-01-10T14:13:54","date_gmt":"2018-01-10T12:13:54","guid":{"rendered":"https:\/\/ticsalutsocial.atoom.space\/?post_type=noticia&#038;p=3370"},"modified":"2021-07-21T15:36:17","modified_gmt":"2021-07-21T13:36:17","slug":"el-proyecto-diacare-inicia-la-fase-de-diseno-de-soluciones-para-mejorar-la-autogestion-de-la-diabetes-mellitus-tipo-2","status":"publish","type":"noticia","link":"https:\/\/ticsalutsocial.atoom.space\/es\/noticia\/el-proyecto-diacare-inicia-la-fase-de-diseno-de-soluciones-para-mejorar-la-autogestion-de-la-diabetes-mellitus-tipo-2\/","title":{"rendered":"El proyecto DIACARE inicia la fase de dise\u00f1o de soluciones para mejorar la autogesti\u00f3n de la diabetes mellitus tipo 2."},"content":{"rendered":"<p>El pasado mes de mayo de 2017, la Fundaci\u00f3 TIC Salut Social y Novo Nordisk firmaron un acuerdo de colaboraci\u00f3n para impulsar el proyecto DIACARE, buscando el beneficio de las personas con diabetes tipo 2, as\u00ed como de su entorno, tanto personal como sanitario.<\/p>\n<p>El objetivo del proyecto pasa por promover la autogesti\u00f3n y el autocuidado por parte de las personas con este tipo de diabetes que es la m\u00e1s prevalente. De hecho, de las m\u00e1s de 5,3 millones de personas con diabetes en nuestro pa\u00eds entre el 90-95% la tienen de tipo 2. Para ello, esta plataforma de servicios, mediante tecnolog\u00edas m\u00f3viles y bas\u00e1ndose en el perfil de la persona con diabetes tipo 2, le proporcionar\u00e1 herramientas de apoyo y de supervisi\u00f3n permiti\u00e9ndole tomar decisiones para un \u00f3ptimo seguimiento y control de su diabetes. Sin embargo, tambi\u00e9n dispondr\u00e1 de herramientas de ayuda y monitorizaci\u00f3n por profesionales sanitarios y cuidadores.<\/p>\n<p>Actualmente, el proyecto DIACARE, desarrollado en el CAP Bellvitge, se encuentra en la fase de dise\u00f1o de soluciones para mejorar la autogesti\u00f3n de la diabetes mellitus tipo 2. Para que las soluciones se adecuen se realizar\u00e1n mediante el co-dise\u00f1o, partiendo de las necesidades obtenidas en el Patient Journey que se realiz\u00f3 a trav\u00e9s de varios workshops con pacientes y profesionales para obtener una visi\u00f3n general ver\u00eddica. Estos workshops se realizaron para entender el recorrido que realiza el paciente a trav\u00e9s del sistema de Atenci\u00f3n Primaria, teniendo en cuenta todas las interacciones que tiene el paciente, desde diferentes puntos de vista.<\/p>\n<p>Durante la \u00faltima jornada del Mapa de Tendencias, tuvimos la oportunidad de conocer de primera mano la evoluci\u00f3n de este proyecto que forma parte de la l\u00ednea de transformaci\u00f3n digital de la Fundaci\u00f3, gracias al testimonio de la paciente Sra. Mar\u00eda Escudero y el doctor Eduard Tarrag\u00f3, implicados en el proyecto.<\/p>\n<p><strong>Sobre la Plataforma DIACARE<\/strong><\/p>\n<p>Entre los principales servicios que se est\u00e1n valorando en una plataforma de las caracter\u00edsticas de DIACARE se encuentran: una herramienta de perfil del paciente, donde definir sus necesidades y objetivos espec\u00edficos de acuerdo con los principales indicadores de salud en diabetes (nivel de glucosa en sangre, medicaci\u00f3n y estilo de vida); un servicio de apoyo para la toma de decisiones adaptado a su perfil y al que tambi\u00e9n tendr\u00e1n acceso profesionales sanitarios y cuidadores; un diario interactivo para el autocontrol de la glucosa en sangre, medicaci\u00f3n, h\u00e1bitos nutricionales y ejercicio f\u00edsico; y un servicio de seguimiento e intervenci\u00f3n por parte de los profesionales sanitarios para monitorizar el estado de la persona con diabetes y activar los protocolos necesarios en caso de emergencia.<\/p>\n","protected":false},"author":21,"featured_media":3366,"menu_order":0,"template":"","meta":{"_acf_changed":false,"inline_featured_image":false},"etiqueta":[],"tipus":[],"topic":[],"class_list":["post-3370","noticia","type-noticia","status-publish","has-post-thumbnail","hentry"],"acf":{"imatge":3368,"autor":"Adri\u00e0 G.Font","textos_destacats":[{"texte":"Durante la \u00faltima jornada del Mapa de Tendencias, tuvimos la oportunidad de conocer de primera mano la evoluci\u00f3n de este proyecto que forma parte de la l\u00ednea de transformaci\u00f3n digital de la Fundaci\u00f3 gracias al testimonio de la paciente Mar\u00eda Escudero"}]},"yoast_head":"<!-- This site is optimized with the Yoast SEO plugin v27.1.1 - https:\/\/yoast.com\/product\/yoast-seo-wordpress\/ -->\n<title>El proyecto DIACARE inicia la fase de dise\u00f1o de soluciones para mejorar la autogesti\u00f3n de la diabetes mellitus tipo 2. - Fundaci\u00f3 TIC Salut i Social<\/title>\n<meta name=\"robots\" content=\"index, follow, max-snippet:-1, max-image-preview:large, max-video-preview:-1\" \/>\n<link rel=\"canonical\" href=\"https:\/\/ticsalutsocial.atoom.space\/es\/noticia\/el-proyecto-diacare-inicia-la-fase-de-diseno-de-soluciones-para-mejorar-la-autogestion-de-la-diabetes-mellitus-tipo-2\/\" \/>\n<meta property=\"og:locale\" content=\"es_ES\" \/>\n<meta property=\"og:type\" content=\"article\" \/>\n<meta property=\"og:title\" content=\"El proyecto DIACARE inicia la fase de dise\u00f1o de soluciones para mejorar la autogesti\u00f3n de la diabetes mellitus tipo 2. - Fundaci\u00f3 TIC Salut i Social\" \/>\n<meta property=\"og:description\" content=\"El pasado mes de mayo de 2017, la Fundaci\u00f3 TIC Salut Social y Novo Nordisk firmaron un acuerdo de colaboraci\u00f3n para impulsar el proyecto DIACARE, buscando el beneficio de las personas con diabetes tipo 2, as\u00ed como de su entorno, tanto personal como sanitario. El objetivo del proyecto pasa por promover la autogesti\u00f3n y el [&hellip;]\" \/>\n<meta property=\"og:url\" content=\"https:\/\/ticsalutsocial.atoom.space\/es\/noticia\/el-proyecto-diacare-inicia-la-fase-de-diseno-de-soluciones-para-mejorar-la-autogestion-de-la-diabetes-mellitus-tipo-2\/\" \/>\n<meta property=\"og:site_name\" content=\"Fundaci\u00f3 TIC Salut i Social\" \/>\n<meta property=\"article:modified_time\" content=\"2021-07-21T13:36:17+00:00\" \/>\n<meta property=\"og:image\" content=\"https:\/\/ticsalutsocial.atoom.space\/wp-content\/uploads\/2018\/01\/article_diacare.jpg\" \/>\n\t<meta property=\"og:image:width\" content=\"1203\" \/>\n\t<meta property=\"og:image:height\" content=\"803\" \/>\n\t<meta property=\"og:image:type\" content=\"image\/jpeg\" \/>\n<meta name=\"twitter:card\" content=\"summary_large_image\" \/>\n<meta name=\"twitter:label1\" content=\"Tiempo de lectura\" \/>\n\t<meta name=\"twitter:data1\" content=\"2 minutos\" \/>\n<script type=\"application\/ld+json\" class=\"yoast-schema-graph\">{\"@context\":\"https:\/\/schema.org\",\"@graph\":[{\"@type\":\"WebPage\",\"@id\":\"https:\/\/ticsalutsocial.atoom.space\/es\/noticia\/el-proyecto-diacare-inicia-la-fase-de-diseno-de-soluciones-para-mejorar-la-autogestion-de-la-diabetes-mellitus-tipo-2\/\",\"url\":\"https:\/\/ticsalutsocial.atoom.space\/es\/noticia\/el-proyecto-diacare-inicia-la-fase-de-diseno-de-soluciones-para-mejorar-la-autogestion-de-la-diabetes-mellitus-tipo-2\/\",\"name\":\"El proyecto DIACARE inicia la fase de dise\u00f1o de soluciones para mejorar la autogesti\u00f3n de la diabetes mellitus tipo 2. - Fundaci\u00f3 TIC Salut i Social\",\"isPartOf\":{\"@id\":\"https:\/\/ticsalutsocial.atoom.space\/es\/#website\"},\"primaryImageOfPage\":{\"@id\":\"https:\/\/ticsalutsocial.atoom.space\/es\/noticia\/el-proyecto-diacare-inicia-la-fase-de-diseno-de-soluciones-para-mejorar-la-autogestion-de-la-diabetes-mellitus-tipo-2\/#primaryimage\"},\"image\":{\"@id\":\"https:\/\/ticsalutsocial.atoom.space\/es\/noticia\/el-proyecto-diacare-inicia-la-fase-de-diseno-de-soluciones-para-mejorar-la-autogestion-de-la-diabetes-mellitus-tipo-2\/#primaryimage\"},\"thumbnailUrl\":\"https:\/\/ticsalutsocial.atoom.space\/wp-content\/uploads\/2018\/01\/article_diacare.jpg\",\"datePublished\":\"2018-01-10T12:13:54+00:00\",\"dateModified\":\"2021-07-21T13:36:17+00:00\",\"breadcrumb\":{\"@id\":\"https:\/\/ticsalutsocial.atoom.space\/es\/noticia\/el-proyecto-diacare-inicia-la-fase-de-diseno-de-soluciones-para-mejorar-la-autogestion-de-la-diabetes-mellitus-tipo-2\/#breadcrumb\"},\"inLanguage\":\"es\",\"potentialAction\":[{\"@type\":\"ReadAction\",\"target\":[\"https:\/\/ticsalutsocial.atoom.space\/es\/noticia\/el-proyecto-diacare-inicia-la-fase-de-diseno-de-soluciones-para-mejorar-la-autogestion-de-la-diabetes-mellitus-tipo-2\/\"]}]},{\"@type\":\"ImageObject\",\"inLanguage\":\"es\",\"@id\":\"https:\/\/ticsalutsocial.atoom.space\/es\/noticia\/el-proyecto-diacare-inicia-la-fase-de-diseno-de-soluciones-para-mejorar-la-autogestion-de-la-diabetes-mellitus-tipo-2\/#primaryimage\",\"url\":\"https:\/\/ticsalutsocial.atoom.space\/wp-content\/uploads\/2018\/01\/article_diacare.jpg\",\"contentUrl\":\"https:\/\/ticsalutsocial.atoom.space\/wp-content\/uploads\/2018\/01\/article_diacare.jpg\",\"width\":1203,\"height\":803},{\"@type\":\"BreadcrumbList\",\"@id\":\"https:\/\/ticsalutsocial.atoom.space\/es\/noticia\/el-proyecto-diacare-inicia-la-fase-de-diseno-de-soluciones-para-mejorar-la-autogestion-de-la-diabetes-mellitus-tipo-2\/#breadcrumb\",\"itemListElement\":[{\"@type\":\"ListItem\",\"position\":1,\"name\":\"Inici\",\"item\":\"https:\/\/ticsalutsocial.atoom.space\/es\/\"},{\"@type\":\"ListItem\",\"position\":2,\"name\":\"El proyecto DIACARE inicia la fase de dise\u00f1o de soluciones para mejorar la autogesti\u00f3n de la diabetes mellitus tipo 2.\"}]},{\"@type\":\"WebSite\",\"@id\":\"https:\/\/ticsalutsocial.atoom.space\/es\/#website\",\"url\":\"https:\/\/ticsalutsocial.atoom.space\/es\/\",\"name\":\"Fundaci\u00f3 TIC Salut i Social\",\"description\":\"\",\"potentialAction\":[{\"@type\":\"SearchAction\",\"target\":{\"@type\":\"EntryPoint\",\"urlTemplate\":\"https:\/\/ticsalutsocial.atoom.space\/es\/?s={search_term_string}\"},\"query-input\":{\"@type\":\"PropertyValueSpecification\",\"valueRequired\":true,\"valueName\":\"search_term_string\"}}],\"inLanguage\":\"es\"}]}<\/script>\n<!-- \/ Yoast SEO plugin. -->","yoast_head_json":{"title":"El proyecto DIACARE inicia la fase de dise\u00f1o de soluciones para mejorar la autogesti\u00f3n de la diabetes mellitus tipo 2. - Fundaci\u00f3 TIC Salut i Social","robots":{"index":"index","follow":"follow","max-snippet":"max-snippet:-1","max-image-preview":"max-image-preview:large","max-video-preview":"max-video-preview:-1"},"canonical":"https:\/\/ticsalutsocial.atoom.space\/es\/noticia\/el-proyecto-diacare-inicia-la-fase-de-diseno-de-soluciones-para-mejorar-la-autogestion-de-la-diabetes-mellitus-tipo-2\/","og_locale":"es_ES","og_type":"article","og_title":"El proyecto DIACARE inicia la fase de dise\u00f1o de soluciones para mejorar la autogesti\u00f3n de la diabetes mellitus tipo 2. - Fundaci\u00f3 TIC Salut i Social","og_description":"El pasado mes de mayo de 2017, la Fundaci\u00f3 TIC Salut Social y Novo Nordisk firmaron un acuerdo de colaboraci\u00f3n para impulsar el proyecto DIACARE, buscando el beneficio de las personas con diabetes tipo 2, as\u00ed como de su entorno, tanto personal como sanitario. El objetivo del proyecto pasa por promover la autogesti\u00f3n y el [&hellip;]","og_url":"https:\/\/ticsalutsocial.atoom.space\/es\/noticia\/el-proyecto-diacare-inicia-la-fase-de-diseno-de-soluciones-para-mejorar-la-autogestion-de-la-diabetes-mellitus-tipo-2\/","og_site_name":"Fundaci\u00f3 TIC Salut i Social","article_modified_time":"2021-07-21T13:36:17+00:00","og_image":[{"width":1203,"height":803,"url":"https:\/\/ticsalutsocial.atoom.space\/wp-content\/uploads\/2018\/01\/article_diacare.jpg","type":"image\/jpeg"}],"twitter_card":"summary_large_image","twitter_misc":{"Tiempo de lectura":"2 minutos"},"schema":{"@context":"https:\/\/schema.org","@graph":[{"@type":"WebPage","@id":"https:\/\/ticsalutsocial.atoom.space\/es\/noticia\/el-proyecto-diacare-inicia-la-fase-de-diseno-de-soluciones-para-mejorar-la-autogestion-de-la-diabetes-mellitus-tipo-2\/","url":"https:\/\/ticsalutsocial.atoom.space\/es\/noticia\/el-proyecto-diacare-inicia-la-fase-de-diseno-de-soluciones-para-mejorar-la-autogestion-de-la-diabetes-mellitus-tipo-2\/","name":"El proyecto DIACARE inicia la fase de dise\u00f1o de soluciones para mejorar la autogesti\u00f3n de la diabetes mellitus tipo 2. - Fundaci\u00f3 TIC Salut i Social","isPartOf":{"@id":"https:\/\/ticsalutsocial.atoom.space\/es\/#website"},"primaryImageOfPage":{"@id":"https:\/\/ticsalutsocial.atoom.space\/es\/noticia\/el-proyecto-diacare-inicia-la-fase-de-diseno-de-soluciones-para-mejorar-la-autogestion-de-la-diabetes-mellitus-tipo-2\/#primaryimage"},"image":{"@id":"https:\/\/ticsalutsocial.atoom.space\/es\/noticia\/el-proyecto-diacare-inicia-la-fase-de-diseno-de-soluciones-para-mejorar-la-autogestion-de-la-diabetes-mellitus-tipo-2\/#primaryimage"},"thumbnailUrl":"https:\/\/ticsalutsocial.atoom.space\/wp-content\/uploads\/2018\/01\/article_diacare.jpg","datePublished":"2018-01-10T12:13:54+00:00","dateModified":"2021-07-21T13:36:17+00:00","breadcrumb":{"@id":"https:\/\/ticsalutsocial.atoom.space\/es\/noticia\/el-proyecto-diacare-inicia-la-fase-de-diseno-de-soluciones-para-mejorar-la-autogestion-de-la-diabetes-mellitus-tipo-2\/#breadcrumb"},"inLanguage":"es","potentialAction":[{"@type":"ReadAction","target":["https:\/\/ticsalutsocial.atoom.space\/es\/noticia\/el-proyecto-diacare-inicia-la-fase-de-diseno-de-soluciones-para-mejorar-la-autogestion-de-la-diabetes-mellitus-tipo-2\/"]}]},{"@type":"ImageObject","inLanguage":"es","@id":"https:\/\/ticsalutsocial.atoom.space\/es\/noticia\/el-proyecto-diacare-inicia-la-fase-de-diseno-de-soluciones-para-mejorar-la-autogestion-de-la-diabetes-mellitus-tipo-2\/#primaryimage","url":"https:\/\/ticsalutsocial.atoom.space\/wp-content\/uploads\/2018\/01\/article_diacare.jpg","contentUrl":"https:\/\/ticsalutsocial.atoom.space\/wp-content\/uploads\/2018\/01\/article_diacare.jpg","width":1203,"height":803},{"@type":"BreadcrumbList","@id":"https:\/\/ticsalutsocial.atoom.space\/es\/noticia\/el-proyecto-diacare-inicia-la-fase-de-diseno-de-soluciones-para-mejorar-la-autogestion-de-la-diabetes-mellitus-tipo-2\/#breadcrumb","itemListElement":[{"@type":"ListItem","position":1,"name":"Inici","item":"https:\/\/ticsalutsocial.atoom.space\/es\/"},{"@type":"ListItem","position":2,"name":"El proyecto DIACARE inicia la fase de dise\u00f1o de soluciones para mejorar la autogesti\u00f3n de la diabetes mellitus tipo 2."}]},{"@type":"WebSite","@id":"https:\/\/ticsalutsocial.atoom.space\/es\/#website","url":"https:\/\/ticsalutsocial.atoom.space\/es\/","name":"Fundaci\u00f3 TIC Salut i Social","description":"","potentialAction":[{"@type":"SearchAction","target":{"@type":"EntryPoint","urlTemplate":"https:\/\/ticsalutsocial.atoom.space\/es\/?s={search_term_string}"},"query-input":{"@type":"PropertyValueSpecification","valueRequired":true,"valueName":"search_term_string"}}],"inLanguage":"es"}]}},"_links":{"self":[{"href":"https:\/\/ticsalutsocial.atoom.space\/es\/wp-json\/wp\/v2\/noticia\/3370","targetHints":{"allow":["GET"]}}],"collection":[{"href":"https:\/\/ticsalutsocial.atoom.space\/es\/wp-json\/wp\/v2\/noticia"}],"about":[{"href":"https:\/\/ticsalutsocial.atoom.space\/es\/wp-json\/wp\/v2\/types\/noticia"}],"author":[{"embeddable":true,"href":"https:\/\/ticsalutsocial.atoom.space\/es\/wp-json\/wp\/v2\/users\/21"}],"wp:featuredmedia":[{"embeddable":true,"href":"https:\/\/ticsalutsocial.atoom.space\/es\/wp-json\/wp\/v2\/media\/3366"}],"wp:attachment":[{"href":"https:\/\/ticsalutsocial.atoom.space\/es\/wp-json\/wp\/v2\/media?parent=3370"}],"wp:term":[{"taxonomy":"etiqueta","embeddable":true,"href":"https:\/\/ticsalutsocial.atoom.space\/es\/wp-json\/wp\/v2\/etiqueta?post=3370"},{"taxonomy":"tipus","embeddable":true,"href":"https:\/\/ticsalutsocial.atoom.space\/es\/wp-json\/wp\/v2\/tipus?post=3370"},{"taxonomy":"topic","embeddable":true,"href":"https:\/\/ticsalutsocial.atoom.space\/es\/wp-json\/wp\/v2\/topic?post=3370"}],"curies":[{"name":"wp","href":"https:\/\/api.w.org\/{rel}","templated":true}]}}