
{"id":3376,"date":"2018-01-10T14:32:02","date_gmt":"2018-01-10T12:32:02","guid":{"rendered":"https:\/\/ticsalutsocial.atoom.space\/?post_type=noticia&#038;p=3376"},"modified":"2021-07-21T15:36:22","modified_gmt":"2021-07-21T13:36:22","slug":"de-la-salud-digital-a-la-inteligencia-artificial-realidad-virtual-e-iot","status":"publish","type":"noticia","link":"https:\/\/ticsalutsocial.atoom.space\/es\/noticia\/de-la-salud-digital-a-la-inteligencia-artificial-realidad-virtual-e-iot\/","title":{"rendered":"De la Salud Digital a la Inteligencia Artificial, Realidad Virtual e IOT"},"content":{"rendered":"<p>El\u00a0mHealth\u00a0Economics\u00a0Program\u00a02017 consiste en un informe gratuito que se centra en desvelar las condiciones del actual mercado y las futuras tendencias en salud digital a nivel mundial. Los resultados de la investigaci\u00f3n est\u00e1n basados en las respuestas de m\u00e1s de 2.400 desarrolladores de aplicaciones y profesionales de la salud de 91 pa\u00edses diferentes. Este a\u00f1o la Fundaci\u00f3\u00a0TIC Salut\u00a0Social ha participado en esta iniciativa, tal como lo ha sido haciendo en ediciones anteriores.<\/p>\n<p>El informe es una fuente de datos de referencia para todas las partes implicadas en salud digital.<br \/>\nLa mayor parte de profesionales sanitarios digitales provienen de Europa (47%), de los EE.UU. (36%) y de Asia (11%), seguido de una peque\u00f1a parte de Am\u00e9rica del Sur y de \u00c1frica.<br \/>\nLa participaci\u00f3n global se concentra en Norteam\u00e9rica (EE.UU. y\u00a0Canad\u00e1) y en cuanto a Europa (Alemania y Reino Unido).<\/p>\n<p>El inter\u00e9s sobre \u201cDigital\u00a0Health\u201d\u00a0en el sector industrial est\u00e1 disminuyendo, pero en el sector sanitario est\u00e1 creciendo. Hace 10 a\u00f1os eran numerosas las b\u00fasquedas sobre salud digital, actualmente la tendencia recae en otros temas como Inteligencia Artificial, Realidad Virtual o el Internet de las cosas.<br \/>\nLos profesionales de la industria han adoptado nuevas tecnolog\u00edas, nuevos modelos de negocio y nuevos flujos de trabajo.<\/p>\n<p>Del informe se extrae:<\/p>\n<ul>\n<li>En el a\u00f1o 2017 hay 325.000 aplicaciones sanitarias (de salud, condici\u00f3n f\u00edsica y aplicaciones m\u00e9dicas) disponibles a los mercados oficiales.<\/li>\n<li>Del total de 325.000 \u2192 78.000 son nuevas aplicaciones a\u00f1adidas a las principales tiendas de\u00a0apps\u00a0durante el \u00faltimo a\u00f1o.<\/li>\n<li>Android\u00a0ha avanzado a Apple en n\u00famero de aplicaciones de salud disponibles. En comparaci\u00f3n, Android\u00a0con una tasa de crecimiento del 50% entre 2016 y 2017, y\u00a0iOsun 20% el \u00faltimo a\u00f1o.<\/li>\n<li>M\u00e1s de 84.000 editores de aplicaciones m\u00e9dicas est\u00e1n desarrollando\u00a0apps\u00a0para el mercado de salud y bienestar. En el \u00faltimo a\u00f1o el n\u00famero de editores de aplicaciones aumenta un 45%.<\/li>\n<li>Estimaci\u00f3n de 3,7 mil millones de aplicaciones de salud descargadas en 2017. Un aumento del 16% respecto al a\u00f1o anterior 2016 donde el crecimiento era del 7%.<\/li>\n<li>El 53% de los profesionales sanitarios digitales esperan que los seguros de salud sean el canal de distribuci\u00f3n con el mejor potencial de mercado en un futuro.<\/li>\n<li>Otro factor determinante para el crecimiento del mercado de salud digital es el crecimiento de empresas y\u00a0start\u00a0ups\u00a0emergentes alimentado por inversiones en fase inicial de aceleradoras.<\/li>\n<li>Una limitaci\u00f3n importante para el mercado de salud digital son las normas complejas y estrictas. Esta\u00a0es una causa del lento desarrollo en salud digital.<\/li>\n<\/ul>\n<p>En cuanto a la regulaci\u00f3n, hay indicios de cambio inminentes, puesto que la\u00a0FDA\u00a0en su Plan Digital de Innovaci\u00f3n Sanitaria dar\u00e1 un nuevo enfoque respecto a este tema: en lugar de aprobar productos digitales individuales, se certificar\u00e1n empresas completas y productos digitales lanzados por estas empresas, por lo tanto no tendr\u00edan que pasar por un proceso regulador por cada una de sus versiones del producto.<\/p>\n<p>Este desarrollo todav\u00eda es muy reciente, pero parece que la\u00a0FDA\u00a0inicia un cambio de paradigma en la regulaci\u00f3n de las soluciones digitales de salud. Esto podr\u00eda ser un ejemplo a seguir por el resto de pa\u00edses.<\/p>\n","protected":false},"author":21,"featured_media":1887,"menu_order":0,"template":"","meta":{"_acf_changed":false,"inline_featured_image":false},"etiqueta":[],"tipus":[],"topic":[],"class_list":["post-3376","noticia","type-noticia","status-publish","has-post-thumbnail","hentry"],"acf":{"imatge":1889,"autor":"Adri\u00e0 G.Font","textos_destacats":[{"texte":"El inter\u00e9s sobre \u201cDigital Health\u201d en el sector industrial est\u00e1 disminuyendo, pero en el sector sanitario est\u00e1 creciendo. Las b\u00fasqueda sobre salud digital han dado paso a la Inteligencia Artificial, Realidad Virtual o el Internet de las cosas"}]},"yoast_head":"<!-- This site is optimized with the Yoast SEO plugin v27.1.1 - https:\/\/yoast.com\/product\/yoast-seo-wordpress\/ -->\n<title>De la Salud Digital a la Inteligencia Artificial, Realidad Virtual e IOT - Fundaci\u00f3 TIC Salut i Social<\/title>\n<meta name=\"robots\" content=\"index, follow, max-snippet:-1, max-image-preview:large, max-video-preview:-1\" \/>\n<link rel=\"canonical\" href=\"https:\/\/ticsalutsocial.atoom.space\/es\/noticia\/de-la-salud-digital-a-la-inteligencia-artificial-realidad-virtual-e-iot\/\" \/>\n<meta property=\"og:locale\" content=\"es_ES\" \/>\n<meta property=\"og:type\" content=\"article\" \/>\n<meta property=\"og:title\" content=\"De la Salud Digital a la Inteligencia Artificial, Realidad Virtual e IOT - Fundaci\u00f3 TIC Salut i Social\" \/>\n<meta property=\"og:description\" content=\"El\u00a0mHealth\u00a0Economics\u00a0Program\u00a02017 consiste en un informe gratuito que se centra en desvelar las condiciones del actual mercado y las futuras tendencias en salud digital a nivel mundial. Los resultados de la investigaci\u00f3n est\u00e1n basados en las respuestas de m\u00e1s de 2.400 desarrolladores de aplicaciones y profesionales de la salud de 91 pa\u00edses diferentes. Este a\u00f1o la [&hellip;]\" \/>\n<meta property=\"og:url\" content=\"https:\/\/ticsalutsocial.atoom.space\/es\/noticia\/de-la-salud-digital-a-la-inteligencia-artificial-realidad-virtual-e-iot\/\" \/>\n<meta property=\"og:site_name\" content=\"Fundaci\u00f3 TIC Salut i Social\" \/>\n<meta property=\"article:modified_time\" content=\"2021-07-21T13:36:22+00:00\" \/>\n<meta property=\"og:image\" content=\"https:\/\/ticsalutsocial.atoom.space\/wp-content\/uploads\/2018\/01\/fotolia_157252492_subscription_monthly_m.jpg\" \/>\n\t<meta property=\"og:image:width\" content=\"1688\" \/>\n\t<meta property=\"og:image:height\" content=\"1125\" \/>\n\t<meta property=\"og:image:type\" content=\"image\/jpeg\" \/>\n<meta name=\"twitter:card\" content=\"summary_large_image\" \/>\n<meta name=\"twitter:label1\" content=\"Tiempo de lectura\" \/>\n\t<meta name=\"twitter:data1\" content=\"3 minutos\" \/>\n<script type=\"application\/ld+json\" class=\"yoast-schema-graph\">{\"@context\":\"https:\/\/schema.org\",\"@graph\":[{\"@type\":\"WebPage\",\"@id\":\"https:\/\/ticsalutsocial.atoom.space\/es\/noticia\/de-la-salud-digital-a-la-inteligencia-artificial-realidad-virtual-e-iot\/\",\"url\":\"https:\/\/ticsalutsocial.atoom.space\/es\/noticia\/de-la-salud-digital-a-la-inteligencia-artificial-realidad-virtual-e-iot\/\",\"name\":\"De la Salud Digital a la Inteligencia Artificial, Realidad Virtual e IOT - Fundaci\u00f3 TIC Salut i Social\",\"isPartOf\":{\"@id\":\"https:\/\/ticsalutsocial.atoom.space\/es\/#website\"},\"primaryImageOfPage\":{\"@id\":\"https:\/\/ticsalutsocial.atoom.space\/es\/noticia\/de-la-salud-digital-a-la-inteligencia-artificial-realidad-virtual-e-iot\/#primaryimage\"},\"image\":{\"@id\":\"https:\/\/ticsalutsocial.atoom.space\/es\/noticia\/de-la-salud-digital-a-la-inteligencia-artificial-realidad-virtual-e-iot\/#primaryimage\"},\"thumbnailUrl\":\"https:\/\/ticsalutsocial.atoom.space\/wp-content\/uploads\/2018\/01\/fotolia_157252492_subscription_monthly_m.jpg\",\"datePublished\":\"2018-01-10T12:32:02+00:00\",\"dateModified\":\"2021-07-21T13:36:22+00:00\",\"breadcrumb\":{\"@id\":\"https:\/\/ticsalutsocial.atoom.space\/es\/noticia\/de-la-salud-digital-a-la-inteligencia-artificial-realidad-virtual-e-iot\/#breadcrumb\"},\"inLanguage\":\"es\",\"potentialAction\":[{\"@type\":\"ReadAction\",\"target\":[\"https:\/\/ticsalutsocial.atoom.space\/es\/noticia\/de-la-salud-digital-a-la-inteligencia-artificial-realidad-virtual-e-iot\/\"]}]},{\"@type\":\"ImageObject\",\"inLanguage\":\"es\",\"@id\":\"https:\/\/ticsalutsocial.atoom.space\/es\/noticia\/de-la-salud-digital-a-la-inteligencia-artificial-realidad-virtual-e-iot\/#primaryimage\",\"url\":\"https:\/\/ticsalutsocial.atoom.space\/wp-content\/uploads\/2018\/01\/fotolia_157252492_subscription_monthly_m.jpg\",\"contentUrl\":\"https:\/\/ticsalutsocial.atoom.space\/wp-content\/uploads\/2018\/01\/fotolia_157252492_subscription_monthly_m.jpg\",\"width\":1688,\"height\":1125},{\"@type\":\"BreadcrumbList\",\"@id\":\"https:\/\/ticsalutsocial.atoom.space\/es\/noticia\/de-la-salud-digital-a-la-inteligencia-artificial-realidad-virtual-e-iot\/#breadcrumb\",\"itemListElement\":[{\"@type\":\"ListItem\",\"position\":1,\"name\":\"Inici\",\"item\":\"https:\/\/ticsalutsocial.atoom.space\/es\/\"},{\"@type\":\"ListItem\",\"position\":2,\"name\":\"De la Salud Digital a la Inteligencia Artificial, Realidad Virtual e IOT\"}]},{\"@type\":\"WebSite\",\"@id\":\"https:\/\/ticsalutsocial.atoom.space\/es\/#website\",\"url\":\"https:\/\/ticsalutsocial.atoom.space\/es\/\",\"name\":\"Fundaci\u00f3 TIC Salut i Social\",\"description\":\"\",\"potentialAction\":[{\"@type\":\"SearchAction\",\"target\":{\"@type\":\"EntryPoint\",\"urlTemplate\":\"https:\/\/ticsalutsocial.atoom.space\/es\/?s={search_term_string}\"},\"query-input\":{\"@type\":\"PropertyValueSpecification\",\"valueRequired\":true,\"valueName\":\"search_term_string\"}}],\"inLanguage\":\"es\"}]}<\/script>\n<!-- \/ Yoast SEO plugin. -->","yoast_head_json":{"title":"De la Salud Digital a la Inteligencia Artificial, Realidad Virtual e IOT - Fundaci\u00f3 TIC Salut i Social","robots":{"index":"index","follow":"follow","max-snippet":"max-snippet:-1","max-image-preview":"max-image-preview:large","max-video-preview":"max-video-preview:-1"},"canonical":"https:\/\/ticsalutsocial.atoom.space\/es\/noticia\/de-la-salud-digital-a-la-inteligencia-artificial-realidad-virtual-e-iot\/","og_locale":"es_ES","og_type":"article","og_title":"De la Salud Digital a la Inteligencia Artificial, Realidad Virtual e IOT - Fundaci\u00f3 TIC Salut i Social","og_description":"El\u00a0mHealth\u00a0Economics\u00a0Program\u00a02017 consiste en un informe gratuito que se centra en desvelar las condiciones del actual mercado y las futuras tendencias en salud digital a nivel mundial. Los resultados de la investigaci\u00f3n est\u00e1n basados en las respuestas de m\u00e1s de 2.400 desarrolladores de aplicaciones y profesionales de la salud de 91 pa\u00edses diferentes. Este a\u00f1o la [&hellip;]","og_url":"https:\/\/ticsalutsocial.atoom.space\/es\/noticia\/de-la-salud-digital-a-la-inteligencia-artificial-realidad-virtual-e-iot\/","og_site_name":"Fundaci\u00f3 TIC Salut i Social","article_modified_time":"2021-07-21T13:36:22+00:00","og_image":[{"width":1688,"height":1125,"url":"https:\/\/ticsalutsocial.atoom.space\/wp-content\/uploads\/2018\/01\/fotolia_157252492_subscription_monthly_m.jpg","type":"image\/jpeg"}],"twitter_card":"summary_large_image","twitter_misc":{"Tiempo de lectura":"3 minutos"},"schema":{"@context":"https:\/\/schema.org","@graph":[{"@type":"WebPage","@id":"https:\/\/ticsalutsocial.atoom.space\/es\/noticia\/de-la-salud-digital-a-la-inteligencia-artificial-realidad-virtual-e-iot\/","url":"https:\/\/ticsalutsocial.atoom.space\/es\/noticia\/de-la-salud-digital-a-la-inteligencia-artificial-realidad-virtual-e-iot\/","name":"De la Salud Digital a la Inteligencia Artificial, Realidad Virtual e IOT - Fundaci\u00f3 TIC Salut i Social","isPartOf":{"@id":"https:\/\/ticsalutsocial.atoom.space\/es\/#website"},"primaryImageOfPage":{"@id":"https:\/\/ticsalutsocial.atoom.space\/es\/noticia\/de-la-salud-digital-a-la-inteligencia-artificial-realidad-virtual-e-iot\/#primaryimage"},"image":{"@id":"https:\/\/ticsalutsocial.atoom.space\/es\/noticia\/de-la-salud-digital-a-la-inteligencia-artificial-realidad-virtual-e-iot\/#primaryimage"},"thumbnailUrl":"https:\/\/ticsalutsocial.atoom.space\/wp-content\/uploads\/2018\/01\/fotolia_157252492_subscription_monthly_m.jpg","datePublished":"2018-01-10T12:32:02+00:00","dateModified":"2021-07-21T13:36:22+00:00","breadcrumb":{"@id":"https:\/\/ticsalutsocial.atoom.space\/es\/noticia\/de-la-salud-digital-a-la-inteligencia-artificial-realidad-virtual-e-iot\/#breadcrumb"},"inLanguage":"es","potentialAction":[{"@type":"ReadAction","target":["https:\/\/ticsalutsocial.atoom.space\/es\/noticia\/de-la-salud-digital-a-la-inteligencia-artificial-realidad-virtual-e-iot\/"]}]},{"@type":"ImageObject","inLanguage":"es","@id":"https:\/\/ticsalutsocial.atoom.space\/es\/noticia\/de-la-salud-digital-a-la-inteligencia-artificial-realidad-virtual-e-iot\/#primaryimage","url":"https:\/\/ticsalutsocial.atoom.space\/wp-content\/uploads\/2018\/01\/fotolia_157252492_subscription_monthly_m.jpg","contentUrl":"https:\/\/ticsalutsocial.atoom.space\/wp-content\/uploads\/2018\/01\/fotolia_157252492_subscription_monthly_m.jpg","width":1688,"height":1125},{"@type":"BreadcrumbList","@id":"https:\/\/ticsalutsocial.atoom.space\/es\/noticia\/de-la-salud-digital-a-la-inteligencia-artificial-realidad-virtual-e-iot\/#breadcrumb","itemListElement":[{"@type":"ListItem","position":1,"name":"Inici","item":"https:\/\/ticsalutsocial.atoom.space\/es\/"},{"@type":"ListItem","position":2,"name":"De la Salud Digital a la Inteligencia Artificial, Realidad Virtual e IOT"}]},{"@type":"WebSite","@id":"https:\/\/ticsalutsocial.atoom.space\/es\/#website","url":"https:\/\/ticsalutsocial.atoom.space\/es\/","name":"Fundaci\u00f3 TIC Salut i Social","description":"","potentialAction":[{"@type":"SearchAction","target":{"@type":"EntryPoint","urlTemplate":"https:\/\/ticsalutsocial.atoom.space\/es\/?s={search_term_string}"},"query-input":{"@type":"PropertyValueSpecification","valueRequired":true,"valueName":"search_term_string"}}],"inLanguage":"es"}]}},"_links":{"self":[{"href":"https:\/\/ticsalutsocial.atoom.space\/es\/wp-json\/wp\/v2\/noticia\/3376","targetHints":{"allow":["GET"]}}],"collection":[{"href":"https:\/\/ticsalutsocial.atoom.space\/es\/wp-json\/wp\/v2\/noticia"}],"about":[{"href":"https:\/\/ticsalutsocial.atoom.space\/es\/wp-json\/wp\/v2\/types\/noticia"}],"author":[{"embeddable":true,"href":"https:\/\/ticsalutsocial.atoom.space\/es\/wp-json\/wp\/v2\/users\/21"}],"wp:featuredmedia":[{"embeddable":true,"href":"https:\/\/ticsalutsocial.atoom.space\/es\/wp-json\/wp\/v2\/media\/1887"}],"wp:attachment":[{"href":"https:\/\/ticsalutsocial.atoom.space\/es\/wp-json\/wp\/v2\/media?parent=3376"}],"wp:term":[{"taxonomy":"etiqueta","embeddable":true,"href":"https:\/\/ticsalutsocial.atoom.space\/es\/wp-json\/wp\/v2\/etiqueta?post=3376"},{"taxonomy":"tipus","embeddable":true,"href":"https:\/\/ticsalutsocial.atoom.space\/es\/wp-json\/wp\/v2\/tipus?post=3376"},{"taxonomy":"topic","embeddable":true,"href":"https:\/\/ticsalutsocial.atoom.space\/es\/wp-json\/wp\/v2\/topic?post=3376"}],"curies":[{"name":"wp","href":"https:\/\/api.w.org\/{rel}","templated":true}]}}