
{"id":33794,"date":"2025-10-06T10:51:39","date_gmt":"2025-10-06T08:51:39","guid":{"rendered":"https:\/\/ticsalutsocial.atoom.space\/noticia\/suecia-visita-catalunya-per-coneixer-el-model-de-certificacio-i-validacio-dactius-digitals-de-la-fundacio-tic-salut-i-social\/"},"modified":"2025-10-08T11:13:54","modified_gmt":"2025-10-08T09:13:54","slug":"suecia-visita-catalunya-per-coneixer-el-model-de-certificacio-i-validacio-dactius-digitals-de-la-fundacio-tic-salut-i-social","status":"publish","type":"noticia","link":"https:\/\/ticsalutsocial.atoom.space\/es\/noticia\/suecia-visita-catalunya-per-coneixer-el-model-de-certificacio-i-validacio-dactius-digitals-de-la-fundacio-tic-salut-i-social\/","title":{"rendered":"Suecia visita Catalu\u00f1a para conocer el modelo de certificaci\u00f3n y validaci\u00f3n de activos digitales de la Fundaci\u00f3n TIC Salut i Social"},"content":{"rendered":"<p data-start=\"395\" data-end=\"915\">La semana pasada, la <strong data-start=\"411\" data-end=\"441\">Fundaci\u00f3n TIC Salut Social<\/strong> ha acogido una <strong data-start=\"457\" data-end=\"477\">delegaci\u00f3n sueca<\/strong> para compartir conocimiento y buenas pr\u00e1cticas relacionadas con el <strong data-start=\"545\" data-end=\"595\">servicio de certificaci\u00f3n de activos digitales<\/strong>. La visita se enmarca dentro de la colaboraci\u00f3n europea derivada del proyecto <strong data-start=\"674\" data-end=\"690\">Label2Enable<\/strong>, en el que la Fundaci\u00f3n ha participado activamente en la <strong data-start=\"748\" data-end=\"825\">creaci\u00f3n y despliegue del est\u00e1ndar internacional com\u00fan CEN ISO\/TS 82304-2<\/strong>, dedicado a la evaluaci\u00f3n de la calidad y fiabilidad de los activos digitales de salud.<\/p>\n<p data-start=\"917\" data-end=\"1461\">Este est\u00e1ndar, ahora plenamente <strong data-start=\"949\" data-end=\"1015\">integrado en el servicio de certificaci\u00f3n de activos digitales<\/strong> de la Fundaci\u00f3n, ha despertado un amplio inter\u00e9s a escala europea, ya que <strong data-start=\"1090\" data-end=\"1177\">Catalu\u00f1a es uno de los primeros territorios que lo ha desplegado de manera efectiva<\/strong>. En este contexto, el pa\u00eds n\u00f3rdico ha querido conocer de cerca <strong data-start=\"1241\" data-end=\"1411\">c\u00f3mo puede replicar la metodolog\u00eda de trabajo, el modelo de gobernanza y la relaci\u00f3n entre el tejido industrial, la administraci\u00f3n p\u00fablica y las entidades proveedoras<\/strong> impulsados desde la Fundaci\u00f3n TIC Salut Social.<\/p>\n<p data-start=\"1463\" data-end=\"2046\">El encuentro, estructurado en <strong data-start=\"1493\" data-end=\"1509\">dos jornadas<\/strong>, ha reunido a <strong data-start=\"1524\" data-end=\"1602\">doce profesionales y representantes del ecosistema de innovaci\u00f3n de Suecia<\/strong>. Entre ellos, la <strong data-start=\"1620\" data-end=\"1662\">Compare Foundation \u2013 DigitalWell Arena<\/strong>, organismo hom\u00f3logo a la Fundaci\u00f3n TIC Salut Social; <strong data-start=\"1716\" data-end=\"1761\">profesores de la KTH Technical University<\/strong>; <strong data-start=\"1763\" data-end=\"1831\">responsables de planificaci\u00f3n sanitaria de la regi\u00f3n de V\u00e4rmland<\/strong>; <strong data-start=\"1833\" data-end=\"1877\">expertos de la Swedish Medical Authority<\/strong>; <strong data-start=\"1879\" data-end=\"1936\">representantes de los municipios de Karlstad y Arvika<\/strong>, as\u00ed como miembros de la <strong data-start=\"1962\" data-end=\"1997\">incubadora DigitalWell Ventures<\/strong>, especializada en <em data-start=\"2016\" data-end=\"2026\">startups<\/em> de salud digital.<\/p>\n<p data-start=\"2048\" data-end=\"2544\">El <strong data-start=\"2051\" data-end=\"2065\">primer d\u00eda<\/strong>, la delegaci\u00f3n particip\u00f3 en <strong data-start=\"2094\" data-end=\"2127\">sesiones te\u00f3ricas y pr\u00e1cticas<\/strong> en la sede de la Fundaci\u00f3n, lideradas por <strong data-start=\"2170\" data-end=\"2191\">Carme Pratdep\u00e0dua<\/strong>, responsable de Activos Digitales para la Ciudadan\u00eda, junto con los miembros de su equipo <strong data-start=\"2282\" data-end=\"2299\">Mario Navarro<\/strong> y <strong data-start=\"2302\" data-end=\"2318\">Pau Gallinat<\/strong>. Tambi\u00e9n participaron representantes de las \u00e1reas de <strong data-start=\"2372\" data-end=\"2399\">Sistemas de Informaci\u00f3n<\/strong> y de <strong data-start=\"2405\" data-end=\"2441\">Ciudadan\u00eda, Innovaci\u00f3n y Usuario<\/strong> del <strong data-start=\"2446\" data-end=\"2478\">Servicio Catal\u00e1n de la Salud<\/strong>, que compartieron proyectos como <strong data-start=\"2512\" data-end=\"2529\">La Meva Salut<\/strong> o <strong data-start=\"2532\" data-end=\"2541\">MAPES<\/strong>.<\/p>\n<p data-start=\"2546\" data-end=\"2797\">Asimismo, colaboraron <strong data-start=\"2568\" data-end=\"2577\">AQuAS<\/strong> y <strong data-start=\"2580\" data-end=\"2662\">empresas desarrolladoras de activos digitales ya certificados por la Fundaci\u00f3n<\/strong>, como <strong data-start=\"2669\" data-end=\"2683\">Doctomatic<\/strong>, <strong data-start=\"2685\" data-end=\"2704\">LactApp Medical<\/strong> y <strong data-start=\"2707\" data-end=\"2717\">eSalut<\/strong>, que aportaron su experiencia en los procesos de validaci\u00f3n e implementaci\u00f3n.<\/p>\n<p data-start=\"2799\" data-end=\"3097\">El <strong data-start=\"2802\" data-end=\"2817\">segundo d\u00eda<\/strong>, el grupo visit\u00f3 el <strong data-start=\"2838\" data-end=\"2862\">Hospital de Sant Pau<\/strong> para conocer su <strong data-start=\"2879\" data-end=\"2910\">estrategia en salud digital<\/strong>, el <strong>Digital\u00a0Health Validation Center<\/strong> y el<strong data-start=\"2997\" data-end=\"3048\">\u00a0Barcelona Health Hub<\/strong>.<\/p>\n<p data-start=\"3099\" data-end=\"3401\">Seg\u00fan <strong data-start=\"3105\" data-end=\"3124\">Marie Granander<\/strong>, gestora de proyectos en la <strong data-start=\"3153\" data-end=\"3174\">DigitalWell Arena<\/strong>, <em data-start=\"3176\" data-end=\"3399\">\u201cel papel pionero de la Fundaci\u00f3n TIC Salut Social en materia de evaluaci\u00f3n y validaci\u00f3n de activos digitales es todo un referente para muchas regiones y pa\u00edses europeos que a\u00fan no han iniciado este camino tan necesario.\u201d<\/em><\/p>\n<p data-start=\"3403\" data-end=\"3719\">Con esta visita, la <strong data-start=\"3423\" data-end=\"3453\">Fundaci\u00f3n TIC Salut Social<\/strong> refuerza la <strong data-start=\"3466\" data-end=\"3607\">imagen del Gobierno catal\u00e1n como referente europeo en planificaci\u00f3n y despliegue de pol\u00edticas sanitarias basadas en tecnolog\u00eda innovadora<\/strong>, en una <strong data-start=\"3616\" data-end=\"3718\">encuentro estrat\u00e9gico alineado con los est\u00e1ndares internacionales de los ecosistemas de innovaci\u00f3n<\/strong>.<\/p>\n","protected":false},"author":3,"featured_media":33791,"menu_order":0,"template":"","meta":{"_acf_changed":false,"inline_featured_image":false},"etiqueta":[],"tipus":[654],"topic":[],"class_list":["post-33794","noticia","type-noticia","status-publish","has-post-thumbnail","hentry","tipus-activos-digitales"],"acf":{"finalitzat":false,"tipus_plantilla":"objectius","template_objectius":{"cont_principal":"","imatge":false,"cont_seguent":{"titol":"","contingut":""},"seccio_llistat":{"titol":"","llistat":false},"objectius":{"titol":"","objectius":false},"documents":false},"autor":"","imatge":false,"textos_destacats":[{"texte":"Catalu\u00f1a es uno de los primeros territorios europeos en desplegar de manera efectiva un servicio de certificaci\u00f3n como el de la Fundaci\u00f3 TIC Salut i Social"}],"documents":false},"yoast_head":"<!-- This site is optimized with the Yoast SEO plugin v27.1.1 - https:\/\/yoast.com\/product\/yoast-seo-wordpress\/ -->\n<title>Suecia visita Catalu\u00f1a para conocer el modelo de certificaci\u00f3n y validaci\u00f3n de activos digitales de la Fundaci\u00f3n TIC Salut i Social - Fundaci\u00f3 TIC Salut i Social<\/title>\n<meta name=\"robots\" content=\"index, follow, max-snippet:-1, max-image-preview:large, max-video-preview:-1\" \/>\n<link rel=\"canonical\" href=\"https:\/\/ticsalutsocial.atoom.space\/es\/noticia\/suecia-visita-catalunya-per-coneixer-el-model-de-certificacio-i-validacio-dactius-digitals-de-la-fundacio-tic-salut-i-social\/\" \/>\n<meta property=\"og:locale\" content=\"es_ES\" \/>\n<meta property=\"og:type\" content=\"article\" \/>\n<meta property=\"og:title\" content=\"Suecia visita Catalu\u00f1a para conocer el modelo de certificaci\u00f3n y validaci\u00f3n de activos digitales de la Fundaci\u00f3n TIC Salut i Social - Fundaci\u00f3 TIC Salut i Social\" \/>\n<meta property=\"og:description\" content=\"La semana pasada, la Fundaci\u00f3n TIC Salut Social ha acogido una delegaci\u00f3n sueca para compartir conocimiento y buenas pr\u00e1cticas relacionadas con el servicio de certificaci\u00f3n de activos digitales. La visita se enmarca dentro de la colaboraci\u00f3n europea derivada del proyecto Label2Enable, en el que la Fundaci\u00f3n ha participado activamente en la creaci\u00f3n y despliegue del [&hellip;]\" \/>\n<meta property=\"og:url\" content=\"https:\/\/ticsalutsocial.atoom.space\/es\/noticia\/suecia-visita-catalunya-per-coneixer-el-model-de-certificacio-i-validacio-dactius-digitals-de-la-fundacio-tic-salut-i-social\/\" \/>\n<meta property=\"og:site_name\" content=\"Fundaci\u00f3 TIC Salut i Social\" \/>\n<meta property=\"article:modified_time\" content=\"2025-10-08T09:13:54+00:00\" \/>\n<meta property=\"og:image\" content=\"https:\/\/ticsalutsocial.atoom.space\/wp-content\/uploads\/2025\/10\/20251001_103023-scaled.jpg\" \/>\n\t<meta property=\"og:image:width\" content=\"2560\" \/>\n\t<meta property=\"og:image:height\" content=\"1441\" \/>\n\t<meta property=\"og:image:type\" content=\"image\/jpeg\" \/>\n<meta name=\"twitter:card\" content=\"summary_large_image\" \/>\n<meta name=\"twitter:label1\" content=\"Tiempo de lectura\" \/>\n\t<meta name=\"twitter:data1\" content=\"3 minutos\" \/>\n<script type=\"application\/ld+json\" class=\"yoast-schema-graph\">{\"@context\":\"https:\/\/schema.org\",\"@graph\":[{\"@type\":\"WebPage\",\"@id\":\"https:\/\/ticsalutsocial.atoom.space\/es\/noticia\/suecia-visita-catalunya-per-coneixer-el-model-de-certificacio-i-validacio-dactius-digitals-de-la-fundacio-tic-salut-i-social\/\",\"url\":\"https:\/\/ticsalutsocial.atoom.space\/es\/noticia\/suecia-visita-catalunya-per-coneixer-el-model-de-certificacio-i-validacio-dactius-digitals-de-la-fundacio-tic-salut-i-social\/\",\"name\":\"Suecia visita Catalu\u00f1a para conocer el modelo de certificaci\u00f3n y validaci\u00f3n de activos digitales de la Fundaci\u00f3n TIC Salut i Social - Fundaci\u00f3 TIC Salut i Social\",\"isPartOf\":{\"@id\":\"https:\/\/ticsalutsocial.atoom.space\/es\/#website\"},\"primaryImageOfPage\":{\"@id\":\"https:\/\/ticsalutsocial.atoom.space\/es\/noticia\/suecia-visita-catalunya-per-coneixer-el-model-de-certificacio-i-validacio-dactius-digitals-de-la-fundacio-tic-salut-i-social\/#primaryimage\"},\"image\":{\"@id\":\"https:\/\/ticsalutsocial.atoom.space\/es\/noticia\/suecia-visita-catalunya-per-coneixer-el-model-de-certificacio-i-validacio-dactius-digitals-de-la-fundacio-tic-salut-i-social\/#primaryimage\"},\"thumbnailUrl\":\"https:\/\/ticsalutsocial.atoom.space\/wp-content\/uploads\/2025\/10\/20251001_103023-scaled.jpg\",\"datePublished\":\"2025-10-06T08:51:39+00:00\",\"dateModified\":\"2025-10-08T09:13:54+00:00\",\"breadcrumb\":{\"@id\":\"https:\/\/ticsalutsocial.atoom.space\/es\/noticia\/suecia-visita-catalunya-per-coneixer-el-model-de-certificacio-i-validacio-dactius-digitals-de-la-fundacio-tic-salut-i-social\/#breadcrumb\"},\"inLanguage\":\"es\",\"potentialAction\":[{\"@type\":\"ReadAction\",\"target\":[\"https:\/\/ticsalutsocial.atoom.space\/es\/noticia\/suecia-visita-catalunya-per-coneixer-el-model-de-certificacio-i-validacio-dactius-digitals-de-la-fundacio-tic-salut-i-social\/\"]}]},{\"@type\":\"ImageObject\",\"inLanguage\":\"es\",\"@id\":\"https:\/\/ticsalutsocial.atoom.space\/es\/noticia\/suecia-visita-catalunya-per-coneixer-el-model-de-certificacio-i-validacio-dactius-digitals-de-la-fundacio-tic-salut-i-social\/#primaryimage\",\"url\":\"https:\/\/ticsalutsocial.atoom.space\/wp-content\/uploads\/2025\/10\/20251001_103023-scaled.jpg\",\"contentUrl\":\"https:\/\/ticsalutsocial.atoom.space\/wp-content\/uploads\/2025\/10\/20251001_103023-scaled.jpg\",\"width\":2560,\"height\":1441,\"caption\":\"Su\u00e8cia visita Catalunya per con\u00e8ixer el model de certificaci\u00f3 i validaci\u00f3 d\u2019actius digitals de la Fundaci\u00f3 TIC Salut i Social\"},{\"@type\":\"BreadcrumbList\",\"@id\":\"https:\/\/ticsalutsocial.atoom.space\/es\/noticia\/suecia-visita-catalunya-per-coneixer-el-model-de-certificacio-i-validacio-dactius-digitals-de-la-fundacio-tic-salut-i-social\/#breadcrumb\",\"itemListElement\":[{\"@type\":\"ListItem\",\"position\":1,\"name\":\"Inici\",\"item\":\"https:\/\/ticsalutsocial.atoom.space\/es\/\"},{\"@type\":\"ListItem\",\"position\":2,\"name\":\"Suecia visita Catalu\u00f1a para conocer el modelo de certificaci\u00f3n y validaci\u00f3n de activos digitales de la Fundaci\u00f3n TIC Salut i Social\"}]},{\"@type\":\"WebSite\",\"@id\":\"https:\/\/ticsalutsocial.atoom.space\/es\/#website\",\"url\":\"https:\/\/ticsalutsocial.atoom.space\/es\/\",\"name\":\"Fundaci\u00f3 TIC Salut i Social\",\"description\":\"\",\"potentialAction\":[{\"@type\":\"SearchAction\",\"target\":{\"@type\":\"EntryPoint\",\"urlTemplate\":\"https:\/\/ticsalutsocial.atoom.space\/es\/?s={search_term_string}\"},\"query-input\":{\"@type\":\"PropertyValueSpecification\",\"valueRequired\":true,\"valueName\":\"search_term_string\"}}],\"inLanguage\":\"es\"}]}<\/script>\n<!-- \/ Yoast SEO plugin. -->","yoast_head_json":{"title":"Suecia visita Catalu\u00f1a para conocer el modelo de certificaci\u00f3n y validaci\u00f3n de activos digitales de la Fundaci\u00f3n TIC Salut i Social - Fundaci\u00f3 TIC Salut i Social","robots":{"index":"index","follow":"follow","max-snippet":"max-snippet:-1","max-image-preview":"max-image-preview:large","max-video-preview":"max-video-preview:-1"},"canonical":"https:\/\/ticsalutsocial.atoom.space\/es\/noticia\/suecia-visita-catalunya-per-coneixer-el-model-de-certificacio-i-validacio-dactius-digitals-de-la-fundacio-tic-salut-i-social\/","og_locale":"es_ES","og_type":"article","og_title":"Suecia visita Catalu\u00f1a para conocer el modelo de certificaci\u00f3n y validaci\u00f3n de activos digitales de la Fundaci\u00f3n TIC Salut i Social - Fundaci\u00f3 TIC Salut i Social","og_description":"La semana pasada, la Fundaci\u00f3n TIC Salut Social ha acogido una delegaci\u00f3n sueca para compartir conocimiento y buenas pr\u00e1cticas relacionadas con el servicio de certificaci\u00f3n de activos digitales. La visita se enmarca dentro de la colaboraci\u00f3n europea derivada del proyecto Label2Enable, en el que la Fundaci\u00f3n ha participado activamente en la creaci\u00f3n y despliegue del [&hellip;]","og_url":"https:\/\/ticsalutsocial.atoom.space\/es\/noticia\/suecia-visita-catalunya-per-coneixer-el-model-de-certificacio-i-validacio-dactius-digitals-de-la-fundacio-tic-salut-i-social\/","og_site_name":"Fundaci\u00f3 TIC Salut i Social","article_modified_time":"2025-10-08T09:13:54+00:00","og_image":[{"width":2560,"height":1441,"url":"https:\/\/ticsalutsocial.atoom.space\/wp-content\/uploads\/2025\/10\/20251001_103023-scaled.jpg","type":"image\/jpeg"}],"twitter_card":"summary_large_image","twitter_misc":{"Tiempo de lectura":"3 minutos"},"schema":{"@context":"https:\/\/schema.org","@graph":[{"@type":"WebPage","@id":"https:\/\/ticsalutsocial.atoom.space\/es\/noticia\/suecia-visita-catalunya-per-coneixer-el-model-de-certificacio-i-validacio-dactius-digitals-de-la-fundacio-tic-salut-i-social\/","url":"https:\/\/ticsalutsocial.atoom.space\/es\/noticia\/suecia-visita-catalunya-per-coneixer-el-model-de-certificacio-i-validacio-dactius-digitals-de-la-fundacio-tic-salut-i-social\/","name":"Suecia visita Catalu\u00f1a para conocer el modelo de certificaci\u00f3n y validaci\u00f3n de activos digitales de la Fundaci\u00f3n TIC Salut i Social - Fundaci\u00f3 TIC Salut i Social","isPartOf":{"@id":"https:\/\/ticsalutsocial.atoom.space\/es\/#website"},"primaryImageOfPage":{"@id":"https:\/\/ticsalutsocial.atoom.space\/es\/noticia\/suecia-visita-catalunya-per-coneixer-el-model-de-certificacio-i-validacio-dactius-digitals-de-la-fundacio-tic-salut-i-social\/#primaryimage"},"image":{"@id":"https:\/\/ticsalutsocial.atoom.space\/es\/noticia\/suecia-visita-catalunya-per-coneixer-el-model-de-certificacio-i-validacio-dactius-digitals-de-la-fundacio-tic-salut-i-social\/#primaryimage"},"thumbnailUrl":"https:\/\/ticsalutsocial.atoom.space\/wp-content\/uploads\/2025\/10\/20251001_103023-scaled.jpg","datePublished":"2025-10-06T08:51:39+00:00","dateModified":"2025-10-08T09:13:54+00:00","breadcrumb":{"@id":"https:\/\/ticsalutsocial.atoom.space\/es\/noticia\/suecia-visita-catalunya-per-coneixer-el-model-de-certificacio-i-validacio-dactius-digitals-de-la-fundacio-tic-salut-i-social\/#breadcrumb"},"inLanguage":"es","potentialAction":[{"@type":"ReadAction","target":["https:\/\/ticsalutsocial.atoom.space\/es\/noticia\/suecia-visita-catalunya-per-coneixer-el-model-de-certificacio-i-validacio-dactius-digitals-de-la-fundacio-tic-salut-i-social\/"]}]},{"@type":"ImageObject","inLanguage":"es","@id":"https:\/\/ticsalutsocial.atoom.space\/es\/noticia\/suecia-visita-catalunya-per-coneixer-el-model-de-certificacio-i-validacio-dactius-digitals-de-la-fundacio-tic-salut-i-social\/#primaryimage","url":"https:\/\/ticsalutsocial.atoom.space\/wp-content\/uploads\/2025\/10\/20251001_103023-scaled.jpg","contentUrl":"https:\/\/ticsalutsocial.atoom.space\/wp-content\/uploads\/2025\/10\/20251001_103023-scaled.jpg","width":2560,"height":1441,"caption":"Su\u00e8cia visita Catalunya per con\u00e8ixer el model de certificaci\u00f3 i validaci\u00f3 d\u2019actius digitals de la Fundaci\u00f3 TIC Salut i Social"},{"@type":"BreadcrumbList","@id":"https:\/\/ticsalutsocial.atoom.space\/es\/noticia\/suecia-visita-catalunya-per-coneixer-el-model-de-certificacio-i-validacio-dactius-digitals-de-la-fundacio-tic-salut-i-social\/#breadcrumb","itemListElement":[{"@type":"ListItem","position":1,"name":"Inici","item":"https:\/\/ticsalutsocial.atoom.space\/es\/"},{"@type":"ListItem","position":2,"name":"Suecia visita Catalu\u00f1a para conocer el modelo de certificaci\u00f3n y validaci\u00f3n de activos digitales de la Fundaci\u00f3n TIC Salut i Social"}]},{"@type":"WebSite","@id":"https:\/\/ticsalutsocial.atoom.space\/es\/#website","url":"https:\/\/ticsalutsocial.atoom.space\/es\/","name":"Fundaci\u00f3 TIC Salut i Social","description":"","potentialAction":[{"@type":"SearchAction","target":{"@type":"EntryPoint","urlTemplate":"https:\/\/ticsalutsocial.atoom.space\/es\/?s={search_term_string}"},"query-input":{"@type":"PropertyValueSpecification","valueRequired":true,"valueName":"search_term_string"}}],"inLanguage":"es"}]}},"_links":{"self":[{"href":"https:\/\/ticsalutsocial.atoom.space\/es\/wp-json\/wp\/v2\/noticia\/33794","targetHints":{"allow":["GET"]}}],"collection":[{"href":"https:\/\/ticsalutsocial.atoom.space\/es\/wp-json\/wp\/v2\/noticia"}],"about":[{"href":"https:\/\/ticsalutsocial.atoom.space\/es\/wp-json\/wp\/v2\/types\/noticia"}],"author":[{"embeddable":true,"href":"https:\/\/ticsalutsocial.atoom.space\/es\/wp-json\/wp\/v2\/users\/3"}],"wp:featuredmedia":[{"embeddable":true,"href":"https:\/\/ticsalutsocial.atoom.space\/es\/wp-json\/wp\/v2\/media\/33791"}],"wp:attachment":[{"href":"https:\/\/ticsalutsocial.atoom.space\/es\/wp-json\/wp\/v2\/media?parent=33794"}],"wp:term":[{"taxonomy":"etiqueta","embeddable":true,"href":"https:\/\/ticsalutsocial.atoom.space\/es\/wp-json\/wp\/v2\/etiqueta?post=33794"},{"taxonomy":"tipus","embeddable":true,"href":"https:\/\/ticsalutsocial.atoom.space\/es\/wp-json\/wp\/v2\/tipus?post=33794"},{"taxonomy":"topic","embeddable":true,"href":"https:\/\/ticsalutsocial.atoom.space\/es\/wp-json\/wp\/v2\/topic?post=33794"}],"curies":[{"name":"wp","href":"https:\/\/api.w.org\/{rel}","templated":true}]}}