
{"id":3382,"date":"2018-01-10T14:37:15","date_gmt":"2018-01-10T12:37:15","guid":{"rendered":"https:\/\/ticsalutsocial.atoom.space\/?post_type=noticia&#038;p=3382"},"modified":"2021-07-21T15:36:25","modified_gmt":"2021-07-21T13:36:25","slug":"durante-el-2017-ha-habido-una-apuesta-decidida-hacia-los-modelos-de-cloud-y-la-telemonitorizacion","status":"publish","type":"noticia","link":"https:\/\/ticsalutsocial.atoom.space\/es\/noticia\/durante-el-2017-ha-habido-una-apuesta-decidida-hacia-los-modelos-de-cloud-y-la-telemonitorizacion\/","title":{"rendered":"\u00abDurante el 2017 ha habido una apuesta decidida hacia los modelos de cloud y la telemonitorizaci\u00f3n\u00bb"},"content":{"rendered":"<p>Un a\u00f1o m\u00e1s, aprovechamos el inicio de a\u00f1o para recoger las impresiones de nuestro Director, el Dr. Francesc Garcia Cuy\u00e0s, que reflexiona sobre las principales tendencias observadas en el ecosistema sanitario catal\u00e1n durante el \u00faltimo a\u00f1o y las pr\u00f3ximas en 2018. En esta edici\u00f3n nos hacemos eco de una entrevista realizada por HIMSS Europe, publicada recientemente y que queremos compartir en este espacio. La Fundaci\u00f3n TIC Salut Social y HIMSS Europe colaboran desde hace a\u00f1os y en este 2018 TIC Salut Social participar\u00e1 en la HIMSS Europe Conference and Health 2.0 que tendr\u00e1 lugar en Sitges (Barcelona) los d\u00edas 27-29 de mayo.<\/p>\n<p><strong>-\u00bfQu\u00e9 tendencias en salud digital cree que ser\u00e1n relevantes en el 2018?<\/strong><\/p>\n<p>Creemos que este a\u00f1o cobrar\u00e1n importancia las llamadas <strong>terapias digitales<\/strong>: tecnolog\u00eda que ayuda al ciudadano y al profesional sanitario. La <strong>realidad virtual<\/strong> y la <strong>realidad aumentada<\/strong> son claros ejemplos de terapias digitales al alza. \u00c9stas pasar\u00e1n a formar parte del arsenal terap\u00e9utico de los m\u00e9dicos. Adem\u00e1s, impulsar\u00e1n nuevos entornos de formaci\u00f3n y simulaci\u00f3n.<\/p>\n<p>En este \u00e1mbito, la Fundaci\u00f3n est\u00e1 trabajando en un proyecto para tratar la agorafobia con realidad virtual. Este tratamiento se proporcionar\u00e1 en el centro de salud mental y tambi\u00e9n lo podr\u00e1n usar los pacientes en casa. Adem\u00e1s, la inteligencia artificial tendr\u00e1 una gran importancia en la detecci\u00f3n de tendencias en salud. Con todo, los algoritmos usados en esta disciplina deben validarse cient\u00edficamente, de otro modo podr\u00edan crearse situaciones muy peligrosas.<\/p>\n<p><strong>-\u00bfLa tecnolog\u00eda alejar\u00e1 al m\u00e9dico del paciente?<\/strong><\/p>\n<p>De ning\u00fan modo. La tecnolog\u00eda no debe anular la cara humana de la Medicina. A\u00fan con las herramientas tecnol\u00f3gicas debemos seguir estando cerca del ciudadano y mantener el contacto humano\u2026 Seguir \u201ctocando\u201d al paciente. En este sentido, la atenci\u00f3n domiciliaria ser\u00e1 cada vez m\u00e1s importante. El objetivo es evitar el hospital y tener un sistema de atenci\u00f3n integral a domicilio, manteniendo el lado humano de la medicina.<\/p>\n<p><strong>-Recientemente han presentado el <a href=\"http:\/\/www.ticsalut.cat\/actualitat\/noticies\/seccio\/31\/165\/seguir-potenciant-la-connexio-i-lintercanvi-de-dades-entres-salut-i-social-un-dels-proxims-reptes-extrets-de-linforme-del-mapa-de-tendencies-2017\" data-cke-saved-href=\"http:\/\/www.ticsalut.cat\/actualitat\/noticies\/seccio\/31\/165\/seguir-potenciant-la-connexio-i-lintercanvi-de-dades-entres-salut-i-social-un-dels-proxims-reptes-extrets-de-linforme-del-mapa-de-tendencies-2017\">Mapa de Tendencias de TIC Salut<\/a>. \u00bfEn qu\u00e9 consiste?<\/strong><\/p>\n<p>El <strong>Mapa de Tendencias <\/strong>es una encuesta que iniciamos hace diez a\u00f1os para detectar c\u00f3mo evolucionan tecnol\u00f3gicamente los centros sanitarios de Catalu\u00f1a. Muestra c\u00f3mo incorporan la tecnolog\u00eda y cu\u00e1les son sus necesidades. Al mismo tiempo, proporciona informaci\u00f3n a la empresa privada sobre los negocios que pueden ser interesantes para la Administraci\u00f3n.<\/p>\n<p><strong>-\u00bfCu\u00e1les han sido las tendencias m\u00e1s destacadas en 2017?<\/strong><\/p>\n<p>Hemos observado dos tendencias interesantes. Por un lado, existe una apuesta decidida por los modelos de Cloud para optimizar los servicios de las organizaciones. Por el otro, la telemonitorizaci\u00f3n. En el 2017 han aumentado en un 10% los proyectos que usan tele-monitorizaci\u00f3n de enfermos complejos. Otra tendencia que empieza a despuntar son las <strong>apps de salud<\/strong>. Cada vez se da m\u00e1s importancia a aplicaciones m\u00f3viles acreditadas que puedan ser prescritas o recomendadas por los profesionales. Aunque tambi\u00e9n observamos cierto recelo ya que representan una nueva forma de trabajar y los m\u00e9dicos quieren estar seguros de que van a beneficiar al paciente.<\/p>\n<p><strong>-\u00bfQui\u00e9n demanda m\u00e1s apps, el ciudadano o el profesional sanitario?<\/strong><\/p>\n<p>Ambos. Los profesionales quieren estar cerca del paciente y tener datos de \u00e9l, y las apps lo permiten. Y el ciudadano quiere tener m\u00e1s informaci\u00f3n y control sobre su estado de salud.<\/p>\n<p><strong>-Las apps son una de las apuestas de la Fundaci\u00f3n para el 2018. \u00bfQu\u00e9 proyectos ten\u00e9is en este \u00e1mbito?<\/strong><\/p>\n<p>Hace dos a\u00f1os iniciamos el proyecto <strong>App Salut<\/strong>, que apuesta por la prescripci\u00f3n y recomendaci\u00f3n de apps desde la sanidad. App Salut acredita aplicaciones m\u00f3viles para asegurar que sean beneficiosas para el ciudadano. La acreditaci\u00f3n incluye cuatro \u00e1reas: seguridad, usabilidad, protecci\u00f3n de datos y evidencia cient\u00edfica. Este trabajo lo realizamos con varias entidades: el Colegio de M\u00e9dicos (COMB), el Colegio de Enfermer\u00eda, la Sociedad Catalana de Enfermer\u00eda, la Sociedad Catalana de Medicina Familiar y Comunitaria (CAMFIC), el Colegio de Psic\u00f3logos Cl\u00ednicos y el Colegio de Educaci\u00f3n F\u00edsica y del Deporte. Si la app es validada, obtiene un sello y se integra en el sistema de informaci\u00f3n de Atenci\u00f3n Primaria (eCap). Tambi\u00e9n se pueden encontrar en un <a href=\"https:\/\/appsalut.gencat.cat\/\" data-cke-saved-href=\"https:\/\/appsalut.gencat.cat\/\">portal abierto<\/a>. El octubre iniciamos un proyecto piloto y los resultados han sido excelentes, por lo que la prescripci\u00f3n de apps se incorporar\u00e1 al sistema de salud.<\/p>\n<p><strong>-Tamb\u00e9 trabaj\u00e1is para incluir la tecnolog\u00eda en la experiencia del paciente. \u00bfEn qu\u00e9 consiste el proyecto DPax?<\/strong><\/p>\n<p>El proyecto <strong>DPax<\/strong> (Digital Patient Experience) surge de un requerimiento del <a href=\"http:\/\/salutweb.gencat.cat\/ca\/el_departament\/Pla_salut\/pla-de-salut-2016-2020\/\" data-cke-saved-href=\"http:\/\/salutweb.gencat.cat\/ca\/el_departament\/Pla_salut\/pla-de-salut-2016-2020\/\">Plan de Salud 2016-2020<\/a>: la transformaci\u00f3n digital del sistema sanitario. Nuestro trabajo consiste en analizar los diferentes procesos sanitarios incluyendo a todos los stakeholders, entre ellos el ciudadano, sin duda el m\u00e1s importante. As\u00ed, incorporamos al ciudadano al dise\u00f1o de los procesos y as\u00ed conocemos sus necesidades y expectativas. Una vez realizado el an\u00e1lisis, introducimos herramientas tecnol\u00f3gicas que faciliten la experiencia del paciente y del profesional. Incluir al ciudadano en el equipo sanitario es clave y est\u00e1 dando grandes resultados.<\/p>\n<p><strong>-\u00bfQu\u00e9 tipo de pacientes ha incorporado DPax hasta el momento?<\/strong><\/p>\n<p>El modelo DPax incluye por ahora las patolog\u00edas de <strong>diabetes<\/strong>, <strong>EPOC<\/strong> e <strong>ictus<\/strong>. En un futuro pr\u00f3ximo lanzaremos oncolog\u00eda y atenci\u00f3n domiciliaria. Tambi\u00e9n trabajamos en la virtualizaci\u00f3n de la Atenci\u00f3n Primaria, intentando digitalizar procesos que faciliten la vida al usuario. Desde hace un a\u00f1o contamos con el eConsult. Despu\u00e9s de una primera visita presencial, m\u00e9dico y ciudadano deciden que se comunicar\u00e1n de forma virtual. Es un sistema muy aceptado ya que ofrece comodidad. Ahora nuestro objetivo es extenderlo a la atenci\u00f3n especializada.<\/p>\n<p><strong>-\u00bfC\u00f3mo se realiza la comunicaci\u00f3n virtual entre m\u00e9dico y paciente?<\/strong><\/p>\n<p>Hemos construido una plataforma que permite que se comuniquen a trav\u00e9s de un chat. Descartamos la videoconferencia porque era demasiado compleja. Tampoco usamos correo electr\u00f3nico porque no es una herramienta segura para este tipo de comunicaciones.<\/p>\n<p><strong>-Ten\u00e9is previsto lanzar el Observatorio de la Salud Digital. \u00bfCu\u00e1les son sus objetivos?<\/strong><\/p>\n<p>Queremos recabar conocimiento, experiencias, encuestas\u2026 Explorar qu\u00e9 est\u00e1 pasando en salud digital para interpretar este conocimiento y divulgarlo de forma estandarizada. Adem\u00e1s, queremos crear informaci\u00f3n propia y convertirnos en un referente en divulgaci\u00f3n en este campo. Tenemos previsto el lanzamiento del Observatorio en marzo.<\/p>\n","protected":false},"author":21,"featured_media":3378,"menu_order":0,"template":"","meta":{"_acf_changed":false,"inline_featured_image":false},"etiqueta":[],"tipus":[],"topic":[123],"class_list":["post-3382","noticia","type-noticia","status-publish","has-post-thumbnail","hentry","topic-actualidad"],"acf":{"imatge":3380,"autor":"Adri\u00e0 G.Font","textos_destacats":[{"texte":"HIMSS Europe entrevista al director de la Fundaci\u00f3n TIC Salut Social, el Dr. Francesc Garcia Cuy\u00e0s"}]},"yoast_head":"<!-- This site is optimized with the Yoast SEO plugin v27.1.1 - https:\/\/yoast.com\/product\/yoast-seo-wordpress\/ -->\n<title>&quot;Durante el 2017 ha habido una apuesta decidida hacia los modelos de cloud y la telemonitorizaci\u00f3n&quot; - Fundaci\u00f3 TIC Salut i Social<\/title>\n<meta name=\"robots\" content=\"index, follow, max-snippet:-1, max-image-preview:large, max-video-preview:-1\" \/>\n<link rel=\"canonical\" href=\"https:\/\/ticsalutsocial.atoom.space\/es\/noticia\/durante-el-2017-ha-habido-una-apuesta-decidida-hacia-los-modelos-de-cloud-y-la-telemonitorizacion\/\" \/>\n<meta property=\"og:locale\" content=\"es_ES\" \/>\n<meta property=\"og:type\" content=\"article\" \/>\n<meta property=\"og:title\" content=\"&quot;Durante el 2017 ha habido una apuesta decidida hacia los modelos de cloud y la telemonitorizaci\u00f3n&quot; - Fundaci\u00f3 TIC Salut i Social\" \/>\n<meta property=\"og:description\" content=\"Un a\u00f1o m\u00e1s, aprovechamos el inicio de a\u00f1o para recoger las impresiones de nuestro Director, el Dr. Francesc Garcia Cuy\u00e0s, que reflexiona sobre las principales tendencias observadas en el ecosistema sanitario catal\u00e1n durante el \u00faltimo a\u00f1o y las pr\u00f3ximas en 2018. En esta edici\u00f3n nos hacemos eco de una entrevista realizada por HIMSS Europe, publicada [&hellip;]\" \/>\n<meta property=\"og:url\" content=\"https:\/\/ticsalutsocial.atoom.space\/es\/noticia\/durante-el-2017-ha-habido-una-apuesta-decidida-hacia-los-modelos-de-cloud-y-la-telemonitorizacion\/\" \/>\n<meta property=\"og:site_name\" content=\"Fundaci\u00f3 TIC Salut i Social\" \/>\n<meta property=\"article:modified_time\" content=\"2021-07-21T13:36:25+00:00\" \/>\n<meta property=\"og:image\" content=\"https:\/\/ticsalutsocial.atoom.space\/wp-content\/uploads\/2018\/01\/fgc_entrevista.jpg\" \/>\n\t<meta property=\"og:image:width\" content=\"846\" \/>\n\t<meta property=\"og:image:height\" content=\"400\" \/>\n\t<meta property=\"og:image:type\" content=\"image\/jpeg\" \/>\n<meta name=\"twitter:card\" content=\"summary_large_image\" \/>\n<meta name=\"twitter:label1\" content=\"Tiempo de lectura\" \/>\n\t<meta name=\"twitter:data1\" content=\"5 minutos\" \/>\n<script type=\"application\/ld+json\" class=\"yoast-schema-graph\">{\"@context\":\"https:\/\/schema.org\",\"@graph\":[{\"@type\":\"WebPage\",\"@id\":\"https:\/\/ticsalutsocial.atoom.space\/es\/noticia\/durante-el-2017-ha-habido-una-apuesta-decidida-hacia-los-modelos-de-cloud-y-la-telemonitorizacion\/\",\"url\":\"https:\/\/ticsalutsocial.atoom.space\/es\/noticia\/durante-el-2017-ha-habido-una-apuesta-decidida-hacia-los-modelos-de-cloud-y-la-telemonitorizacion\/\",\"name\":\"\\\"Durante el 2017 ha habido una apuesta decidida hacia los modelos de cloud y la telemonitorizaci\u00f3n\\\" - Fundaci\u00f3 TIC Salut i Social\",\"isPartOf\":{\"@id\":\"https:\/\/ticsalutsocial.atoom.space\/es\/#website\"},\"primaryImageOfPage\":{\"@id\":\"https:\/\/ticsalutsocial.atoom.space\/es\/noticia\/durante-el-2017-ha-habido-una-apuesta-decidida-hacia-los-modelos-de-cloud-y-la-telemonitorizacion\/#primaryimage\"},\"image\":{\"@id\":\"https:\/\/ticsalutsocial.atoom.space\/es\/noticia\/durante-el-2017-ha-habido-una-apuesta-decidida-hacia-los-modelos-de-cloud-y-la-telemonitorizacion\/#primaryimage\"},\"thumbnailUrl\":\"https:\/\/ticsalutsocial.atoom.space\/wp-content\/uploads\/2018\/01\/fgc_entrevista.jpg\",\"datePublished\":\"2018-01-10T12:37:15+00:00\",\"dateModified\":\"2021-07-21T13:36:25+00:00\",\"breadcrumb\":{\"@id\":\"https:\/\/ticsalutsocial.atoom.space\/es\/noticia\/durante-el-2017-ha-habido-una-apuesta-decidida-hacia-los-modelos-de-cloud-y-la-telemonitorizacion\/#breadcrumb\"},\"inLanguage\":\"es\",\"potentialAction\":[{\"@type\":\"ReadAction\",\"target\":[\"https:\/\/ticsalutsocial.atoom.space\/es\/noticia\/durante-el-2017-ha-habido-una-apuesta-decidida-hacia-los-modelos-de-cloud-y-la-telemonitorizacion\/\"]}]},{\"@type\":\"ImageObject\",\"inLanguage\":\"es\",\"@id\":\"https:\/\/ticsalutsocial.atoom.space\/es\/noticia\/durante-el-2017-ha-habido-una-apuesta-decidida-hacia-los-modelos-de-cloud-y-la-telemonitorizacion\/#primaryimage\",\"url\":\"https:\/\/ticsalutsocial.atoom.space\/wp-content\/uploads\/2018\/01\/fgc_entrevista.jpg\",\"contentUrl\":\"https:\/\/ticsalutsocial.atoom.space\/wp-content\/uploads\/2018\/01\/fgc_entrevista.jpg\",\"width\":846,\"height\":400},{\"@type\":\"BreadcrumbList\",\"@id\":\"https:\/\/ticsalutsocial.atoom.space\/es\/noticia\/durante-el-2017-ha-habido-una-apuesta-decidida-hacia-los-modelos-de-cloud-y-la-telemonitorizacion\/#breadcrumb\",\"itemListElement\":[{\"@type\":\"ListItem\",\"position\":1,\"name\":\"Inici\",\"item\":\"https:\/\/ticsalutsocial.atoom.space\/es\/\"},{\"@type\":\"ListItem\",\"position\":2,\"name\":\"&#8220;Durante el 2017 ha habido una apuesta decidida hacia los modelos de cloud y la telemonitorizaci\u00f3n&#8221;\"}]},{\"@type\":\"WebSite\",\"@id\":\"https:\/\/ticsalutsocial.atoom.space\/es\/#website\",\"url\":\"https:\/\/ticsalutsocial.atoom.space\/es\/\",\"name\":\"Fundaci\u00f3 TIC Salut i Social\",\"description\":\"\",\"potentialAction\":[{\"@type\":\"SearchAction\",\"target\":{\"@type\":\"EntryPoint\",\"urlTemplate\":\"https:\/\/ticsalutsocial.atoom.space\/es\/?s={search_term_string}\"},\"query-input\":{\"@type\":\"PropertyValueSpecification\",\"valueRequired\":true,\"valueName\":\"search_term_string\"}}],\"inLanguage\":\"es\"}]}<\/script>\n<!-- \/ Yoast SEO plugin. -->","yoast_head_json":{"title":"\"Durante el 2017 ha habido una apuesta decidida hacia los modelos de cloud y la telemonitorizaci\u00f3n\" - Fundaci\u00f3 TIC Salut i Social","robots":{"index":"index","follow":"follow","max-snippet":"max-snippet:-1","max-image-preview":"max-image-preview:large","max-video-preview":"max-video-preview:-1"},"canonical":"https:\/\/ticsalutsocial.atoom.space\/es\/noticia\/durante-el-2017-ha-habido-una-apuesta-decidida-hacia-los-modelos-de-cloud-y-la-telemonitorizacion\/","og_locale":"es_ES","og_type":"article","og_title":"\"Durante el 2017 ha habido una apuesta decidida hacia los modelos de cloud y la telemonitorizaci\u00f3n\" - Fundaci\u00f3 TIC Salut i Social","og_description":"Un a\u00f1o m\u00e1s, aprovechamos el inicio de a\u00f1o para recoger las impresiones de nuestro Director, el Dr. Francesc Garcia Cuy\u00e0s, que reflexiona sobre las principales tendencias observadas en el ecosistema sanitario catal\u00e1n durante el \u00faltimo a\u00f1o y las pr\u00f3ximas en 2018. En esta edici\u00f3n nos hacemos eco de una entrevista realizada por HIMSS Europe, publicada [&hellip;]","og_url":"https:\/\/ticsalutsocial.atoom.space\/es\/noticia\/durante-el-2017-ha-habido-una-apuesta-decidida-hacia-los-modelos-de-cloud-y-la-telemonitorizacion\/","og_site_name":"Fundaci\u00f3 TIC Salut i Social","article_modified_time":"2021-07-21T13:36:25+00:00","og_image":[{"width":846,"height":400,"url":"https:\/\/ticsalutsocial.atoom.space\/wp-content\/uploads\/2018\/01\/fgc_entrevista.jpg","type":"image\/jpeg"}],"twitter_card":"summary_large_image","twitter_misc":{"Tiempo de lectura":"5 minutos"},"schema":{"@context":"https:\/\/schema.org","@graph":[{"@type":"WebPage","@id":"https:\/\/ticsalutsocial.atoom.space\/es\/noticia\/durante-el-2017-ha-habido-una-apuesta-decidida-hacia-los-modelos-de-cloud-y-la-telemonitorizacion\/","url":"https:\/\/ticsalutsocial.atoom.space\/es\/noticia\/durante-el-2017-ha-habido-una-apuesta-decidida-hacia-los-modelos-de-cloud-y-la-telemonitorizacion\/","name":"\"Durante el 2017 ha habido una apuesta decidida hacia los modelos de cloud y la telemonitorizaci\u00f3n\" - Fundaci\u00f3 TIC Salut i Social","isPartOf":{"@id":"https:\/\/ticsalutsocial.atoom.space\/es\/#website"},"primaryImageOfPage":{"@id":"https:\/\/ticsalutsocial.atoom.space\/es\/noticia\/durante-el-2017-ha-habido-una-apuesta-decidida-hacia-los-modelos-de-cloud-y-la-telemonitorizacion\/#primaryimage"},"image":{"@id":"https:\/\/ticsalutsocial.atoom.space\/es\/noticia\/durante-el-2017-ha-habido-una-apuesta-decidida-hacia-los-modelos-de-cloud-y-la-telemonitorizacion\/#primaryimage"},"thumbnailUrl":"https:\/\/ticsalutsocial.atoom.space\/wp-content\/uploads\/2018\/01\/fgc_entrevista.jpg","datePublished":"2018-01-10T12:37:15+00:00","dateModified":"2021-07-21T13:36:25+00:00","breadcrumb":{"@id":"https:\/\/ticsalutsocial.atoom.space\/es\/noticia\/durante-el-2017-ha-habido-una-apuesta-decidida-hacia-los-modelos-de-cloud-y-la-telemonitorizacion\/#breadcrumb"},"inLanguage":"es","potentialAction":[{"@type":"ReadAction","target":["https:\/\/ticsalutsocial.atoom.space\/es\/noticia\/durante-el-2017-ha-habido-una-apuesta-decidida-hacia-los-modelos-de-cloud-y-la-telemonitorizacion\/"]}]},{"@type":"ImageObject","inLanguage":"es","@id":"https:\/\/ticsalutsocial.atoom.space\/es\/noticia\/durante-el-2017-ha-habido-una-apuesta-decidida-hacia-los-modelos-de-cloud-y-la-telemonitorizacion\/#primaryimage","url":"https:\/\/ticsalutsocial.atoom.space\/wp-content\/uploads\/2018\/01\/fgc_entrevista.jpg","contentUrl":"https:\/\/ticsalutsocial.atoom.space\/wp-content\/uploads\/2018\/01\/fgc_entrevista.jpg","width":846,"height":400},{"@type":"BreadcrumbList","@id":"https:\/\/ticsalutsocial.atoom.space\/es\/noticia\/durante-el-2017-ha-habido-una-apuesta-decidida-hacia-los-modelos-de-cloud-y-la-telemonitorizacion\/#breadcrumb","itemListElement":[{"@type":"ListItem","position":1,"name":"Inici","item":"https:\/\/ticsalutsocial.atoom.space\/es\/"},{"@type":"ListItem","position":2,"name":"&#8220;Durante el 2017 ha habido una apuesta decidida hacia los modelos de cloud y la telemonitorizaci\u00f3n&#8221;"}]},{"@type":"WebSite","@id":"https:\/\/ticsalutsocial.atoom.space\/es\/#website","url":"https:\/\/ticsalutsocial.atoom.space\/es\/","name":"Fundaci\u00f3 TIC Salut i Social","description":"","potentialAction":[{"@type":"SearchAction","target":{"@type":"EntryPoint","urlTemplate":"https:\/\/ticsalutsocial.atoom.space\/es\/?s={search_term_string}"},"query-input":{"@type":"PropertyValueSpecification","valueRequired":true,"valueName":"search_term_string"}}],"inLanguage":"es"}]}},"_links":{"self":[{"href":"https:\/\/ticsalutsocial.atoom.space\/es\/wp-json\/wp\/v2\/noticia\/3382","targetHints":{"allow":["GET"]}}],"collection":[{"href":"https:\/\/ticsalutsocial.atoom.space\/es\/wp-json\/wp\/v2\/noticia"}],"about":[{"href":"https:\/\/ticsalutsocial.atoom.space\/es\/wp-json\/wp\/v2\/types\/noticia"}],"author":[{"embeddable":true,"href":"https:\/\/ticsalutsocial.atoom.space\/es\/wp-json\/wp\/v2\/users\/21"}],"wp:featuredmedia":[{"embeddable":true,"href":"https:\/\/ticsalutsocial.atoom.space\/es\/wp-json\/wp\/v2\/media\/3378"}],"wp:attachment":[{"href":"https:\/\/ticsalutsocial.atoom.space\/es\/wp-json\/wp\/v2\/media?parent=3382"}],"wp:term":[{"taxonomy":"etiqueta","embeddable":true,"href":"https:\/\/ticsalutsocial.atoom.space\/es\/wp-json\/wp\/v2\/etiqueta?post=3382"},{"taxonomy":"tipus","embeddable":true,"href":"https:\/\/ticsalutsocial.atoom.space\/es\/wp-json\/wp\/v2\/tipus?post=3382"},{"taxonomy":"topic","embeddable":true,"href":"https:\/\/ticsalutsocial.atoom.space\/es\/wp-json\/wp\/v2\/topic?post=3382"}],"curies":[{"name":"wp","href":"https:\/\/api.w.org\/{rel}","templated":true}]}}