
{"id":33859,"date":"2025-10-13T15:38:47","date_gmt":"2025-10-13T13:38:47","guid":{"rendered":"https:\/\/ticsalutsocial.atoom.space\/noticia\/loficina-del-dpd-aporta-el-seu-coneixement-en-proteccio-de-dades-al-v-congres-internacional-de-la-red-ibero-american-network-international-association-of-bioethics\/"},"modified":"2025-10-13T15:46:06","modified_gmt":"2025-10-13T13:46:06","slug":"loficina-del-dpd-aporta-el-seu-coneixement-en-proteccio-de-dades-al-v-congres-internacional-de-la-red-ibero-american-network-international-association-of-bioethics","status":"publish","type":"noticia","link":"https:\/\/ticsalutsocial.atoom.space\/es\/noticia\/loficina-del-dpd-aporta-el-seu-coneixement-en-proteccio-de-dades-al-v-congres-internacional-de-la-red-ibero-american-network-international-association-of-bioethics\/","title":{"rendered":"La Oficina del DPD aporta su conocimiento en protecci\u00f3n de datos al V Congreso Internacional de la Red Ibero-American Network International Association of Bioethics"},"content":{"rendered":"<p class=\"p1\"><b>Miriam M\u00e9ndez<\/b><span class=\"s1\">, responsable de <\/span><b>Investigaci\u00f3n e Innovaci\u00f3n de la Oficina del Delegado de Protecci\u00f3n de Datos en Salud de la <em>Fundaci\u00f3 TIC Salut i Social<\/em><\/b><span class=\"s1\">, ha participado en el <\/span><b>V Congreso Internacional de la Red Ibero-American Network International Association of Bioethics (IAB)<\/b><span class=\"s1\">.<\/span><\/p>\n<p class=\"p2\">El encuentro se celebr\u00f3 en el <span class=\"s2\"><b>Aula Magna de la Facultad de Medicina y Ciencias de la Salud del Campus Cl\u00ednic de la Universidad de Barcelona<\/b><\/span>, y su intervenci\u00f3n tuvo lugar en la mesa redonda <i>Cuestiones bio\u00e9ticas no resueltas en la evaluaci\u00f3n de la investigaci\u00f3n e innovaci\u00f3n en salud basada en inteligencia artificial, tecnolog\u00edas gen\u00e9ticas y datos personales<\/i>.<\/p>\n<p class=\"p2\">El debate se centr\u00f3 en un aspecto clave para el desarrollo de la innovaci\u00f3n digital en el \u00e1mbito sanitario: <span class=\"s2\"><b>c\u00f3mo deben considerarse las pruebas piloto con herramientas tecnol\u00f3gicas que utilizan datos de salud<\/b><\/span>.<\/p>\n<p class=\"p2\">Se plantearon diferentes escenarios: la posibilidad de tratarlas como proyectos de <span class=\"s2\"><b>investigaci\u00f3n que implican tratamientos de datos<\/b><\/span>, la de incluirlas <span class=\"s2\"><b>bajo finalidades asistenciales<\/b><\/span>, o la de entenderlas como una <span class=\"s2\"><b>categor\u00eda intermedia entre investigaci\u00f3n y asistencia<\/b><\/span>. Cada una de estas opciones conlleva <span class=\"s2\"><b>diferentes implicaciones normativas<\/b><\/span> en materia de protecci\u00f3n de datos.<\/p>\n<h2><\/h2>\n<h2><b>Integrar la protecci\u00f3n de datos desde el dise\u00f1o para reforzar la robustez y escalabilidad tecnol\u00f3gica<\/b><\/h2>\n<p class=\"p1\"><span class=\"s1\">Durante su exposici\u00f3n, M\u00e9ndez explic\u00f3 que el <\/span><b>desarrollo de las soluciones basadas en inteligencia artificial (IA)<\/b><span class=\"s1\"> atraviesa diversas fases: la <\/span><b>de dise\u00f1o y entrenamiento<\/b><span class=\"s1\">, la <\/span><b>de validaci\u00f3n y prueba en entornos controlados<\/b><span class=\"s1\">, y finalmente la <\/span><b>de despliegue o escalado en entornos reales<\/b><span class=\"s1\">.<\/span><\/p>\n<p class=\"p1\"><span class=\"s1\">En cada una de estas etapas, las <\/span><b>exigencias \u00e9ticas, la normativa vigente y los mecanismos para garantizar la privacidad y el uso \u00e9tico de los datos<\/b><span class=\"s1\"> pueden variar significativamente.<\/span><\/p>\n<p class=\"p1\"><span class=\"s1\">Por ello, resulta esencial <\/span><b>integrar desde el inicio del proyecto criterios de protecci\u00f3n de datos y salvaguardas \u00e9ticas<\/b><span class=\"s1\">, que no solo aseguren el cumplimiento normativo, sino que tambi\u00e9n <\/span><b>optimicen recursos, reduzcan costes y garanticen que el producto final sea m\u00e1s robusto, fiable y escalable dentro del ecosistema sanitario<\/b><span class=\"s1\">.<\/span><\/p>\n<p class=\"p1\"><span class=\"s1\">La participaci\u00f3n de la <\/span><b>Oficina del Delegado de Protecci\u00f3n de Datos en Salud<\/b><span class=\"s1\"> en este congreso es un ejemplo del <\/span><b>compromiso de Catalu\u00f1a, como regi\u00f3n europea, por impulsar procesos innovadores alineados con el complejo marco normativo europeo actual<\/b><span class=\"s1\">.<\/span><\/p>\n<p class=\"p1\"><span class=\"s1\">Las tecnolog\u00edas basadas en el uso de <\/span><b>datos sensibles que incorporan desde el inicio la normativa aplicable<\/b><span class=\"s1\"> ofrecen <\/span><b>mayores garant\u00edas de eficiencia, seguridad y escalabilidad<\/b><span class=\"s1\">, reforzando la <\/span><b>confianza del sistema sanitario y de sus usuarios<\/b><span class=\"s1\">.<\/span><\/p>\n","protected":false},"author":3,"featured_media":33857,"menu_order":0,"template":"","meta":{"_acf_changed":false,"inline_featured_image":false},"etiqueta":[],"tipus":[106],"topic":[121],"class_list":["post-33859","noticia","type-noticia","status-publish","has-post-thumbnail","hentry","tipus-dpd-salud","topic-dpd-es"],"acf":{"finalitzat":false,"tipus_plantilla":"objectius","template_objectius":{"cont_principal":"","imatge":false,"cont_seguent":{"titol":"","contingut":""},"seccio_llistat":{"titol":"","llistat":false},"objectius":{"titol":"","objectius":false},"documents":false},"autor":"","imatge":false,"textos_destacats":[{"texte":"Miriam M\u00e9ndez, del equipo de la Oficina del Delegado de Protecci\u00f3n de Datos (ODPD) de la Fundaci\u00f3 TIC Salut i Social, analiza el papel de la protecci\u00f3n de datos en las pruebas piloto con tecnolog\u00eda en el \u00e1mbito de la salud"}],"documents":false},"yoast_head":"<!-- This site is optimized with the Yoast SEO plugin v27.1.1 - https:\/\/yoast.com\/product\/yoast-seo-wordpress\/ -->\n<title>La Oficina del DPD aporta su conocimiento en protecci\u00f3n de datos al V Congreso Internacional de la Red Ibero-American Network International Association of Bioethics - Fundaci\u00f3 TIC Salut i Social<\/title>\n<meta name=\"robots\" content=\"index, follow, max-snippet:-1, max-image-preview:large, max-video-preview:-1\" \/>\n<link rel=\"canonical\" href=\"https:\/\/ticsalutsocial.atoom.space\/es\/noticia\/loficina-del-dpd-aporta-el-seu-coneixement-en-proteccio-de-dades-al-v-congres-internacional-de-la-red-ibero-american-network-international-association-of-bioethics\/\" \/>\n<meta property=\"og:locale\" content=\"es_ES\" \/>\n<meta property=\"og:type\" content=\"article\" \/>\n<meta property=\"og:title\" content=\"La Oficina del DPD aporta su conocimiento en protecci\u00f3n de datos al V Congreso Internacional de la Red Ibero-American Network International Association of Bioethics - Fundaci\u00f3 TIC Salut i Social\" \/>\n<meta property=\"og:description\" content=\"Miriam M\u00e9ndez, responsable de Investigaci\u00f3n e Innovaci\u00f3n de la Oficina del Delegado de Protecci\u00f3n de Datos en Salud de la Fundaci\u00f3 TIC Salut i Social, ha participado en el V Congreso Internacional de la Red Ibero-American Network International Association of Bioethics (IAB). El encuentro se celebr\u00f3 en el Aula Magna de la Facultad de Medicina [&hellip;]\" \/>\n<meta property=\"og:url\" content=\"https:\/\/ticsalutsocial.atoom.space\/es\/noticia\/loficina-del-dpd-aporta-el-seu-coneixement-en-proteccio-de-dades-al-v-congres-internacional-de-la-red-ibero-american-network-international-association-of-bioethics\/\" \/>\n<meta property=\"og:site_name\" content=\"Fundaci\u00f3 TIC Salut i Social\" \/>\n<meta property=\"article:modified_time\" content=\"2025-10-13T13:46:06+00:00\" \/>\n<meta property=\"og:image\" content=\"https:\/\/ticsalutsocial.atoom.space\/wp-content\/uploads\/2025\/10\/iStock-1135978786.jpg\" \/>\n\t<meta property=\"og:image:width\" content=\"1647\" \/>\n\t<meta property=\"og:image:height\" content=\"637\" \/>\n\t<meta property=\"og:image:type\" content=\"image\/jpeg\" \/>\n<meta name=\"twitter:card\" content=\"summary_large_image\" \/>\n<meta name=\"twitter:label1\" content=\"Tiempo de lectura\" \/>\n\t<meta name=\"twitter:data1\" content=\"3 minutos\" \/>\n<script type=\"application\/ld+json\" class=\"yoast-schema-graph\">{\"@context\":\"https:\/\/schema.org\",\"@graph\":[{\"@type\":\"WebPage\",\"@id\":\"https:\/\/ticsalutsocial.atoom.space\/es\/noticia\/loficina-del-dpd-aporta-el-seu-coneixement-en-proteccio-de-dades-al-v-congres-internacional-de-la-red-ibero-american-network-international-association-of-bioethics\/\",\"url\":\"https:\/\/ticsalutsocial.atoom.space\/es\/noticia\/loficina-del-dpd-aporta-el-seu-coneixement-en-proteccio-de-dades-al-v-congres-internacional-de-la-red-ibero-american-network-international-association-of-bioethics\/\",\"name\":\"La Oficina del DPD aporta su conocimiento en protecci\u00f3n de datos al V Congreso Internacional de la Red Ibero-American Network International Association of Bioethics - Fundaci\u00f3 TIC Salut i Social\",\"isPartOf\":{\"@id\":\"https:\/\/ticsalutsocial.atoom.space\/es\/#website\"},\"primaryImageOfPage\":{\"@id\":\"https:\/\/ticsalutsocial.atoom.space\/es\/noticia\/loficina-del-dpd-aporta-el-seu-coneixement-en-proteccio-de-dades-al-v-congres-internacional-de-la-red-ibero-american-network-international-association-of-bioethics\/#primaryimage\"},\"image\":{\"@id\":\"https:\/\/ticsalutsocial.atoom.space\/es\/noticia\/loficina-del-dpd-aporta-el-seu-coneixement-en-proteccio-de-dades-al-v-congres-internacional-de-la-red-ibero-american-network-international-association-of-bioethics\/#primaryimage\"},\"thumbnailUrl\":\"https:\/\/ticsalutsocial.atoom.space\/wp-content\/uploads\/2025\/10\/iStock-1135978786.jpg\",\"datePublished\":\"2025-10-13T13:38:47+00:00\",\"dateModified\":\"2025-10-13T13:46:06+00:00\",\"breadcrumb\":{\"@id\":\"https:\/\/ticsalutsocial.atoom.space\/es\/noticia\/loficina-del-dpd-aporta-el-seu-coneixement-en-proteccio-de-dades-al-v-congres-internacional-de-la-red-ibero-american-network-international-association-of-bioethics\/#breadcrumb\"},\"inLanguage\":\"es\",\"potentialAction\":[{\"@type\":\"ReadAction\",\"target\":[\"https:\/\/ticsalutsocial.atoom.space\/es\/noticia\/loficina-del-dpd-aporta-el-seu-coneixement-en-proteccio-de-dades-al-v-congres-internacional-de-la-red-ibero-american-network-international-association-of-bioethics\/\"]}]},{\"@type\":\"ImageObject\",\"inLanguage\":\"es\",\"@id\":\"https:\/\/ticsalutsocial.atoom.space\/es\/noticia\/loficina-del-dpd-aporta-el-seu-coneixement-en-proteccio-de-dades-al-v-congres-internacional-de-la-red-ibero-american-network-international-association-of-bioethics\/#primaryimage\",\"url\":\"https:\/\/ticsalutsocial.atoom.space\/wp-content\/uploads\/2025\/10\/iStock-1135978786.jpg\",\"contentUrl\":\"https:\/\/ticsalutsocial.atoom.space\/wp-content\/uploads\/2025\/10\/iStock-1135978786.jpg\",\"width\":1647,\"height\":637,\"caption\":\"image of chemical flasks, stylized ball, hourglass on biotechnological background\"},{\"@type\":\"BreadcrumbList\",\"@id\":\"https:\/\/ticsalutsocial.atoom.space\/es\/noticia\/loficina-del-dpd-aporta-el-seu-coneixement-en-proteccio-de-dades-al-v-congres-internacional-de-la-red-ibero-american-network-international-association-of-bioethics\/#breadcrumb\",\"itemListElement\":[{\"@type\":\"ListItem\",\"position\":1,\"name\":\"Inici\",\"item\":\"https:\/\/ticsalutsocial.atoom.space\/es\/\"},{\"@type\":\"ListItem\",\"position\":2,\"name\":\"La Oficina del DPD aporta su conocimiento en protecci\u00f3n de datos al V Congreso Internacional de la Red Ibero-American Network International Association of Bioethics\"}]},{\"@type\":\"WebSite\",\"@id\":\"https:\/\/ticsalutsocial.atoom.space\/es\/#website\",\"url\":\"https:\/\/ticsalutsocial.atoom.space\/es\/\",\"name\":\"Fundaci\u00f3 TIC Salut i Social\",\"description\":\"\",\"potentialAction\":[{\"@type\":\"SearchAction\",\"target\":{\"@type\":\"EntryPoint\",\"urlTemplate\":\"https:\/\/ticsalutsocial.atoom.space\/es\/?s={search_term_string}\"},\"query-input\":{\"@type\":\"PropertyValueSpecification\",\"valueRequired\":true,\"valueName\":\"search_term_string\"}}],\"inLanguage\":\"es\"}]}<\/script>\n<!-- \/ Yoast SEO plugin. -->","yoast_head_json":{"title":"La Oficina del DPD aporta su conocimiento en protecci\u00f3n de datos al V Congreso Internacional de la Red Ibero-American Network International Association of Bioethics - Fundaci\u00f3 TIC Salut i Social","robots":{"index":"index","follow":"follow","max-snippet":"max-snippet:-1","max-image-preview":"max-image-preview:large","max-video-preview":"max-video-preview:-1"},"canonical":"https:\/\/ticsalutsocial.atoom.space\/es\/noticia\/loficina-del-dpd-aporta-el-seu-coneixement-en-proteccio-de-dades-al-v-congres-internacional-de-la-red-ibero-american-network-international-association-of-bioethics\/","og_locale":"es_ES","og_type":"article","og_title":"La Oficina del DPD aporta su conocimiento en protecci\u00f3n de datos al V Congreso Internacional de la Red Ibero-American Network International Association of Bioethics - Fundaci\u00f3 TIC Salut i Social","og_description":"Miriam M\u00e9ndez, responsable de Investigaci\u00f3n e Innovaci\u00f3n de la Oficina del Delegado de Protecci\u00f3n de Datos en Salud de la Fundaci\u00f3 TIC Salut i Social, ha participado en el V Congreso Internacional de la Red Ibero-American Network International Association of Bioethics (IAB). El encuentro se celebr\u00f3 en el Aula Magna de la Facultad de Medicina [&hellip;]","og_url":"https:\/\/ticsalutsocial.atoom.space\/es\/noticia\/loficina-del-dpd-aporta-el-seu-coneixement-en-proteccio-de-dades-al-v-congres-internacional-de-la-red-ibero-american-network-international-association-of-bioethics\/","og_site_name":"Fundaci\u00f3 TIC Salut i Social","article_modified_time":"2025-10-13T13:46:06+00:00","og_image":[{"width":1647,"height":637,"url":"https:\/\/ticsalutsocial.atoom.space\/wp-content\/uploads\/2025\/10\/iStock-1135978786.jpg","type":"image\/jpeg"}],"twitter_card":"summary_large_image","twitter_misc":{"Tiempo de lectura":"3 minutos"},"schema":{"@context":"https:\/\/schema.org","@graph":[{"@type":"WebPage","@id":"https:\/\/ticsalutsocial.atoom.space\/es\/noticia\/loficina-del-dpd-aporta-el-seu-coneixement-en-proteccio-de-dades-al-v-congres-internacional-de-la-red-ibero-american-network-international-association-of-bioethics\/","url":"https:\/\/ticsalutsocial.atoom.space\/es\/noticia\/loficina-del-dpd-aporta-el-seu-coneixement-en-proteccio-de-dades-al-v-congres-internacional-de-la-red-ibero-american-network-international-association-of-bioethics\/","name":"La Oficina del DPD aporta su conocimiento en protecci\u00f3n de datos al V Congreso Internacional de la Red Ibero-American Network International Association of Bioethics - Fundaci\u00f3 TIC Salut i Social","isPartOf":{"@id":"https:\/\/ticsalutsocial.atoom.space\/es\/#website"},"primaryImageOfPage":{"@id":"https:\/\/ticsalutsocial.atoom.space\/es\/noticia\/loficina-del-dpd-aporta-el-seu-coneixement-en-proteccio-de-dades-al-v-congres-internacional-de-la-red-ibero-american-network-international-association-of-bioethics\/#primaryimage"},"image":{"@id":"https:\/\/ticsalutsocial.atoom.space\/es\/noticia\/loficina-del-dpd-aporta-el-seu-coneixement-en-proteccio-de-dades-al-v-congres-internacional-de-la-red-ibero-american-network-international-association-of-bioethics\/#primaryimage"},"thumbnailUrl":"https:\/\/ticsalutsocial.atoom.space\/wp-content\/uploads\/2025\/10\/iStock-1135978786.jpg","datePublished":"2025-10-13T13:38:47+00:00","dateModified":"2025-10-13T13:46:06+00:00","breadcrumb":{"@id":"https:\/\/ticsalutsocial.atoom.space\/es\/noticia\/loficina-del-dpd-aporta-el-seu-coneixement-en-proteccio-de-dades-al-v-congres-internacional-de-la-red-ibero-american-network-international-association-of-bioethics\/#breadcrumb"},"inLanguage":"es","potentialAction":[{"@type":"ReadAction","target":["https:\/\/ticsalutsocial.atoom.space\/es\/noticia\/loficina-del-dpd-aporta-el-seu-coneixement-en-proteccio-de-dades-al-v-congres-internacional-de-la-red-ibero-american-network-international-association-of-bioethics\/"]}]},{"@type":"ImageObject","inLanguage":"es","@id":"https:\/\/ticsalutsocial.atoom.space\/es\/noticia\/loficina-del-dpd-aporta-el-seu-coneixement-en-proteccio-de-dades-al-v-congres-internacional-de-la-red-ibero-american-network-international-association-of-bioethics\/#primaryimage","url":"https:\/\/ticsalutsocial.atoom.space\/wp-content\/uploads\/2025\/10\/iStock-1135978786.jpg","contentUrl":"https:\/\/ticsalutsocial.atoom.space\/wp-content\/uploads\/2025\/10\/iStock-1135978786.jpg","width":1647,"height":637,"caption":"image of chemical flasks, stylized ball, hourglass on biotechnological background"},{"@type":"BreadcrumbList","@id":"https:\/\/ticsalutsocial.atoom.space\/es\/noticia\/loficina-del-dpd-aporta-el-seu-coneixement-en-proteccio-de-dades-al-v-congres-internacional-de-la-red-ibero-american-network-international-association-of-bioethics\/#breadcrumb","itemListElement":[{"@type":"ListItem","position":1,"name":"Inici","item":"https:\/\/ticsalutsocial.atoom.space\/es\/"},{"@type":"ListItem","position":2,"name":"La Oficina del DPD aporta su conocimiento en protecci\u00f3n de datos al V Congreso Internacional de la Red Ibero-American Network International Association of Bioethics"}]},{"@type":"WebSite","@id":"https:\/\/ticsalutsocial.atoom.space\/es\/#website","url":"https:\/\/ticsalutsocial.atoom.space\/es\/","name":"Fundaci\u00f3 TIC Salut i Social","description":"","potentialAction":[{"@type":"SearchAction","target":{"@type":"EntryPoint","urlTemplate":"https:\/\/ticsalutsocial.atoom.space\/es\/?s={search_term_string}"},"query-input":{"@type":"PropertyValueSpecification","valueRequired":true,"valueName":"search_term_string"}}],"inLanguage":"es"}]}},"_links":{"self":[{"href":"https:\/\/ticsalutsocial.atoom.space\/es\/wp-json\/wp\/v2\/noticia\/33859","targetHints":{"allow":["GET"]}}],"collection":[{"href":"https:\/\/ticsalutsocial.atoom.space\/es\/wp-json\/wp\/v2\/noticia"}],"about":[{"href":"https:\/\/ticsalutsocial.atoom.space\/es\/wp-json\/wp\/v2\/types\/noticia"}],"author":[{"embeddable":true,"href":"https:\/\/ticsalutsocial.atoom.space\/es\/wp-json\/wp\/v2\/users\/3"}],"wp:featuredmedia":[{"embeddable":true,"href":"https:\/\/ticsalutsocial.atoom.space\/es\/wp-json\/wp\/v2\/media\/33857"}],"wp:attachment":[{"href":"https:\/\/ticsalutsocial.atoom.space\/es\/wp-json\/wp\/v2\/media?parent=33859"}],"wp:term":[{"taxonomy":"etiqueta","embeddable":true,"href":"https:\/\/ticsalutsocial.atoom.space\/es\/wp-json\/wp\/v2\/etiqueta?post=33859"},{"taxonomy":"tipus","embeddable":true,"href":"https:\/\/ticsalutsocial.atoom.space\/es\/wp-json\/wp\/v2\/tipus?post=33859"},{"taxonomy":"topic","embeddable":true,"href":"https:\/\/ticsalutsocial.atoom.space\/es\/wp-json\/wp\/v2\/topic?post=33859"}],"curies":[{"name":"wp","href":"https:\/\/api.w.org\/{rel}","templated":true}]}}