
{"id":33888,"date":"2025-10-16T10:24:02","date_gmt":"2025-10-16T08:24:02","guid":{"rendered":"https:\/\/ticsalutsocial.atoom.space\/noticia\/la-fundacio-tic-salut-i-social-rep-el-premi-fundacio-firagran-2025-en-la-categoria-de-tecnologia\/"},"modified":"2025-10-17T13:51:24","modified_gmt":"2025-10-17T11:51:24","slug":"la-fundacio-tic-salut-i-social-rep-el-premi-fundacio-firagran-2025-en-la-categoria-de-tecnologia","status":"publish","type":"noticia","link":"https:\/\/ticsalutsocial.atoom.space\/es\/noticia\/la-fundacio-tic-salut-i-social-rep-el-premi-fundacio-firagran-2025-en-la-categoria-de-tecnologia\/","title":{"rendered":"La Fundaci\u00f3 TIC Salut i Social recibe el Premio Fundaci\u00f3 FiraGran 2025 en la categor\u00eda de Tecnolog\u00eda"},"content":{"rendered":"<p class=\"p1\">La <span class=\"s1\"><b>Fundaci\u00f3 TIC Salut i Social<\/b><\/span> ha sido distinguida con el <span class=\"s1\"><b>Premio Fundaci\u00f3 FiraGran 2025<\/b><\/span> en la categor\u00eda de <i>Tecnolog\u00eda<\/i>, en este caso orientada a favor de las personas mayores. El galard\u00f3n reconoce la labor de la promoci\u00f3n de soluciones digitales que mejoran el bienestar y la salud de las personas, fomentan la autonom\u00eda y contribuyen a la calidad de vida de las personas mayores.<\/p>\n<p class=\"p1\">El acto de entrega de los galardones, celebrado el <span class=\"s1\"><b>16 de octubre en el Palau Macaya de Barcelona<\/b><\/span>, tuvo lugar en el marco de la <span class=\"s1\"><b>XXIV edici\u00f3n de los Premios Fundaci\u00f3 FiraGran<\/b><\/span> y fue presidido por <span class=\"s1\"><b>Ra\u00fal Moreno<\/b><\/span>, secretario general del Departamento de Derechos Sociales e Inclusi\u00f3n de la Generalitat de Catalu\u00f1a.<\/p>\n<p class=\"p1\">El premio, <span class=\"s1\"><b>recogido por el director de la Fundaci\u00f3 TIC Salut i Social<\/b><\/span>, pone de relieve la trayectoria y el servicio de esta entidad para favorecer la transformaci\u00f3n digital del sistema de servicios p\u00fablicos sociales y sanitarios. Su labor busca hacerlos m\u00e1s equitativos y eficientes, utilizando la tecnolog\u00eda como una herramienta que garantice mayor accesibilidad, seguridad y calidad tanto para las personas usuarias como para los profesionales, especialmente para las personas mayores y los colectivos m\u00e1s vulnerables.<\/p>\n<p>Entre los distintos proyectos relacionados con las personas mayores en los que participa la Fundaci\u00f3n TIC Salut i Social, destaca <a href=\"https:\/\/comfortage.eu\/\" target=\"_blank\" rel=\"noopener\"><strong data-start=\"169\" data-end=\"183\">COMFORTAGE<\/strong><\/a>. Se trata de una <strong>alianza internacional para transformar la atenci\u00f3n a la demencia y la fragilidad en Europa<\/strong>. En el marco de este proyecto se desarrollar\u00e1n modelos de salud hol\u00edsticos e integrados, adaptados a las necesidades individuales de las personas con trastornos mentales y f\u00edsicos vinculados a la edad. Tambi\u00e9n se est\u00e1 creando una plataforma de salud virtual basada en inteligencia artificial para centralizar recursos destinados al an\u00e1lisis de factores de riesgo, el diagn\u00f3stico precoz y la toma de decisiones personalizada<\/p>\n<p class=\"p1\">Con este galard\u00f3n, la Fundaci\u00f3 TIC Salut i Social <span class=\"s1\"><b>reafirma su compromiso con una transformaci\u00f3n digital inclusiva<\/b><\/span>, que sit\u00fae a la persona en el centro y utilice la tecnolog\u00eda como instrumento para construir un sistema sanitario y social m\u00e1s accesible, humano y sostenible.<\/p>\n<h2 class=\"p1\"><b>El objetivo de los Premios Fundaci\u00f3 FiraGran<\/b><\/h2>\n<p class=\"p1\">Los <span class=\"s1\"><b>Premios Fundaci\u00f3 FiraGran<\/b><\/span> tienen como objetivo <span class=\"s1\"><b>reconocer la trayectoria de personas mayores activas<\/b><\/span> en diferentes \u00e1mbitos \u2014como el cultural, el deportivo, el profesional y el social\u2014, as\u00ed como <span class=\"s1\"><b>entidades, actividades e iniciativas que trabajan a favor de las personas mayores<\/b><\/span> y promueven el envejecimiento activo y la participaci\u00f3n en la vida comunitaria.<\/p>\n<p class=\"p1\">El <span class=\"s1\"><b>jurado<\/b><\/span> de los premios est\u00e1 formado por los <span class=\"s1\"><b>patronos de la Fundaci\u00f3 FiraGran<\/b><\/span>, y las candidaturas se deciden tras consultar a las <span class=\"s1\"><b>administraciones p\u00fablicas<\/b><\/span> que apoyan a la fundaci\u00f3n \u2014la <span class=\"s1\"><b>Generalitat de Catalunya<\/b><\/span>, el <span class=\"s1\"><b>Ajuntament de Barcelona<\/b><\/span> y la <span class=\"s1\"><b>Diputaci\u00f3 de Barcelona<\/b><\/span>\u2014, as\u00ed como a <span class=\"s1\"><b>decenas de entidades de personas mayores<\/b><\/span> y <span class=\"s1\"><b>colegios profesionales<\/b><\/span> que representan a miles de personas y profesionales del sector.<\/p>\n<p class=\"p4\"><span class=\"s3\">Como se\u00f1alaron los miembros del jurado, esta cita anual <\/span><b>\u201creafirma el compromiso de la Fundaci\u00f3 FiraGran con la visibilizaci\u00f3n, la dignidad y la participaci\u00f3n del colectivo de personas mayores\u201d<\/b><span class=\"s3\">.<\/span><\/p>\n<h2 class=\"p4\"><b>Categor\u00edas y otros galardonados<\/b><\/h2>\n<p class=\"p1\">Adem\u00e1s de la Fundaci\u00f3 TIC Salut i Social, en esta edici\u00f3n de los Premios Fundaci\u00f3 FiraGran han sido reconocidas diversas figuras y entidades de distintos \u00e1mbitos:<\/p>\n<ul>\n<li>\n<p class=\"p1\"><span class=\"s1\"><b>Joan Subirats<\/b><\/span>, exministro de Universidades, galardonado con el <i>Premio Honor\u00edfico Fundaci\u00f3 FiraGran 2025<\/i>.<\/p>\n<\/li>\n<li>\n<p class=\"p1\"><span class=\"s1\"><b>Ricard Gili<\/b><\/span>, compositor e int\u00e9rprete de jazz, en la categor\u00eda cultural.<\/p>\n<\/li>\n<li>\n<p class=\"p1\"><span class=\"s1\"><b>Elisabeth Justicia<\/b><\/span>, por su labor de sensibilizaci\u00f3n social a trav\u00e9s del personaje <i>Dominga<\/i>.<\/p>\n<\/li>\n<li>\n<p class=\"p1\"><span class=\"s1\"><b>Josepa Soler i Erill<\/b><\/span>, exjugadora y entrenadora, en la categor\u00eda deportiva.<\/p>\n<\/li>\n<li>\n<p class=\"p1\"><span class=\"s1\"><b>Maria Teresa Saperas<\/b><\/span>, empresaria, en la categor\u00eda profesional.<\/p>\n<\/li>\n<li>\n<p class=\"p1\">El programa <span class=\"s1\"><b>\u201cSentit de Viure\u201d<\/b><\/span> de <span class=\"s1\"><b>R\u00e0dio 4<\/b><\/span>, premiado en la categor\u00eda de comunicaci\u00f3n.<\/p>\n<\/li>\n<li>\n<p class=\"p1\">La <span class=\"s1\"><b>Xarxa de Soledats<\/b><\/span> y la iniciativa <span class=\"s1\"><b>\u201cLa Segarra Cuida\u201d<\/b><\/span>, reconocidas por su acci\u00f3n social colectiva.<\/p>\n<\/li>\n<\/ul>\n<p class=\"p1\">El acto incluy\u00f3 la <span class=\"s1\"><b>conferencia inaugural del fil\u00f3sofo Francesc Torralba<\/b><\/span>, quien reflexion\u00f3 sobre el valor social del envejecimiento y la necesidad de no \u201carrinconar a las personas mayores\u201d. La gala concluy\u00f3 con la actuaci\u00f3n musical de <span class=\"s1\"><b>Mariona Sagarra<\/b><\/span>.<\/p>\n","protected":false},"author":3,"featured_media":33916,"menu_order":0,"template":"","meta":{"_acf_changed":false,"inline_featured_image":false},"etiqueta":[],"tipus":[1181],"topic":[130],"class_list":["post-33888","noticia","type-noticia","status-publish","has-post-thumbnail","hentry","tipus-ambit-social-es","topic-la-fundacion"],"acf":{"finalitzat":false,"tipus_plantilla":"objectius","template_objectius":{"cont_principal":"","imatge":false,"cont_seguent":{"titol":"","contingut":""},"seccio_llistat":{"titol":"","llistat":false},"objectius":{"titol":"","objectius":false},"documents":false},"autor":"","imatge":false,"textos_destacats":[{"texte":"Un reconocimiento a la labor de la promoci\u00f3n de soluciones digitales que mejoran el bienestar y la salud de las personas, su autonom\u00eda y la calidad de vida de las personas mayores<br \/>\r\n"}],"documents":false},"yoast_head":"<!-- This site is optimized with the Yoast SEO plugin v27.1.1 - https:\/\/yoast.com\/product\/yoast-seo-wordpress\/ -->\n<title>La Fundaci\u00f3 TIC Salut i Social recibe el Premio Fundaci\u00f3 FiraGran 2025 en la categor\u00eda de Tecnolog\u00eda - Fundaci\u00f3 TIC Salut i Social<\/title>\n<meta name=\"robots\" content=\"index, follow, max-snippet:-1, max-image-preview:large, max-video-preview:-1\" \/>\n<link rel=\"canonical\" href=\"https:\/\/ticsalutsocial.atoom.space\/es\/noticia\/la-fundacio-tic-salut-i-social-rep-el-premi-fundacio-firagran-2025-en-la-categoria-de-tecnologia\/\" \/>\n<meta property=\"og:locale\" content=\"es_ES\" \/>\n<meta property=\"og:type\" content=\"article\" \/>\n<meta property=\"og:title\" content=\"La Fundaci\u00f3 TIC Salut i Social recibe el Premio Fundaci\u00f3 FiraGran 2025 en la categor\u00eda de Tecnolog\u00eda - Fundaci\u00f3 TIC Salut i Social\" \/>\n<meta property=\"og:description\" content=\"La Fundaci\u00f3 TIC Salut i Social ha sido distinguida con el Premio Fundaci\u00f3 FiraGran 2025 en la categor\u00eda de Tecnolog\u00eda, en este caso orientada a favor de las personas mayores. El galard\u00f3n reconoce la labor de la promoci\u00f3n de soluciones digitales que mejoran el bienestar y la salud de las personas, fomentan la autonom\u00eda y [&hellip;]\" \/>\n<meta property=\"og:url\" content=\"https:\/\/ticsalutsocial.atoom.space\/es\/noticia\/la-fundacio-tic-salut-i-social-rep-el-premi-fundacio-firagran-2025-en-la-categoria-de-tecnologia\/\" \/>\n<meta property=\"og:site_name\" content=\"Fundaci\u00f3 TIC Salut i Social\" \/>\n<meta property=\"article:modified_time\" content=\"2025-10-17T11:51:24+00:00\" \/>\n<meta property=\"og:image\" content=\"https:\/\/ticsalutsocial.atoom.space\/wp-content\/uploads\/2025\/10\/Lliurament-Premi-Firagran-Fundacio-TIC-Salut-i-Social.png\" \/>\n\t<meta property=\"og:image:width\" content=\"1280\" \/>\n\t<meta property=\"og:image:height\" content=\"960\" \/>\n\t<meta property=\"og:image:type\" content=\"image\/png\" \/>\n<meta name=\"twitter:card\" content=\"summary_large_image\" \/>\n<meta name=\"twitter:label1\" content=\"Tiempo de lectura\" \/>\n\t<meta name=\"twitter:data1\" content=\"4 minutos\" \/>\n<script type=\"application\/ld+json\" class=\"yoast-schema-graph\">{\"@context\":\"https:\/\/schema.org\",\"@graph\":[{\"@type\":\"WebPage\",\"@id\":\"https:\/\/ticsalutsocial.atoom.space\/es\/noticia\/la-fundacio-tic-salut-i-social-rep-el-premi-fundacio-firagran-2025-en-la-categoria-de-tecnologia\/\",\"url\":\"https:\/\/ticsalutsocial.atoom.space\/es\/noticia\/la-fundacio-tic-salut-i-social-rep-el-premi-fundacio-firagran-2025-en-la-categoria-de-tecnologia\/\",\"name\":\"La Fundaci\u00f3 TIC Salut i Social recibe el Premio Fundaci\u00f3 FiraGran 2025 en la categor\u00eda de Tecnolog\u00eda - Fundaci\u00f3 TIC Salut i Social\",\"isPartOf\":{\"@id\":\"https:\/\/ticsalutsocial.atoom.space\/es\/#website\"},\"primaryImageOfPage\":{\"@id\":\"https:\/\/ticsalutsocial.atoom.space\/es\/noticia\/la-fundacio-tic-salut-i-social-rep-el-premi-fundacio-firagran-2025-en-la-categoria-de-tecnologia\/#primaryimage\"},\"image\":{\"@id\":\"https:\/\/ticsalutsocial.atoom.space\/es\/noticia\/la-fundacio-tic-salut-i-social-rep-el-premi-fundacio-firagran-2025-en-la-categoria-de-tecnologia\/#primaryimage\"},\"thumbnailUrl\":\"https:\/\/ticsalutsocial.atoom.space\/wp-content\/uploads\/2025\/10\/Lliurament-Premi-Firagran-Fundacio-TIC-Salut-i-Social.png\",\"datePublished\":\"2025-10-16T08:24:02+00:00\",\"dateModified\":\"2025-10-17T11:51:24+00:00\",\"breadcrumb\":{\"@id\":\"https:\/\/ticsalutsocial.atoom.space\/es\/noticia\/la-fundacio-tic-salut-i-social-rep-el-premi-fundacio-firagran-2025-en-la-categoria-de-tecnologia\/#breadcrumb\"},\"inLanguage\":\"es\",\"potentialAction\":[{\"@type\":\"ReadAction\",\"target\":[\"https:\/\/ticsalutsocial.atoom.space\/es\/noticia\/la-fundacio-tic-salut-i-social-rep-el-premi-fundacio-firagran-2025-en-la-categoria-de-tecnologia\/\"]}]},{\"@type\":\"ImageObject\",\"inLanguage\":\"es\",\"@id\":\"https:\/\/ticsalutsocial.atoom.space\/es\/noticia\/la-fundacio-tic-salut-i-social-rep-el-premi-fundacio-firagran-2025-en-la-categoria-de-tecnologia\/#primaryimage\",\"url\":\"https:\/\/ticsalutsocial.atoom.space\/wp-content\/uploads\/2025\/10\/Lliurament-Premi-Firagran-Fundacio-TIC-Salut-i-Social.png\",\"contentUrl\":\"https:\/\/ticsalutsocial.atoom.space\/wp-content\/uploads\/2025\/10\/Lliurament-Premi-Firagran-Fundacio-TIC-Salut-i-Social.png\",\"width\":1280,\"height\":960,\"caption\":\"Lliurament Premi Firagran Fundacio\u0301 TIC Salut i Social\"},{\"@type\":\"BreadcrumbList\",\"@id\":\"https:\/\/ticsalutsocial.atoom.space\/es\/noticia\/la-fundacio-tic-salut-i-social-rep-el-premi-fundacio-firagran-2025-en-la-categoria-de-tecnologia\/#breadcrumb\",\"itemListElement\":[{\"@type\":\"ListItem\",\"position\":1,\"name\":\"Inici\",\"item\":\"https:\/\/ticsalutsocial.atoom.space\/es\/\"},{\"@type\":\"ListItem\",\"position\":2,\"name\":\"La Fundaci\u00f3 TIC Salut i Social recibe el Premio Fundaci\u00f3 FiraGran 2025 en la categor\u00eda de Tecnolog\u00eda\"}]},{\"@type\":\"WebSite\",\"@id\":\"https:\/\/ticsalutsocial.atoom.space\/es\/#website\",\"url\":\"https:\/\/ticsalutsocial.atoom.space\/es\/\",\"name\":\"Fundaci\u00f3 TIC Salut i Social\",\"description\":\"\",\"potentialAction\":[{\"@type\":\"SearchAction\",\"target\":{\"@type\":\"EntryPoint\",\"urlTemplate\":\"https:\/\/ticsalutsocial.atoom.space\/es\/?s={search_term_string}\"},\"query-input\":{\"@type\":\"PropertyValueSpecification\",\"valueRequired\":true,\"valueName\":\"search_term_string\"}}],\"inLanguage\":\"es\"}]}<\/script>\n<!-- \/ Yoast SEO plugin. -->","yoast_head_json":{"title":"La Fundaci\u00f3 TIC Salut i Social recibe el Premio Fundaci\u00f3 FiraGran 2025 en la categor\u00eda de Tecnolog\u00eda - Fundaci\u00f3 TIC Salut i Social","robots":{"index":"index","follow":"follow","max-snippet":"max-snippet:-1","max-image-preview":"max-image-preview:large","max-video-preview":"max-video-preview:-1"},"canonical":"https:\/\/ticsalutsocial.atoom.space\/es\/noticia\/la-fundacio-tic-salut-i-social-rep-el-premi-fundacio-firagran-2025-en-la-categoria-de-tecnologia\/","og_locale":"es_ES","og_type":"article","og_title":"La Fundaci\u00f3 TIC Salut i Social recibe el Premio Fundaci\u00f3 FiraGran 2025 en la categor\u00eda de Tecnolog\u00eda - Fundaci\u00f3 TIC Salut i Social","og_description":"La Fundaci\u00f3 TIC Salut i Social ha sido distinguida con el Premio Fundaci\u00f3 FiraGran 2025 en la categor\u00eda de Tecnolog\u00eda, en este caso orientada a favor de las personas mayores. El galard\u00f3n reconoce la labor de la promoci\u00f3n de soluciones digitales que mejoran el bienestar y la salud de las personas, fomentan la autonom\u00eda y [&hellip;]","og_url":"https:\/\/ticsalutsocial.atoom.space\/es\/noticia\/la-fundacio-tic-salut-i-social-rep-el-premi-fundacio-firagran-2025-en-la-categoria-de-tecnologia\/","og_site_name":"Fundaci\u00f3 TIC Salut i Social","article_modified_time":"2025-10-17T11:51:24+00:00","og_image":[{"width":1280,"height":960,"url":"https:\/\/ticsalutsocial.atoom.space\/wp-content\/uploads\/2025\/10\/Lliurament-Premi-Firagran-Fundacio-TIC-Salut-i-Social.png","type":"image\/png"}],"twitter_card":"summary_large_image","twitter_misc":{"Tiempo de lectura":"4 minutos"},"schema":{"@context":"https:\/\/schema.org","@graph":[{"@type":"WebPage","@id":"https:\/\/ticsalutsocial.atoom.space\/es\/noticia\/la-fundacio-tic-salut-i-social-rep-el-premi-fundacio-firagran-2025-en-la-categoria-de-tecnologia\/","url":"https:\/\/ticsalutsocial.atoom.space\/es\/noticia\/la-fundacio-tic-salut-i-social-rep-el-premi-fundacio-firagran-2025-en-la-categoria-de-tecnologia\/","name":"La Fundaci\u00f3 TIC Salut i Social recibe el Premio Fundaci\u00f3 FiraGran 2025 en la categor\u00eda de Tecnolog\u00eda - Fundaci\u00f3 TIC Salut i Social","isPartOf":{"@id":"https:\/\/ticsalutsocial.atoom.space\/es\/#website"},"primaryImageOfPage":{"@id":"https:\/\/ticsalutsocial.atoom.space\/es\/noticia\/la-fundacio-tic-salut-i-social-rep-el-premi-fundacio-firagran-2025-en-la-categoria-de-tecnologia\/#primaryimage"},"image":{"@id":"https:\/\/ticsalutsocial.atoom.space\/es\/noticia\/la-fundacio-tic-salut-i-social-rep-el-premi-fundacio-firagran-2025-en-la-categoria-de-tecnologia\/#primaryimage"},"thumbnailUrl":"https:\/\/ticsalutsocial.atoom.space\/wp-content\/uploads\/2025\/10\/Lliurament-Premi-Firagran-Fundacio-TIC-Salut-i-Social.png","datePublished":"2025-10-16T08:24:02+00:00","dateModified":"2025-10-17T11:51:24+00:00","breadcrumb":{"@id":"https:\/\/ticsalutsocial.atoom.space\/es\/noticia\/la-fundacio-tic-salut-i-social-rep-el-premi-fundacio-firagran-2025-en-la-categoria-de-tecnologia\/#breadcrumb"},"inLanguage":"es","potentialAction":[{"@type":"ReadAction","target":["https:\/\/ticsalutsocial.atoom.space\/es\/noticia\/la-fundacio-tic-salut-i-social-rep-el-premi-fundacio-firagran-2025-en-la-categoria-de-tecnologia\/"]}]},{"@type":"ImageObject","inLanguage":"es","@id":"https:\/\/ticsalutsocial.atoom.space\/es\/noticia\/la-fundacio-tic-salut-i-social-rep-el-premi-fundacio-firagran-2025-en-la-categoria-de-tecnologia\/#primaryimage","url":"https:\/\/ticsalutsocial.atoom.space\/wp-content\/uploads\/2025\/10\/Lliurament-Premi-Firagran-Fundacio-TIC-Salut-i-Social.png","contentUrl":"https:\/\/ticsalutsocial.atoom.space\/wp-content\/uploads\/2025\/10\/Lliurament-Premi-Firagran-Fundacio-TIC-Salut-i-Social.png","width":1280,"height":960,"caption":"Lliurament Premi Firagran Fundacio\u0301 TIC Salut i Social"},{"@type":"BreadcrumbList","@id":"https:\/\/ticsalutsocial.atoom.space\/es\/noticia\/la-fundacio-tic-salut-i-social-rep-el-premi-fundacio-firagran-2025-en-la-categoria-de-tecnologia\/#breadcrumb","itemListElement":[{"@type":"ListItem","position":1,"name":"Inici","item":"https:\/\/ticsalutsocial.atoom.space\/es\/"},{"@type":"ListItem","position":2,"name":"La Fundaci\u00f3 TIC Salut i Social recibe el Premio Fundaci\u00f3 FiraGran 2025 en la categor\u00eda de Tecnolog\u00eda"}]},{"@type":"WebSite","@id":"https:\/\/ticsalutsocial.atoom.space\/es\/#website","url":"https:\/\/ticsalutsocial.atoom.space\/es\/","name":"Fundaci\u00f3 TIC Salut i Social","description":"","potentialAction":[{"@type":"SearchAction","target":{"@type":"EntryPoint","urlTemplate":"https:\/\/ticsalutsocial.atoom.space\/es\/?s={search_term_string}"},"query-input":{"@type":"PropertyValueSpecification","valueRequired":true,"valueName":"search_term_string"}}],"inLanguage":"es"}]}},"_links":{"self":[{"href":"https:\/\/ticsalutsocial.atoom.space\/es\/wp-json\/wp\/v2\/noticia\/33888","targetHints":{"allow":["GET"]}}],"collection":[{"href":"https:\/\/ticsalutsocial.atoom.space\/es\/wp-json\/wp\/v2\/noticia"}],"about":[{"href":"https:\/\/ticsalutsocial.atoom.space\/es\/wp-json\/wp\/v2\/types\/noticia"}],"author":[{"embeddable":true,"href":"https:\/\/ticsalutsocial.atoom.space\/es\/wp-json\/wp\/v2\/users\/3"}],"wp:featuredmedia":[{"embeddable":true,"href":"https:\/\/ticsalutsocial.atoom.space\/es\/wp-json\/wp\/v2\/media\/33916"}],"wp:attachment":[{"href":"https:\/\/ticsalutsocial.atoom.space\/es\/wp-json\/wp\/v2\/media?parent=33888"}],"wp:term":[{"taxonomy":"etiqueta","embeddable":true,"href":"https:\/\/ticsalutsocial.atoom.space\/es\/wp-json\/wp\/v2\/etiqueta?post=33888"},{"taxonomy":"tipus","embeddable":true,"href":"https:\/\/ticsalutsocial.atoom.space\/es\/wp-json\/wp\/v2\/tipus?post=33888"},{"taxonomy":"topic","embeddable":true,"href":"https:\/\/ticsalutsocial.atoom.space\/es\/wp-json\/wp\/v2\/topic?post=33888"}],"curies":[{"name":"wp","href":"https:\/\/api.w.org\/{rel}","templated":true}]}}