
{"id":34032,"date":"2025-10-24T13:01:27","date_gmt":"2025-10-24T11:01:27","guid":{"rendered":"https:\/\/ticsalutsocial.atoom.space\/noticia\/la-fundacio-tic-salut-i-social-participa-com-a-jurat-als-premis-catalunya-mobile-2025\/"},"modified":"2025-10-24T13:09:28","modified_gmt":"2025-10-24T11:09:28","slug":"la-fundacio-tic-salut-i-social-participa-com-a-jurat-als-premis-catalunya-mobile-2025","status":"publish","type":"noticia","link":"https:\/\/ticsalutsocial.atoom.space\/es\/noticia\/la-fundacio-tic-salut-i-social-participa-com-a-jurat-als-premis-catalunya-mobile-2025\/","title":{"rendered":"La Fundaci\u00f3 TIC Salut i Social participa como jurado en los Premios Catalunya Mobile 2025"},"content":{"rendered":"<p class=\"p1\"><span class=\"s1\">La <\/span><b>Fundaci\u00f3 TIC Salut Social<\/b><span class=\"s1\">, a trav\u00e9s del \u00e1rea de <\/span><b>Activos Digitales para la Ciudadan\u00eda<\/b><span class=\"s1\">, participa como <\/span><b>miembro del jurado de los Premios Catalunya Mobile 2025<\/b><span class=\"s1\">.<\/span><\/p>\n<p class=\"p2\">Estos galardones, impulsados por <span class=\"s2\"><b>Catalunya Mobile<\/b><\/span>, reconocen las aplicaciones m\u00e1s innovadoras desarrolladas en nuestro territorio. Esta asociaci\u00f3n empresarial independiente agrupa a empresas, <i>startups<\/i>, profesionales, instituciones, centros de investigaci\u00f3n, escuelas y universidades dedicadas a la creaci\u00f3n de activos digitales: ya sea hardware, desarrollo de software, redes de trabajo, operadores m\u00f3viles, agencias de marketing y comunicaci\u00f3n, servicios de movilidad u otras actividades vinculadas a la industria <i>mobile<\/i>.<\/p>\n<p class=\"p2\"><span class=\"s2\"><b>Carme Pratdep\u00e0dua<\/b><\/span>, responsable de Activos Digitales para la Ciudadan\u00eda de la Fundaci\u00f3, destaca que <i>\u201cnuestra presencia como jurado para determinar la mejor soluci\u00f3n dentro de la categor\u00eda Mejor App de Salud demuestra el valor del trabajo realizado hasta ahora. Es un ejemplo m\u00e1s de nuestro compromiso institucional con la calidad, la seguridad y la fiabilidad de las aplicaciones de salud y bienestar\u201d<\/i>.<\/p>\n<p class=\"p2\">Y a\u00f1ade que <i>\u201ceste liderazgo en la promoci\u00f3n de modelos de validaci\u00f3n digital de referencia ha despertado el inter\u00e9s de muchos colegas del ecosistema internacional, como Dinamarca y Suecia, con quienes recientemente hemos compartido jornadas de trabajo para intercambiar conocimiento y experiencias, as\u00ed como tambi\u00e9n a nivel nacional con Catalunya Mobile\u201d<\/i>.<\/p>\n<h2><b>Sobre los Premios Catalunya Mobile 2025<\/b><\/h2>\n<p class=\"p1\"><span class=\"s1\">Esta colaboraci\u00f3n es fruto del trabajo consolidado del <\/span><b>servicio de certificaci\u00f3n de activos digitales y aplicaciones de salud y bienestar<\/b><span class=\"s1\"> impulsado por la Fundaci\u00f3, un <\/span><b>modelo pionero y referente a nivel europeo y nacional<\/b><span class=\"s1\">.<\/span><\/p>\n<p class=\"p2\">El servicio se basa en el est\u00e1ndar internacional <span class=\"s2\"><b>CEN ISO\/TS 82304-2<\/b><\/span>, que establece un marco com\u00fan para evaluar la calidad, la seguridad y la fiabilidad de las apps de salud. Esta experiencia posiciona a la Fundaci\u00f3 como una <span class=\"s2\"><b>entidad clave en la evaluaci\u00f3n de soluciones digitales que fomentan la confianza y la transparencia en el \u00e1mbito de la salud digital<\/b><\/span>.<\/p>\n<p class=\"p2\">Por este motivo, la Fundaci\u00f3 evaluar\u00e1 todas las apps presentadas al concurso dentro de la <span class=\"s2\"><b>categor\u00eda de salud<\/b><\/span>.<\/p>\n<p class=\"p1\"><span class=\"s1\">La convocatoria de los <\/span><b>Premios Catalunya Mobile 2025<\/b><span class=\"s1\"> ya est\u00e1 abierta, con el objetivo de <\/span><b>dar visibilidad al talento digital y reconocer las mejores aplicaciones creadas en Catalu\u00f1a<\/b><span class=\"s1\">.<\/span><\/p>\n<p class=\"p2\">La participaci\u00f3n es gratuita para los socios de Catalunya Mobile. Cualquier empresa que haya desarrollado un activo digital durante el a\u00f1o 2025 puede presentar su candidatura, sin l\u00edmite de soluciones presentadas, en cualquiera de las siguientes categor\u00edas:<\/p>\n<ul>\n<li>\n<p class=\"p1\">Mejor App de Salud<\/p>\n<\/li>\n<li>\n<p class=\"p1\">Mejor App de Educaci\u00f3n<\/p>\n<\/li>\n<li>\n<p class=\"p1\">Mejor App de Deporte<\/p>\n<\/li>\n<li>\n<p class=\"p1\">Mejor App de <i>Utilities<\/i><\/p>\n<\/li>\n<li>\n<p class=\"p1\">Mejor App Empresarial<\/p>\n<\/li>\n<li>\n<p class=\"p1\">Mejor App de Seguridad (con el apoyo de ASCICAT)<\/p>\n<\/li>\n<li>\n<p class=\"p1\">Mejor App en Catal\u00e1n (con el apoyo de la Generalitat de Catalunya)<\/p>\n<\/li>\n<\/ul>\n<p class=\"p2\">Las candidaturas pueden presentarse hasta el <span class=\"s2\"><b>15 de enero de 2026<\/b><\/span> a trav\u00e9s del <a href=\"https:\/\/forms.gle\/cwVUFMqfbBsvgz2J6\" target=\"_blank\" rel=\"noopener\">formulario oficial<\/a>.<\/p>\n<p class=\"p2\">En caso de que cualquier aspirante desee asociarse a Catalunya Mobile, puede hacerlo mediante el siguiente <a href=\"https:\/\/www.catalunyamobile.cat\/fer-se-soci\/\" target=\"_blank\" rel=\"noopener\">enlace<\/a>.<\/p>\n<p class=\"p1\"><span class=\"s1\">Los proyectos ganadores recibir\u00e1n un <\/span><b>trofeo f\u00edsico<\/b><span class=\"s1\">, una <\/span><b>insignia digital<\/b><span class=\"s1\"> y <\/span><b>difusi\u00f3n a trav\u00e9s de los canales oficiales de Catalunya Mobile<\/b><span class=\"s1\">.<\/span><\/p>\n<p class=\"p1\"><span class=\"s1\">Con su participaci\u00f3n en el jurado, la <\/span><b>Fundaci\u00f3 TIC Salut Social<\/b><span class=\"s1\"> reafirma su compromiso con la <\/span><b>innovaci\u00f3n digital, la confianza ciudadana y la mejora de la calidad de las aplicaciones de salud<\/b><span class=\"s1\"> que forman parte del ecosistema catal\u00e1n.<\/span><\/p>\n","protected":false},"author":3,"featured_media":34030,"menu_order":0,"template":"","meta":{"_acf_changed":false,"inline_featured_image":false},"etiqueta":[],"tipus":[654],"topic":[123],"class_list":["post-34032","noticia","type-noticia","status-publish","has-post-thumbnail","hentry","tipus-activos-digitales","topic-actualidad"],"acf":{"finalitzat":false,"tipus_plantilla":"objectius","template_objectius":{"cont_principal":"","imatge":false,"cont_seguent":{"titol":"","contingut":""},"seccio_llistat":{"titol":"","llistat":false},"objectius":{"titol":"","objectius":false},"documents":false},"autor":"","imatge":false,"textos_destacats":[{"texte":"La convocatoria est\u00e1 abierta hasta el 15 de enero de 2026 y tiene como objetivo dar visibilidad al talento digital y reconocer las mejores aplicaciones creadas en Catalu\u00f1a"}],"documents":false},"yoast_head":"<!-- This site is optimized with the Yoast SEO plugin v27.1.1 - https:\/\/yoast.com\/product\/yoast-seo-wordpress\/ -->\n<title>La Fundaci\u00f3 TIC Salut i Social participa como jurado en los Premios Catalunya Mobile 2025 - Fundaci\u00f3 TIC Salut i Social<\/title>\n<meta name=\"robots\" content=\"index, follow, max-snippet:-1, max-image-preview:large, max-video-preview:-1\" \/>\n<link rel=\"canonical\" href=\"https:\/\/ticsalutsocial.atoom.space\/es\/noticia\/la-fundacio-tic-salut-i-social-participa-com-a-jurat-als-premis-catalunya-mobile-2025\/\" \/>\n<meta property=\"og:locale\" content=\"es_ES\" \/>\n<meta property=\"og:type\" content=\"article\" \/>\n<meta property=\"og:title\" content=\"La Fundaci\u00f3 TIC Salut i Social participa como jurado en los Premios Catalunya Mobile 2025 - Fundaci\u00f3 TIC Salut i Social\" \/>\n<meta property=\"og:description\" content=\"La Fundaci\u00f3 TIC Salut Social, a trav\u00e9s del \u00e1rea de Activos Digitales para la Ciudadan\u00eda, participa como miembro del jurado de los Premios Catalunya Mobile 2025. Estos galardones, impulsados por Catalunya Mobile, reconocen las aplicaciones m\u00e1s innovadoras desarrolladas en nuestro territorio. Esta asociaci\u00f3n empresarial independiente agrupa a empresas, startups, profesionales, instituciones, centros de investigaci\u00f3n, escuelas [&hellip;]\" \/>\n<meta property=\"og:url\" content=\"https:\/\/ticsalutsocial.atoom.space\/es\/noticia\/la-fundacio-tic-salut-i-social-participa-com-a-jurat-als-premis-catalunya-mobile-2025\/\" \/>\n<meta property=\"og:site_name\" content=\"Fundaci\u00f3 TIC Salut i Social\" \/>\n<meta property=\"article:modified_time\" content=\"2025-10-24T11:09:28+00:00\" \/>\n<meta property=\"og:image\" content=\"https:\/\/ticsalutsocial.atoom.space\/wp-content\/uploads\/2025\/10\/iStock-2232204824-scaled.jpg\" \/>\n\t<meta property=\"og:image:width\" content=\"2560\" \/>\n\t<meta property=\"og:image:height\" content=\"1707\" \/>\n\t<meta property=\"og:image:type\" content=\"image\/jpeg\" \/>\n<meta name=\"twitter:card\" content=\"summary_large_image\" \/>\n<meta name=\"twitter:label1\" content=\"Tiempo de lectura\" \/>\n\t<meta name=\"twitter:data1\" content=\"4 minutos\" \/>\n<script type=\"application\/ld+json\" class=\"yoast-schema-graph\">{\"@context\":\"https:\/\/schema.org\",\"@graph\":[{\"@type\":\"WebPage\",\"@id\":\"https:\/\/ticsalutsocial.atoom.space\/es\/noticia\/la-fundacio-tic-salut-i-social-participa-com-a-jurat-als-premis-catalunya-mobile-2025\/\",\"url\":\"https:\/\/ticsalutsocial.atoom.space\/es\/noticia\/la-fundacio-tic-salut-i-social-participa-com-a-jurat-als-premis-catalunya-mobile-2025\/\",\"name\":\"La Fundaci\u00f3 TIC Salut i Social participa como jurado en los Premios Catalunya Mobile 2025 - Fundaci\u00f3 TIC Salut i Social\",\"isPartOf\":{\"@id\":\"https:\/\/ticsalutsocial.atoom.space\/es\/#website\"},\"primaryImageOfPage\":{\"@id\":\"https:\/\/ticsalutsocial.atoom.space\/es\/noticia\/la-fundacio-tic-salut-i-social-participa-com-a-jurat-als-premis-catalunya-mobile-2025\/#primaryimage\"},\"image\":{\"@id\":\"https:\/\/ticsalutsocial.atoom.space\/es\/noticia\/la-fundacio-tic-salut-i-social-participa-com-a-jurat-als-premis-catalunya-mobile-2025\/#primaryimage\"},\"thumbnailUrl\":\"https:\/\/ticsalutsocial.atoom.space\/wp-content\/uploads\/2025\/10\/iStock-2232204824-scaled.jpg\",\"datePublished\":\"2025-10-24T11:01:27+00:00\",\"dateModified\":\"2025-10-24T11:09:28+00:00\",\"breadcrumb\":{\"@id\":\"https:\/\/ticsalutsocial.atoom.space\/es\/noticia\/la-fundacio-tic-salut-i-social-participa-com-a-jurat-als-premis-catalunya-mobile-2025\/#breadcrumb\"},\"inLanguage\":\"es\",\"potentialAction\":[{\"@type\":\"ReadAction\",\"target\":[\"https:\/\/ticsalutsocial.atoom.space\/es\/noticia\/la-fundacio-tic-salut-i-social-participa-com-a-jurat-als-premis-catalunya-mobile-2025\/\"]}]},{\"@type\":\"ImageObject\",\"inLanguage\":\"es\",\"@id\":\"https:\/\/ticsalutsocial.atoom.space\/es\/noticia\/la-fundacio-tic-salut-i-social-participa-com-a-jurat-als-premis-catalunya-mobile-2025\/#primaryimage\",\"url\":\"https:\/\/ticsalutsocial.atoom.space\/wp-content\/uploads\/2025\/10\/iStock-2232204824-scaled.jpg\",\"contentUrl\":\"https:\/\/ticsalutsocial.atoom.space\/wp-content\/uploads\/2025\/10\/iStock-2232204824-scaled.jpg\",\"width\":2560,\"height\":1707,\"caption\":\"Young tourist enjoying music and using a smartphone while walking in a city street during a sunny day\"},{\"@type\":\"BreadcrumbList\",\"@id\":\"https:\/\/ticsalutsocial.atoom.space\/es\/noticia\/la-fundacio-tic-salut-i-social-participa-com-a-jurat-als-premis-catalunya-mobile-2025\/#breadcrumb\",\"itemListElement\":[{\"@type\":\"ListItem\",\"position\":1,\"name\":\"Inici\",\"item\":\"https:\/\/ticsalutsocial.atoom.space\/es\/\"},{\"@type\":\"ListItem\",\"position\":2,\"name\":\"La Fundaci\u00f3 TIC Salut i Social participa como jurado en los Premios Catalunya Mobile 2025\"}]},{\"@type\":\"WebSite\",\"@id\":\"https:\/\/ticsalutsocial.atoom.space\/es\/#website\",\"url\":\"https:\/\/ticsalutsocial.atoom.space\/es\/\",\"name\":\"Fundaci\u00f3 TIC Salut i Social\",\"description\":\"\",\"potentialAction\":[{\"@type\":\"SearchAction\",\"target\":{\"@type\":\"EntryPoint\",\"urlTemplate\":\"https:\/\/ticsalutsocial.atoom.space\/es\/?s={search_term_string}\"},\"query-input\":{\"@type\":\"PropertyValueSpecification\",\"valueRequired\":true,\"valueName\":\"search_term_string\"}}],\"inLanguage\":\"es\"}]}<\/script>\n<!-- \/ Yoast SEO plugin. -->","yoast_head_json":{"title":"La Fundaci\u00f3 TIC Salut i Social participa como jurado en los Premios Catalunya Mobile 2025 - Fundaci\u00f3 TIC Salut i Social","robots":{"index":"index","follow":"follow","max-snippet":"max-snippet:-1","max-image-preview":"max-image-preview:large","max-video-preview":"max-video-preview:-1"},"canonical":"https:\/\/ticsalutsocial.atoom.space\/es\/noticia\/la-fundacio-tic-salut-i-social-participa-com-a-jurat-als-premis-catalunya-mobile-2025\/","og_locale":"es_ES","og_type":"article","og_title":"La Fundaci\u00f3 TIC Salut i Social participa como jurado en los Premios Catalunya Mobile 2025 - Fundaci\u00f3 TIC Salut i Social","og_description":"La Fundaci\u00f3 TIC Salut Social, a trav\u00e9s del \u00e1rea de Activos Digitales para la Ciudadan\u00eda, participa como miembro del jurado de los Premios Catalunya Mobile 2025. Estos galardones, impulsados por Catalunya Mobile, reconocen las aplicaciones m\u00e1s innovadoras desarrolladas en nuestro territorio. Esta asociaci\u00f3n empresarial independiente agrupa a empresas, startups, profesionales, instituciones, centros de investigaci\u00f3n, escuelas [&hellip;]","og_url":"https:\/\/ticsalutsocial.atoom.space\/es\/noticia\/la-fundacio-tic-salut-i-social-participa-com-a-jurat-als-premis-catalunya-mobile-2025\/","og_site_name":"Fundaci\u00f3 TIC Salut i Social","article_modified_time":"2025-10-24T11:09:28+00:00","og_image":[{"width":2560,"height":1707,"url":"https:\/\/ticsalutsocial.atoom.space\/wp-content\/uploads\/2025\/10\/iStock-2232204824-scaled.jpg","type":"image\/jpeg"}],"twitter_card":"summary_large_image","twitter_misc":{"Tiempo de lectura":"4 minutos"},"schema":{"@context":"https:\/\/schema.org","@graph":[{"@type":"WebPage","@id":"https:\/\/ticsalutsocial.atoom.space\/es\/noticia\/la-fundacio-tic-salut-i-social-participa-com-a-jurat-als-premis-catalunya-mobile-2025\/","url":"https:\/\/ticsalutsocial.atoom.space\/es\/noticia\/la-fundacio-tic-salut-i-social-participa-com-a-jurat-als-premis-catalunya-mobile-2025\/","name":"La Fundaci\u00f3 TIC Salut i Social participa como jurado en los Premios Catalunya Mobile 2025 - Fundaci\u00f3 TIC Salut i Social","isPartOf":{"@id":"https:\/\/ticsalutsocial.atoom.space\/es\/#website"},"primaryImageOfPage":{"@id":"https:\/\/ticsalutsocial.atoom.space\/es\/noticia\/la-fundacio-tic-salut-i-social-participa-com-a-jurat-als-premis-catalunya-mobile-2025\/#primaryimage"},"image":{"@id":"https:\/\/ticsalutsocial.atoom.space\/es\/noticia\/la-fundacio-tic-salut-i-social-participa-com-a-jurat-als-premis-catalunya-mobile-2025\/#primaryimage"},"thumbnailUrl":"https:\/\/ticsalutsocial.atoom.space\/wp-content\/uploads\/2025\/10\/iStock-2232204824-scaled.jpg","datePublished":"2025-10-24T11:01:27+00:00","dateModified":"2025-10-24T11:09:28+00:00","breadcrumb":{"@id":"https:\/\/ticsalutsocial.atoom.space\/es\/noticia\/la-fundacio-tic-salut-i-social-participa-com-a-jurat-als-premis-catalunya-mobile-2025\/#breadcrumb"},"inLanguage":"es","potentialAction":[{"@type":"ReadAction","target":["https:\/\/ticsalutsocial.atoom.space\/es\/noticia\/la-fundacio-tic-salut-i-social-participa-com-a-jurat-als-premis-catalunya-mobile-2025\/"]}]},{"@type":"ImageObject","inLanguage":"es","@id":"https:\/\/ticsalutsocial.atoom.space\/es\/noticia\/la-fundacio-tic-salut-i-social-participa-com-a-jurat-als-premis-catalunya-mobile-2025\/#primaryimage","url":"https:\/\/ticsalutsocial.atoom.space\/wp-content\/uploads\/2025\/10\/iStock-2232204824-scaled.jpg","contentUrl":"https:\/\/ticsalutsocial.atoom.space\/wp-content\/uploads\/2025\/10\/iStock-2232204824-scaled.jpg","width":2560,"height":1707,"caption":"Young tourist enjoying music and using a smartphone while walking in a city street during a sunny day"},{"@type":"BreadcrumbList","@id":"https:\/\/ticsalutsocial.atoom.space\/es\/noticia\/la-fundacio-tic-salut-i-social-participa-com-a-jurat-als-premis-catalunya-mobile-2025\/#breadcrumb","itemListElement":[{"@type":"ListItem","position":1,"name":"Inici","item":"https:\/\/ticsalutsocial.atoom.space\/es\/"},{"@type":"ListItem","position":2,"name":"La Fundaci\u00f3 TIC Salut i Social participa como jurado en los Premios Catalunya Mobile 2025"}]},{"@type":"WebSite","@id":"https:\/\/ticsalutsocial.atoom.space\/es\/#website","url":"https:\/\/ticsalutsocial.atoom.space\/es\/","name":"Fundaci\u00f3 TIC Salut i Social","description":"","potentialAction":[{"@type":"SearchAction","target":{"@type":"EntryPoint","urlTemplate":"https:\/\/ticsalutsocial.atoom.space\/es\/?s={search_term_string}"},"query-input":{"@type":"PropertyValueSpecification","valueRequired":true,"valueName":"search_term_string"}}],"inLanguage":"es"}]}},"_links":{"self":[{"href":"https:\/\/ticsalutsocial.atoom.space\/es\/wp-json\/wp\/v2\/noticia\/34032","targetHints":{"allow":["GET"]}}],"collection":[{"href":"https:\/\/ticsalutsocial.atoom.space\/es\/wp-json\/wp\/v2\/noticia"}],"about":[{"href":"https:\/\/ticsalutsocial.atoom.space\/es\/wp-json\/wp\/v2\/types\/noticia"}],"author":[{"embeddable":true,"href":"https:\/\/ticsalutsocial.atoom.space\/es\/wp-json\/wp\/v2\/users\/3"}],"wp:featuredmedia":[{"embeddable":true,"href":"https:\/\/ticsalutsocial.atoom.space\/es\/wp-json\/wp\/v2\/media\/34030"}],"wp:attachment":[{"href":"https:\/\/ticsalutsocial.atoom.space\/es\/wp-json\/wp\/v2\/media?parent=34032"}],"wp:term":[{"taxonomy":"etiqueta","embeddable":true,"href":"https:\/\/ticsalutsocial.atoom.space\/es\/wp-json\/wp\/v2\/etiqueta?post=34032"},{"taxonomy":"tipus","embeddable":true,"href":"https:\/\/ticsalutsocial.atoom.space\/es\/wp-json\/wp\/v2\/tipus?post=34032"},{"taxonomy":"topic","embeddable":true,"href":"https:\/\/ticsalutsocial.atoom.space\/es\/wp-json\/wp\/v2\/topic?post=34032"}],"curies":[{"name":"wp","href":"https:\/\/api.w.org\/{rel}","templated":true}]}}